{"id":6726,"date":"2010-06-07T17:14:43","date_gmt":"2010-06-07T15:14:43","guid":{"rendered":"http:\/\/www.floracantabrica.com\/?p=6726"},"modified":"2010-06-07T17:14:43","modified_gmt":"2010-06-07T15:14:43","slug":"freixo-de-espada-a-cintaetnopaisaje","status":"publish","type":"post","link":"https:\/\/www.floracantabrica.com\/?p=6726","title":{"rendered":"Freixo de Espada \u00e0 Cinta:etnopaisaje"},"content":{"rendered":"<p><a href=\"http:\/\/twitter.com\/share?url=https%3A%2F%2Fwww.floracantabrica.com%2F%3Fp%3D6726&amp;count=none&amp;lang=es&amp;via=lorencincoreses&amp;related=Mujerverdosa&amp;text=Freixo de Espada \u00e0 Cinta:etnopaisaje - Flora Cant\u00e1brica\" class=\"twitter-share-button\">Tweet<\/a><\/p><p>\u00a0<\/p>\n<p>\u00a0&#8230;&#8230;&#8230;&#8230;&#8230;&#8230;&#8230;&#8230;&#8230;&#8230;&#8230;&#8230;.<\/p>\n<p><span style=\"font-size: medium;\"><strong>\u00a0<\/strong><\/span><\/p>\n<p><span style=\"font-size: medium;\"><strong>\u00a0<\/strong><\/span><\/p>\n<p>\u00a0&#8230;&#8230;&#8230;&#8230;&#8230;&#8230;&#8230;&#8230;&#8230;.<\/p>\n<p><span style=\"font-size: medium;\"><strong>\u00a0<\/strong><\/span><\/p>\n<p><span style=\"font-size: medium;\">\u00a0<\/span><\/p>\n<p>&#8230;&#8230;&#8230;&#8230;&#8230;&#8230;&#8230;..<\/p>\n<p><a href=\"http:\/\/www.floracantabrica.com\/wp-content\/uploads\/2010\/06\/image00277.jpg\"><img loading=\"lazy\" decoding=\"async\" title=\"image002\" src=\"http:\/\/www.floracantabrica.com\/wp-content\/uploads\/2010\/06\/image00277.jpg\" alt=\"image002\" width=\"1239\" height=\"829\" \/><\/a><\/p>\n<p>&#8230;&#8230;&#8230;&#8230;&#8230;&#8230;&#8230;&#8230;&#8230;&#8230;&#8230;&#8230;.<\/p>\n<p>\u00a0<\/p>\n<p>&#8230;&#8230;&#8230;&#8230;&#8230;&#8230;&#8230;&#8230;&#8230;&#8230;&#8230;..<\/p>\n<p>\u00a0<\/p>\n<p><a href=\"http:\/\/www.floracantabrica.com\/wp-content\/uploads\/2010\/06\/image00278.jpg\"><img loading=\"lazy\" decoding=\"async\" title=\"image002\" src=\"http:\/\/www.floracantabrica.com\/wp-content\/uploads\/2010\/06\/image00278.jpg\" alt=\"image002\" width=\"1239\" height=\"829\" \/><\/a><\/p>\n<p>&#8230;&#8230;&#8230;&#8230;&#8230;&#8230;&#8230;&#8230;&#8230;&#8230;&#8230;&#8230;.<\/p>\n<p>\u00a0<\/p>\n<p>&#8230;&#8230;&#8230;&#8230;&#8230;&#8230;&#8230;&#8230;&#8230;..<\/p>\n<p><a href=\"http:\/\/www.floracantabrica.com\/wp-content\/uploads\/2010\/06\/image00280.jpg\"><img loading=\"lazy\" decoding=\"async\" title=\"image002\" src=\"http:\/\/www.floracantabrica.com\/wp-content\/uploads\/2010\/06\/image00280.jpg\" alt=\"image002\" width=\"1239\" height=\"829\" \/><\/a><\/p>\n<p>&#8230;&#8230;&#8230;&#8230;&#8230;&#8230;&#8230;&#8230;&#8230;&#8230;&#8230;.<\/p>\n<p>\u00a0<\/p>\n<p>&#8230;&#8230;&#8230;&#8230;&#8230;&#8230;&#8230;&#8230;..<\/p>\n<p><span style=\"font-size: small;\">FREIXO ESPADA A CINTA. PORTUGAL<\/span><\/p>\n<p><span style=\"font-size: small;\">\u00a0<\/span><\/p>\n<p><span style=\"font-size: small;\">Por Margarita Fern\u00e1ndez<\/span><\/p>\n<p><span style=\"font-size: small;\">\u00a0<\/span><\/p>\n<p><span style=\"font-size: small;\">\u00a0<\/span><\/p>\n<p><span style=\"font-size: small;\">\u00a0<\/span><\/p>\n<p><span style=\"font-size: small;\">\u00a0<\/span><\/p>\n<p><span style=\"font-size: small;\">Siempre\u00a0 al viajar\u00a0 y conocer un lugar en el que nunca has estado, se siente una emoci\u00f3n especial. Siempre coment\u00e9 en tertulias\u00a0 veraniegas y\u00a0 en donde\u00a0 se terciara, que \u00a0, si alg\u00fan d\u00eda me tocara la loter\u00eda\u00a0 en cantidad importante , lo gastar\u00eda todo en viajar absolutamente todo; pero no en viajar\u00a0 seg\u00fan planes previamente establecidos, si no<\/span><\/p>\n<p><span style=\"font-size: small;\">donde las \u201calpargatas me llevaran\u201d, es decir donde mi coche utilitario me lleve, con provisiones \u201cguisadas en casa\u201d y mantenidas en frigor\u00edficos port\u00e1tiles, y , solo en ultimo extremo acudir a casas rurales , para darnos un buen ba\u00f1o\u00a0 , descansar y seguir ruta.<\/span><\/p>\n<p><span style=\"font-size: small;\">Como soy una mujer \u00a0, a veces contradictoria, no me puede tocar la loter\u00eda \u2026.porque no juego\u2026 lo cual\u00a0\u00a0 introduce un elemento importante en mi vida y es el del esfuerzo:<\/span><\/p>\n<p><span style=\"font-size: small;\">No gastar en ropa, \u00f3 en peluquer\u00eda , para poder viajar\u2026..es decir yo misma me hago un \u201cnudo cerebral\u201d.<\/span><\/p>\n<p><span style=\"font-size: small;\">As\u00ed que llegamos a este pueblo portugu\u00e9s\u00a0 y me enamor\u00e9 de su paisaje.<\/span><\/p>\n<p><span style=\"font-size: small;\">Encontr\u00e9 un personaje\u00a0 Guerra Junqueiro, con una biograf\u00eda muy, muy\u00a0 interesante, un poeta desconocido para m\u00ed y , sin saber como ni por qu\u00e9, me acord\u00e9 del poeta gallego Curros Enriquez y de Rosal\u00eda de Castro.<\/span><\/p>\n<p><span style=\"font-size: small;\">En apariencia, no tengo motivos para\u201cese sincretismo literario\u201d, pero me alegro de haber estado en Freixo de espada a cinta.<\/span><\/p>\n<p><span style=\"font-size: small;\">La rumorolog\u00eda (no siempre cierta) atribuye a Curros Enr\u00edquez\u00a0 una frase sobre Rosal\u00eda de Castro: \u201c\u201d\u201dinda recei por a probe d\u00e4 tola , eu que non te\u00f1o quen rece por mi\u201d\u201d\u201d\u201d.<\/span><\/p>\n<p><span style=\"font-size: small;\">Es una frase que desde ni\u00f1a me ha hecho llorar, sin saber exactamente por qu\u00e9.<\/span><\/p>\n<p><span style=\"font-size: small;\">Quiz\u00e1s\u00a0 , todos los rumores que se atribu\u00edan a unos y a otros , los que luchaban a favor \u00f3 en contra del bienestar de los desfavorecidos, est\u00e1n acompa\u00f1ados de inexactitudes en fechas y personas; pero al leer la biograf\u00eda de Guerra Junqueiro, , me acord\u00e9 de ese \u201crumor-leyenda\u201d\u00a0 sobre dos rom\u00e1nticos que en su momento , vivieron fuera de tiempo pol\u00edticamente correcto.<\/span><\/p>\n<p><span style=\"font-size: small;\">Me llaman\u00a0 la atenci\u00f3n la leyenda que explica el nombre de Freixo da espada da cinta<\/span><\/p>\n<p><span style=\"font-size: small;\">Que explica \u00f3 intenta explicar el nombre del lugar, y, tambien la Leyanda de los SETE PASSOS, la procesi\u00f3n DOS PASSOS, en la que una distancia de cien metros tarda en recorrerse dos horas \u2026..y el ENTERRO DO ENTRODU en CARNAVAL\u2026y con ello<\/span><\/p>\n<p><span style=\"font-size: small;\">Llegamos a la LENDA DE LAGA\u00c7A: una gigantesca serpiente\u2026\u2026\u2026\u2026\u2026\u2026\u2026\u2026\u2026\u2026.. y as\u00ed\u2026\u2026\u2026\u2026\u2026\u2026.<\/span><\/p>\n<p><span style=\"font-size: small;\">&#8230;&#8230;&#8230;&#8230;&#8230;&#8230;&#8230;&#8230;&#8230;&#8230;.<\/span><\/p>\n<p>\u00a0<\/p>\n<p>\u00a0<\/p>\n<p>\u00a0<\/p>\n<p>\u00a0<\/p>\n<p>\u00a0<\/p>\n<p>\u00a0<\/p>\n<p><a href=\"http:\/\/www.floracantabrica.com\/wp-content\/uploads\/2010\/06\/image00279.jpg\"><img loading=\"lazy\" decoding=\"async\" title=\"image002\" src=\"http:\/\/www.floracantabrica.com\/wp-content\/uploads\/2010\/06\/image00279.jpg\" alt=\"image002\" width=\"829\" height=\"1239\" \/><\/a><\/p>\n<p>&#8230;&#8230;&#8230;&#8230;&#8230;&#8230;&#8230;&#8230;&#8230;&#8230;&#8230;&#8230;&#8230;&#8230;&#8230;.<\/p>\n<p>&#8230;&#8230;&#8230;&#8230;&#8230;&#8230;&#8230;&#8230;&#8230;<\/p>\n<p><a href=\"http:\/\/www.floracantabrica.com\/wp-content\/uploads\/2010\/06\/image00284.jpg\"><img loading=\"lazy\" decoding=\"async\" title=\"image002\" src=\"http:\/\/www.floracantabrica.com\/wp-content\/uploads\/2010\/06\/image00284.jpg\" alt=\"image002\" width=\"1239\" height=\"829\" \/><\/a><\/p>\n<p>&#8230;&#8230;&#8230;&#8230;&#8230;&#8230;&#8230;&#8230;&#8230;&#8230;&#8230;&#8230;&#8230;&#8230;&#8230;<\/p>\n<p>&#8230;&#8230;&#8230;&#8230;&#8230;<\/p>\n<p><a href=\"http:\/\/www.floracantabrica.com\/wp-content\/uploads\/2010\/06\/image00281.jpg\"><img loading=\"lazy\" decoding=\"async\" title=\"image002\" src=\"http:\/\/www.floracantabrica.com\/wp-content\/uploads\/2010\/06\/image00281.jpg\" alt=\"image002\" width=\"1239\" height=\"829\" \/><\/a><\/p>\n<p>&#8230;&#8230;&#8230;&#8230;&#8230;&#8230;&#8230;&#8230;&#8230;&#8230;..<\/p>\n<p>&#8230;&#8230;&#8230;&#8230;&#8230;&#8230;..<\/p>\n<p><a href=\"http:\/\/www.floracantabrica.com\/wp-content\/uploads\/2010\/06\/image00283.jpg\"><img loading=\"lazy\" decoding=\"async\" title=\"image002\" src=\"http:\/\/www.floracantabrica.com\/wp-content\/uploads\/2010\/06\/image00283.jpg\" alt=\"image002\" width=\"1239\" height=\"829\" \/><\/a><\/p>\n<p>&#8230;&#8230;&#8230;&#8230;&#8230;&#8230;&#8230;&#8230;&#8230;<\/p>\n<p>&#8230;&#8230;&#8230;&#8230;&#8230;&#8230;&#8230;&#8230;&#8230;&#8230;&#8230;<\/p>\n<p>\u00a0<\/p>\n<p><a href=\"http:\/\/www.floracantabrica.com\/wp-content\/uploads\/2010\/06\/image002102.jpg\"><img loading=\"lazy\" decoding=\"async\" class=\"aligncenter size-full wp-image-6766\" title=\"image002\" src=\"http:\/\/www.floracantabrica.com\/wp-content\/uploads\/2010\/06\/image002102.jpg\" alt=\"image002\" width=\"1239\" height=\"829\" srcset=\"https:\/\/www.floracantabrica.com\/wp-content\/uploads\/2010\/06\/image002102.jpg 1239w, https:\/\/www.floracantabrica.com\/wp-content\/uploads\/2010\/06\/image002102-300x200.jpg 300w, https:\/\/www.floracantabrica.com\/wp-content\/uploads\/2010\/06\/image002102-1024x685.jpg 1024w\" sizes=\"auto, (max-width: 1239px) 100vw, 1239px\" \/><\/a><\/p>\n<p>&#8230;&#8230;&#8230;&#8230;&#8230;&#8230;&#8230;&#8230;.<\/p>\n<p><span style=\"font-size: small;\"><strong>Parcela de paisaje muy diversificada,con restos del encinar, vi\u00f1edos,olivos y algunos almendros\u00a0<\/strong><\/span><\/p>\n<p><span style=\"font-size: small;\"><strong>&#8230;&#8230;&#8230;&#8230;&#8230;&#8230;&#8230;<\/strong><\/span><\/p>\n<p><span style=\"font-size: small;\"><strong><a href=\"http:\/\/www.floracantabrica.com\/wp-content\/uploads\/2010\/06\/image002103.jpg\"><img loading=\"lazy\" decoding=\"async\" class=\"aligncenter size-full wp-image-6767\" title=\"image002\" src=\"http:\/\/www.floracantabrica.com\/wp-content\/uploads\/2010\/06\/image002103.jpg\" alt=\"image002\" width=\"1058\" height=\"1617\" srcset=\"https:\/\/www.floracantabrica.com\/wp-content\/uploads\/2010\/06\/image002103.jpg 1058w, https:\/\/www.floracantabrica.com\/wp-content\/uploads\/2010\/06\/image002103-196x300.jpg 196w, https:\/\/www.floracantabrica.com\/wp-content\/uploads\/2010\/06\/image002103-670x1024.jpg 670w\" sizes=\"auto, (max-width: 1058px) 100vw, 1058px\" \/><\/a><\/strong><\/span><\/p>\n<p><span style=\"font-size: small;\"><strong>&#8230;&#8230;&#8230;&#8230;&#8230;&#8230;&#8230;&#8230;.<\/strong><\/span><\/p>\n<p><span style=\"font-size: small;\"><strong>En la zona superior encinas y alcornoqes y debajo vi\u00f1edos<\/strong><\/span><\/p>\n<p><span style=\"font-size: small;\"><strong>&#8230;&#8230;&#8230;&#8230;&#8230;&#8230;&#8230;&#8230;&#8230;<\/strong><\/span><\/p>\n<p><span style=\"font-size: small;\"><a href=\"http:\/\/www.floracantabrica.com\/wp-content\/uploads\/2010\/06\/image002104.jpg\"><img loading=\"lazy\" decoding=\"async\" class=\"aligncenter size-full wp-image-6768\" title=\"image002\" src=\"http:\/\/www.floracantabrica.com\/wp-content\/uploads\/2010\/06\/image002104.jpg\" alt=\"image002\" width=\"1239\" height=\"829\" srcset=\"https:\/\/www.floracantabrica.com\/wp-content\/uploads\/2010\/06\/image002104.jpg 1239w, https:\/\/www.floracantabrica.com\/wp-content\/uploads\/2010\/06\/image002104-300x200.jpg 300w, https:\/\/www.floracantabrica.com\/wp-content\/uploads\/2010\/06\/image002104-1024x685.jpg 1024w\" sizes=\"auto, (max-width: 1239px) 100vw, 1239px\" \/><\/a><\/span><\/p>\n<p><span style=\"font-size: medium;\"><strong>Tipica casa que cuida los vi\u00f1edos<\/strong><\/span><\/p>\n<p><span style=\"font-size: medium;\"><strong>&#8230;&#8230;&#8230;&#8230;&#8230;&#8230;<\/strong><\/span><\/p>\n<p><span style=\"font-size: medium;\"><strong><a href=\"http:\/\/www.floracantabrica.com\/wp-content\/uploads\/2010\/06\/image002105.jpg\"><img loading=\"lazy\" decoding=\"async\" class=\"aligncenter size-full wp-image-6769\" title=\"image002\" src=\"http:\/\/www.floracantabrica.com\/wp-content\/uploads\/2010\/06\/image002105.jpg\" alt=\"image002\" width=\"1239\" height=\"829\" srcset=\"https:\/\/www.floracantabrica.com\/wp-content\/uploads\/2010\/06\/image002105.jpg 1239w, https:\/\/www.floracantabrica.com\/wp-content\/uploads\/2010\/06\/image002105-300x200.jpg 300w, https:\/\/www.floracantabrica.com\/wp-content\/uploads\/2010\/06\/image002105-1024x685.jpg 1024w\" sizes=\"auto, (max-width: 1239px) 100vw, 1239px\" \/><\/a><\/strong><\/span><\/p>\n<p><span style=\"font-size: medium;\"><strong>&#8230;&#8230;&#8230;&#8230;&#8230;&#8230;&#8230;..<\/strong><\/span><\/p>\n<p><span style=\"font-size: medium;\"><strong>Rumex scutatus sobre las fisuras de roca sil\u00edceas<\/strong><\/span><\/p>\n<p><span style=\"font-size: medium;\"><strong>&#8230;&#8230;&#8230;&#8230;&#8230;&#8230;&#8230;&#8230;&#8230;&#8230;&#8230;&#8230;&#8230;&#8230;&#8230;&#8230;<\/strong><\/span><\/p>\n<p><span style=\"font-size: medium;\"><strong><a href=\"http:\/\/www.floracantabrica.com\/wp-content\/uploads\/2010\/06\/image002106.jpg\"><img loading=\"lazy\" decoding=\"async\" class=\"aligncenter size-full wp-image-6770\" title=\"image002\" src=\"http:\/\/www.floracantabrica.com\/wp-content\/uploads\/2010\/06\/image002106.jpg\" alt=\"image002\" width=\"1239\" height=\"829\" srcset=\"https:\/\/www.floracantabrica.com\/wp-content\/uploads\/2010\/06\/image002106.jpg 1239w, https:\/\/www.floracantabrica.com\/wp-content\/uploads\/2010\/06\/image002106-300x200.jpg 300w, https:\/\/www.floracantabrica.com\/wp-content\/uploads\/2010\/06\/image002106-1024x685.jpg 1024w\" sizes=\"auto, (max-width: 1239px) 100vw, 1239px\" \/><\/a><\/strong><\/span><\/p>\n<p><span style=\"font-size: medium;\"><strong>Tomillo.Thymus mastichina sobre los roquedos<\/strong><\/span><\/p>\n<p><span style=\"font-size: medium;\"><strong>&#8230;&#8230;&#8230;&#8230;&#8230;&#8230;&#8230;&#8230;&#8230;..<\/strong><\/span><\/p>\n<p><span style=\"font-size: medium;\"><strong>\u00a0<a href=\"http:\/\/www.floracantabrica.com\/wp-content\/uploads\/2010\/06\/image002108.jpg\"><img loading=\"lazy\" decoding=\"async\" class=\"aligncenter size-full wp-image-6772\" title=\"image002\" src=\"http:\/\/www.floracantabrica.com\/wp-content\/uploads\/2010\/06\/image002108.jpg\" alt=\"image002\" width=\"1239\" height=\"829\" srcset=\"https:\/\/www.floracantabrica.com\/wp-content\/uploads\/2010\/06\/image002108.jpg 1239w, https:\/\/www.floracantabrica.com\/wp-content\/uploads\/2010\/06\/image002108-300x200.jpg 300w, https:\/\/www.floracantabrica.com\/wp-content\/uploads\/2010\/06\/image002108-1024x685.jpg 1024w\" sizes=\"auto, (max-width: 1239px) 100vw, 1239px\" \/><\/a><\/strong><\/span><\/p>\n<p>&#8230;&#8230;&#8230;&#8230;&#8230;&#8230;&#8230;&#8230;&#8230;&#8230;&#8230;&#8230;..<\/p>\n<p><span style=\"font-size: medium;\"><strong>Olivos en primer plano<\/strong><\/span><\/p>\n<p><span style=\"font-size: medium;\"><strong>\u00a0,,,,,,,,,,,,,,,,,,,,,,,,,,,,,,,,,,,,,,,,,,<\/strong><\/span><\/p>\n<p><span style=\"font-size: medium;\"><strong><a href=\"http:\/\/www.floracantabrica.com\/wp-content\/uploads\/2010\/06\/image002109.jpg\"><img loading=\"lazy\" decoding=\"async\" class=\"aligncenter size-full wp-image-6773\" title=\"image002\" src=\"http:\/\/www.floracantabrica.com\/wp-content\/uploads\/2010\/06\/image002109.jpg\" alt=\"image002\" width=\"1239\" height=\"829\" srcset=\"https:\/\/www.floracantabrica.com\/wp-content\/uploads\/2010\/06\/image002109.jpg 1239w, https:\/\/www.floracantabrica.com\/wp-content\/uploads\/2010\/06\/image002109-300x200.jpg 300w, https:\/\/www.floracantabrica.com\/wp-content\/uploads\/2010\/06\/image002109-1024x685.jpg 1024w\" sizes=\"auto, (max-width: 1239px) 100vw, 1239px\" \/><\/a><\/strong><\/span><\/p>\n<p><span style=\"font-size: medium;\"><strong>&#8230;&#8230;&#8230;&#8230;&#8230;&#8230;&#8230;.<\/strong><\/span><\/p>\n<p><span style=\"font-size: medium;\"><strong>Presa Saucelle<\/strong><\/span><\/p>\n<p><span style=\"font-size: medium;\"><strong>&#8230;&#8230;&#8230;&#8230;&#8230;<\/strong><\/span><\/p>\n<p><span style=\"font-size: medium;\"><a href=\"http:\/\/www.floracantabrica.com\/wp-content\/uploads\/2010\/06\/image0033.jpg\"><img loading=\"lazy\" decoding=\"async\" class=\"aligncenter size-full wp-image-6774\" title=\"image003\" src=\"http:\/\/www.floracantabrica.com\/wp-content\/uploads\/2010\/06\/image0033.jpg\" alt=\"image003\" width=\"1415\" height=\"952\" srcset=\"https:\/\/www.floracantabrica.com\/wp-content\/uploads\/2010\/06\/image0033.jpg 1415w, https:\/\/www.floracantabrica.com\/wp-content\/uploads\/2010\/06\/image0033-300x201.jpg 300w, https:\/\/www.floracantabrica.com\/wp-content\/uploads\/2010\/06\/image0033-1024x688.jpg 1024w\" sizes=\"auto, (max-width: 1415px) 100vw, 1415px\" \/><\/a><\/span><\/p>\n<p><span style=\"font-size: medium;\">&#8230;&#8230;&#8230;&#8230;&#8230;&#8230;&#8230;&#8230;&#8230;&#8230;<\/span><\/p>\n<p><span style=\"font-size: medium;\">Central el\u00e9ctrica<\/span><\/p>\n<p><span style=\"font-size: medium;\">&#8230;&#8230;&#8230;&#8230;&#8230;&#8230;&#8230;<\/span><\/p>\n<p><span style=\"font-size: medium;\"><a href=\"http:\/\/www.floracantabrica.com\/wp-content\/uploads\/2010\/06\/image002110.jpg\"><img loading=\"lazy\" decoding=\"async\" class=\"aligncenter size-full wp-image-6775\" title=\"image002\" src=\"http:\/\/www.floracantabrica.com\/wp-content\/uploads\/2010\/06\/image002110.jpg\" alt=\"image002\" width=\"829\" height=\"1239\" srcset=\"https:\/\/www.floracantabrica.com\/wp-content\/uploads\/2010\/06\/image002110.jpg 829w, https:\/\/www.floracantabrica.com\/wp-content\/uploads\/2010\/06\/image002110-200x300.jpg 200w, https:\/\/www.floracantabrica.com\/wp-content\/uploads\/2010\/06\/image002110-685x1024.jpg 685w\" sizes=\"auto, (max-width: 829px) 100vw, 829px\" \/><\/a><\/span><\/p>\n<p><span style=\"font-size: medium;\">&#8230;&#8230;&#8230;&#8230;&#8230;&#8230;&#8230;&#8230;&#8230;&#8230;.<\/span><\/p>\n<p><span style=\"font-size: medium;\">,,,,,,,,,,,,,,,,,,,,,,,,,,,,<\/span><\/p>\n<p><span style=\"font-size: medium;\"><a href=\"http:\/\/www.floracantabrica.com\/wp-content\/uploads\/2010\/06\/image002111.jpg\"><img loading=\"lazy\" decoding=\"async\" class=\"aligncenter size-full wp-image-6776\" title=\"image002\" src=\"http:\/\/www.floracantabrica.com\/wp-content\/uploads\/2010\/06\/image002111.jpg\" alt=\"image002\" width=\"994\" height=\"1512\" srcset=\"https:\/\/www.floracantabrica.com\/wp-content\/uploads\/2010\/06\/image002111.jpg 994w, https:\/\/www.floracantabrica.com\/wp-content\/uploads\/2010\/06\/image002111-197x300.jpg 197w, https:\/\/www.floracantabrica.com\/wp-content\/uploads\/2010\/06\/image002111-673x1024.jpg 673w\" sizes=\"auto, (max-width: 994px) 100vw, 994px\" \/><\/a><\/span><\/p>\n<p><span style=\"font-size: medium;\">&#8230;&#8230;&#8230;&#8230;&#8230;&#8230;&#8230;&#8230;.<\/span><\/p>\n<p><span style=\"font-size: medium;\">Cultivos en terrazas,\u00a0las fisuras de rocas tapizadas por encinas<\/span><\/p>\n<p><span style=\"font-size: medium;\">,,,,,,,,,,,,,,,,,,,,,,,,,,,,,,<\/span><\/p>\n<p><span style=\"font-size: medium;\">\u00a0<\/span><\/p>\n<p><span style=\"font-size: medium;\">&#8230;&#8230;&#8230;&#8230;&#8230;&#8230;&#8230;&#8230;&#8230;&#8230;.<\/span><\/p>\n<p><span style=\"font-size: medium;\"><strong>\u00a0<\/strong><\/span><\/p>\n<p><span style=\"font-size: medium;\"><strong>&#8230;&#8230;&#8230;&#8230;&#8230;&#8230;&#8230;.<\/strong><\/span><\/p>\n<p><span style=\"font-size: medium;\"><strong><a href=\"http:\/\/www.floracantabrica.com\/wp-content\/uploads\/2010\/06\/image002113.jpg\"><img loading=\"lazy\" decoding=\"async\" class=\"aligncenter size-full wp-image-6778\" title=\"image002\" src=\"http:\/\/www.floracantabrica.com\/wp-content\/uploads\/2010\/06\/image002113.jpg\" alt=\"image002\" width=\"829\" height=\"1239\" srcset=\"https:\/\/www.floracantabrica.com\/wp-content\/uploads\/2010\/06\/image002113.jpg 829w, https:\/\/www.floracantabrica.com\/wp-content\/uploads\/2010\/06\/image002113-200x300.jpg 200w, https:\/\/www.floracantabrica.com\/wp-content\/uploads\/2010\/06\/image002113-685x1024.jpg 685w\" sizes=\"auto, (max-width: 829px) 100vw, 829px\" \/><\/a><\/strong><\/span><\/p>\n<p><span style=\"font-size: medium;\"><strong>,&#8230;&#8230;&#8230;&#8230;&#8230;&#8230;&#8230;&#8230;&#8230;&#8230;..<\/strong><\/span><\/p>\n<p><span style=\"font-size: medium;\"><strong><span style=\"font-size: medium;\"><strong>Hinojo de burro.Ferula communis.Rup\u00edcola en los taludes de carretera<\/strong><\/span><\/strong><\/span><\/p>\n<p><span style=\"font-size: medium;\"><strong><span style=\"font-size: medium;\">\u00a0<\/span><\/strong><\/span><\/p>\n<p><span style=\"font-size: medium;\"><strong><a href=\"http:\/\/www.floracantabrica.com\/wp-content\/uploads\/2010\/06\/image002114.jpg\"><img loading=\"lazy\" decoding=\"async\" class=\"aligncenter size-full wp-image-6779\" title=\"image002\" src=\"http:\/\/www.floracantabrica.com\/wp-content\/uploads\/2010\/06\/image002114.jpg\" alt=\"image002\" width=\"1239\" height=\"829\" srcset=\"https:\/\/www.floracantabrica.com\/wp-content\/uploads\/2010\/06\/image002114.jpg 1239w, https:\/\/www.floracantabrica.com\/wp-content\/uploads\/2010\/06\/image002114-300x200.jpg 300w, https:\/\/www.floracantabrica.com\/wp-content\/uploads\/2010\/06\/image002114-1024x685.jpg 1024w\" sizes=\"auto, (max-width: 1239px) 100vw, 1239px\" \/><\/a>&#8230;&#8230;&#8230;&#8230;&#8230;&#8230;&#8230;&#8230;&#8230;&#8230;&#8230;..<\/strong><\/span><\/p>\n<p><span style=\"font-size: medium;\"><strong>Cultivos dela vid en regadio<\/strong><\/span><\/p>\n<p><span style=\"font-size: medium;\"><strong>&#8230;&#8230;&#8230;&#8230;&#8230;&#8230;&#8230;&#8230;&#8230;&#8230;..<\/strong><\/span><\/p>\n<p><span style=\"font-size: medium;\"><strong><a href=\"http:\/\/www.floracantabrica.com\/wp-content\/uploads\/2010\/06\/image002115.jpg\"><img loading=\"lazy\" decoding=\"async\" class=\"aligncenter size-full wp-image-6780\" title=\"image002\" src=\"http:\/\/www.floracantabrica.com\/wp-content\/uploads\/2010\/06\/image002115.jpg\" alt=\"image002\" width=\"1005\" height=\"1530\" srcset=\"https:\/\/www.floracantabrica.com\/wp-content\/uploads\/2010\/06\/image002115.jpg 1005w, https:\/\/www.floracantabrica.com\/wp-content\/uploads\/2010\/06\/image002115-197x300.jpg 197w, https:\/\/www.floracantabrica.com\/wp-content\/uploads\/2010\/06\/image002115-672x1023.jpg 672w\" sizes=\"auto, (max-width: 1005px) 100vw, 1005px\" \/><\/a><\/strong><\/span><\/p>\n<p><span style=\"font-size: medium;\"><strong>&#8230;&#8230;&#8230;&#8230;&#8230;&#8230;&#8230;<\/strong><\/span><\/p>\n<p><span style=\"font-size: medium;\"><strong>Avena y Psoralea bituminosa<\/strong><\/span><\/p>\n<p><span style=\"font-size: medium;\"><strong>&#8230;&#8230;&#8230;&#8230;&#8230;&#8230;&#8230;&#8230;&#8230;.<\/strong><\/span><\/p>\n<p><span style=\"font-size: medium;\"><a href=\"http:\/\/www.floracantabrica.com\/wp-content\/uploads\/2010\/06\/image002116.jpg\"><img loading=\"lazy\" decoding=\"async\" class=\"aligncenter size-full wp-image-6781\" title=\"image002\" src=\"http:\/\/www.floracantabrica.com\/wp-content\/uploads\/2010\/06\/image002116.jpg\" alt=\"image002\" width=\"1239\" height=\"829\" srcset=\"https:\/\/www.floracantabrica.com\/wp-content\/uploads\/2010\/06\/image002116.jpg 1239w, https:\/\/www.floracantabrica.com\/wp-content\/uploads\/2010\/06\/image002116-300x200.jpg 300w, https:\/\/www.floracantabrica.com\/wp-content\/uploads\/2010\/06\/image002116-1024x685.jpg 1024w\" sizes=\"auto, (max-width: 1239px) 100vw, 1239px\" \/><\/a><\/span><\/p>\n<p><span style=\"font-size: medium;\">&#8230;&#8230;&#8230;&#8230;&#8230;&#8230;&#8230;..<\/span><\/p>\n<p><span style=\"font-size: medium;\"><strong>Tipico paisaje de los Arribes del Duero<\/strong><\/span><\/p>\n<p><span style=\"font-size: medium;\"><strong>&#8230;&#8230;&#8230;&#8230;&#8230;&#8230;.<\/strong><\/span><\/p>\n<p><span style=\"font-size: medium;\"><strong>\u00a0<\/strong><\/span><\/p>\n<p>\u00a0<\/p>\n<p>&#8230;&#8230;&#8230;&#8230;&#8230;&#8230;&#8230;&#8230;&#8230;&#8230;&#8230;..<\/p>\n<p>\u00a0<\/p>\n<p>\u00a0<\/p>\n<p>\u00a0<\/p>\n<p>\u00a0<\/p>\n<p>&#8230;&#8230;&#8230;&#8230;&#8230;&#8230;&#8230;&#8230;&#8230;<\/p>\n<p>\u00a0<\/p>\n<p>&#8230;&#8230;&#8230;&#8230;&#8230;&#8230;&#8230;&#8230;&#8230;&#8230;&#8230;&#8230;&#8230;&#8230;&#8230;<\/p>\n<p>&#8230;&#8230;&#8230;&#8230;&#8230;..<\/p>\n<p><a href=\"http:\/\/www.floracantabrica.com\/wp-content\/uploads\/2010\/06\/image00286.jpg\"><img loading=\"lazy\" decoding=\"async\" class=\"aligncenter size-full wp-image-6741\" title=\"image002\" src=\"http:\/\/www.floracantabrica.com\/wp-content\/uploads\/2010\/06\/image00286.jpg\" alt=\"image002\" width=\"1239\" height=\"829\" srcset=\"https:\/\/www.floracantabrica.com\/wp-content\/uploads\/2010\/06\/image00286.jpg 1239w, https:\/\/www.floracantabrica.com\/wp-content\/uploads\/2010\/06\/image00286-300x200.jpg 300w, https:\/\/www.floracantabrica.com\/wp-content\/uploads\/2010\/06\/image00286-1024x685.jpg 1024w\" sizes=\"auto, (max-width: 1239px) 100vw, 1239px\" \/><\/a><\/p>\n<p>&#8230;&#8230;&#8230;&#8230;&#8230;<\/p>\n<p>\u00a0<\/p>\n<p><span style=\"font-size: medium;\">Mat\u00edas\u00a0 Mayor<\/span><\/p>\n<p><span style=\"font-size: small;\">Las dos tesis doctorales dirigidas\u00a0 por El Prof.Casaseca,nos han servido de est\u00edmulo en nuestro intento de definir el etnopaisaje de los Arribes del Duero,sobre todo por sus \u00a0aportaciones valios\u00edsimas para el conocimiento se su flora vascular.<\/span><\/p>\n<p><span style=\"font-size: small;\">Pude comprobar que Casaseca,ten\u00eda un profundo amor por la Bot\u00e1nica,era un apasionado, disfrutaba much\u00edsimo cuando en las excursiones que hac\u00edamos por Zamora, me ense\u00f1aba la nueva localidad de las especies que el encontraba.<\/span><\/p>\n<p><span style=\"font-size: small;\">En nuestras conversaciones, me trataba de hacer ver que la fitosociolog\u00eda, carec\u00eda de fundamentos cient\u00edficos s\u00f3lidos, en realidad era defensor del gradiente continuo de la vegetaci\u00f3n, como lo hac\u00edan los Norteamericanos con Whittaker (WHITTAKER, R.H. 1967. <strong>Gradient Analysis of Vegetation. <\/strong>Biol. Rev., 42:207-264.).<\/span><\/p>\n<p><span style=\"font-size: small;\">Yo desde, mi juventud, como disc\u00edpulo de Rivas Goday, conoc\u00ed la fitosociolog\u00eda \u00a0de Braun-Blanquet y me apasion\u00f3 hacerla durante m\u00e1s de una d\u00e9cada, despu\u00e9s influido por Duvigneaud, Poore \u00a0y Ellenberg, sent\u00ed la necesidad de introducir algunos cambios con mis grupos socioecolog\u00edcos, pero he sido fiel al m\u00e9todo de Braun-Blanquet, durante m\u00e1s de cuarenta a\u00f1os. Lo que ha sucedido es que yo, igual que Poore, he focalizado mi atenci\u00f3n en el \u201cuso de de los m\u00e9todos fitosoci\u00f3logicos en investigaciones ecol\u00f3gicas\u201d y lo he dejado reflejado en varias publicaciones, entre ellas est\u00e1 la \u201cEcolog\u00eda de la vegetaci\u00f3n de Asturias\u201d; tengo que reconocer que igual que a mi gran amigo y maestro Ellenberg, \u00a0la fitosociolog\u00eda de Braun -Blanquet nos ha sido de gran utilidad.<\/span><\/p>\n<p><span style=\"font-size: small;\">\u00a0&#8230;&#8230;&#8230;&#8230;&#8230;&#8230;&#8230;&#8230;&#8230;&#8230;.<\/span><\/p>\n<p><span style=\"font-size: small;\">\u00a0<\/span><\/p>\n<p>\u00a0<\/p>\n<p>&#8230;&#8230;&#8230;&#8230;..<\/p>\n<p><a href=\"http:\/\/www.floracantabrica.com\/wp-content\/uploads\/2010\/06\/image00287.jpg\"><img loading=\"lazy\" decoding=\"async\" class=\"aligncenter size-full wp-image-6742\" title=\"image002\" src=\"http:\/\/www.floracantabrica.com\/wp-content\/uploads\/2010\/06\/image00287.jpg\" alt=\"image002\" width=\"1134\" height=\"1745\" srcset=\"https:\/\/www.floracantabrica.com\/wp-content\/uploads\/2010\/06\/image00287.jpg 1134w, https:\/\/www.floracantabrica.com\/wp-content\/uploads\/2010\/06\/image00287-194x300.jpg 194w, https:\/\/www.floracantabrica.com\/wp-content\/uploads\/2010\/06\/image00287-665x1023.jpg 665w\" sizes=\"auto, (max-width: 1134px) 100vw, 1134px\" \/><\/a><\/p>\n<p>&#8230;&#8230;&#8230;&#8230;&#8230;&#8230;&#8230;&#8230;<\/p>\n<p><span style=\"font-size: large;\"><strong>Gordolobo.Verbascum<\/strong><\/span><\/p>\n<p><span style=\"font-size: large;\"><strong>&#8230;&#8230;&#8230;&#8230;&#8230;&#8230;&#8230;..<\/strong><\/span><\/p>\n<p><span style=\"font-size: large;\"><strong><a href=\"http:\/\/www.floracantabrica.com\/wp-content\/uploads\/2010\/06\/image00288.jpg\"><img loading=\"lazy\" decoding=\"async\" class=\"aligncenter size-full wp-image-6743\" title=\"image002\" src=\"http:\/\/www.floracantabrica.com\/wp-content\/uploads\/2010\/06\/image00288.jpg\" alt=\"image002\" width=\"1239\" height=\"829\" srcset=\"https:\/\/www.floracantabrica.com\/wp-content\/uploads\/2010\/06\/image00288.jpg 1239w, https:\/\/www.floracantabrica.com\/wp-content\/uploads\/2010\/06\/image00288-300x200.jpg 300w, https:\/\/www.floracantabrica.com\/wp-content\/uploads\/2010\/06\/image00288-1024x685.jpg 1024w\" sizes=\"auto, (max-width: 1239px) 100vw, 1239px\" \/><\/a><\/strong><\/span><\/p>\n<p><span style=\"font-size: large;\"><strong>&#8230;&#8230;&#8230;&#8230;&#8230;..<\/strong><\/span><\/p>\n<p><span style=\"font-size: large;\"><strong>Olivo en flor<\/strong><\/span><\/p>\n<p><span style=\"font-size: large;\"><strong>&#8230;&#8230;&#8230;&#8230;&#8230;&#8230;&#8230;&#8230;<\/strong><\/span><\/p>\n<p><span style=\"font-size: large;\"><strong><a href=\"http:\/\/www.floracantabrica.com\/wp-content\/uploads\/2010\/06\/image00289.jpg\"><img loading=\"lazy\" decoding=\"async\" class=\"aligncenter size-full wp-image-6744\" title=\"image002\" src=\"http:\/\/www.floracantabrica.com\/wp-content\/uploads\/2010\/06\/image00289.jpg\" alt=\"image002\" width=\"1239\" height=\"829\" srcset=\"https:\/\/www.floracantabrica.com\/wp-content\/uploads\/2010\/06\/image00289.jpg 1239w, https:\/\/www.floracantabrica.com\/wp-content\/uploads\/2010\/06\/image00289-300x200.jpg 300w, https:\/\/www.floracantabrica.com\/wp-content\/uploads\/2010\/06\/image00289-1024x685.jpg 1024w\" sizes=\"auto, (max-width: 1239px) 100vw, 1239px\" \/><\/a><\/strong><\/span><\/p>\n<p><span style=\"font-size: large;\"><strong>&#8230;&#8230;&#8230;&#8230;&#8230;&#8230;&#8230;.<\/strong><\/span><\/p>\n<p><span style=\"font-size: large;\"><strong><span style=\"font-size: medium;\">Paisaje con olivos ,vi\u00f1edos y almendros entre la vegetaci\u00f3n natural de encinas y alcornoques<\/span><\/strong><\/span><\/p>\n<p><span style=\"font-size: large;\"><strong><span style=\"font-size: medium;\">&#8230;&#8230;&#8230;&#8230;&#8230;&#8230;&#8230;&#8230;&#8230;&#8230;.<\/span><\/strong><\/span><\/p>\n<p><span style=\"font-size: large;\"><strong><span style=\"font-size: medium;\"><a href=\"http:\/\/www.floracantabrica.com\/wp-content\/uploads\/2010\/06\/image00290.jpg\"><img loading=\"lazy\" decoding=\"async\" class=\"aligncenter size-full wp-image-6745\" title=\"image002\" src=\"http:\/\/www.floracantabrica.com\/wp-content\/uploads\/2010\/06\/image00290.jpg\" alt=\"image002\" width=\"1404\" height=\"945\" srcset=\"https:\/\/www.floracantabrica.com\/wp-content\/uploads\/2010\/06\/image00290.jpg 1404w, https:\/\/www.floracantabrica.com\/wp-content\/uploads\/2010\/06\/image00290-300x201.jpg 300w, https:\/\/www.floracantabrica.com\/wp-content\/uploads\/2010\/06\/image00290-1024x689.jpg 1024w\" sizes=\"auto, (max-width: 1404px) 100vw, 1404px\" \/><\/a><\/span><\/strong><\/span><\/p>\n<p>&#8230;&#8230;&#8230;&#8230;&#8230;&#8230;&#8230;&#8230;&#8230;&#8230;..<\/p>\n<p>\u00a0<a href=\"http:\/\/www.floracantabrica.com\/wp-content\/uploads\/2010\/06\/image00297.jpg\"><img loading=\"lazy\" decoding=\"async\" class=\"aligncenter size-full wp-image-6757\" title=\"image002\" src=\"http:\/\/www.floracantabrica.com\/wp-content\/uploads\/2010\/06\/image00297.jpg\" alt=\"image002\" width=\"1616\" height=\"1096\" srcset=\"https:\/\/www.floracantabrica.com\/wp-content\/uploads\/2010\/06\/image00297.jpg 1616w, https:\/\/www.floracantabrica.com\/wp-content\/uploads\/2010\/06\/image00297-300x203.jpg 300w, https:\/\/www.floracantabrica.com\/wp-content\/uploads\/2010\/06\/image00297-1024x694.jpg 1024w\" sizes=\"auto, (max-width: 1616px) 100vw, 1616px\" \/><\/a><\/p>\n<p>&#8230;&#8230;&#8230;&#8230;&#8230;&#8230;&#8230;&#8230;&#8230;&#8230;&#8230;&#8230;&#8230;&#8230;&#8230;&#8230;&#8230;&#8230;&#8230;&#8230;..<\/p>\n<p><span style=\"font-size: medium;\"><strong>Olivos ,almendros y vi\u00f1edos<\/strong><\/span><\/p>\n<p><a href=\"http:\/\/www.floracantabrica.com\/wp-content\/uploads\/2010\/06\/image00298.jpg\"><img loading=\"lazy\" decoding=\"async\" class=\"aligncenter size-full wp-image-6761\" title=\"image002\" src=\"http:\/\/www.floracantabrica.com\/wp-content\/uploads\/2010\/06\/image00298.jpg\" alt=\"image002\" width=\"1616\" height=\"1096\" srcset=\"https:\/\/www.floracantabrica.com\/wp-content\/uploads\/2010\/06\/image00298.jpg 1616w, https:\/\/www.floracantabrica.com\/wp-content\/uploads\/2010\/06\/image00298-300x203.jpg 300w, https:\/\/www.floracantabrica.com\/wp-content\/uploads\/2010\/06\/image00298-1024x694.jpg 1024w\" sizes=\"auto, (max-width: 1616px) 100vw, 1616px\" \/><\/a><\/p>\n<p>&#8230;&#8230;&#8230;&#8230;&#8230;&#8230;&#8230;&#8230;&#8230;&#8230;&#8230;&#8230;<\/p>\n<p><span style=\"font-size: medium;\"><strong>Olivos almendros y\u00a0vi\u00f1edos<\/strong><\/span><\/p>\n<p><a href=\"http:\/\/www.floracantabrica.com\/wp-content\/uploads\/2010\/06\/image00299.jpg\"><img loading=\"lazy\" decoding=\"async\" class=\"aligncenter size-full wp-image-6763\" title=\"image002\" src=\"http:\/\/www.floracantabrica.com\/wp-content\/uploads\/2010\/06\/image00299.jpg\" alt=\"image002\" width=\"1373\" height=\"922\" srcset=\"https:\/\/www.floracantabrica.com\/wp-content\/uploads\/2010\/06\/image00299.jpg 1373w, https:\/\/www.floracantabrica.com\/wp-content\/uploads\/2010\/06\/image00299-300x201.jpg 300w, https:\/\/www.floracantabrica.com\/wp-content\/uploads\/2010\/06\/image00299-1024x687.jpg 1024w\" sizes=\"auto, (max-width: 1373px) 100vw, 1373px\" \/><\/a><\/p>\n<p>&#8230;&#8230;&#8230;&#8230;&#8230;&#8230;&#8230;&#8230;&#8230;&#8230;&#8230;&#8230;&#8230;.<\/p>\n<p><span style=\"font-size: medium;\"><strong>Encinar con retama(<\/strong><\/span><em><span style=\"font-size: medium;\"><strong>Retama sphaerocarpa) con flores amarillas<\/strong><\/span> <\/em><\/p>\n<p><em>&#8230;&#8230;&#8230;&#8230;&#8230;&#8230;&#8230;&#8230;&#8230;.<\/em><\/p>\n<p><em><a href=\"http:\/\/www.floracantabrica.com\/wp-content\/uploads\/2010\/06\/image002100.jpg\"><img loading=\"lazy\" decoding=\"async\" class=\"aligncenter size-full wp-image-6764\" title=\"image002\" src=\"http:\/\/www.floracantabrica.com\/wp-content\/uploads\/2010\/06\/image002100.jpg\" alt=\"image002\" width=\"1239\" height=\"829\" srcset=\"https:\/\/www.floracantabrica.com\/wp-content\/uploads\/2010\/06\/image002100.jpg 1239w, https:\/\/www.floracantabrica.com\/wp-content\/uploads\/2010\/06\/image002100-300x200.jpg 300w, https:\/\/www.floracantabrica.com\/wp-content\/uploads\/2010\/06\/image002100-1024x685.jpg 1024w\" sizes=\"auto, (max-width: 1239px) 100vw, 1239px\" \/><\/a><\/em><\/p>\n<p><em>&#8230;&#8230;&#8230;&#8230;&#8230;&#8230;&#8230;&#8230;.<\/em><\/p>\n<p><em><span style=\"font-size: medium;\"><strong>Romerillo de bruja. Phagnalon saxatile<\/strong><\/span><\/em><\/p>\n<p><em><span style=\"font-size: medium;\"><strong>&#8230;&#8230;&#8230;&#8230;&#8230;&#8230;.<\/strong><\/span><\/em><\/p>\n<p><em><span style=\"font-size: medium;\"><a href=\"http:\/\/www.floracantabrica.com\/wp-content\/uploads\/2010\/06\/image002101.jpg\"><img loading=\"lazy\" decoding=\"async\" class=\"aligncenter size-full wp-image-6765\" title=\"image002\" src=\"http:\/\/www.floracantabrica.com\/wp-content\/uploads\/2010\/06\/image002101.jpg\" alt=\"image002\" width=\"1239\" height=\"829\" srcset=\"https:\/\/www.floracantabrica.com\/wp-content\/uploads\/2010\/06\/image002101.jpg 1239w, https:\/\/www.floracantabrica.com\/wp-content\/uploads\/2010\/06\/image002101-300x200.jpg 300w, https:\/\/www.floracantabrica.com\/wp-content\/uploads\/2010\/06\/image002101-1024x685.jpg 1024w\" sizes=\"auto, (max-width: 1239px) 100vw, 1239px\" \/><\/a><\/span><\/em><\/p>\n<p><em><span style=\"font-size: medium;\">Vi\u00f1edos muy cudados y regados<\/span><\/em><\/p>\n<p><em><span style=\"font-size: medium;\">&#8230;&#8230;&#8230;&#8230;&#8230;&#8230;&#8230;&#8230;..<\/span><\/em><\/p>\n<p><em><span style=\"font-size: medium;\"><a href=\"http:\/\/www.floracantabrica.com\/wp-content\/uploads\/2010\/06\/Presentaci\u00f3n12.jpg\"><img loading=\"lazy\" decoding=\"async\" class=\"aligncenter size-full wp-image-6855\" title=\"Presentaci\u00f3n1\" src=\"http:\/\/www.floracantabrica.com\/wp-content\/uploads\/2010\/06\/Presentaci\u00f3n12.jpg\" alt=\"Presentaci\u00f3n1\" width=\"960\" height=\"720\" srcset=\"https:\/\/www.floracantabrica.com\/wp-content\/uploads\/2010\/06\/Presentaci\u00f3n12.jpg 960w, https:\/\/www.floracantabrica.com\/wp-content\/uploads\/2010\/06\/Presentaci\u00f3n12-300x225.jpg 300w\" sizes=\"auto, (max-width: 960px) 100vw, 960px\" \/><\/a><\/span><\/em><\/p>\n<p><em><span style=\"font-size: medium;\">&#8230;&#8230;&#8230;&#8230;&#8230;&#8230;&#8230;&#8230;&#8230;&#8230;&#8230;<\/span><\/em><\/p>\n<p><em><span style=\"font-size: medium;\">Almendro cultivado<\/span><\/em><\/p>\n<p><em><span style=\"font-size: medium;\">&#8230;&#8230;&#8230;&#8230;&#8230;&#8230;&#8230;&#8230;&#8230;&#8230;..<\/span><\/em><\/p>\n<p><em><span style=\"font-size: medium;\"><a href=\"http:\/\/www.floracantabrica.com\/wp-content\/uploads\/2010\/06\/image002156.jpg\"><img loading=\"lazy\" decoding=\"async\" class=\"aligncenter size-full wp-image-6856\" title=\"image002\" src=\"http:\/\/www.floracantabrica.com\/wp-content\/uploads\/2010\/06\/image002156.jpg\" alt=\"image002\" width=\"567\" height=\"659\" srcset=\"https:\/\/www.floracantabrica.com\/wp-content\/uploads\/2010\/06\/image002156.jpg 567w, https:\/\/www.floracantabrica.com\/wp-content\/uploads\/2010\/06\/image002156-258x300.jpg 258w\" sizes=\"auto, (max-width: 567px) 100vw, 567px\" \/><\/a><\/span><\/em><\/p>\n<p><em><span style=\"font-size: medium;\">&#8230;&#8230;&#8230;&#8230;&#8230;&#8230;&#8230;&#8230;..<\/span><\/em><\/p>\n<p><em><span style=\"font-size: medium;\">\u00a0<\/span><\/em><span style=\"font-size: medium;\">\u00a0Vid cultivada\u00a0<\/span><\/p>\n<p>&#8230;&#8230;..<\/p>\n<p><a href=\"http:\/\/www.floracantabrica.com\/wp-content\/uploads\/2010\/06\/image002157.jpg\"><img loading=\"lazy\" decoding=\"async\" class=\"aligncenter size-full wp-image-6858\" title=\"image002\" src=\"http:\/\/www.floracantabrica.com\/wp-content\/uploads\/2010\/06\/image002157.jpg\" alt=\"image002\" width=\"650\" height=\"899\" srcset=\"https:\/\/www.floracantabrica.com\/wp-content\/uploads\/2010\/06\/image002157.jpg 650w, https:\/\/www.floracantabrica.com\/wp-content\/uploads\/2010\/06\/image002157-216x300.jpg 216w\" sizes=\"auto, (max-width: 650px) 100vw, 650px\" \/><\/a><\/p>\n<p>&#8230;&#8230;&#8230;&#8230;&#8230;&#8230;&#8230;.<\/p>\n<p><em><span style=\"font-size: medium;\"><strong>Cornicabra.Pistacia therebintus<\/strong><\/span><\/em><\/p>\n<p><em><span style=\"font-size: medium;\"><strong>&#8230;&#8230;&#8230;&#8230;&#8230;&#8230;&#8230;.<\/strong><\/span><\/em><\/p>\n<p><em><span style=\"font-size: medium;\">\u00a0<\/span><\/em><\/p>\n<p><a href=\"http:\/\/www.floracantabrica.com\/wp-content\/uploads\/2010\/06\/image0035.jpg\"><img loading=\"lazy\" decoding=\"async\" class=\"aligncenter size-full wp-image-6783\" title=\"image003\" src=\"http:\/\/www.floracantabrica.com\/wp-content\/uploads\/2010\/06\/image0035.jpg\" alt=\"image003\" width=\"829\" height=\"1239\" srcset=\"https:\/\/www.floracantabrica.com\/wp-content\/uploads\/2010\/06\/image0035.jpg 829w, https:\/\/www.floracantabrica.com\/wp-content\/uploads\/2010\/06\/image0035-200x300.jpg 200w, https:\/\/www.floracantabrica.com\/wp-content\/uploads\/2010\/06\/image0035-685x1024.jpg 685w\" sizes=\"auto, (max-width: 829px) 100vw, 829px\" \/><\/a><\/p>\n<p><span style=\"font-size: medium;\"><strong>Almendro con fruto<\/strong><\/span><\/p>\n<p><span style=\"font-size: medium;\"><strong>&#8230;&#8230;&#8230;&#8230;&#8230;&#8230;&#8230;<\/strong><\/span><\/p>\n<p><span style=\"font-size: medium;\"><strong><a href=\"http:\/\/www.floracantabrica.com\/wp-content\/uploads\/2010\/06\/image002118.jpg\"><img loading=\"lazy\" decoding=\"async\" class=\"aligncenter size-full wp-image-6795\" title=\"image002\" src=\"http:\/\/www.floracantabrica.com\/wp-content\/uploads\/2010\/06\/image002118.jpg\" alt=\"image002\" width=\"829\" height=\"1239\" srcset=\"https:\/\/www.floracantabrica.com\/wp-content\/uploads\/2010\/06\/image002118.jpg 829w, https:\/\/www.floracantabrica.com\/wp-content\/uploads\/2010\/06\/image002118-200x300.jpg 200w, https:\/\/www.floracantabrica.com\/wp-content\/uploads\/2010\/06\/image002118-685x1024.jpg 685w\" sizes=\"auto, (max-width: 829px) 100vw, 829px\" \/><\/a><\/strong><\/span><\/p>\n<p><span style=\"font-size: medium;\"><strong>&#8230;&#8230;&#8230;&#8230;&#8230;&#8230;&#8230;&#8230;&#8230;&#8230;&#8230;&#8230;&#8230;&#8230;<\/strong><\/span><\/p>\n<p><span style=\"font-size: medium;\"><strong>Flor del Olivo<\/strong><\/span><\/p>\n<p><span style=\"font-size: medium;\"><strong>&#8230;&#8230;&#8230;&#8230;&#8230;&#8230;&#8230;&#8230;..<\/strong><\/span><\/p>\n<p><span style=\"font-size: medium;\"><strong><a href=\"http:\/\/www.floracantabrica.com\/wp-content\/uploads\/2010\/06\/image002119.jpg\"><img loading=\"lazy\" decoding=\"async\" class=\"aligncenter size-full wp-image-6799\" title=\"image002\" src=\"http:\/\/www.floracantabrica.com\/wp-content\/uploads\/2010\/06\/image002119.jpg\" alt=\"image002\" width=\"952\" height=\"1442\" srcset=\"https:\/\/www.floracantabrica.com\/wp-content\/uploads\/2010\/06\/image002119.jpg 952w, https:\/\/www.floracantabrica.com\/wp-content\/uploads\/2010\/06\/image002119-198x300.jpg 198w, https:\/\/www.floracantabrica.com\/wp-content\/uploads\/2010\/06\/image002119-676x1024.jpg 676w\" sizes=\"auto, (max-width: 952px) 100vw, 952px\" \/><\/a><\/strong><\/span><\/p>\n<p><span style=\"font-size: medium;\"><strong>&#8230;&#8230;&#8230;&#8230;&#8230;&#8230;&#8230;&#8230;.<\/strong><\/span><\/p>\n<p><span style=\"font-size: medium;\"><strong>Rabo de raposa .Trifolium angustifolium<\/strong><\/span><\/p>\n<p><span style=\"font-size: medium;\"><strong>&#8230;&#8230;&#8230;&#8230;&#8230;&#8230;&#8230;.<\/strong><\/span><\/p>\n<p><span style=\"font-size: medium;\"><strong><a href=\"http:\/\/www.floracantabrica.com\/wp-content\/uploads\/2010\/06\/image002120.jpg\"><img loading=\"lazy\" decoding=\"async\" class=\"aligncenter size-full wp-image-6800\" title=\"image002\" src=\"http:\/\/www.floracantabrica.com\/wp-content\/uploads\/2010\/06\/image002120.jpg\" alt=\"image002\" width=\"829\" height=\"1239\" srcset=\"https:\/\/www.floracantabrica.com\/wp-content\/uploads\/2010\/06\/image002120.jpg 829w, https:\/\/www.floracantabrica.com\/wp-content\/uploads\/2010\/06\/image002120-200x300.jpg 200w, https:\/\/www.floracantabrica.com\/wp-content\/uploads\/2010\/06\/image002120-685x1024.jpg 685w\" sizes=\"auto, (max-width: 829px) 100vw, 829px\" \/><\/a><\/strong><\/span><\/p>\n<p><span style=\"font-size: medium;\"><strong>\u00a0&#8230;&#8230;&#8230;&#8230;&#8230;&#8230;&#8230;..<\/strong><\/span><\/p>\n<p><span style=\"font-size: medium;\"><strong>Estrellada espinosa<\/strong><\/span><\/p>\n<p><span style=\"font-size: medium;\"><strong>&#8230;&#8230;&#8230;&#8230;&#8230;&#8230;&#8230;.<\/strong><\/span><\/p>\n<p><span style=\"font-size: medium;\"><strong><a href=\"http:\/\/www.floracantabrica.com\/wp-content\/uploads\/2010\/06\/image002121.jpg\"><img loading=\"lazy\" decoding=\"async\" class=\"aligncenter size-full wp-image-6801\" title=\"image002\" src=\"http:\/\/www.floracantabrica.com\/wp-content\/uploads\/2010\/06\/image002121.jpg\" alt=\"image002\" width=\"829\" height=\"1239\" srcset=\"https:\/\/www.floracantabrica.com\/wp-content\/uploads\/2010\/06\/image002121.jpg 829w, https:\/\/www.floracantabrica.com\/wp-content\/uploads\/2010\/06\/image002121-200x300.jpg 200w, https:\/\/www.floracantabrica.com\/wp-content\/uploads\/2010\/06\/image002121-685x1024.jpg 685w\" sizes=\"auto, (max-width: 829px) 100vw, 829px\" \/><\/a><\/strong><\/span><\/p>\n<p><span style=\"font-size: medium;\"><strong>&#8230;&#8230;&#8230;&#8230;&#8230;&#8230;&#8230;..<\/strong><\/span><\/p>\n<p><span style=\"font-size: medium;\"><strong>Vi\u00f1edo con canales de riego<\/strong><\/span><\/p>\n<p><span style=\"font-size: medium;\"><strong>,&#8230;&#8230;&#8230;&#8230;&#8230;&#8230;&#8230;<\/strong><\/span><\/p>\n<p><span style=\"font-size: medium;\">\u00a0<a href=\"http:\/\/www.floracantabrica.com\/wp-content\/uploads\/2010\/06\/image002122.jpg\"><img loading=\"lazy\" decoding=\"async\" class=\"aligncenter size-full wp-image-6805\" title=\"image002\" src=\"http:\/\/www.floracantabrica.com\/wp-content\/uploads\/2010\/06\/image002122.jpg\" alt=\"image002\" width=\"1239\" height=\"829\" srcset=\"https:\/\/www.floracantabrica.com\/wp-content\/uploads\/2010\/06\/image002122.jpg 1239w, https:\/\/www.floracantabrica.com\/wp-content\/uploads\/2010\/06\/image002122-300x200.jpg 300w, https:\/\/www.floracantabrica.com\/wp-content\/uploads\/2010\/06\/image002122-1024x685.jpg 1024w\" sizes=\"auto, (max-width: 1239px) 100vw, 1239px\" \/><\/a><\/span><\/p>\n<p><span style=\"font-size: medium;\">&#8230;&#8230;&#8230;&#8230;&#8230;&#8230;..<\/span><\/p>\n<p><span style=\"font-size: medium;\">Vi\u00f1edos en terrazas,sin malas hierbas<\/span><\/p>\n<p><span style=\"font-size: medium;\">&#8230;&#8230;&#8230;&#8230;&#8230;&#8230;&#8230;.<\/span><\/p>\n<p><span style=\"font-size: medium;\"><a href=\"http:\/\/www.floracantabrica.com\/wp-content\/uploads\/2010\/06\/image002123.jpg\"><img loading=\"lazy\" decoding=\"async\" class=\"aligncenter size-full wp-image-6806\" title=\"image002\" src=\"http:\/\/www.floracantabrica.com\/wp-content\/uploads\/2010\/06\/image002123.jpg\" alt=\"image002\" width=\"829\" height=\"1239\" srcset=\"https:\/\/www.floracantabrica.com\/wp-content\/uploads\/2010\/06\/image002123.jpg 829w, https:\/\/www.floracantabrica.com\/wp-content\/uploads\/2010\/06\/image002123-200x300.jpg 200w, https:\/\/www.floracantabrica.com\/wp-content\/uploads\/2010\/06\/image002123-685x1024.jpg 685w\" sizes=\"auto, (max-width: 829px) 100vw, 829px\" \/><\/a><\/span><\/p>\n<p>&#8230;&#8230;&#8230;&#8230;&#8230;&#8230;&#8230;&#8230;.<\/p>\n<p><span style=\"font-size: medium;\"><strong>Leucanthemo amarillo<\/strong><\/span><\/p>\n<p><span style=\"font-size: medium;\"><strong>&#8230;&#8230;&#8230;&#8230;&#8230;&#8230;&#8230;&#8230;..<\/strong><\/span><\/p>\n<p><span style=\"font-size: medium;\"><strong><a href=\"http:\/\/www.floracantabrica.com\/wp-content\/uploads\/2010\/06\/image002124.jpg\"><img loading=\"lazy\" decoding=\"async\" class=\"aligncenter size-full wp-image-6807\" title=\"image002\" src=\"http:\/\/www.floracantabrica.com\/wp-content\/uploads\/2010\/06\/image002124.jpg\" alt=\"image002\" width=\"829\" height=\"1239\" srcset=\"https:\/\/www.floracantabrica.com\/wp-content\/uploads\/2010\/06\/image002124.jpg 829w, https:\/\/www.floracantabrica.com\/wp-content\/uploads\/2010\/06\/image002124-200x300.jpg 200w, https:\/\/www.floracantabrica.com\/wp-content\/uploads\/2010\/06\/image002124-685x1024.jpg 685w\" sizes=\"auto, (max-width: 829px) 100vw, 829px\" \/><\/a><\/strong><\/span><\/p>\n<p><span style=\"font-size: medium;\"><strong>&#8230;&#8230;&#8230;&#8230;&#8230;&#8230;&#8230;&#8230;<\/strong><\/span><\/p>\n<p><span style=\"font-size: medium;\"><strong>Esparrago.Asparagus acutifolius. Especie propia del encinar clim\u00e1cico<\/strong><\/span><\/p>\n<p><span style=\"font-size: medium;\"><strong>&#8230;&#8230;&#8230;&#8230;&#8230;..<\/strong><\/span><\/p>\n<p><span style=\"font-size: medium;\">\u00a0<a href=\"http:\/\/www.floracantabrica.com\/wp-content\/uploads\/2010\/06\/image002125.jpg\"><img loading=\"lazy\" decoding=\"async\" class=\"aligncenter size-full wp-image-6808\" title=\"image002\" src=\"http:\/\/www.floracantabrica.com\/wp-content\/uploads\/2010\/06\/image002125.jpg\" alt=\"image002\" width=\"986\" height=\"1498\" srcset=\"https:\/\/www.floracantabrica.com\/wp-content\/uploads\/2010\/06\/image002125.jpg 986w, https:\/\/www.floracantabrica.com\/wp-content\/uploads\/2010\/06\/image002125-197x300.jpg 197w, https:\/\/www.floracantabrica.com\/wp-content\/uploads\/2010\/06\/image002125-674x1024.jpg 674w\" sizes=\"auto, (max-width: 986px) 100vw, 986px\" \/><\/a><\/span><\/p>\n<p><span style=\"font-size: medium;\">&#8230;&#8230;&#8230;&#8230;&#8230;&#8230;&#8230;.<\/span><\/p>\n<p><span style=\"font-size: medium;\"><strong>Pancierba en fruto.<\/strong><\/span><\/p>\n<p><span style=\"font-size: medium;\"><strong>&#8230;&#8230;&#8230;&#8230;&#8230;&#8230;&#8230;&#8230;<\/strong><\/span><\/p>\n<p><span style=\"font-size: medium;\"><strong><a href=\"http:\/\/www.floracantabrica.com\/wp-content\/uploads\/2010\/06\/image002126.jpg\"><img loading=\"lazy\" decoding=\"async\" class=\"aligncenter size-full wp-image-6809\" title=\"image002\" src=\"http:\/\/www.floracantabrica.com\/wp-content\/uploads\/2010\/06\/image002126.jpg\" alt=\"image002\" width=\"1239\" height=\"829\" srcset=\"https:\/\/www.floracantabrica.com\/wp-content\/uploads\/2010\/06\/image002126.jpg 1239w, https:\/\/www.floracantabrica.com\/wp-content\/uploads\/2010\/06\/image002126-300x200.jpg 300w, https:\/\/www.floracantabrica.com\/wp-content\/uploads\/2010\/06\/image002126-1024x685.jpg 1024w\" sizes=\"auto, (max-width: 1239px) 100vw, 1239px\" \/><\/a><\/strong><\/span><\/p>\n<p><span style=\"font-size: medium;\"><strong>&#8230;&#8230;&#8230;&#8230;&#8230;&#8230;&#8230;..<\/strong><\/span><\/p>\n<p><span style=\"font-size: medium;\"><strong>Cornicabra Pistacia terebinthus.<\/strong><\/span><\/p>\n<p><span style=\"font-size: medium;\"><strong>\u00a0Especie asociada con el esparrago,forma parte de la climax. El bosque mediterraneo de encinas y alcornoques alberga en su interior el esparrago y la cornicabra.En los Arribes del Duero,\u00a0se acusa con mayor fuerza la termicidad, se da la chumbera, el olivo la vid y el almendro.<\/strong><\/span><\/p>\n<p><span style=\"font-size: medium;\"><strong>&#8230;&#8230;&#8230;&#8230;&#8230;&#8230;&#8230;.<\/strong><\/span><\/p>\n<p><span style=\"font-size: medium;\"><strong><a href=\"http:\/\/www.floracantabrica.com\/wp-content\/uploads\/2010\/06\/image002127.jpg\"><img loading=\"lazy\" decoding=\"async\" class=\"aligncenter size-full wp-image-6810\" title=\"image002\" src=\"http:\/\/www.floracantabrica.com\/wp-content\/uploads\/2010\/06\/image002127.jpg\" alt=\"image002\" width=\"1239\" height=\"829\" srcset=\"https:\/\/www.floracantabrica.com\/wp-content\/uploads\/2010\/06\/image002127.jpg 1239w, https:\/\/www.floracantabrica.com\/wp-content\/uploads\/2010\/06\/image002127-300x200.jpg 300w, https:\/\/www.floracantabrica.com\/wp-content\/uploads\/2010\/06\/image002127-1024x685.jpg 1024w\" sizes=\"auto, (max-width: 1239px) 100vw, 1239px\" \/><\/a><\/strong><\/span><\/p>\n<p><span style=\"font-size: medium;\"><strong>&#8230;&#8230;&#8230;&#8230;.<\/strong><\/span><\/p>\n<p><span style=\"font-size: medium;\"><strong>Cornicabra con hojas anchas y frutos rojos<\/strong><\/span><\/p>\n<p><span style=\"font-size: medium;\"><strong>&#8230;&#8230;&#8230;&#8230;&#8230;&#8230;&#8230;&#8230;&#8230;&#8230;<\/strong><\/span><\/p>\n<p><span style=\"font-size: medium;\"><a href=\"http:\/\/www.floracantabrica.com\/wp-content\/uploads\/2010\/06\/image002128.jpg\"><img loading=\"lazy\" decoding=\"async\" class=\"aligncenter size-full wp-image-6811\" title=\"image002\" src=\"http:\/\/www.floracantabrica.com\/wp-content\/uploads\/2010\/06\/image002128.jpg\" alt=\"image002\" width=\"1239\" height=\"829\" srcset=\"https:\/\/www.floracantabrica.com\/wp-content\/uploads\/2010\/06\/image002128.jpg 1239w, https:\/\/www.floracantabrica.com\/wp-content\/uploads\/2010\/06\/image002128-300x200.jpg 300w, https:\/\/www.floracantabrica.com\/wp-content\/uploads\/2010\/06\/image002128-1024x685.jpg 1024w\" sizes=\"auto, (max-width: 1239px) 100vw, 1239px\" \/><\/a><\/span><\/p>\n<p>&#8230;&#8230;&#8230;&#8230;&#8230;&#8230;&#8230;&#8230;&#8230;&#8230;&#8230;&#8230;&#8230;<\/p>\n<p><span style=\"font-size: large;\"><strong>Carretera que cruza la presa de Saucelle<\/strong><\/span><\/p>\n<p><span style=\"font-size: large;\"><strong>&#8230;&#8230;&#8230;&#8230;&#8230;&#8230;&#8230;&#8230;<\/strong><\/span><\/p>\n<p><span style=\"font-size: large;\"><strong><a href=\"http:\/\/www.floracantabrica.com\/wp-content\/uploads\/2010\/06\/image002130.jpg\"><img loading=\"lazy\" decoding=\"async\" class=\"aligncenter size-full wp-image-6813\" title=\"image002\" src=\"http:\/\/www.floracantabrica.com\/wp-content\/uploads\/2010\/06\/image002130.jpg\" alt=\"image002\" width=\"1239\" height=\"829\" srcset=\"https:\/\/www.floracantabrica.com\/wp-content\/uploads\/2010\/06\/image002130.jpg 1239w, https:\/\/www.floracantabrica.com\/wp-content\/uploads\/2010\/06\/image002130-300x200.jpg 300w, https:\/\/www.floracantabrica.com\/wp-content\/uploads\/2010\/06\/image002130-1024x685.jpg 1024w\" sizes=\"auto, (max-width: 1239px) 100vw, 1239px\" \/><\/a><\/strong><\/span><\/p>\n<p><span style=\"font-size: large;\"><strong>&#8230;&#8230;&#8230;&#8230;&#8230;&#8230;&#8230;<\/strong><\/span><\/p>\n<p><span style=\"font-size: large;\"><strong>Restos de los depositos de cemento,para la construcci\u00f3n de la presa.<\/strong><\/span><\/p>\n<p><span style=\"font-size: large;\"><strong>&#8230;&#8230;&#8230;&#8230;&#8230;&#8230;&#8230;&#8230;&#8230;&#8230;&#8230;&#8230;&#8230;&#8230;.<\/strong><\/span><\/p>\n<p><span style=\"font-size: large;\"><a href=\"http:\/\/www.floracantabrica.com\/wp-content\/uploads\/2010\/06\/image002131.jpg\"><img loading=\"lazy\" decoding=\"async\" class=\"aligncenter size-full wp-image-6814\" title=\"image002\" src=\"http:\/\/www.floracantabrica.com\/wp-content\/uploads\/2010\/06\/image002131.jpg\" alt=\"image002\" width=\"1239\" height=\"829\" srcset=\"https:\/\/www.floracantabrica.com\/wp-content\/uploads\/2010\/06\/image002131.jpg 1239w, https:\/\/www.floracantabrica.com\/wp-content\/uploads\/2010\/06\/image002131-300x200.jpg 300w, https:\/\/www.floracantabrica.com\/wp-content\/uploads\/2010\/06\/image002131-1024x685.jpg 1024w\" sizes=\"auto, (max-width: 1239px) 100vw, 1239px\" \/><\/a><\/span><\/p>\n<p><span style=\"font-size: large;\">&#8230;&#8230;&#8230;&#8230;&#8230;&#8230;&#8230;..<\/span><\/p>\n<p><span style=\"font-size: large;\">Presa<\/span><\/p>\n<p><span style=\"font-size: large;\">&#8230;&#8230;&#8230;&#8230;&#8230;&#8230;<\/span><\/p>\n<p><span style=\"font-size: large;\"><a href=\"http:\/\/www.floracantabrica.com\/wp-content\/uploads\/2010\/06\/image002132.jpg\"><img loading=\"lazy\" decoding=\"async\" class=\"aligncenter size-full wp-image-6815\" title=\"image002\" src=\"http:\/\/www.floracantabrica.com\/wp-content\/uploads\/2010\/06\/image002132.jpg\" alt=\"image002\" width=\"1239\" height=\"829\" srcset=\"https:\/\/www.floracantabrica.com\/wp-content\/uploads\/2010\/06\/image002132.jpg 1239w, https:\/\/www.floracantabrica.com\/wp-content\/uploads\/2010\/06\/image002132-300x200.jpg 300w, https:\/\/www.floracantabrica.com\/wp-content\/uploads\/2010\/06\/image002132-1024x685.jpg 1024w\" sizes=\"auto, (max-width: 1239px) 100vw, 1239px\" \/><\/a><\/span><\/p>\n<p><span style=\"font-size: large;\">&#8230;&#8230;&#8230;&#8230;&#8230;&#8230;&#8230;&#8230;.<\/span><\/p>\n<p><span style=\"font-size: large;\">Central el\u00e9ctrica de la presa<\/span><\/p>\n<p><span style=\"font-size: large;\">&#8230;&#8230;&#8230;&#8230;&#8230;&#8230;&#8230;&#8230;&#8230;&#8230;&#8230;&#8230;<\/span><\/p>\n<p><span style=\"font-size: large;\"><a href=\"http:\/\/www.floracantabrica.com\/wp-content\/uploads\/2010\/06\/image002133.jpg\"><img loading=\"lazy\" decoding=\"async\" class=\"aligncenter size-full wp-image-6816\" title=\"image002\" src=\"http:\/\/www.floracantabrica.com\/wp-content\/uploads\/2010\/06\/image002133.jpg\" alt=\"image002\" width=\"1239\" height=\"829\" srcset=\"https:\/\/www.floracantabrica.com\/wp-content\/uploads\/2010\/06\/image002133.jpg 1239w, https:\/\/www.floracantabrica.com\/wp-content\/uploads\/2010\/06\/image002133-300x200.jpg 300w, https:\/\/www.floracantabrica.com\/wp-content\/uploads\/2010\/06\/image002133-1024x685.jpg 1024w\" sizes=\"auto, (max-width: 1239px) 100vw, 1239px\" \/><\/a><\/span><\/p>\n<p><span style=\"font-size: large;\">Entrada en Espa\u00f1a<\/span><\/p>\n<p><span style=\"font-size: large;\">&#8230;&#8230;&#8230;&#8230;&#8230;&#8230;&#8230;&#8230;&#8230;&#8230;.<\/span><\/p>\n<p><span style=\"font-size: large;\"><a href=\"http:\/\/www.floracantabrica.com\/wp-content\/uploads\/2010\/06\/image002134.jpg\"><img loading=\"lazy\" decoding=\"async\" class=\"aligncenter size-full wp-image-6817\" title=\"image002\" src=\"http:\/\/www.floracantabrica.com\/wp-content\/uploads\/2010\/06\/image002134.jpg\" alt=\"image002\" width=\"1239\" height=\"829\" srcset=\"https:\/\/www.floracantabrica.com\/wp-content\/uploads\/2010\/06\/image002134.jpg 1239w, https:\/\/www.floracantabrica.com\/wp-content\/uploads\/2010\/06\/image002134-300x200.jpg 300w, https:\/\/www.floracantabrica.com\/wp-content\/uploads\/2010\/06\/image002134-1024x685.jpg 1024w\" sizes=\"auto, (max-width: 1239px) 100vw, 1239px\" \/><\/a><\/span><\/p>\n<p><span style=\"font-size: large;\">&#8230;&#8230;&#8230;&#8230;&#8230;..<\/span><\/p>\n<p><span style=\"font-size: large;\">Magnifico ejemplar de alcornoque en el poblado de la presa<\/span><\/p>\n<p><span style=\"font-size: large;\">,,,,,,,,,,,,,,,,,,,,,,,&#8230;&#8230;&#8230;&#8230;..<\/span><\/p>\n<p><span style=\"font-size: large;\">\u00a0<a href=\"http:\/\/www.floracantabrica.com\/wp-content\/uploads\/2010\/06\/image002135.jpg\"><img loading=\"lazy\" decoding=\"async\" class=\"aligncenter size-full wp-image-6819\" title=\"image002\" src=\"http:\/\/www.floracantabrica.com\/wp-content\/uploads\/2010\/06\/image002135.jpg\" alt=\"image002\" width=\"1239\" height=\"829\" srcset=\"https:\/\/www.floracantabrica.com\/wp-content\/uploads\/2010\/06\/image002135.jpg 1239w, https:\/\/www.floracantabrica.com\/wp-content\/uploads\/2010\/06\/image002135-300x200.jpg 300w, https:\/\/www.floracantabrica.com\/wp-content\/uploads\/2010\/06\/image002135-1024x685.jpg 1024w\" sizes=\"auto, (max-width: 1239px) 100vw, 1239px\" \/><\/a><\/span><\/p>\n<p><span style=\"font-size: large;\">&#8230;&#8230;&#8230;&#8230;&#8230;&#8230;&#8230;&#8230;&#8230;&#8230;<\/span><\/p>\n<p><span style=\"font-size: large;\">&#8230;&#8230;&#8230;&#8230;&#8230;..<\/span><\/p>\n<p><span style=\"font-size: large;\"><a href=\"http:\/\/www.floracantabrica.com\/wp-content\/uploads\/2010\/06\/image002136.jpg\"><img loading=\"lazy\" decoding=\"async\" class=\"aligncenter size-full wp-image-6820\" title=\"image002\" src=\"http:\/\/www.floracantabrica.com\/wp-content\/uploads\/2010\/06\/image002136.jpg\" alt=\"image002\" width=\"1239\" height=\"829\" srcset=\"https:\/\/www.floracantabrica.com\/wp-content\/uploads\/2010\/06\/image002136.jpg 1239w, https:\/\/www.floracantabrica.com\/wp-content\/uploads\/2010\/06\/image002136-300x200.jpg 300w, https:\/\/www.floracantabrica.com\/wp-content\/uploads\/2010\/06\/image002136-1024x685.jpg 1024w\" sizes=\"auto, (max-width: 1239px) 100vw, 1239px\" \/><\/a><\/span><\/p>\n<p><span style=\"font-size: large;\">&#8230;&#8230;&#8230;&#8230;&#8230;&#8230;&#8230;&#8230;&#8230;&#8230;&#8230;<\/span><\/p>\n<p><span style=\"font-size: large;\">Panor\u00e1mica de los Arribes del Duero<\/span><\/p>\n<p><span style=\"font-size: large;\">&#8230;&#8230;&#8230;&#8230;&#8230;&#8230;&#8230;&#8230;&#8230;&#8230;&#8230;&#8230;&#8230;&#8230;..<\/span><\/p>\n<p><span style=\"font-size: large;\"><a href=\"http:\/\/www.floracantabrica.com\/wp-content\/uploads\/2010\/06\/image002137.jpg\"><img loading=\"lazy\" decoding=\"async\" class=\"aligncenter size-full wp-image-6821\" title=\"image002\" src=\"http:\/\/www.floracantabrica.com\/wp-content\/uploads\/2010\/06\/image002137.jpg\" alt=\"image002\" width=\"1239\" height=\"829\" srcset=\"https:\/\/www.floracantabrica.com\/wp-content\/uploads\/2010\/06\/image002137.jpg 1239w, https:\/\/www.floracantabrica.com\/wp-content\/uploads\/2010\/06\/image002137-300x200.jpg 300w, https:\/\/www.floracantabrica.com\/wp-content\/uploads\/2010\/06\/image002137-1024x685.jpg 1024w\" sizes=\"auto, (max-width: 1239px) 100vw, 1239px\" \/><\/a><\/span><\/p>\n<p><span style=\"font-size: large;\">&#8230;&#8230;&#8230;&#8230;&#8230;&#8230;&#8230;&#8230;.<\/span><\/p>\n<p><span style=\"font-size: large;\"><strong><em>\u00a0\u00a0\u00a0\u00a0\u00a0\u00a0\u00a0\u00a0\u00a0\u00a0\u00a0\u00a0 Retama.Retama sphaerocarpa<\/em> entre encinares<\/strong><\/span><\/p>\n<p><span style=\"font-size: large;\"><strong>&#8230;&#8230;&#8230;&#8230;&#8230;&#8230;&#8230;&#8230;&#8230;&#8230;<\/strong><\/span><\/p>\n<p><span style=\"font-size: large;\"><a href=\"http:\/\/www.floracantabrica.com\/wp-content\/uploads\/2010\/06\/image002138.jpg\"><img loading=\"lazy\" decoding=\"async\" class=\"aligncenter size-full wp-image-6822\" title=\"image002\" src=\"http:\/\/www.floracantabrica.com\/wp-content\/uploads\/2010\/06\/image002138.jpg\" alt=\"image002\" width=\"1138\" height=\"1758\" srcset=\"https:\/\/www.floracantabrica.com\/wp-content\/uploads\/2010\/06\/image002138.jpg 1138w, https:\/\/www.floracantabrica.com\/wp-content\/uploads\/2010\/06\/image002138-194x300.jpg 194w, https:\/\/www.floracantabrica.com\/wp-content\/uploads\/2010\/06\/image002138-662x1024.jpg 662w\" sizes=\"auto, (max-width: 1138px) 100vw, 1138px\" \/><\/a><\/span><\/p>\n<p><span style=\"font-size: large;\">,,,,,,,,,,,,,,,,,,,,,,,,,,,,,,,<\/span><\/p>\n<p><span style=\"font-size: large;\">Fresno de\u00a0 castilla<\/span><\/p>\n<p><span style=\"font-size: large;\">&#8230;&#8230;&#8230;&#8230;&#8230;&#8230;&#8230;&#8230;..<\/span><\/p>\n<p><span style=\"font-size: large;\"><a href=\"http:\/\/www.floracantabrica.com\/wp-content\/uploads\/2010\/06\/image002139.jpg\"><img loading=\"lazy\" decoding=\"async\" class=\"aligncenter size-full wp-image-6823\" title=\"image002\" src=\"http:\/\/www.floracantabrica.com\/wp-content\/uploads\/2010\/06\/image002139.jpg\" alt=\"image002\" width=\"1239\" height=\"829\" srcset=\"https:\/\/www.floracantabrica.com\/wp-content\/uploads\/2010\/06\/image002139.jpg 1239w, https:\/\/www.floracantabrica.com\/wp-content\/uploads\/2010\/06\/image002139-300x200.jpg 300w, https:\/\/www.floracantabrica.com\/wp-content\/uploads\/2010\/06\/image002139-1024x685.jpg 1024w\" sizes=\"auto, (max-width: 1239px) 100vw, 1239px\" \/><\/a><\/span><\/p>\n<p><span style=\"font-size: large;\">&#8230;&#8230;&#8230;&#8230;&#8230;&#8230;&#8230;<\/span><\/p>\n<p><span style=\"font-size: large;\">Acera ,Rumex scutatus sobre taludes<\/span><\/p>\n<p><span style=\"font-size: large;\">&#8230;&#8230;&#8230;&#8230;&#8230;<\/span><\/p>\n<p><span style=\"font-size: large;\"><a href=\"http:\/\/www.floracantabrica.com\/wp-content\/uploads\/2010\/06\/image002140.jpg\"><img loading=\"lazy\" decoding=\"async\" class=\"aligncenter size-full wp-image-6824\" title=\"image002\" src=\"http:\/\/www.floracantabrica.com\/wp-content\/uploads\/2010\/06\/image002140.jpg\" alt=\"image002\" width=\"1239\" height=\"829\" srcset=\"https:\/\/www.floracantabrica.com\/wp-content\/uploads\/2010\/06\/image002140.jpg 1239w, https:\/\/www.floracantabrica.com\/wp-content\/uploads\/2010\/06\/image002140-300x200.jpg 300w, https:\/\/www.floracantabrica.com\/wp-content\/uploads\/2010\/06\/image002140-1024x685.jpg 1024w\" sizes=\"auto, (max-width: 1239px) 100vw, 1239px\" \/><\/a><\/span><\/p>\n<p><span style=\"font-size: large;\">&#8230;&#8230;&#8230;&#8230;&#8230;&#8230;&#8230;..<\/span><\/p>\n<p><span style=\"font-size: large;\">Encinar con retama amarilla<\/span><\/p>\n<p><span style=\"font-size: large;\">&#8230;&#8230;&#8230;&#8230;&#8230;&#8230;&#8230;..<\/span><\/p>\n<p><span style=\"font-size: large;\"><a href=\"http:\/\/www.floracantabrica.com\/wp-content\/uploads\/2010\/06\/image002141.jpg\"><img loading=\"lazy\" decoding=\"async\" class=\"aligncenter size-full wp-image-6825\" title=\"image002\" src=\"http:\/\/www.floracantabrica.com\/wp-content\/uploads\/2010\/06\/image002141.jpg\" alt=\"image002\" width=\"829\" height=\"1239\" srcset=\"https:\/\/www.floracantabrica.com\/wp-content\/uploads\/2010\/06\/image002141.jpg 829w, https:\/\/www.floracantabrica.com\/wp-content\/uploads\/2010\/06\/image002141-200x300.jpg 200w, https:\/\/www.floracantabrica.com\/wp-content\/uploads\/2010\/06\/image002141-685x1024.jpg 685w\" sizes=\"auto, (max-width: 829px) 100vw, 829px\" \/><\/a><\/span><\/p>\n<p><span style=\"font-size: large;\">&#8230;&#8230;&#8230;&#8230;&#8230;&#8230;&#8230;&#8230;&#8230;<\/span><\/p>\n<p><span style=\"font-size: large;\">Vista panor\u00e1mica al fondo se divisa el embalse de Saucelle<\/span><\/p>\n<p><span style=\"font-size: large;\">&#8230;&#8230;&#8230;&#8230;&#8230;<\/span><\/p>\n<p><span style=\"font-size: large;\"><a href=\"http:\/\/www.floracantabrica.com\/wp-content\/uploads\/2010\/06\/image002142.jpg\"><img loading=\"lazy\" decoding=\"async\" class=\"aligncenter size-full wp-image-6826\" title=\"image002\" src=\"http:\/\/www.floracantabrica.com\/wp-content\/uploads\/2010\/06\/image002142.jpg\" alt=\"image002\" width=\"1441\" height=\"971\" srcset=\"https:\/\/www.floracantabrica.com\/wp-content\/uploads\/2010\/06\/image002142.jpg 1441w, https:\/\/www.floracantabrica.com\/wp-content\/uploads\/2010\/06\/image002142-300x202.jpg 300w, https:\/\/www.floracantabrica.com\/wp-content\/uploads\/2010\/06\/image002142-1024x690.jpg 1024w\" sizes=\"auto, (max-width: 1441px) 100vw, 1441px\" \/><\/a><\/span><\/p>\n<p><span style=\"font-size: large;\">&#8230;&#8230;&#8230;&#8230;&#8230;&#8230;&#8230;&#8230;&#8230;&#8230;&#8230;&#8230;.<\/span><\/p>\n<p><span style=\"font-size: large;\">Madreselva.Lonicera etrusca<\/span><\/p>\n<p><span style=\"font-size: large;\">&#8230;&#8230;&#8230;&#8230;&#8230;&#8230;&#8230;&#8230;&#8230;<\/span><\/p>\n<p><span style=\"font-size: large;\"><a href=\"http:\/\/www.floracantabrica.com\/wp-content\/uploads\/2010\/06\/image002143.jpg\"><img loading=\"lazy\" decoding=\"async\" class=\"aligncenter size-full wp-image-6827\" title=\"image002\" src=\"http:\/\/www.floracantabrica.com\/wp-content\/uploads\/2010\/06\/image002143.jpg\" alt=\"image002\" width=\"1239\" height=\"829\" srcset=\"https:\/\/www.floracantabrica.com\/wp-content\/uploads\/2010\/06\/image002143.jpg 1239w, https:\/\/www.floracantabrica.com\/wp-content\/uploads\/2010\/06\/image002143-300x200.jpg 300w, https:\/\/www.floracantabrica.com\/wp-content\/uploads\/2010\/06\/image002143-1024x685.jpg 1024w\" sizes=\"auto, (max-width: 1239px) 100vw, 1239px\" \/><\/a><\/span><\/p>\n<p><span style=\"font-size: large;\">Panor\u00e1mica<\/span><\/p>\n<p><span style=\"font-size: large;\">&#8230;&#8230;&#8230;&#8230;&#8230;&#8230;..<\/span><\/p>\n<p><span style=\"font-size: large;\"><a href=\"http:\/\/www.floracantabrica.com\/wp-content\/uploads\/2010\/06\/image002144.jpg\"><img loading=\"lazy\" decoding=\"async\" class=\"aligncenter size-full wp-image-6828\" title=\"image002\" src=\"http:\/\/www.floracantabrica.com\/wp-content\/uploads\/2010\/06\/image002144.jpg\" alt=\"image002\" width=\"829\" height=\"1239\" srcset=\"https:\/\/www.floracantabrica.com\/wp-content\/uploads\/2010\/06\/image002144.jpg 829w, https:\/\/www.floracantabrica.com\/wp-content\/uploads\/2010\/06\/image002144-200x300.jpg 200w, https:\/\/www.floracantabrica.com\/wp-content\/uploads\/2010\/06\/image002144-685x1024.jpg 685w\" sizes=\"auto, (max-width: 829px) 100vw, 829px\" \/><\/a><\/span><\/p>\n<p><span style=\"font-size: large;\">&#8230;&#8230;&#8230;&#8230;&#8230;&#8230;&#8230;&#8230;<\/span><\/p>\n<p><span style=\"font-size: large;\">&#8230;&#8230;&#8230;&#8230;&#8230;.<\/span><\/p>\n<p><span style=\"font-size: large;\"><a href=\"http:\/\/www.floracantabrica.com\/wp-content\/uploads\/2010\/06\/image002145.jpg\"><img loading=\"lazy\" decoding=\"async\" class=\"aligncenter size-full wp-image-6829\" title=\"image002\" src=\"http:\/\/www.floracantabrica.com\/wp-content\/uploads\/2010\/06\/image002145.jpg\" alt=\"image002\" width=\"1239\" height=\"829\" srcset=\"https:\/\/www.floracantabrica.com\/wp-content\/uploads\/2010\/06\/image002145.jpg 1239w, https:\/\/www.floracantabrica.com\/wp-content\/uploads\/2010\/06\/image002145-300x200.jpg 300w, https:\/\/www.floracantabrica.com\/wp-content\/uploads\/2010\/06\/image002145-1024x685.jpg 1024w\" sizes=\"auto, (max-width: 1239px) 100vw, 1239px\" \/><\/a><\/span><\/p>\n<p><span style=\"font-size: large;\">&#8230;&#8230;&#8230;.<\/span><\/p>\n<p><span style=\"font-size: large;\">&#8230;&#8230;&#8230;..<\/span><\/p>\n<p><span style=\"font-size: large;\"><a href=\"http:\/\/www.floracantabrica.com\/wp-content\/uploads\/2010\/06\/image002146.jpg\"><img loading=\"lazy\" decoding=\"async\" class=\"aligncenter size-full wp-image-6830\" title=\"image002\" src=\"http:\/\/www.floracantabrica.com\/wp-content\/uploads\/2010\/06\/image002146.jpg\" alt=\"image002\" width=\"1239\" height=\"829\" srcset=\"https:\/\/www.floracantabrica.com\/wp-content\/uploads\/2010\/06\/image002146.jpg 1239w, https:\/\/www.floracantabrica.com\/wp-content\/uploads\/2010\/06\/image002146-300x200.jpg 300w, https:\/\/www.floracantabrica.com\/wp-content\/uploads\/2010\/06\/image002146-1024x685.jpg 1024w\" sizes=\"auto, (max-width: 1239px) 100vw, 1239px\" \/><\/a><\/span><\/p>\n<p><span style=\"font-size: large;\">&#8230;&#8230;&#8230;&#8230;&#8230;&#8230;&#8230;&#8230;&#8230;&#8230;<\/span><\/p>\n<p><span style=\"font-size: large;\"><a href=\"http:\/\/www.floracantabrica.com\/wp-content\/uploads\/2010\/06\/image002147.jpg\"><img loading=\"lazy\" decoding=\"async\" class=\"aligncenter size-full wp-image-6831\" title=\"image002\" src=\"http:\/\/www.floracantabrica.com\/wp-content\/uploads\/2010\/06\/image002147.jpg\" alt=\"image002\" width=\"1239\" height=\"829\" srcset=\"https:\/\/www.floracantabrica.com\/wp-content\/uploads\/2010\/06\/image002147.jpg 1239w, https:\/\/www.floracantabrica.com\/wp-content\/uploads\/2010\/06\/image002147-300x200.jpg 300w, https:\/\/www.floracantabrica.com\/wp-content\/uploads\/2010\/06\/image002147-1024x685.jpg 1024w\" sizes=\"auto, (max-width: 1239px) 100vw, 1239px\" \/><\/a><\/span><\/p>\n<p><span style=\"font-size: large;\">&#8230;&#8230;&#8230;&#8230;&#8230;&#8230;&#8230;<\/span><\/p>\n<p><span style=\"font-size: large;\">Llanten .Plantago coronopus<\/span><\/p>\n<p><span style=\"font-size: large;\">&#8230;&#8230;&#8230;&#8230;&#8230;&#8230;.<\/span><\/p>\n<p><span style=\"font-size: large;\"><a href=\"http:\/\/www.floracantabrica.com\/wp-content\/uploads\/2010\/06\/image002148.jpg\"><img loading=\"lazy\" decoding=\"async\" class=\"aligncenter size-full wp-image-6832\" title=\"image002\" src=\"http:\/\/www.floracantabrica.com\/wp-content\/uploads\/2010\/06\/image002148.jpg\" alt=\"image002\" width=\"1239\" height=\"829\" srcset=\"https:\/\/www.floracantabrica.com\/wp-content\/uploads\/2010\/06\/image002148.jpg 1239w, https:\/\/www.floracantabrica.com\/wp-content\/uploads\/2010\/06\/image002148-300x200.jpg 300w, https:\/\/www.floracantabrica.com\/wp-content\/uploads\/2010\/06\/image002148-1024x685.jpg 1024w\" sizes=\"auto, (max-width: 1239px) 100vw, 1239px\" \/><\/a><\/span><\/p>\n<p><span style=\"font-size: large;\">Espergula.Spergularia rubra,sobre arenales<\/span><\/p>\n<p><span style=\"font-size: large;\">&#8230;&#8230;&#8230;&#8230;&#8230;&#8230;&#8230;&#8230;&#8230;&#8230;&#8230;.<\/span><\/p>\n<p><span style=\"font-size: large;\"><a href=\"http:\/\/www.floracantabrica.com\/wp-content\/uploads\/2010\/06\/image002149.jpg\"><img loading=\"lazy\" decoding=\"async\" class=\"aligncenter size-full wp-image-6833\" title=\"image002\" src=\"http:\/\/www.floracantabrica.com\/wp-content\/uploads\/2010\/06\/image002149.jpg\" alt=\"image002\" width=\"829\" height=\"1239\" srcset=\"https:\/\/www.floracantabrica.com\/wp-content\/uploads\/2010\/06\/image002149.jpg 829w, https:\/\/www.floracantabrica.com\/wp-content\/uploads\/2010\/06\/image002149-200x300.jpg 200w, https:\/\/www.floracantabrica.com\/wp-content\/uploads\/2010\/06\/image002149-685x1024.jpg 685w\" sizes=\"auto, (max-width: 829px) 100vw, 829px\" \/><\/a><\/span><\/p>\n<p><span style=\"font-size: large;\">,,,,,,,,,,,,,,,,,,,,,,,,,,,,,<\/span><\/p>\n<p><span style=\"font-size: large;\">Sedum elegans<\/span><\/p>\n<p><span style=\"font-size: large;\">&#8230;&#8230;&#8230;&#8230;&#8230;&#8230;..<\/span><\/p>\n<p><span style=\"font-size: large;\">&#8230;&#8230;&#8230;&#8230;&#8230;<\/span><\/p>\n<p><span style=\"font-size: large;\"><a href=\"http:\/\/www.floracantabrica.com\/wp-content\/uploads\/2010\/06\/image002151.jpg\"><img loading=\"lazy\" decoding=\"async\" class=\"aligncenter size-full wp-image-6836\" title=\"image002\" src=\"http:\/\/www.floracantabrica.com\/wp-content\/uploads\/2010\/06\/image002151.jpg\" alt=\"image002\" width=\"1239\" height=\"829\" srcset=\"https:\/\/www.floracantabrica.com\/wp-content\/uploads\/2010\/06\/image002151.jpg 1239w, https:\/\/www.floracantabrica.com\/wp-content\/uploads\/2010\/06\/image002151-300x200.jpg 300w, https:\/\/www.floracantabrica.com\/wp-content\/uploads\/2010\/06\/image002151-1024x685.jpg 1024w\" sizes=\"auto, (max-width: 1239px) 100vw, 1239px\" \/><\/a><\/span><\/p>\n<p><span style=\"font-size: large;\">Tomillo.Thymus mastichina<\/span><\/p>\n<p><span style=\"font-size: large;\">&#8230;&#8230;&#8230;&#8230;&#8230;&#8230;&#8230;..<\/span><\/p>\n<p><span style=\"font-size: large;\">\u00a0<\/span><\/p>\n<p><span style=\"font-size: large;\">&#8230;&#8230;&#8230;&#8230;&#8230;&#8230;&#8230;<\/span><\/p>\n<p><span style=\"font-size: large;\"><a href=\"http:\/\/www.floracantabrica.com\/wp-content\/uploads\/2010\/06\/image0036.jpg\"><img loading=\"lazy\" decoding=\"async\" class=\"aligncenter size-full wp-image-6837\" title=\"image003\" src=\"http:\/\/www.floracantabrica.com\/wp-content\/uploads\/2010\/06\/image0036.jpg\" alt=\"image003\" width=\"1239\" height=\"829\" srcset=\"https:\/\/www.floracantabrica.com\/wp-content\/uploads\/2010\/06\/image0036.jpg 1239w, https:\/\/www.floracantabrica.com\/wp-content\/uploads\/2010\/06\/image0036-300x200.jpg 300w, https:\/\/www.floracantabrica.com\/wp-content\/uploads\/2010\/06\/image0036-1024x685.jpg 1024w\" sizes=\"auto, (max-width: 1239px) 100vw, 1239px\" \/><\/a><\/span><\/p>\n<p><span style=\"font-size: large;\">&#8230;&#8230;&#8230;&#8230;&#8230;&#8230;&#8230;&#8230;&#8230;&#8230;&#8230;<\/span><\/p>\n<p><span style=\"font-size: large;\">Climatolog\u00eda<\/span><\/p>\n<p><span style=\"font-size: large;\">&#8230;&#8230;&#8230;&#8230;&#8230;&#8230;&#8230;&#8230;<\/span><\/p>\n<p><span style=\"font-size: medium;\"><strong>En Saucelle nos econtramos con un clima mediterr\u00e1neo,con sequedad estival y calor.P0nemos unos diagramas de la Tesis de Francisco Amich,dirigida por el Prof.Casaseca.<\/strong><\/span><\/p>\n<p><span style=\"font-size: medium;\"><strong>&#8230;&#8230;&#8230;&#8230;&#8230;&#8230;&#8230;&#8230;&#8230;&#8230;&#8230;&#8230;&#8230;&#8230;&#8230;&#8230;&#8230;&#8230;&#8230;&#8230;&#8230;&#8230;&#8230;&#8230;&#8230;&#8230;&#8230;&#8230;&#8230;.<\/strong><\/span><\/p>\n<p><span style=\"font-size: medium;\"><strong><a href=\"http:\/\/www.floracantabrica.com\/wp-content\/uploads\/2010\/06\/image002152.jpg\"><img loading=\"lazy\" decoding=\"async\" class=\"aligncenter size-full wp-image-6840\" title=\"image002\" src=\"http:\/\/www.floracantabrica.com\/wp-content\/uploads\/2010\/06\/image002152.jpg\" alt=\"image002\" width=\"552\" height=\"672\" srcset=\"https:\/\/www.floracantabrica.com\/wp-content\/uploads\/2010\/06\/image002152.jpg 552w, https:\/\/www.floracantabrica.com\/wp-content\/uploads\/2010\/06\/image002152-246x300.jpg 246w\" sizes=\"auto, (max-width: 552px) 100vw, 552px\" \/><\/a><\/strong><\/span><\/p>\n<p><span style=\"font-size: medium;\"><strong>&#8230;&#8230;&#8230;&#8230;&#8230;&#8230;&#8230;&#8230;&#8230;&#8230;.<\/strong><\/span><\/p>\n<p><span style=\"font-size: medium;\"><strong><a href=\"http:\/\/www.floracantabrica.com\/wp-content\/uploads\/2010\/06\/image002153.jpg\"><img loading=\"lazy\" decoding=\"async\" class=\"aligncenter size-full wp-image-6841\" title=\"image002\" src=\"http:\/\/www.floracantabrica.com\/wp-content\/uploads\/2010\/06\/image002153.jpg\" alt=\"image002\" width=\"626\" height=\"894\" srcset=\"https:\/\/www.floracantabrica.com\/wp-content\/uploads\/2010\/06\/image002153.jpg 626w, https:\/\/www.floracantabrica.com\/wp-content\/uploads\/2010\/06\/image002153-210x300.jpg 210w\" sizes=\"auto, (max-width: 626px) 100vw, 626px\" \/><\/a><\/strong><\/span><\/p>\n<p><span style=\"font-size: medium;\"><strong>&#8230;&#8230;&#8230;&#8230;&#8230;&#8230;&#8230;..<\/strong><\/span><\/p>\n<p><span style=\"font-size: medium;\"><strong><a href=\"http:\/\/www.floracantabrica.com\/wp-content\/uploads\/2010\/06\/image002154.jpg\"><img loading=\"lazy\" decoding=\"async\" class=\"aligncenter size-full wp-image-6842\" title=\"image002\" src=\"http:\/\/www.floracantabrica.com\/wp-content\/uploads\/2010\/06\/image002154.jpg\" alt=\"image002\" width=\"613\" height=\"916\" srcset=\"https:\/\/www.floracantabrica.com\/wp-content\/uploads\/2010\/06\/image002154.jpg 613w, https:\/\/www.floracantabrica.com\/wp-content\/uploads\/2010\/06\/image002154-200x300.jpg 200w\" sizes=\"auto, (max-width: 613px) 100vw, 613px\" \/><\/a><\/strong><\/span><\/p>\n<p><span style=\"font-size: medium;\"><strong>&#8230;&#8230;&#8230;&#8230;&#8230;&#8230;&#8230;<\/strong><\/span><\/p>\n<p><span style=\"font-size: medium;\"><strong><a href=\"http:\/\/www.floracantabrica.com\/wp-content\/uploads\/2010\/06\/image002155.jpg\"><img loading=\"lazy\" decoding=\"async\" class=\"aligncenter size-full wp-image-6843\" title=\"image002\" src=\"http:\/\/www.floracantabrica.com\/wp-content\/uploads\/2010\/06\/image002155.jpg\" alt=\"image002\" width=\"626\" height=\"894\" srcset=\"https:\/\/www.floracantabrica.com\/wp-content\/uploads\/2010\/06\/image002155.jpg 626w, https:\/\/www.floracantabrica.com\/wp-content\/uploads\/2010\/06\/image002155-210x300.jpg 210w\" sizes=\"auto, (max-width: 626px) 100vw, 626px\" \/><\/a><\/strong><\/span><\/p>\n<p><span style=\"font-size: medium;\"><strong>&#8230;&#8230;&#8230;&#8230;&#8230;&#8230;&#8230;&#8230;&#8230;<\/strong><\/span><\/p>\n<p><span style=\"font-size: medium;\"><strong>&#8230;&#8230;&#8230;&#8230;&#8230;&#8230;&#8230;&#8230;&#8230;&#8230;..<\/strong><\/span><\/p>\n<p><span style=\"font-size: medium;\">\u00a0<\/span><\/p>\n","protected":false},"excerpt":{"rendered":"<p>Tweet\u00a0 \u00a0&#8230;&#8230;&#8230;&#8230;&#8230;&#8230;&#8230;&#8230;&#8230;&#8230;&#8230;&#8230;. \u00a0 \u00a0 \u00a0&#8230;&#8230;&#8230;&#8230;&#8230;&#8230;&#8230;&#8230;&#8230;. \u00a0 \u00a0 &#8230;&#8230;&#8230;&#8230;&#8230;&#8230;&#8230;.. &#8230;&#8230;&#8230;&#8230;&#8230;&#8230;&#8230;&#8230;&#8230;&#8230;&#8230;&#8230;. \u00a0 &#8230;&#8230;&#8230;&#8230;&#8230;&#8230;&#8230;&#8230;&#8230;&#8230;&#8230;.. \u00a0 &#8230;&#8230;&#8230;&#8230;&#8230;&#8230;&#8230;&#8230;&#8230;&#8230;&#8230;&#8230;. \u00a0 &#8230;&#8230;&#8230;&#8230;&#8230;&#8230;&#8230;&#8230;&#8230;.. &#8230;&#8230;&#8230;&#8230;&#8230;&#8230;&#8230;&#8230;&#8230;&#8230;&#8230;. \u00a0 &#8230;&#8230;&#8230;&#8230;&#8230;&#8230;&#8230;&#8230;.. FREIXO ESPADA A CINTA. PORTUGAL \u00a0 Por Margarita Fern\u00e1ndez \u00a0 \u00a0 \u00a0 \u00a0 Siempre\u00a0 al viajar\u00a0 y conocer un lugar en el que nunca has estado, se siente una emoci\u00f3n especial. Siempre coment\u00e9 en tertulias\u00a0 veraniegas y\u00a0 [&hellip;]<\/p>\n","protected":false},"author":1,"featured_media":0,"comment_status":"open","ping_status":"open","sticky":false,"template":"","format":"standard","meta":{"footnotes":""},"categories":[5],"tags":[],"class_list":["post-6726","post","type-post","status-publish","format-standard","hentry","category-etnopaisaje"],"_links":{"self":[{"href":"https:\/\/www.floracantabrica.com\/index.php?rest_route=\/wp\/v2\/posts\/6726","targetHints":{"allow":["GET"]}}],"collection":[{"href":"https:\/\/www.floracantabrica.com\/index.php?rest_route=\/wp\/v2\/posts"}],"about":[{"href":"https:\/\/www.floracantabrica.com\/index.php?rest_route=\/wp\/v2\/types\/post"}],"author":[{"embeddable":true,"href":"https:\/\/www.floracantabrica.com\/index.php?rest_route=\/wp\/v2\/users\/1"}],"replies":[{"embeddable":true,"href":"https:\/\/www.floracantabrica.com\/index.php?rest_route=%2Fwp%2Fv2%2Fcomments&post=6726"}],"version-history":[{"count":51,"href":"https:\/\/www.floracantabrica.com\/index.php?rest_route=\/wp\/v2\/posts\/6726\/revisions"}],"predecessor-version":[{"id":6865,"href":"https:\/\/www.floracantabrica.com\/index.php?rest_route=\/wp\/v2\/posts\/6726\/revisions\/6865"}],"wp:attachment":[{"href":"https:\/\/www.floracantabrica.com\/index.php?rest_route=%2Fwp%2Fv2%2Fmedia&parent=6726"}],"wp:term":[{"taxonomy":"category","embeddable":true,"href":"https:\/\/www.floracantabrica.com\/index.php?rest_route=%2Fwp%2Fv2%2Fcategories&post=6726"},{"taxonomy":"post_tag","embeddable":true,"href":"https:\/\/www.floracantabrica.com\/index.php?rest_route=%2Fwp%2Fv2%2Ftags&post=6726"}],"curies":[{"name":"wp","href":"https:\/\/api.w.org\/{rel}","templated":true}]}}