{"id":6358,"date":"2010-05-21T16:25:48","date_gmt":"2010-05-21T14:25:48","guid":{"rendered":"http:\/\/www.floracantabrica.com\/?p=6358"},"modified":"2014-11-24T21:12:11","modified_gmt":"2014-11-24T19:12:11","slug":"comarca-del-cerrato","status":"publish","type":"post","link":"https:\/\/www.floracantabrica.com\/?p=6358","title":{"rendered":"Comarca del Cerrato"},"content":{"rendered":"<p><a href=\"http:\/\/twitter.com\/share?url=https%3A%2F%2Fwww.floracantabrica.com%2F%3Fp%3D6358&amp;count=none&amp;lang=es&amp;via=lorencincoreses&amp;related=Mujerverdosa&amp;text=Comarca del Cerrato - Flora Cant\u00e1brica\" class=\"twitter-share-button\">Tweet<\/a><\/p><p style=\"text-align: justify;\">\n<p>&#8230;&#8230;&#8230;&#8230;&#8230;..<\/p>\n<p><a href=\"http:\/\/www.floracantabrica.com\/wp-content\/uploads\/2010\/05\/image002131.jpg\"><img loading=\"lazy\" decoding=\"async\" class=\"aligncenter size-full wp-image-6491\" title=\"image002\" src=\"http:\/\/www.floracantabrica.com\/wp-content\/uploads\/2010\/05\/image002131.jpg\" alt=\"image002\" width=\"1239\" height=\"829\" srcset=\"https:\/\/www.floracantabrica.com\/wp-content\/uploads\/2010\/05\/image002131.jpg 1239w, https:\/\/www.floracantabrica.com\/wp-content\/uploads\/2010\/05\/image002131-300x200.jpg 300w, https:\/\/www.floracantabrica.com\/wp-content\/uploads\/2010\/05\/image002131-1024x685.jpg 1024w\" sizes=\"auto, (max-width: 1239px) 100vw, 1239px\" \/><\/a><\/p>\n<p>&#8230;&#8230;&#8230;&#8230;&#8230;&#8230;&#8230;&#8230;&#8230;&#8230;&#8230;.<\/p>\n<p>&nbsp;<\/p>\n<p>&#8230;&#8230;&#8230;&#8230;&#8230;&#8230;&#8230;&#8230;&#8230;&#8230;&#8230;.<\/p>\n<p>&nbsp;<\/p>\n<p>&#8230;&#8230;&#8230;&#8230;&#8230;&#8230;&#8230;&#8230;.<\/p>\n<p>&nbsp;<\/p>\n<p>&nbsp;<\/p>\n<p>&nbsp;<\/p>\n<p>&#8230;&#8230;&#8230;&#8230;&#8230;&#8230;&#8230;&#8230;&#8230;&#8230;&#8230;..<\/p>\n<p>&nbsp;<\/p>\n<p>&#8230;&#8230;&#8230;&#8230;&#8230;&#8230;&#8230;<\/p>\n<p><a href=\"http:\/\/www.floracantabrica.com\/wp-content\/uploads\/2010\/05\/image0037.jpg\"><img loading=\"lazy\" decoding=\"async\" class=\"aligncenter size-full wp-image-6427\" title=\"image003\" src=\"http:\/\/www.floracantabrica.com\/wp-content\/uploads\/2010\/05\/image0037.jpg\" alt=\"image003\" width=\"1239\" height=\"829\" srcset=\"https:\/\/www.floracantabrica.com\/wp-content\/uploads\/2010\/05\/image0037.jpg 1239w, https:\/\/www.floracantabrica.com\/wp-content\/uploads\/2010\/05\/image0037-300x200.jpg 300w, https:\/\/www.floracantabrica.com\/wp-content\/uploads\/2010\/05\/image0037-1024x685.jpg 1024w\" sizes=\"auto, (max-width: 1239px) 100vw, 1239px\" \/><\/a><\/p>\n<p>&#8230;&#8230;&#8230;&#8230;&#8230;&#8230;..<\/p>\n<p>Teso<\/p>\n<p>-&#8230;&#8230;&#8230;&#8230;&#8230;&#8230;&#8230;&#8230;&#8230;&#8230;&#8230;&#8230;..<\/p>\n<p><span style=\"font-size: small;\">Comentario sobre la Comarca del Cerrato<\/span><\/p>\n<p><span style=\"font-size: small;\">\u00a0<\/span><\/p>\n<p><span style=\"font-size: small;\">\u00a0<\/span><\/p>\n<p><span style=\"font-size: small;\">\u00a0\u00a0\u00a0\u00a0 Por Margarita Fern\u00e1ndez<\/span><\/p>\n<p><span style=\"font-size: small;\">\u00a0<\/span><\/p>\n<p><span style=\"font-size: small;\">\u00a0<\/span><\/p>\n<p><span style=\"font-size: small;\">\u00a0<\/span><\/p>\n<p><span style=\"font-size: small;\">\u00a0<\/span><\/p>\n<p><span style=\"font-size: small;\">Nos planteamos este viaje\u00a0 con el prop\u00f3sito de resaltar las peculiaridades\u00a0 de esta comarca , que para nosotros es una de las se\u00f1as de identidad paisaj\u00edstica de\u00a0 la autonom\u00eda de Castilla \u2013Le\u00f3n \u00a0.<\/span><\/p>\n<p><span style=\"font-size: small;\">Antes de llegar\u00a0 al Cerrato\u00a0 pasamos por una serie de pueblos cuyas singularidades<\/span><\/p>\n<p><span style=\"font-size: small;\">nos invitan a volver y dedicarles una mayor atenci\u00f3n.<\/span><\/p>\n<p><span style=\"font-size: small;\">La primera parte del viaje transcurre por autopistas, que en la actualidad son una consecuencia del uso que los seres humanos hacemos del territorio.<\/span><\/p>\n<p><span style=\"font-size: small;\">En el pasado lejano se iba a pie de una aldea a otra \u00a0, para intercambiar productos,\u00a0 es decir practicar el trueque, que no es otra cosa que\u00a0 los rudimentos del comercio.<\/span><\/p>\n<p><span style=\"font-size: small;\">Tambi\u00e9n se intercambiaban noticias y se negociaban alianzas.<\/span><\/p>\n<p><span style=\"font-size: small;\">\u00a0<\/span><\/p>\n<p><span style=\"font-size: small;\">Despu\u00e9s se viajaba a caballo \u00a0, en carro de bueyes, coches de caballos, tren\u00a0 , este nuevo adelanto mucho despu\u00e9s, luego el autom\u00f3vil\u2026etc hasta llegar a nuestro momento actual, en el que los autom\u00f3viles van por autopistas y los trenes por v\u00edas de alta velocidad , es decir el AVE.<\/span><\/p>\n<p><span style=\"font-size: small;\">De\u00a0 modo que el entramado de \u00a0: v\u00edas de Ave, v\u00edas de autopistas, t\u00faneles, puentes entradas y salidas laterales, cambios de sentido, \u00e1reas de descanso ,( que est\u00e1n provistas de gasolineras, tiendas , cafeter\u00edas etc ,) y las enormes se\u00f1ales que a lo largo del recorrido nos acompa\u00f1an, impidiendo muchas veces que nos relajemos para\u00a0 contemplar\u00a0 la otra parte del paisaje, configura en si mismo una parte del mismo, nos guste \u00f3 no reconocerlo.<\/span><\/p>\n<p><span style=\"font-size: small;\">En la primera parte del viaje , una vez pasado el puerto de Pajares, una planta nos acompa\u00f1a\u00a0 : Isatis tinctorea,\u00a0 propia de bordes de camino, puede llegar a ser invasora de tierras de cultivo abandonadas.<\/span><\/p>\n<p><span style=\"font-size: small;\">Las encinas y los campos de cereales son tambi\u00e9n una constante.<\/span><\/p>\n<p><span style=\"font-size: small;\">Pasamos por<\/span><\/p>\n<p><span style=\"font-size: small;\">Fuentes de Ropal<\/span><\/p>\n<p><span style=\"font-size: small;\">Quintanilla del Molar (aqu\u00ed vimos un erizo cruzando la carretera)<\/span><\/p>\n<p><span style=\"font-size: small;\">Villanueva del Campo, donde observamos pinos j\u00f3venes de repoblaci\u00f3n.<\/span><\/p>\n<p><span style=\"font-size: small;\">Valdunquillo, apreciamos tierras en barbecho y durante todo el recorrido tierras bien aradas preparadas para la siembra .Tambi\u00e9n observamos a ambos lados de la carretera zonas encharcadas, debido quiz\u00e1s a\u00a0 varias causas :la geolog\u00eda del terreno, el a\u00f1o 2009<\/span><\/p>\n<p><span style=\"font-size: small;\">Especialmente lluvioso y las fracturas del canal de Castilla, canal de Isabel la cat\u00f3lica y canal de Palencia.<\/span><\/p>\n<p><span style=\"font-size: small;\">Becilla de Vaderaduey<\/span><\/p>\n<p><span style=\"font-size: small;\">Villacid de Campos<\/span><\/p>\n<p><span style=\"font-size: small;\">Villalar de Campos con su museo del queso y su conjunto hist\u00f3rico<\/span><\/p>\n<p><span style=\"font-size: small;\">Perdemos de vista el Isatis tintorea , quiz\u00e1s por efecto del regad\u00edo , fertilizantes y herbicidas.<\/span><\/p>\n<p><span style=\"font-size: small;\">Villafrades de Campos<\/span><\/p>\n<p><span style=\"font-size: small;\">Castromocho<\/span><\/p>\n<p><span style=\"font-size: small;\">Fuentes de Nava<\/span><\/p>\n<p><span style=\"font-size: small;\">Villamartin de Campos.<\/span><\/p>\n<p><span style=\"font-size: small;\">Todos estos pueblos tienen caracter\u00edsticas del pasado:<\/span><\/p>\n<p><span style=\"font-size: small;\">Campanarios en \u201cespada\u00f1a,\u201d donde anidan las cig\u00fce\u00f1as<\/span><\/p>\n<p><span style=\"font-size: small;\">Fachadas de ladrillo rojo, lo que se denomina \u201cladrillo vista\u201d propios de herencia de la<\/span><\/p>\n<p><span style=\"font-size: small;\">arquitectura mud\u00e9jar<\/span><\/p>\n<p><span style=\"font-size: small;\">y como caracter\u00edsticas actuales , molinos de energ\u00eda e\u00f3lica y placas solares.<\/span><\/p>\n<p><span style=\"font-size: small;\">En la arquitectura mud\u00e9jar el ladrillo \u00a0, es su material por excelencia, us\u00e1ndose<\/span><\/p>\n<p><span style=\"font-size: small;\">en construcci\u00f3n y decoraci\u00f3n.<\/span><\/p>\n<p><span style=\"font-size: small;\">Las techumbres son de madera en forma de artesonado.<\/span><\/p>\n<p><span style=\"font-size: small;\">As\u00ed llegamos a la COMARCA DEL CERRATO.<\/span><\/p>\n<p><span style=\"font-size: small;\">Est\u00e1 formada por p\u00e1ramos, es \u00e1rida, con vegetaci\u00f3n de matorral, bosques de encinas, a d\u00eda de hoy totalmente residuales y, quiz\u00e1s sustituidas por pinos de repoblaci\u00f3n.<\/span><\/p>\n<p><span style=\"font-size: small;\">Se cultivan trigo y cebada en secano, algunos vi\u00f1edos y remolacha en regad\u00edo .Los chopos imprimen car\u00e1cter a las riberas del Pisuerga.<\/span><\/p>\n<p><span style=\"font-size: small;\">La fabricaci\u00f3n del cemento , obtiene ganancias de un suelo rico en margas yes\u00edferas que<\/span><\/p>\n<p><span style=\"font-size: small;\">con su brillo iridiscente bajo el sol, dan car\u00e1cter inequ\u00edvoco a los TESOS (formaciones t\u00edpicas de la zona. Son colinas en forma de pir\u00e1mides truncadas).<\/span><\/p>\n<p><span style=\"font-size: small;\">La industria azucarera y la de derivados l\u00e1cteos son el complemento de la econom\u00eda agropecuaria.<\/span><\/p>\n<p><span style=\"font-size: small;\">Destacan las Cuevas del Valle del Cerrato, habitadas desde la edad del bronce ,en las que se encontraron huellas de la cultura Hallstatt; despu\u00e9s fueron habitadas por las sucesivas etnias, acompa\u00f1ados por los nidos de abejarucos ,diminutos agujeros realizados en la ladera del cerro..<\/span><\/p>\n<p><span style=\"font-size: small;\">La Comarca del Cerrato fue una Merindad menor de Castilla la Vieja.<\/span><\/p>\n<p><span style=\"font-size: small;\">Las merindades fueron unidades administrativas, surgidas en la Edad media, al amparo de la costumbre y la pr\u00e1ctica.<\/span><\/p>\n<p><span style=\"font-size: small;\">Las fuentes hist\u00f3ricas se encuentran en el Libro del Becerro de las Behetr\u00edas de Castilla, manuscrito del siglo XIV.<\/span><\/p>\n<p><span style=\"font-size: small;\">Una Behetr\u00eda es una poblaci\u00f3n cuyos vecinos pueden elegir a su se\u00f1or<\/span><\/p>\n<p><span style=\"font-size: small;\">\u201cLa Behetr\u00eda de mar a mar\u201d: pod\u00edan elegir a su se\u00f1or entre personas de cualquier procedencia<\/span><\/p>\n<p><span style=\"font-size: small;\">\u201cBehetr\u00eda de linaje\u201d, solo pod\u00edan elegir entre habitantes de origen noble de la comarca.<\/span><\/p>\n<p><span style=\"font-size: small;\">Qu\u00e9 caracter\u00edsticas diferencia una merindad y una behetr\u00eda es tema de historiadores,<\/span><\/p>\n<p><span style=\"font-size: small;\">La merindad ,era gobernada por el MERINO ,encargado de la administraci\u00f3n\u00a0 econ\u00f3mica ,financiera y judicial de un territorio.<\/span><\/p>\n<p><span style=\"font-size: small;\">En tiempo de los Reyes Cat\u00f3licos fue abolido este cargo.<\/span><\/p>\n<p><span style=\"font-size: small;\">\u00a0<\/span><\/p>\n<p><span style=\"font-size: small;\">;<\/span><\/p>\n<p><span style=\"font-size: small;\">\u00a0<\/span><\/p>\n<p><span style=\"font-size: small;\">\u00a0<\/span><\/p>\n<p><span style=\"font-size: small;\">\u00a0<\/span><\/p>\n<p><span style=\"font-size: small;\">\u00a0<\/span><\/p>\n<p>&#8230;&#8230;&#8230;&#8230;&#8230;&#8230;&#8230;&#8230;&#8230;&#8230;&#8230;&#8230;.<\/p>\n<p><span style=\"font-size: medium;\"><strong>Zona del valle de Cerrato sembrado de cereales<\/strong><\/span><\/p>\n<p>&nbsp;<\/p>\n<p>&#8230;&#8230;&#8230;&#8230;&#8230;&#8230;&#8230;&#8230;&#8230;&#8230;..<\/p>\n<p>&nbsp;<\/p>\n<p><a href=\"http:\/\/www.floracantabrica.com\/wp-content\/uploads\/2010\/05\/image002102.jpg\"><img loading=\"lazy\" decoding=\"async\" class=\"aligncenter size-full wp-image-6420\" title=\"image002\" src=\"http:\/\/www.floracantabrica.com\/wp-content\/uploads\/2010\/05\/image002102.jpg\" alt=\"image002\" width=\"1239\" height=\"829\" srcset=\"https:\/\/www.floracantabrica.com\/wp-content\/uploads\/2010\/05\/image002102.jpg 1239w, https:\/\/www.floracantabrica.com\/wp-content\/uploads\/2010\/05\/image002102-300x200.jpg 300w, https:\/\/www.floracantabrica.com\/wp-content\/uploads\/2010\/05\/image002102-1024x685.jpg 1024w\" sizes=\"auto, (max-width: 1239px) 100vw, 1239px\" \/><\/a><\/p>\n<p>&#8230;&#8230;&#8230;&#8230;&#8230;&#8230;&#8230;&#8230;&#8230;&#8230;&#8230;&#8230;&#8230;&#8230;&#8230;&#8230;&#8230;&#8230;&#8230;.<\/p>\n<p><span style=\"font-size: large;\"><strong>Cuevas<\/strong><\/span><\/p>\n<p><span style=\"font-size: large;\"><strong>&#8230;&#8230;&#8230;&#8230;&#8230;&#8230;<\/strong><\/span><\/p>\n<p><span style=\"font-size: large;\"><strong>\u00a0<\/strong><\/span><\/p>\n<p><a href=\"http:\/\/www.floracantabrica.com\/wp-content\/uploads\/2010\/05\/huecccccccccccccccccc.jpg\"><img loading=\"lazy\" decoding=\"async\" class=\"aligncenter size-full wp-image-6417\" title=\"huecccccccccccccccccc\" src=\"http:\/\/www.floracantabrica.com\/wp-content\/uploads\/2010\/05\/huecccccccccccccccccc.jpg\" alt=\"huecccccccccccccccccc\" width=\"960\" height=\"720\" srcset=\"https:\/\/www.floracantabrica.com\/wp-content\/uploads\/2010\/05\/huecccccccccccccccccc.jpg 960w, https:\/\/www.floracantabrica.com\/wp-content\/uploads\/2010\/05\/huecccccccccccccccccc-300x225.jpg 300w\" sizes=\"auto, (max-width: 960px) 100vw, 960px\" \/><\/a><\/p>\n<p>&#8230;&#8230;&#8230;&#8230;&#8230;&#8230;&#8230;&#8230;&#8230;&#8230;&#8230;&#8230;&#8230;&#8230;.<\/p>\n<p><span style=\"font-size: large;\"><strong>Cuevas<\/strong><\/span><\/p>\n<p>&nbsp;<\/p>\n<p>&#8230;&#8230;&#8230;&#8230;&#8230;<\/p>\n<p><a href=\"http:\/\/www.floracantabrica.com\/wp-content\/uploads\/2010\/05\/Presentaci\u00f3n35.jpg\"><img loading=\"lazy\" decoding=\"async\" class=\"aligncenter size-full wp-image-6450\" title=\"Presentaci\u00f3n3\" src=\"http:\/\/www.floracantabrica.com\/wp-content\/uploads\/2010\/05\/Presentaci\u00f3n35.jpg\" alt=\"Presentaci\u00f3n3\" width=\"960\" height=\"720\" srcset=\"https:\/\/www.floracantabrica.com\/wp-content\/uploads\/2010\/05\/Presentaci\u00f3n35.jpg 960w, https:\/\/www.floracantabrica.com\/wp-content\/uploads\/2010\/05\/Presentaci\u00f3n35-300x225.jpg 300w\" sizes=\"auto, (max-width: 960px) 100vw, 960px\" \/><\/a><\/p>\n<p>&#8230;&#8230;&#8230;&#8230;&#8230;&#8230;&#8230;&#8230;&#8230;&#8230;&#8230;..<\/p>\n<p>&#8230;&#8230;&#8230;&#8230;..<\/p>\n<p><a href=\"http:\/\/www.floracantabrica.com\/wp-content\/uploads\/2010\/05\/image002145.jpg\"><img loading=\"lazy\" decoding=\"async\" class=\"aligncenter size-full wp-image-6514\" title=\"image002\" src=\"http:\/\/www.floracantabrica.com\/wp-content\/uploads\/2010\/05\/image002145.jpg\" alt=\"image002\" width=\"1239\" height=\"829\" srcset=\"https:\/\/www.floracantabrica.com\/wp-content\/uploads\/2010\/05\/image002145.jpg 1239w, https:\/\/www.floracantabrica.com\/wp-content\/uploads\/2010\/05\/image002145-300x200.jpg 300w, https:\/\/www.floracantabrica.com\/wp-content\/uploads\/2010\/05\/image002145-1024x685.jpg 1024w\" sizes=\"auto, (max-width: 1239px) 100vw, 1239px\" \/><\/a><\/p>\n<p>&#8230;&#8230;&#8230;&#8230;&#8230;&#8230;&#8230;&#8230;.<\/p>\n<p><a href=\"http:\/\/www.floracantabrica.com\/wp-content\/uploads\/2010\/05\/image002146.jpg\"><img loading=\"lazy\" decoding=\"async\" class=\"aligncenter size-full wp-image-6515\" title=\"image002\" src=\"http:\/\/www.floracantabrica.com\/wp-content\/uploads\/2010\/05\/image002146.jpg\" alt=\"image002\" width=\"1239\" height=\"829\" srcset=\"https:\/\/www.floracantabrica.com\/wp-content\/uploads\/2010\/05\/image002146.jpg 1239w, https:\/\/www.floracantabrica.com\/wp-content\/uploads\/2010\/05\/image002146-300x200.jpg 300w, https:\/\/www.floracantabrica.com\/wp-content\/uploads\/2010\/05\/image002146-1024x685.jpg 1024w\" sizes=\"auto, (max-width: 1239px) 100vw, 1239px\" \/><\/a><\/p>\n<p>&#8230;&#8230;&#8230;&#8230;&#8230;&#8230;&#8230;&#8230;&#8230;&#8230;&#8230;&#8230;&#8230;.<\/p>\n<p>&#8230;&#8230;&#8230;&#8230;&#8230;&#8230;&#8230;&#8230;&#8230;&#8230;.<\/p>\n<p><a href=\"http:\/\/www.floracantabrica.com\/wp-content\/uploads\/2010\/05\/image002147.jpg\"><img loading=\"lazy\" decoding=\"async\" class=\"aligncenter size-full wp-image-6516\" title=\"image002\" src=\"http:\/\/www.floracantabrica.com\/wp-content\/uploads\/2010\/05\/image002147.jpg\" alt=\"image002\" width=\"1239\" height=\"829\" srcset=\"https:\/\/www.floracantabrica.com\/wp-content\/uploads\/2010\/05\/image002147.jpg 1239w, https:\/\/www.floracantabrica.com\/wp-content\/uploads\/2010\/05\/image002147-300x200.jpg 300w, https:\/\/www.floracantabrica.com\/wp-content\/uploads\/2010\/05\/image002147-1024x685.jpg 1024w\" sizes=\"auto, (max-width: 1239px) 100vw, 1239px\" \/><\/a><\/p>\n<p>&#8230;&#8230;&#8230;&#8230;&#8230;&#8230;&#8230;&#8230;..<\/p>\n<p>&nbsp;<\/p>\n<p>..<\/p>\n<p>&nbsp;<\/p>\n<p>&#8230;&#8230;&#8230;&#8230;&#8230;<\/p>\n<p><a href=\"http:\/\/www.floracantabrica.com\/wp-content\/uploads\/2010\/05\/image002107.jpg\"><img loading=\"lazy\" decoding=\"async\" class=\"aligncenter size-full wp-image-6454\" title=\"image002\" src=\"http:\/\/www.floracantabrica.com\/wp-content\/uploads\/2010\/05\/image002107.jpg\" alt=\"image002\" width=\"1145\" height=\"769\" srcset=\"https:\/\/www.floracantabrica.com\/wp-content\/uploads\/2010\/05\/image002107.jpg 1145w, https:\/\/www.floracantabrica.com\/wp-content\/uploads\/2010\/05\/image002107-300x201.jpg 300w, https:\/\/www.floracantabrica.com\/wp-content\/uploads\/2010\/05\/image002107-1024x687.jpg 1024w\" sizes=\"auto, (max-width: 1145px) 100vw, 1145px\" \/><\/a><\/p>\n<p>&#8230;&#8230;&#8230;&#8230;&#8230;&#8230;&#8230;&#8230;&#8230;..<\/p>\n<p>&nbsp;<\/p>\n<p>&#8230;&#8230;&#8230;&#8230;&#8230;&#8230;&#8230;&#8230;<\/p>\n<p><a href=\"http:\/\/www.floracantabrica.com\/wp-content\/uploads\/2010\/05\/image002108.jpg\"><img loading=\"lazy\" decoding=\"async\" class=\"aligncenter size-full wp-image-6455\" title=\"image002\" src=\"http:\/\/www.floracantabrica.com\/wp-content\/uploads\/2010\/05\/image002108.jpg\" alt=\"image002\" width=\"1239\" height=\"829\" srcset=\"https:\/\/www.floracantabrica.com\/wp-content\/uploads\/2010\/05\/image002108.jpg 1239w, https:\/\/www.floracantabrica.com\/wp-content\/uploads\/2010\/05\/image002108-300x200.jpg 300w, https:\/\/www.floracantabrica.com\/wp-content\/uploads\/2010\/05\/image002108-1024x685.jpg 1024w\" sizes=\"auto, (max-width: 1239px) 100vw, 1239px\" \/><\/a><\/p>\n<p>&#8230;&#8230;&#8230;&#8230;&#8230;..<\/p>\n<p><a href=\"http:\/\/www.floracantabrica.com\/wp-content\/uploads\/2010\/05\/image002129.jpg\"><img loading=\"lazy\" decoding=\"async\" class=\"aligncenter size-full wp-image-6488\" title=\"image002\" src=\"http:\/\/www.floracantabrica.com\/wp-content\/uploads\/2010\/05\/image002129.jpg\" alt=\"image002\" width=\"1239\" height=\"829\" srcset=\"https:\/\/www.floracantabrica.com\/wp-content\/uploads\/2010\/05\/image002129.jpg 1239w, https:\/\/www.floracantabrica.com\/wp-content\/uploads\/2010\/05\/image002129-300x200.jpg 300w, https:\/\/www.floracantabrica.com\/wp-content\/uploads\/2010\/05\/image002129-1024x685.jpg 1024w\" sizes=\"auto, (max-width: 1239px) 100vw, 1239px\" \/><\/a><\/p>\n<p>&#8230;&#8230;&#8230;&#8230;&#8230;<\/p>\n<p>&#8230;&#8230;&#8230;&#8230;&#8230;&#8230;&#8230;&#8230;&#8230;&#8230;&#8230;&#8230;&#8230;&#8230;&#8230;&#8230;&#8230;..<\/p>\n<p><a href=\"http:\/\/www.floracantabrica.com\/wp-content\/uploads\/2010\/05\/image002130.jpg\"><img loading=\"lazy\" decoding=\"async\" class=\"aligncenter size-full wp-image-6489\" title=\"image002\" src=\"http:\/\/www.floracantabrica.com\/wp-content\/uploads\/2010\/05\/image002130.jpg\" alt=\"image002\" width=\"1239\" height=\"829\" srcset=\"https:\/\/www.floracantabrica.com\/wp-content\/uploads\/2010\/05\/image002130.jpg 1239w, https:\/\/www.floracantabrica.com\/wp-content\/uploads\/2010\/05\/image002130-300x200.jpg 300w, https:\/\/www.floracantabrica.com\/wp-content\/uploads\/2010\/05\/image002130-1024x685.jpg 1024w\" sizes=\"auto, (max-width: 1239px) 100vw, 1239px\" \/><\/a><\/p>\n<p>&#8230;&#8230;&#8230;&#8230;&#8230;&#8230;&#8230;&#8230;&#8230;&#8230;&#8230;&#8230;&#8230;<\/p>\n<p>&nbsp;<\/p>\n<p>&#8230;&#8230;&#8230;&#8230;&#8230;&#8230;&#8230;&#8230;.<\/p>\n<p>&nbsp;<\/p>\n<p>&#8230;&#8230;&#8230;&#8230;&#8230;&#8230;&#8230;&#8230;<\/p>\n<p><a href=\"http:\/\/www.floracantabrica.com\/wp-content\/uploads\/2010\/05\/image002110.jpg\"><img loading=\"lazy\" decoding=\"async\" class=\"aligncenter size-full wp-image-6461\" title=\"image002\" src=\"http:\/\/www.floracantabrica.com\/wp-content\/uploads\/2010\/05\/image002110.jpg\" alt=\"image002\" width=\"1096\" height=\"1681\" srcset=\"https:\/\/www.floracantabrica.com\/wp-content\/uploads\/2010\/05\/image002110.jpg 1096w, https:\/\/www.floracantabrica.com\/wp-content\/uploads\/2010\/05\/image002110-195x300.jpg 195w, https:\/\/www.floracantabrica.com\/wp-content\/uploads\/2010\/05\/image002110-667x1024.jpg 667w\" sizes=\"auto, (max-width: 1096px) 100vw, 1096px\" \/><\/a><\/p>\n<p>&#8230;&#8230;&#8230;&#8230;&#8230;&#8230;&#8230;&#8230;&#8230;&#8230;&#8230;<\/p>\n<p>Iglesia<\/p>\n<p>&#8230;&#8230;&#8230;&#8230;&#8230;&#8230;&#8230;&#8230;&#8230;&#8230;..<\/p>\n<p>&#8230;&#8230;&#8230;&#8230;&#8230;&#8230;<\/p>\n<p>&#8230;&#8230;&#8230;&#8230;<\/p>\n<p><span style=\"font-size: small;\"><strong>Descripci\u00f3n Fitogeogr\u00e1fica de la zona por Mat\u00edas Mayor L\u00f3pez<\/strong><\/span><\/p>\n<p><span style=\"font-size: small;\"><strong>\u00a0&#8230;&#8230;&#8230;&#8230;&#8230;&#8230;&#8230;&#8230;&#8230;&#8230;&#8230;&#8230;&#8230;<\/strong><\/span><\/p>\n<p><span style=\"font-size: small;\">Los valles de Cerrato est\u00e1n situados en la cuenc La clasificaci\u00f3n fitoclim\u00e1tica del territorio estudiado corresponde seg\u00fan ALLUE y ANDRADE (1966) a un clima mediterr\u00e1neo \u00e1rido y moderadamente c\u00e1lido<\/span><\/p>\n<p><span style=\"font-size: small;\">a media del r\u00edo Duero, al SE de la provincia de Pal\u00e8ncia y sirven de l\u00edmite con la provincia de Valladolid.<\/span><\/p>\n<p><span style=\"font-size: small;\">\u00a0<\/span><\/p>\n<p><span style=\"font-size: small;\">Geol\u00f3gicamente, los materiales de las \u00e1reas estudiadas pertenecen al mioceno, constituidos por margas blancas y grises, ricas en cristales de yeso, que se sit\u00faan<\/span><\/p>\n<p><span style=\"font-size: small;\">en las laderas de colinas cuya cota no supera los 900 m. de altitud .<\/span><\/p>\n<p><span style=\"font-size: small;\">\u00a0<\/span><\/p>\n<p><span style=\"font-size: small;\">La clasificaci\u00f3n fitoclim\u00e1tica del territorio estudiado corresponde seg\u00fan ALLUE y ANDRADE (1966) a un clima mediterr\u00e1neo \u00e1rido y moderadamente c\u00e1lido<\/span><\/p>\n<p><span style=\"font-size: small;\">\u00a0<\/span><\/p>\n<p><span style=\"font-size: small;\">\u00a0<\/span><\/p>\n<p><span style=\"font-size: small;\">Los suelos corresponden a rendsinas y xerorendsinas que presentan una fuerte desintegraci\u00f3n mec\u00e1nica debido a las oscilaciones t\u00e9rmicas diurnas y anuales<\/span><\/p>\n<p><span style=\"font-size: small;\">que sufre en la superficie y en las formas pedregosas.<\/span><\/p>\n<p><span style=\"font-size: small;\">El paisaje es homog\u00e9neo, formado por suaves colinas de color blanquecino cubiertas de una escasa y rala vegetaci\u00f3n, colinas que sobresalen de una compleja red de vaguadas de fondo plano o valles<\/span><\/p>\n<p><span style=\"font-size: small;\">La vegetaci\u00f3n de los yesos llamada gyps\u00edcola fu\u00e9 estudiada por Burgaz en 1982, \u00a0describe la asociaci\u00f3n <em>Thymo mastigophori-Lepidietum subulati ,<\/em>considerando que la vegetaci\u00f3n desarrollada sobre los afloramientos yes\u00edferos de la cuenca media del r\u00edo Duero presenta unas caracter\u00edsticas flor\u00edsticas y fisiogn\u00f3micas definidas para ser incluida en la Alianza <em>Lepidion subulati.<\/em><\/span><\/p>\n<p><em><span style=\"font-size: small;\">\u00a0<\/span><\/em><\/p>\n<p><span style=\"font-size: small;\">\u00a0Son \u00a0comunidades constituida por tomillares abiertos de muy escasa cobertura, formada por cam\u00e9fitos enanos, dejando espacios de suelo al descubierto donde se desarrollan ter\u00f3fitos y costras liqu\u00e9nicas.<\/span><\/p>\n<p><span style=\"font-size: small;\">\u00a0<\/span><\/p>\n<p><span style=\"font-size: small;\">Esta asociaci\u00f3n corresponde con el limite occidental del \u00e1rea de distribuci\u00f3n de la Alianza <em>Lepidion subulati <\/em>en la Pen\u00ednsula Ib\u00e9rica y por hallarse en unas condiciones adversas, su composici\u00f3n flor\u00edstica se encuentra disminuida, faltando <em>Helianthemum squamatum y Vella pseudocytisus,<\/em>presentes en los yesos de Aranjuez<\/span><\/p>\n<p>&nbsp;<\/p>\n<p><a href=\"http:\/\/www.floracantabrica.com\/wp-content\/uploads\/2010\/05\/image002111.jpg\"><img loading=\"lazy\" decoding=\"async\" class=\"aligncenter size-full wp-image-6462\" title=\"image002\" src=\"http:\/\/www.floracantabrica.com\/wp-content\/uploads\/2010\/05\/image002111.jpg\" alt=\"image002\" width=\"986\" height=\"1499\" srcset=\"https:\/\/www.floracantabrica.com\/wp-content\/uploads\/2010\/05\/image002111.jpg 986w, https:\/\/www.floracantabrica.com\/wp-content\/uploads\/2010\/05\/image002111-197x300.jpg 197w, https:\/\/www.floracantabrica.com\/wp-content\/uploads\/2010\/05\/image002111-673x1023.jpg 673w\" sizes=\"auto, (max-width: 986px) 100vw, 986px\" \/><\/a><\/p>\n<p>&#8230;&#8230;&#8230;&#8230;&#8230;&#8230;&#8230;&#8230;&#8230;&#8230;&#8230;<\/p>\n<p>&#8230;&#8230;&#8230;&#8230;.<\/p>\n<p><img loading=\"lazy\" decoding=\"async\" title=\"image002\" src=\"http:\/\/www.floracantabrica.com\/wp-content\/uploads\/2010\/05\/image00284.jpg\" alt=\"image002\" width=\"1239\" height=\"829\" \/><\/p>\n<p>&#8230;&#8230;&#8230;&#8230;&#8230;&#8230;&#8230;&#8230;.<\/p>\n<p><span style=\"font-size: small;\"><strong>\u00a0Comunidad de yesos con lepidio de hojas estrechas\u00a0 (Lepidium subulatum) , Mattiola fruticulosa yKoeleria vallesiana\u00a0\u00a0<\/strong><\/span><\/p>\n<p><span style=\"font-size: small;\"><strong>&#8230;&#8230;&#8230;&#8230;&#8230;&#8230;&#8230;&#8230;&#8230;.<\/strong><\/span><\/p>\n<p>&#8230;&#8230;&#8230;&#8230;&#8230;&#8230;&#8230;&#8230;&#8230;..<\/p>\n<p>&nbsp;<\/p>\n<p><a href=\"http:\/\/www.floracantabrica.com\/wp-content\/uploads\/2010\/05\/image00286.jpg\"><img loading=\"lazy\" decoding=\"async\" class=\"aligncenter size-full wp-image-6376\" title=\"image002\" src=\"http:\/\/www.floracantabrica.com\/wp-content\/uploads\/2010\/05\/image00286.jpg\" alt=\"image002\" width=\"1239\" height=\"829\" srcset=\"https:\/\/www.floracantabrica.com\/wp-content\/uploads\/2010\/05\/image00286.jpg 1239w, https:\/\/www.floracantabrica.com\/wp-content\/uploads\/2010\/05\/image00286-300x200.jpg 300w, https:\/\/www.floracantabrica.com\/wp-content\/uploads\/2010\/05\/image00286-1024x685.jpg 1024w\" sizes=\"auto, (max-width: 1239px) 100vw, 1239px\" \/><\/a><\/p>\n<p>&#8230;&#8230;&#8230;&#8230;&#8230;.<\/p>\n<p><span style=\"font-size: small;\"><strong>Leche de gato.Euphorbia nicaensis<\/strong><\/span><\/p>\n<p><span style=\"font-size: small;\"><strong>&#8230;&#8230;&#8230;&#8230;&#8230;&#8230;&#8230;&#8230;&#8230;&#8230;..<\/strong><\/span><\/p>\n<p><span style=\"font-size: small;\"><strong>\u00a0<\/strong><\/span><\/p>\n<p><span style=\"font-size: small;\"><strong>\u00a0<\/strong><\/span><\/p>\n<p><span style=\"font-size: small;\"><strong>\u00a0<\/strong><\/span><\/p>\n<p><span style=\"font-size: small;\"><strong>\u00a0<\/strong><\/span><\/p>\n<p><span style=\"font-size: small;\"><strong>\u00a0<\/strong><\/span><\/p>\n<p><span style=\"font-size: small;\"><strong>\u00a0<\/strong><\/span><\/p>\n<p><span style=\"font-size: small;\"><strong>\u00a0<\/strong><\/span><\/p>\n<p><span style=\"font-size: small;\"><strong>\u00a0<\/strong><\/span><\/p>\n<p><span style=\"font-size: small;\"><strong>\u00a0<\/strong><\/span><\/p>\n<p><span style=\"font-size: small;\"><strong>\u00a0<\/strong><\/span><\/p>\n<p><span style=\"font-size: small;\"><strong>\u00a0<\/strong><\/span><\/p>\n<p><span style=\"font-size: small;\"><strong>\u00a0<\/strong><\/span><\/p>\n<p><span style=\"font-size: small;\"><strong>\u00a0<\/strong><\/span><\/p>\n<p><span style=\"font-size: small;\"><strong>\u00a0<\/strong><\/span><\/p>\n<p><span style=\"font-size: small;\"><strong>\u00a0<\/strong><\/span><\/p>\n<p>&#8230;&#8230;&#8230;&#8230;&#8230;&#8230;&#8230;..<\/p>\n<p><a href=\"http:\/\/www.floracantabrica.com\/wp-content\/uploads\/2010\/05\/image00285.jpg\"><img loading=\"lazy\" decoding=\"async\" class=\"aligncenter size-full wp-image-6373\" title=\"image002\" src=\"http:\/\/www.floracantabrica.com\/wp-content\/uploads\/2010\/05\/image00285.jpg\" alt=\"image002\" width=\"1209\" height=\"1876\" srcset=\"https:\/\/www.floracantabrica.com\/wp-content\/uploads\/2010\/05\/image00285.jpg 1209w, https:\/\/www.floracantabrica.com\/wp-content\/uploads\/2010\/05\/image00285-193x300.jpg 193w, https:\/\/www.floracantabrica.com\/wp-content\/uploads\/2010\/05\/image00285-659x1024.jpg 659w\" sizes=\"auto, (max-width: 1209px) 100vw, 1209px\" \/><\/a><\/p>\n<p><span style=\"font-size: medium;\"><strong>\u00a0Aleli. Mattiola fructiculosa<\/strong><\/span><\/p>\n<p><span style=\"font-size: medium;\"><strong>&#8230;&#8230;&#8230;&#8230;&#8230;&#8230;&#8230;&#8230;..<\/strong><\/span><\/p>\n<p><span style=\"font-size: medium;\"><strong>\u00a0<\/strong><\/span><\/p>\n<p>&#8230;&#8230;&#8230;&#8230;&#8230;&#8230;&#8230;&#8230;&#8230;&#8230;&#8230;&#8230;&#8230;&#8230;&#8230;<\/p>\n<p><a href=\"http:\/\/www.floracantabrica.com\/wp-content\/uploads\/2010\/05\/image00287.jpg\"><img loading=\"lazy\" decoding=\"async\" class=\"aligncenter size-full wp-image-6378\" title=\"image002\" src=\"http:\/\/www.floracantabrica.com\/wp-content\/uploads\/2010\/05\/image00287.jpg\" alt=\"image002\" width=\"1239\" height=\"829\" srcset=\"https:\/\/www.floracantabrica.com\/wp-content\/uploads\/2010\/05\/image00287.jpg 1239w, https:\/\/www.floracantabrica.com\/wp-content\/uploads\/2010\/05\/image00287-300x200.jpg 300w, https:\/\/www.floracantabrica.com\/wp-content\/uploads\/2010\/05\/image00287-1024x685.jpg 1024w\" sizes=\"auto, (max-width: 1239px) 100vw, 1239px\" \/><\/a><\/p>\n<p><span style=\"font-size: medium;\"><strong>\u00a0Fumana procumbens<\/strong><\/span><\/p>\n<p><span style=\"font-size: medium;\"><strong>&#8230;&#8230;&#8230;&#8230;&#8230;&#8230;&#8230;&#8230;&#8230;..<\/strong><\/span><\/p>\n<p><span style=\"font-size: medium;\"><strong>\u00a0<\/strong><\/span><\/p>\n<p>&#8230;&#8230;&#8230;&#8230;&#8230;&#8230;&#8230;&#8230;&#8230;&#8230;&#8230;.<\/p>\n<p><a href=\"http:\/\/www.floracantabrica.com\/wp-content\/uploads\/2010\/05\/image00288.jpg\"><img loading=\"lazy\" decoding=\"async\" class=\"aligncenter size-full wp-image-6389\" title=\"image002\" src=\"http:\/\/www.floracantabrica.com\/wp-content\/uploads\/2010\/05\/image00288.jpg\" alt=\"image002\" width=\"1239\" height=\"829\" srcset=\"https:\/\/www.floracantabrica.com\/wp-content\/uploads\/2010\/05\/image00288.jpg 1239w, https:\/\/www.floracantabrica.com\/wp-content\/uploads\/2010\/05\/image00288-300x200.jpg 300w, https:\/\/www.floracantabrica.com\/wp-content\/uploads\/2010\/05\/image00288-1024x685.jpg 1024w\" sizes=\"auto, (max-width: 1239px) 100vw, 1239px\" \/><\/a><\/p>\n<p>&nbsp;<\/p>\n<p>&#8230;&#8230;&#8230;&#8230;&#8230;&#8230;&#8230;&#8230;&#8230;&#8230;&#8230;&#8230;&#8230;&#8230;.<\/p>\n<p><span style=\"font-size: medium;\"><strong>Coronilla .Coronilla minima<\/strong><\/span><\/p>\n<p><span style=\"font-size: medium;\"><strong>&#8230;&#8230;&#8230;&#8230;&#8230;&#8230;&#8230;&#8230;..<\/strong><\/span><\/p>\n<p><span style=\"font-size: medium;\"><a href=\"http:\/\/www.floracantabrica.com\/wp-content\/uploads\/2010\/05\/image00289.jpg\"><img loading=\"lazy\" decoding=\"async\" class=\"aligncenter size-full wp-image-6391\" title=\"image002\" src=\"http:\/\/www.floracantabrica.com\/wp-content\/uploads\/2010\/05\/image00289.jpg\" alt=\"image002\" width=\"1239\" height=\"829\" srcset=\"https:\/\/www.floracantabrica.com\/wp-content\/uploads\/2010\/05\/image00289.jpg 1239w, https:\/\/www.floracantabrica.com\/wp-content\/uploads\/2010\/05\/image00289-300x200.jpg 300w, https:\/\/www.floracantabrica.com\/wp-content\/uploads\/2010\/05\/image00289-1024x685.jpg 1024w\" sizes=\"auto, (max-width: 1239px) 100vw, 1239px\" \/><\/a><\/span><\/p>\n<p><span style=\"font-size: medium;\"><strong>Helianthemum de yesos<\/strong><\/span><\/p>\n<p><span style=\"font-size: medium;\"><strong>&#8230;&#8230;&#8230;&#8230;&#8230;&#8230;&#8230;.<\/strong><\/span><\/p>\n<p><span style=\"font-size: medium;\">\u00a0<a href=\"http:\/\/www.floracantabrica.com\/wp-content\/uploads\/2010\/05\/image00290.jpg\"><img loading=\"lazy\" decoding=\"async\" class=\"aligncenter size-full wp-image-6393\" title=\"image002\" src=\"http:\/\/www.floracantabrica.com\/wp-content\/uploads\/2010\/05\/image00290.jpg\" alt=\"image002\" width=\"1239\" height=\"829\" srcset=\"https:\/\/www.floracantabrica.com\/wp-content\/uploads\/2010\/05\/image00290.jpg 1239w, https:\/\/www.floracantabrica.com\/wp-content\/uploads\/2010\/05\/image00290-300x200.jpg 300w, https:\/\/www.floracantabrica.com\/wp-content\/uploads\/2010\/05\/image00290-1024x685.jpg 1024w\" sizes=\"auto, (max-width: 1239px) 100vw, 1239px\" \/><\/a><\/span><\/p>\n<p>&nbsp;<\/p>\n<p><span style=\"font-size: medium;\"><strong>Helianthemum con Astragalus<\/strong><\/span><\/p>\n<p><span style=\"font-size: medium;\"><strong>&#8230;&#8230;&#8230;&#8230;&#8230;&#8230;&#8230;&#8230;&#8230;&#8230;&#8230;&#8230;&#8230;..<\/strong><\/span><\/p>\n<p><span style=\"font-size: medium;\"><strong><a href=\"http:\/\/www.floracantabrica.com\/wp-content\/uploads\/2010\/05\/image00291.jpg\"><img loading=\"lazy\" decoding=\"async\" class=\"aligncenter size-full wp-image-6394\" title=\"image002\" src=\"http:\/\/www.floracantabrica.com\/wp-content\/uploads\/2010\/05\/image00291.jpg\" alt=\"image002\" width=\"1239\" height=\"829\" srcset=\"https:\/\/www.floracantabrica.com\/wp-content\/uploads\/2010\/05\/image00291.jpg 1239w, https:\/\/www.floracantabrica.com\/wp-content\/uploads\/2010\/05\/image00291-300x200.jpg 300w, https:\/\/www.floracantabrica.com\/wp-content\/uploads\/2010\/05\/image00291-1024x685.jpg 1024w\" sizes=\"auto, (max-width: 1239px) 100vw, 1239px\" \/><\/a><\/strong><\/span><\/p>\n<p>&nbsp;<\/p>\n<p>&#8230;&#8230;&#8230;&#8230;&#8230;&#8230;&#8230;&#8230;&#8230;&#8230;&#8230;&#8230;&#8230;..<\/p>\n<p><span style=\"font-size: medium;\"><strong>Helianthemum sobre los cristales de yeso<\/strong><\/span><\/p>\n<p><span style=\"font-size: medium;\"><strong>&#8230;&#8230;&#8230;&#8230;&#8230;&#8230;&#8230;&#8230;&#8230;&#8230;&#8230;&#8230;&#8230;..<\/strong><\/span><\/p>\n<p><span style=\"font-size: medium;\"><a href=\"http:\/\/www.floracantabrica.com\/wp-content\/uploads\/2010\/05\/image00292.jpg\"><img loading=\"lazy\" decoding=\"async\" class=\"aligncenter size-full wp-image-6395\" title=\"image002\" src=\"http:\/\/www.floracantabrica.com\/wp-content\/uploads\/2010\/05\/image00292.jpg\" alt=\"image002\" width=\"1062\" height=\"1624\" srcset=\"https:\/\/www.floracantabrica.com\/wp-content\/uploads\/2010\/05\/image00292.jpg 1062w, https:\/\/www.floracantabrica.com\/wp-content\/uploads\/2010\/05\/image00292-196x300.jpg 196w, https:\/\/www.floracantabrica.com\/wp-content\/uploads\/2010\/05\/image00292-669x1024.jpg 669w\" sizes=\"auto, (max-width: 1062px) 100vw, 1062px\" \/><\/a><\/span><\/p>\n<p>&nbsp;<\/p>\n<p>&#8230;&#8230;&#8230;&#8230;&#8230;&#8230;&#8230;&#8230;&#8230;&#8230;.<\/p>\n<p><span style=\"font-size: medium;\"><strong>Abrotano hembra.Santolina rosmarinifolia<\/strong><\/span><\/p>\n<p><span style=\"font-size: medium;\"><strong>&#8230;&#8230;&#8230;&#8230;&#8230;&#8230;&#8230;<\/strong><\/span><\/p>\n<p><span style=\"font-size: medium;\"><a href=\"http:\/\/www.floracantabrica.com\/wp-content\/uploads\/2010\/05\/image00293.jpg\"><img loading=\"lazy\" decoding=\"async\" class=\"aligncenter size-full wp-image-6396\" title=\"image002\" src=\"http:\/\/www.floracantabrica.com\/wp-content\/uploads\/2010\/05\/image00293.jpg\" alt=\"image002\" width=\"1058\" height=\"1618\" srcset=\"https:\/\/www.floracantabrica.com\/wp-content\/uploads\/2010\/05\/image00293.jpg 1058w, https:\/\/www.floracantabrica.com\/wp-content\/uploads\/2010\/05\/image00293-196x300.jpg 196w, https:\/\/www.floracantabrica.com\/wp-content\/uploads\/2010\/05\/image00293-669x1023.jpg 669w\" sizes=\"auto, (max-width: 1058px) 100vw, 1058px\" \/><\/a><\/span><\/p>\n<p>&#8230;&#8230;&#8230;&#8230;&#8230;&#8230;&#8230;&#8230;&#8230;&#8230;.<\/p>\n<p><strong><span style=\"font-size: medium;\">Reseda estricta<\/span><\/strong><\/p>\n<p><strong><span style=\"font-size: medium;\">&#8230;&#8230;&#8230;&#8230;&#8230;&#8230;&#8230;..<\/span><\/strong><\/p>\n<p><strong><span style=\"font-size: medium;\"><a href=\"http:\/\/www.floracantabrica.com\/wp-content\/uploads\/2010\/05\/image00294.jpg\"><img loading=\"lazy\" decoding=\"async\" class=\"aligncenter size-full wp-image-6397\" title=\"image002\" src=\"http:\/\/www.floracantabrica.com\/wp-content\/uploads\/2010\/05\/image00294.jpg\" alt=\"image002\" width=\"1062\" height=\"1624\" srcset=\"https:\/\/www.floracantabrica.com\/wp-content\/uploads\/2010\/05\/image00294.jpg 1062w, https:\/\/www.floracantabrica.com\/wp-content\/uploads\/2010\/05\/image00294-196x300.jpg 196w, https:\/\/www.floracantabrica.com\/wp-content\/uploads\/2010\/05\/image00294-669x1024.jpg 669w\" sizes=\"auto, (max-width: 1062px) 100vw, 1062px\" \/><\/a><\/span><\/strong><\/p>\n<p><span style=\"font-size: medium;\"><strong>Reseda con\u00a0 Koeleria vallesiana<\/strong><\/span><\/p>\n<p><span style=\"font-size: medium;\"><strong>&#8230;&#8230;&#8230;&#8230;&#8230;&#8230;&#8230;&#8230;&#8230;&#8230;<\/strong><\/span><\/p>\n<p><span style=\"font-size: medium;\"><strong><a href=\"http:\/\/www.floracantabrica.com\/wp-content\/uploads\/2010\/05\/image00295.jpg\"><img loading=\"lazy\" decoding=\"async\" class=\"aligncenter size-full wp-image-6398\" title=\"image002\" src=\"http:\/\/www.floracantabrica.com\/wp-content\/uploads\/2010\/05\/image00295.jpg\" alt=\"image002\" width=\"1062\" height=\"1624\" srcset=\"https:\/\/www.floracantabrica.com\/wp-content\/uploads\/2010\/05\/image00295.jpg 1062w, https:\/\/www.floracantabrica.com\/wp-content\/uploads\/2010\/05\/image00295-196x300.jpg 196w, https:\/\/www.floracantabrica.com\/wp-content\/uploads\/2010\/05\/image00295-669x1024.jpg 669w\" sizes=\"auto, (max-width: 1062px) 100vw, 1062px\" \/><\/a><\/strong><\/span><\/p>\n<p><span style=\"font-size: medium;\"><strong>&#8230;&#8230;&#8230;&#8230;&#8230;&#8230;&#8230;&#8230;&#8230;&#8230;.<\/strong><\/span><\/p>\n<p><span style=\"font-size: medium;\"><strong>Stipa<\/strong><\/span><\/p>\n<p><span style=\"font-size: medium;\"><strong>&#8230;&#8230;&#8230;&#8230;&#8230;&#8230;<\/strong><\/span><\/p>\n<p><span style=\"font-size: medium;\">\u00a0<\/span><\/p>\n<p><span style=\"font-size: medium;\"><strong>&#8230;&#8230;&#8230;&#8230;&#8230;&#8230;&#8230;&#8230;<\/strong><\/span><\/p>\n<p><span style=\"font-size: medium;\"><a href=\"http:\/\/www.floracantabrica.com\/wp-content\/uploads\/2010\/05\/image00296.jpg\"><img loading=\"lazy\" decoding=\"async\" class=\"aligncenter size-full wp-image-6401\" title=\"image002\" src=\"http:\/\/www.floracantabrica.com\/wp-content\/uploads\/2010\/05\/image00296.jpg\" alt=\"image002\" width=\"1020\" height=\"1555\" srcset=\"https:\/\/www.floracantabrica.com\/wp-content\/uploads\/2010\/05\/image00296.jpg 1020w, https:\/\/www.floracantabrica.com\/wp-content\/uploads\/2010\/05\/image00296-196x300.jpg 196w, https:\/\/www.floracantabrica.com\/wp-content\/uploads\/2010\/05\/image00296-671x1024.jpg 671w\" sizes=\"auto, (max-width: 1020px) 100vw, 1020px\" \/><\/a><\/span><\/p>\n<p>&nbsp;<\/p>\n<p>&#8230;&#8230;&#8230;&#8230;&#8230;&#8230;&#8230;&#8230;&#8230;&#8230;&#8230;&#8230;..<\/p>\n<p><span style=\"font-size: medium;\"><strong>Arnacho.Ononis tridentata<\/strong><\/span><\/p>\n<p><span style=\"font-size: medium;\"><strong>&#8230;&#8230;&#8230;&#8230;&#8230;&#8230;..<\/strong><\/span><\/p>\n<p><span style=\"font-size: medium;\"><a href=\"http:\/\/www.floracantabrica.com\/wp-content\/uploads\/2010\/05\/image00298.jpg\"><img loading=\"lazy\" decoding=\"async\" class=\"aligncenter size-full wp-image-6404\" title=\"image002\" src=\"http:\/\/www.floracantabrica.com\/wp-content\/uploads\/2010\/05\/image00298.jpg\" alt=\"image002\" width=\"1239\" height=\"829\" srcset=\"https:\/\/www.floracantabrica.com\/wp-content\/uploads\/2010\/05\/image00298.jpg 1239w, https:\/\/www.floracantabrica.com\/wp-content\/uploads\/2010\/05\/image00298-300x200.jpg 300w, https:\/\/www.floracantabrica.com\/wp-content\/uploads\/2010\/05\/image00298-1024x685.jpg 1024w\" sizes=\"auto, (max-width: 1239px) 100vw, 1239px\" \/><\/a><\/span><\/p>\n<p>&#8230;&#8230;&#8230;&#8230;&#8230;&#8230;&#8230;&#8230;&#8230;<\/p>\n<p><span style=\"font-size: medium;\"><strong>Hierba de la Sangre.Lithodora fruticosa<\/strong><\/span><\/p>\n<p><span style=\"font-size: medium;\"><strong>&#8230;&#8230;&#8230;&#8230;.<\/strong><\/span><\/p>\n<p><span style=\"font-size: medium;\">\u00a0<a href=\"http:\/\/www.floracantabrica.com\/wp-content\/uploads\/2010\/05\/image002103.jpg\"><img loading=\"lazy\" decoding=\"async\" class=\"aligncenter size-full wp-image-6422\" title=\"image002\" src=\"http:\/\/www.floracantabrica.com\/wp-content\/uploads\/2010\/05\/image002103.jpg\" alt=\"image002\" width=\"1054\" height=\"1611\" srcset=\"https:\/\/www.floracantabrica.com\/wp-content\/uploads\/2010\/05\/image002103.jpg 1054w, https:\/\/www.floracantabrica.com\/wp-content\/uploads\/2010\/05\/image002103-196x300.jpg 196w, https:\/\/www.floracantabrica.com\/wp-content\/uploads\/2010\/05\/image002103-669x1024.jpg 669w\" sizes=\"auto, (max-width: 1054px) 100vw, 1054px\" \/><\/a><\/span><\/p>\n<p><span style=\"font-size: medium;\">&#8230;&#8230;&#8230;&#8230;&#8230;&#8230;&#8230;&#8230;&#8230;&#8230;&#8230;&#8230;&#8230;&#8230;&#8230;&#8230;<\/span><\/p>\n<p><span style=\"font-size: medium;\"><strong>Cresta de gallina.Salvia verbenaca<\/strong><\/span><\/p>\n<p><span style=\"font-size: medium;\">&#8230;&#8230;&#8230;&#8230;&#8230;&#8230;&#8230;..<\/span><\/p>\n<p><span style=\"font-size: medium;\">\u00a0<\/span><\/p>\n<p><span style=\"font-size: medium;\"><a href=\"http:\/\/www.floracantabrica.com\/wp-content\/uploads\/2010\/05\/image002104.jpg\"><img loading=\"lazy\" decoding=\"async\" class=\"aligncenter size-full wp-image-6423\" title=\"image002\" src=\"http:\/\/www.floracantabrica.com\/wp-content\/uploads\/2010\/05\/image002104.jpg\" alt=\"image002\" width=\"829\" height=\"1239\" srcset=\"https:\/\/www.floracantabrica.com\/wp-content\/uploads\/2010\/05\/image002104.jpg 829w, https:\/\/www.floracantabrica.com\/wp-content\/uploads\/2010\/05\/image002104-200x300.jpg 200w, https:\/\/www.floracantabrica.com\/wp-content\/uploads\/2010\/05\/image002104-685x1024.jpg 685w\" sizes=\"auto, (max-width: 829px) 100vw, 829px\" \/><\/a><\/span><\/p>\n<p>&#8230;&#8230;&#8230;&#8230;&#8230;&#8230;&#8230;&#8230;&#8230;.<\/p>\n<p><span style=\"font-size: medium;\"><strong>Cristales de yeso<\/strong><\/span><\/p>\n<p><span style=\"font-size: medium;\"><strong>&#8230;&#8230;&#8230;&#8230;&#8230;&#8230;&#8230;.<\/strong><\/span><\/p>\n<p><span style=\"font-size: medium;\"><strong>\u00a0<a href=\"http:\/\/www.floracantabrica.com\/wp-content\/uploads\/2010\/05\/image002112.jpg\"><img loading=\"lazy\" decoding=\"async\" class=\"aligncenter size-full wp-image-6463\" title=\"image002\" src=\"http:\/\/www.floracantabrica.com\/wp-content\/uploads\/2010\/05\/image002112.jpg\" alt=\"image002\" width=\"1239\" height=\"829\" srcset=\"https:\/\/www.floracantabrica.com\/wp-content\/uploads\/2010\/05\/image002112.jpg 1239w, https:\/\/www.floracantabrica.com\/wp-content\/uploads\/2010\/05\/image002112-300x200.jpg 300w, https:\/\/www.floracantabrica.com\/wp-content\/uploads\/2010\/05\/image002112-1024x685.jpg 1024w\" sizes=\"auto, (max-width: 1239px) 100vw, 1239px\" \/><\/a><\/strong><\/span><\/p>\n<p><span style=\"font-size: medium;\"><strong>&#8230;&#8230;&#8230;&#8230;&#8230;&#8230;&#8230;&#8230;..<\/strong><\/span><\/p>\n<p><span style=\"font-size: medium;\"><strong>Paja almacenada<\/strong><\/span><\/p>\n<p><span style=\"font-size: medium;\"><strong>&#8230;&#8230;&#8230;&#8230;&#8230;&#8230;&#8230;&#8230;&#8230;..<\/strong><\/span><\/p>\n<p><span style=\"font-size: medium;\"><a href=\"http:\/\/www.floracantabrica.com\/wp-content\/uploads\/2010\/05\/image002113.jpg\"><img loading=\"lazy\" decoding=\"async\" class=\"aligncenter size-full wp-image-6464\" title=\"image002\" src=\"http:\/\/www.floracantabrica.com\/wp-content\/uploads\/2010\/05\/image002113.jpg\" alt=\"image002\" width=\"1239\" height=\"829\" srcset=\"https:\/\/www.floracantabrica.com\/wp-content\/uploads\/2010\/05\/image002113.jpg 1239w, https:\/\/www.floracantabrica.com\/wp-content\/uploads\/2010\/05\/image002113-300x200.jpg 300w, https:\/\/www.floracantabrica.com\/wp-content\/uploads\/2010\/05\/image002113-1024x685.jpg 1024w\" sizes=\"auto, (max-width: 1239px) 100vw, 1239px\" \/><\/a><\/span><\/p>\n<p><span style=\"font-size: medium;\">&#8230;&#8230;&#8230;&#8230;&#8230;&#8230;&#8230;&#8230;<\/span><\/p>\n<p><span style=\"font-size: medium;\">Chopos al lado de el pueblo<\/span><\/p>\n<p><span style=\"font-size: medium;\">&#8230;&#8230;&#8230;&#8230;&#8230;&#8230;&#8230;&#8230;&#8230;&#8230;&#8230;&#8230;<\/span><\/p>\n<p><span style=\"font-size: medium;\"><a href=\"http:\/\/www.floracantabrica.com\/wp-content\/uploads\/2010\/05\/image0038.jpg\"><img loading=\"lazy\" decoding=\"async\" class=\"aligncenter size-full wp-image-6465\" title=\"image003\" src=\"http:\/\/www.floracantabrica.com\/wp-content\/uploads\/2010\/05\/image0038.jpg\" alt=\"image003\" width=\"829\" height=\"1239\" srcset=\"https:\/\/www.floracantabrica.com\/wp-content\/uploads\/2010\/05\/image0038.jpg 829w, https:\/\/www.floracantabrica.com\/wp-content\/uploads\/2010\/05\/image0038-200x300.jpg 200w, https:\/\/www.floracantabrica.com\/wp-content\/uploads\/2010\/05\/image0038-685x1024.jpg 685w\" sizes=\"auto, (max-width: 829px) 100vw, 829px\" \/><\/a>\u00a0<\/span><\/p>\n<p><span style=\"font-size: medium;\">&#8230;&#8230;&#8230;&#8230;&#8230;&#8230;&#8230;&#8230;<\/span><\/p>\n<p><span style=\"font-size: medium;\">Riachuelo con chopos y\u00a0 Junco mediterr\u00e1neo (Scipus holoschoenus)<\/span><\/p>\n<p><span style=\"font-size: medium;\">&#8230;&#8230;&#8230;&#8230;&#8230;&#8230;&#8230;&#8230;&#8230;&#8230;&#8230;&#8230;..<\/span><\/p>\n<p><span style=\"font-size: medium;\">&#8230;&#8230;&#8230;&#8230;&#8230;&#8230;&#8230;&#8230;&#8230;&#8230;.<\/span><\/p>\n<p><span style=\"font-size: medium;\"><a href=\"http:\/\/www.floracantabrica.com\/wp-content\/uploads\/2010\/05\/image002132.jpg\"><img loading=\"lazy\" decoding=\"async\" class=\"aligncenter size-full wp-image-6493\" title=\"image002\" src=\"http:\/\/www.floracantabrica.com\/wp-content\/uploads\/2010\/05\/image002132.jpg\" alt=\"image002\" width=\"949\" height=\"1436\" srcset=\"https:\/\/www.floracantabrica.com\/wp-content\/uploads\/2010\/05\/image002132.jpg 949w, https:\/\/www.floracantabrica.com\/wp-content\/uploads\/2010\/05\/image002132-198x300.jpg 198w, https:\/\/www.floracantabrica.com\/wp-content\/uploads\/2010\/05\/image002132-676x1024.jpg 676w\" sizes=\"auto, (max-width: 949px) 100vw, 949px\" \/><\/a><\/span><\/p>\n<p><span style=\"font-size: medium;\">&#8230;&#8230;&#8230;&#8230;&#8230;.<\/span><\/p>\n<p><span style=\"font-size: medium;\"><strong>Mastuerzo montesino. Lepidium latifolium<\/strong><\/span><\/p>\n<p><span style=\"font-size: medium;\"><strong>&#8230;&#8230;&#8230;&#8230;&#8230;&#8230;&#8230;&#8230;&#8230;&#8230;<\/strong><\/span><\/p>\n<p><span style=\"font-size: medium;\"><strong><a href=\"http:\/\/www.floracantabrica.com\/wp-content\/uploads\/2010\/05\/image002133.jpg\"><img loading=\"lazy\" decoding=\"async\" class=\"aligncenter size-full wp-image-6494\" title=\"image002\" src=\"http:\/\/www.floracantabrica.com\/wp-content\/uploads\/2010\/05\/image002133.jpg\" alt=\"image002\" width=\"1239\" height=\"829\" srcset=\"https:\/\/www.floracantabrica.com\/wp-content\/uploads\/2010\/05\/image002133.jpg 1239w, https:\/\/www.floracantabrica.com\/wp-content\/uploads\/2010\/05\/image002133-300x200.jpg 300w, https:\/\/www.floracantabrica.com\/wp-content\/uploads\/2010\/05\/image002133-1024x685.jpg 1024w\" sizes=\"auto, (max-width: 1239px) 100vw, 1239px\" \/><\/a><\/strong><\/span><\/p>\n<p><span style=\"font-size: medium;\"><strong>&#8230;&#8230;&#8230;&#8230;&#8230;&#8230;&#8230;&#8230;&#8230;<\/strong><\/span><\/p>\n<p><span style=\"font-size: medium;\"><strong>Guacharro. Hypecoum pendulum. Borde de camino<\/strong><\/span><\/p>\n<p><span style=\"font-size: medium;\"><strong>&#8230;&#8230;&#8230;&#8230;&#8230;&#8230;&#8230;&#8230;&#8230;&#8230;..<\/strong><\/span><\/p>\n<p><span style=\"font-size: medium;\"><strong><a href=\"http:\/\/www.floracantabrica.com\/wp-content\/uploads\/2010\/05\/image002134.jpg\"><img loading=\"lazy\" decoding=\"async\" class=\"aligncenter size-full wp-image-6495\" title=\"image002\" src=\"http:\/\/www.floracantabrica.com\/wp-content\/uploads\/2010\/05\/image002134.jpg\" alt=\"image002\" width=\"1020\" height=\"1555\" srcset=\"https:\/\/www.floracantabrica.com\/wp-content\/uploads\/2010\/05\/image002134.jpg 1020w, https:\/\/www.floracantabrica.com\/wp-content\/uploads\/2010\/05\/image002134-196x300.jpg 196w, https:\/\/www.floracantabrica.com\/wp-content\/uploads\/2010\/05\/image002134-671x1024.jpg 671w\" sizes=\"auto, (max-width: 1020px) 100vw, 1020px\" \/><\/a><\/strong><\/span><\/p>\n<p><span style=\"font-size: medium;\"><strong>&#8230;&#8230;&#8230;&#8230;&#8230;&#8230;&#8230;&#8230;&#8230;&#8230;..<\/strong><\/span><\/p>\n<p><span style=\"font-size: medium;\"><strong><strong>Hierba de la sabidur\u00eda.Descurainia sophia <\/strong><\/strong><\/span><\/p>\n<p><span style=\"font-size: medium;\"><strong>&#8230;&#8230;&#8230;&#8230;&#8230;&#8230;&#8230;&#8230;&#8230;.<\/strong><\/span><\/p>\n<p><span style=\"font-size: medium;\"><strong>\u00a0<a href=\"http:\/\/www.floracantabrica.com\/wp-content\/uploads\/2010\/05\/image002135.jpg\"><img loading=\"lazy\" decoding=\"async\" class=\"aligncenter size-full wp-image-6496\" title=\"image002\" src=\"http:\/\/www.floracantabrica.com\/wp-content\/uploads\/2010\/05\/image002135.jpg\" alt=\"image002\" width=\"1239\" height=\"829\" srcset=\"https:\/\/www.floracantabrica.com\/wp-content\/uploads\/2010\/05\/image002135.jpg 1239w, https:\/\/www.floracantabrica.com\/wp-content\/uploads\/2010\/05\/image002135-300x200.jpg 300w, https:\/\/www.floracantabrica.com\/wp-content\/uploads\/2010\/05\/image002135-1024x685.jpg 1024w\" sizes=\"auto, (max-width: 1239px) 100vw, 1239px\" \/><\/a>&#8230;&#8230;&#8230;&#8230;&#8230;&#8230;&#8230;..<\/strong><\/span><\/p>\n<p><span style=\"font-size: medium;\"><strong>&#8230;&#8230;&#8230;&#8230;&#8230;&#8230;&#8230;.<\/strong><\/span><\/p>\n<p><span style=\"font-size: medium;\"><strong><a href=\"http:\/\/www.floracantabrica.com\/wp-content\/uploads\/2010\/05\/image002136.jpg\"><img loading=\"lazy\" decoding=\"async\" class=\"aligncenter size-full wp-image-6497\" title=\"image002\" src=\"http:\/\/www.floracantabrica.com\/wp-content\/uploads\/2010\/05\/image002136.jpg\" alt=\"image002\" width=\"1239\" height=\"829\" srcset=\"https:\/\/www.floracantabrica.com\/wp-content\/uploads\/2010\/05\/image002136.jpg 1239w, https:\/\/www.floracantabrica.com\/wp-content\/uploads\/2010\/05\/image002136-300x200.jpg 300w, https:\/\/www.floracantabrica.com\/wp-content\/uploads\/2010\/05\/image002136-1024x685.jpg 1024w\" sizes=\"auto, (max-width: 1239px) 100vw, 1239px\" \/><\/a>&#8230;&#8230;&#8230;&#8230;&#8230;&#8230;&#8230;&#8230;<\/strong><\/span><\/p>\n<p><span style=\"font-size: medium;\"><strong>&#8230;&#8230;&#8230;&#8230;..<\/strong><\/span><\/p>\n<p><span style=\"font-size: medium;\"><strong><a href=\"http:\/\/www.floracantabrica.com\/wp-content\/uploads\/2010\/05\/image002137.jpg\"><img loading=\"lazy\" decoding=\"async\" class=\"aligncenter size-full wp-image-6498\" title=\"image002\" src=\"http:\/\/www.floracantabrica.com\/wp-content\/uploads\/2010\/05\/image002137.jpg\" alt=\"image002\" width=\"1239\" height=\"829\" srcset=\"https:\/\/www.floracantabrica.com\/wp-content\/uploads\/2010\/05\/image002137.jpg 1239w, https:\/\/www.floracantabrica.com\/wp-content\/uploads\/2010\/05\/image002137-300x200.jpg 300w, https:\/\/www.floracantabrica.com\/wp-content\/uploads\/2010\/05\/image002137-1024x685.jpg 1024w\" sizes=\"auto, (max-width: 1239px) 100vw, 1239px\" \/><\/a>&#8230;&#8230;&#8230;&#8230;&#8230;&#8230;..<\/strong><\/span><\/p>\n<p><span style=\"font-size: medium;\"><strong><a href=\"http:\/\/www.floracantabrica.com\/wp-content\/uploads\/2010\/05\/image002138.jpg\"><img loading=\"lazy\" decoding=\"async\" class=\"aligncenter size-full wp-image-6499\" title=\"image002\" src=\"http:\/\/www.floracantabrica.com\/wp-content\/uploads\/2010\/05\/image002138.jpg\" alt=\"image002\" width=\"1239\" height=\"829\" srcset=\"https:\/\/www.floracantabrica.com\/wp-content\/uploads\/2010\/05\/image002138.jpg 1239w, https:\/\/www.floracantabrica.com\/wp-content\/uploads\/2010\/05\/image002138-300x200.jpg 300w, https:\/\/www.floracantabrica.com\/wp-content\/uploads\/2010\/05\/image002138-1024x685.jpg 1024w\" sizes=\"auto, (max-width: 1239px) 100vw, 1239px\" \/><\/a>&#8230;&#8230;&#8230;&#8230;&#8230;<\/strong><\/span><\/p>\n<p><span style=\"font-size: medium;\"><strong>\u00a0<\/strong><\/span><span style=\"font-size: medium;\"><strong>\u00a0<\/strong><\/span><\/p>\n<p>&nbsp;<\/p>\n<p><span style=\"font-size: medium;\"><strong>\u00a0<\/strong><\/span><\/p>\n<p><span style=\"font-size: medium;\"><strong>\u00a0<\/strong><\/span><\/p>\n<p><span style=\"font-size: medium;\"><strong>\u00a0<\/strong><\/span><\/p>\n<p><span style=\"font-size: medium;\"><strong>\u00a0<\/strong><\/span><\/p>\n<p><span style=\"font-size: medium;\"><strong>&#8230;&#8230;&#8230;&#8230;&#8230;&#8230;&#8230;&#8230;.<\/strong><\/span><\/p>\n<p><span style=\"font-size: medium;\"><strong>\u00a0<\/strong><\/span><\/p>\n<p><span style=\"font-size: medium;\"><strong>&#8230;&#8230;&#8230;.<\/strong><\/span><\/p>\n<p><span style=\"font-size: medium;\"><a href=\"http:\/\/www.floracantabrica.com\/wp-content\/uploads\/2010\/05\/image002114.jpg\"><img loading=\"lazy\" decoding=\"async\" class=\"aligncenter size-full wp-image-6466\" title=\"image002\" src=\"http:\/\/www.floracantabrica.com\/wp-content\/uploads\/2010\/05\/image002114.jpg\" alt=\"image002\" width=\"1239\" height=\"829\" srcset=\"https:\/\/www.floracantabrica.com\/wp-content\/uploads\/2010\/05\/image002114.jpg 1239w, https:\/\/www.floracantabrica.com\/wp-content\/uploads\/2010\/05\/image002114-300x200.jpg 300w, https:\/\/www.floracantabrica.com\/wp-content\/uploads\/2010\/05\/image002114-1024x685.jpg 1024w\" sizes=\"auto, (max-width: 1239px) 100vw, 1239px\" \/><\/a><\/span><\/p>\n<p><span style=\"font-size: medium;\">&#8230;&#8230;&#8230;&#8230;&#8230;&#8230;<\/span><\/p>\n<p><span style=\"font-size: medium;\"><a href=\"http:\/\/www.floracantabrica.com\/wp-content\/uploads\/2010\/05\/image002115.jpg\"><img loading=\"lazy\" decoding=\"async\" class=\"aligncenter size-full wp-image-6467\" title=\"image002\" src=\"http:\/\/www.floracantabrica.com\/wp-content\/uploads\/2010\/05\/image002115.jpg\" alt=\"image002\" width=\"1239\" height=\"829\" srcset=\"https:\/\/www.floracantabrica.com\/wp-content\/uploads\/2010\/05\/image002115.jpg 1239w, https:\/\/www.floracantabrica.com\/wp-content\/uploads\/2010\/05\/image002115-300x200.jpg 300w, https:\/\/www.floracantabrica.com\/wp-content\/uploads\/2010\/05\/image002115-1024x685.jpg 1024w\" sizes=\"auto, (max-width: 1239px) 100vw, 1239px\" \/><\/a><\/span><\/p>\n<p><span style=\"font-size: medium;\">&#8230;&#8230;&#8230;&#8230;&#8230;&#8230;.<\/span><\/p>\n<p><span style=\"font-size: medium;\">Iglesia con dos campanarios<\/span><\/p>\n<p><span style=\"font-size: medium;\">&#8230;&#8230;&#8230;&#8230;&#8230;&#8230;&#8230;&#8230;&#8230;&#8230;&#8230;.<\/span><\/p>\n<p><span style=\"font-size: medium;\"><a href=\"http:\/\/www.floracantabrica.com\/wp-content\/uploads\/2010\/05\/image002116.jpg\"><img loading=\"lazy\" decoding=\"async\" class=\"aligncenter size-full wp-image-6468\" title=\"image002\" src=\"http:\/\/www.floracantabrica.com\/wp-content\/uploads\/2010\/05\/image002116.jpg\" alt=\"image002\" width=\"1239\" height=\"829\" srcset=\"https:\/\/www.floracantabrica.com\/wp-content\/uploads\/2010\/05\/image002116.jpg 1239w, https:\/\/www.floracantabrica.com\/wp-content\/uploads\/2010\/05\/image002116-300x200.jpg 300w, https:\/\/www.floracantabrica.com\/wp-content\/uploads\/2010\/05\/image002116-1024x685.jpg 1024w\" sizes=\"auto, (max-width: 1239px) 100vw, 1239px\" \/><\/a><\/span><\/p>\n<p><span style=\"font-size: medium;\">&#8230;&#8230;&#8230;&#8230;&#8230;&#8230;&#8230;&#8230;&#8230;&#8230;&#8230;&#8230;<\/span><\/p>\n<p><span style=\"font-size: medium;\">Repoblacion con pinos<\/span><\/p>\n<p><span style=\"font-size: medium;\">&#8230;&#8230;&#8230;&#8230;&#8230;&#8230;&#8230;&#8230;&#8230;..<\/span><\/p>\n<p><span style=\"font-size: medium;\"><a href=\"http:\/\/www.floracantabrica.com\/wp-content\/uploads\/2010\/05\/image002117.jpg\"><img loading=\"lazy\" decoding=\"async\" class=\"aligncenter size-full wp-image-6469\" title=\"image002\" src=\"http:\/\/www.floracantabrica.com\/wp-content\/uploads\/2010\/05\/image002117.jpg\" alt=\"image002\" width=\"1239\" height=\"829\" srcset=\"https:\/\/www.floracantabrica.com\/wp-content\/uploads\/2010\/05\/image002117.jpg 1239w, https:\/\/www.floracantabrica.com\/wp-content\/uploads\/2010\/05\/image002117-300x200.jpg 300w, https:\/\/www.floracantabrica.com\/wp-content\/uploads\/2010\/05\/image002117-1024x685.jpg 1024w\" sizes=\"auto, (max-width: 1239px) 100vw, 1239px\" \/><\/a><\/span><\/p>\n<p><span style=\"font-size: medium;\">&#8230;&#8230;&#8230;&#8230;&#8230;&#8230;&#8230;&#8230;&#8230;&#8230;..<\/span><\/p>\n<p><span style=\"font-size: medium;\">Ladera tapizada de blanco por el\u00a0 Lepidium subulatum carasteristico de yesos.<\/span><\/p>\n<p><span style=\"font-size: medium;\">&#8230;&#8230;&#8230;&#8230;&#8230;&#8230;&#8230;&#8230;&#8230;&#8230;&#8230;&#8230;..<\/span><\/p>\n<p><span style=\"font-size: medium;\"><a href=\"http:\/\/www.floracantabrica.com\/wp-content\/uploads\/2010\/05\/image002118.jpg\"><img loading=\"lazy\" decoding=\"async\" class=\"aligncenter size-full wp-image-6470\" title=\"image002\" src=\"http:\/\/www.floracantabrica.com\/wp-content\/uploads\/2010\/05\/image002118.jpg\" alt=\"image002\" width=\"1239\" height=\"829\" srcset=\"https:\/\/www.floracantabrica.com\/wp-content\/uploads\/2010\/05\/image002118.jpg 1239w, https:\/\/www.floracantabrica.com\/wp-content\/uploads\/2010\/05\/image002118-300x200.jpg 300w, https:\/\/www.floracantabrica.com\/wp-content\/uploads\/2010\/05\/image002118-1024x685.jpg 1024w\" sizes=\"auto, (max-width: 1239px) 100vw, 1239px\" \/><\/a><\/span><\/p>\n<p><span style=\"font-size: medium;\">\u00a0EL\u00a0 Lepidium en blanco m\u00e1s cerca<\/span><\/p>\n<p><span style=\"font-size: medium;\">&#8230;&#8230;&#8230;&#8230;&#8230;&#8230;&#8230;&#8230;&#8230;&#8230;&#8230;<\/span><\/p>\n<p><span style=\"font-size: medium;\"><a href=\"http:\/\/www.floracantabrica.com\/wp-content\/uploads\/2010\/05\/image002119.jpg\"><img loading=\"lazy\" decoding=\"async\" class=\"aligncenter size-full wp-image-6471\" title=\"image002\" src=\"http:\/\/www.floracantabrica.com\/wp-content\/uploads\/2010\/05\/image002119.jpg\" alt=\"image002\" width=\"1239\" height=\"829\" srcset=\"https:\/\/www.floracantabrica.com\/wp-content\/uploads\/2010\/05\/image002119.jpg 1239w, https:\/\/www.floracantabrica.com\/wp-content\/uploads\/2010\/05\/image002119-300x200.jpg 300w, https:\/\/www.floracantabrica.com\/wp-content\/uploads\/2010\/05\/image002119-1024x685.jpg 1024w\" sizes=\"auto, (max-width: 1239px) 100vw, 1239px\" \/><\/a><\/span><\/p>\n<p><span style=\"font-size: medium;\">&#8230;&#8230;&#8230;&#8230;&#8230;&#8230;&#8230;&#8230;&#8230;..<\/span><\/p>\n<p><span style=\"font-size: medium;\">Vi\u00f1edo ela ruta tur\u00edstica\u00a0 \u00abMontes de Cerrato\u00bb<\/span><\/p>\n<p><span style=\"font-size: medium;\">&#8230;&#8230;&#8230;&#8230;&#8230;&#8230;&#8230;&#8230;..<\/span><\/p>\n<p><span style=\"font-size: medium;\"><a href=\"http:\/\/www.floracantabrica.com\/wp-content\/uploads\/2010\/05\/image002120.jpg\"><img loading=\"lazy\" decoding=\"async\" class=\"aligncenter size-full wp-image-6472\" title=\"image002\" src=\"http:\/\/www.floracantabrica.com\/wp-content\/uploads\/2010\/05\/image002120.jpg\" alt=\"image002\" width=\"1239\" height=\"829\" srcset=\"https:\/\/www.floracantabrica.com\/wp-content\/uploads\/2010\/05\/image002120.jpg 1239w, https:\/\/www.floracantabrica.com\/wp-content\/uploads\/2010\/05\/image002120-300x200.jpg 300w, https:\/\/www.floracantabrica.com\/wp-content\/uploads\/2010\/05\/image002120-1024x685.jpg 1024w\" sizes=\"auto, (max-width: 1239px) 100vw, 1239px\" \/><\/a><\/span><\/p>\n<p><span style=\"font-size: medium;\">&#8230;&#8230;&#8230;&#8230;&#8230;&#8230;&#8230;&#8230;.<br \/>\nRuta tur\u00edstica delo tesos de Cerrato<\/span><\/p>\n<p><span style=\"font-size: medium;\">&#8230;&#8230;&#8230;&#8230;&#8230;&#8230;&#8230;&#8230;&#8230;&#8230;.<\/span><\/p>\n<p><span style=\"font-size: medium;\">&#8230;&#8230;&#8230;&#8230;&#8230;&#8230;&#8230;.<\/span><\/p>\n<p><span style=\"font-size: medium;\"><a href=\"http:\/\/www.floracantabrica.com\/wp-content\/uploads\/2010\/05\/image002139.jpg\"><img loading=\"lazy\" decoding=\"async\" class=\"aligncenter size-full wp-image-6501\" title=\"image002\" src=\"http:\/\/www.floracantabrica.com\/wp-content\/uploads\/2010\/05\/image002139.jpg\" alt=\"image002\" width=\"1239\" height=\"829\" srcset=\"https:\/\/www.floracantabrica.com\/wp-content\/uploads\/2010\/05\/image002139.jpg 1239w, https:\/\/www.floracantabrica.com\/wp-content\/uploads\/2010\/05\/image002139-300x200.jpg 300w, https:\/\/www.floracantabrica.com\/wp-content\/uploads\/2010\/05\/image002139-1024x685.jpg 1024w\" sizes=\"auto, (max-width: 1239px) 100vw, 1239px\" \/><\/a><\/span><\/p>\n<p><span style=\"font-size: medium;\">&#8230;&#8230;&#8230;&#8230;&#8230;&#8230;&#8230;<\/span><\/p>\n<p><span style=\"font-size: medium;\">&#8230;&#8230;&#8230;&#8230;&#8230;<\/span><\/p>\n<p><span style=\"font-size: medium;\"><a href=\"http:\/\/www.floracantabrica.com\/wp-content\/uploads\/2010\/05\/image002140.jpg\"><img loading=\"lazy\" decoding=\"async\" class=\"aligncenter size-full wp-image-6502\" title=\"image002\" src=\"http:\/\/www.floracantabrica.com\/wp-content\/uploads\/2010\/05\/image002140.jpg\" alt=\"image002\" width=\"1239\" height=\"829\" srcset=\"https:\/\/www.floracantabrica.com\/wp-content\/uploads\/2010\/05\/image002140.jpg 1239w, https:\/\/www.floracantabrica.com\/wp-content\/uploads\/2010\/05\/image002140-300x200.jpg 300w, https:\/\/www.floracantabrica.com\/wp-content\/uploads\/2010\/05\/image002140-1024x685.jpg 1024w\" sizes=\"auto, (max-width: 1239px) 100vw, 1239px\" \/><\/a><\/span><\/p>\n<p><span style=\"font-size: medium;\">&#8230;&#8230;&#8230;&#8230;&#8230;&#8230;&#8230;&#8230;..<\/span><\/p>\n<p><span style=\"font-size: medium;\">&#8230;&#8230;&#8230;&#8230;&#8230;.<\/span><\/p>\n<p><span style=\"font-size: medium;\"><a href=\"http:\/\/www.floracantabrica.com\/wp-content\/uploads\/2010\/05\/image002141.jpg\"><img loading=\"lazy\" decoding=\"async\" class=\"aligncenter size-full wp-image-6503\" title=\"image002\" src=\"http:\/\/www.floracantabrica.com\/wp-content\/uploads\/2010\/05\/image002141.jpg\" alt=\"image002\" width=\"1239\" height=\"829\" srcset=\"https:\/\/www.floracantabrica.com\/wp-content\/uploads\/2010\/05\/image002141.jpg 1239w, https:\/\/www.floracantabrica.com\/wp-content\/uploads\/2010\/05\/image002141-300x200.jpg 300w, https:\/\/www.floracantabrica.com\/wp-content\/uploads\/2010\/05\/image002141-1024x685.jpg 1024w\" sizes=\"auto, (max-width: 1239px) 100vw, 1239px\" \/><\/a><\/span><\/p>\n<p><span style=\"font-size: medium;\">&#8230;&#8230;&#8230;&#8230;&#8230;&#8230;.<\/span><\/p>\n<p><span style=\"font-size: medium;\">&#8230;&#8230;&#8230;&#8230;&#8230;<\/span><\/p>\n<p><span style=\"font-size: medium;\">\u00a0<\/span><\/p>\n<p><span style=\"font-size: medium;\">&#8230;&#8230;&#8230;&#8230;&#8230;..<\/span><\/p>\n<p><span style=\"font-size: medium;\"><a href=\"http:\/\/www.floracantabrica.com\/wp-content\/uploads\/2010\/05\/image002143.jpg\"><img loading=\"lazy\" decoding=\"async\" class=\"aligncenter size-full wp-image-6505\" title=\"image002\" src=\"http:\/\/www.floracantabrica.com\/wp-content\/uploads\/2010\/05\/image002143.jpg\" alt=\"image002\" width=\"1239\" height=\"829\" srcset=\"https:\/\/www.floracantabrica.com\/wp-content\/uploads\/2010\/05\/image002143.jpg 1239w, https:\/\/www.floracantabrica.com\/wp-content\/uploads\/2010\/05\/image002143-300x200.jpg 300w, https:\/\/www.floracantabrica.com\/wp-content\/uploads\/2010\/05\/image002143-1024x685.jpg 1024w\" sizes=\"auto, (max-width: 1239px) 100vw, 1239px\" \/><\/a><\/span><\/p>\n<p><span style=\"font-size: medium;\"><strong>&#8230;&#8230;&#8230;&#8230;&#8230;&#8230;&#8230;&#8230;&#8230;&#8230;&#8230;&#8230;&#8230;<\/strong><\/span><\/p>\n<p><span style=\"font-size: medium;\"><strong>Zona de valle inundada donde esta presente el junco (Scirpus holoschoenus) y Lepidium latifolium<\/strong><\/span><\/p>\n<p><span style=\"font-size: medium;\"><strong>&#8230;&#8230;&#8230;&#8230;&#8230;&#8230;&#8230;..<\/strong><\/span><\/p>\n<p><span style=\"font-size: medium;\"><strong>&#8230;&#8230;&#8230;&#8230;&#8230;.<\/strong><\/span><\/p>\n<p><span style=\"font-size: medium;\"><strong><a href=\"http:\/\/www.floracantabrica.com\/wp-content\/uploads\/2010\/05\/image002144.jpg\"><img loading=\"lazy\" decoding=\"async\" class=\"aligncenter size-full wp-image-6506\" title=\"image002\" src=\"http:\/\/www.floracantabrica.com\/wp-content\/uploads\/2010\/05\/image002144.jpg\" alt=\"image002\" width=\"1058\" height=\"1617\" srcset=\"https:\/\/www.floracantabrica.com\/wp-content\/uploads\/2010\/05\/image002144.jpg 1058w, https:\/\/www.floracantabrica.com\/wp-content\/uploads\/2010\/05\/image002144-196x300.jpg 196w, https:\/\/www.floracantabrica.com\/wp-content\/uploads\/2010\/05\/image002144-670x1024.jpg 670w\" sizes=\"auto, (max-width: 1058px) 100vw, 1058px\" \/><\/a>&#8230;&#8230;&#8230;&#8230;&#8230;&#8230;&#8230;..<\/strong><\/span><\/p>\n<p><span style=\"font-size: medium;\"><strong>El lepidium p0r las nubes ,lo suyo son los yesos<\/strong><\/span><\/p>\n<p><span style=\"font-size: medium;\"><strong>&#8230;&#8230;&#8230;&#8230;&#8230;&#8230;&#8230;&#8230;<\/strong><\/span><\/p>\n<p><span style=\"font-size: medium;\">\u00a0<\/span><\/p>\n<p><span style=\"font-size: medium;\">\u00a0<\/span><\/p>\n<p><span style=\"font-size: medium;\"><a href=\"http:\/\/www.floracantabrica.com\/wp-content\/uploads\/2010\/05\/image002121.jpg\"><img loading=\"lazy\" decoding=\"async\" class=\"aligncenter size-full wp-image-6473\" title=\"image002\" src=\"http:\/\/www.floracantabrica.com\/wp-content\/uploads\/2010\/05\/image002121.jpg\" alt=\"image002\" width=\"1239\" height=\"829\" srcset=\"https:\/\/www.floracantabrica.com\/wp-content\/uploads\/2010\/05\/image002121.jpg 1239w, https:\/\/www.floracantabrica.com\/wp-content\/uploads\/2010\/05\/image002121-300x200.jpg 300w, https:\/\/www.floracantabrica.com\/wp-content\/uploads\/2010\/05\/image002121-1024x685.jpg 1024w\" sizes=\"auto, (max-width: 1239px) 100vw, 1239px\" \/><\/a><\/span><\/p>\n<p><span style=\"font-size: medium;\">&#8230;&#8230;&#8230;&#8230;&#8230;&#8230;..<\/span><\/p>\n<p><span style=\"font-size: medium;\">MOJADOS<\/span><\/p>\n<p><span style=\"font-size: medium;\">&#8230;&#8230;&#8230;&#8230;&#8230;&#8230;&#8230;&#8230;&#8230;&#8230;&#8230;.<\/span><\/p>\n<p><span style=\"font-size: medium;\"><a href=\"http:\/\/www.floracantabrica.com\/wp-content\/uploads\/2010\/05\/image002122.jpg\"><img loading=\"lazy\" decoding=\"async\" class=\"aligncenter size-full wp-image-6474\" title=\"image002\" src=\"http:\/\/www.floracantabrica.com\/wp-content\/uploads\/2010\/05\/image002122.jpg\" alt=\"image002\" width=\"1134\" height=\"1745\" srcset=\"https:\/\/www.floracantabrica.com\/wp-content\/uploads\/2010\/05\/image002122.jpg 1134w, https:\/\/www.floracantabrica.com\/wp-content\/uploads\/2010\/05\/image002122-194x300.jpg 194w, https:\/\/www.floracantabrica.com\/wp-content\/uploads\/2010\/05\/image002122-665x1023.jpg 665w\" sizes=\"auto, (max-width: 1134px) 100vw, 1134px\" \/><\/a><\/span><\/p>\n<p><span style=\"font-size: medium;\">&#8230;&#8230;&#8230;&#8230;&#8230;&#8230;&#8230;&#8230;.<\/span><\/p>\n<p><span style=\"font-size: medium;\">\u00a0<\/span><span style=\"font-size: medium;\">Campanario con cigue\u00f1as<\/span><\/p>\n<p><span style=\"font-size: medium;\">&#8230;&#8230;&#8230;&#8230;&#8230;&#8230;&#8230;&#8230;&#8230;&#8230;&#8230;&#8230;&#8230;&#8230;.<\/span><\/p>\n<p><span style=\"font-size: medium;\"><a href=\"http:\/\/www.floracantabrica.com\/wp-content\/uploads\/2010\/05\/image002123.jpg\"><img loading=\"lazy\" decoding=\"async\" class=\"aligncenter size-full wp-image-6475\" title=\"image002\" src=\"http:\/\/www.floracantabrica.com\/wp-content\/uploads\/2010\/05\/image002123.jpg\" alt=\"image002\" width=\"829\" height=\"1239\" srcset=\"https:\/\/www.floracantabrica.com\/wp-content\/uploads\/2010\/05\/image002123.jpg 829w, https:\/\/www.floracantabrica.com\/wp-content\/uploads\/2010\/05\/image002123-200x300.jpg 200w, https:\/\/www.floracantabrica.com\/wp-content\/uploads\/2010\/05\/image002123-685x1024.jpg 685w\" sizes=\"auto, (max-width: 829px) 100vw, 829px\" \/><\/a><\/span><\/p>\n<p><span style=\"font-size: medium;\">&#8230;&#8230;&#8230;&#8230;&#8230;&#8230;&#8230;.<\/span><\/p>\n<p><span style=\"font-size: medium;\">Iglesia<\/span><\/p>\n<p><span style=\"font-size: medium;\">&#8230;&#8230;&#8230;&#8230;&#8230;&#8230;&#8230;&#8230;..<\/span><\/p>\n<p><span style=\"font-size: medium;\"><a href=\"http:\/\/www.floracantabrica.com\/wp-content\/uploads\/2010\/05\/image002124.jpg\"><img loading=\"lazy\" decoding=\"async\" class=\"aligncenter size-full wp-image-6476\" title=\"image002\" src=\"http:\/\/www.floracantabrica.com\/wp-content\/uploads\/2010\/05\/image002124.jpg\" alt=\"image002\" width=\"1239\" height=\"829\" srcset=\"https:\/\/www.floracantabrica.com\/wp-content\/uploads\/2010\/05\/image002124.jpg 1239w, https:\/\/www.floracantabrica.com\/wp-content\/uploads\/2010\/05\/image002124-300x200.jpg 300w, https:\/\/www.floracantabrica.com\/wp-content\/uploads\/2010\/05\/image002124-1024x685.jpg 1024w\" sizes=\"auto, (max-width: 1239px) 100vw, 1239px\" \/><\/a><\/span><\/p>\n<p><span style=\"font-size: medium;\">&#8230;&#8230;&#8230;&#8230;&#8230;&#8230;&#8230;&#8230;.<\/span><\/p>\n<p><span style=\"font-size: medium;\">Casa se\u00f1orial<\/span><\/p>\n<p><span style=\"font-size: medium;\">&#8230;&#8230;&#8230;&#8230;&#8230;&#8230;&#8230;&#8230;&#8230;&#8230;..<\/span><\/p>\n<p><span style=\"font-size: medium;\"><a href=\"http:\/\/www.floracantabrica.com\/wp-content\/uploads\/2010\/05\/image002125.jpg\"><img loading=\"lazy\" decoding=\"async\" class=\"aligncenter size-full wp-image-6477\" title=\"image002\" src=\"http:\/\/www.floracantabrica.com\/wp-content\/uploads\/2010\/05\/image002125.jpg\" alt=\"image002\" width=\"1239\" height=\"829\" srcset=\"https:\/\/www.floracantabrica.com\/wp-content\/uploads\/2010\/05\/image002125.jpg 1239w, https:\/\/www.floracantabrica.com\/wp-content\/uploads\/2010\/05\/image002125-300x200.jpg 300w, https:\/\/www.floracantabrica.com\/wp-content\/uploads\/2010\/05\/image002125-1024x685.jpg 1024w\" sizes=\"auto, (max-width: 1239px) 100vw, 1239px\" \/><\/a><\/span><\/p>\n<p><span style=\"font-size: medium;\">&#8230;&#8230;&#8230;&#8230;&#8230;&#8230;&#8230;&#8230;.<\/span><\/p>\n<p><span style=\"font-size: medium;\">Casa del pueblo con macetas<\/span><\/p>\n<p><span style=\"font-size: medium;\">&#8230;&#8230;&#8230;&#8230;&#8230;&#8230;&#8230;.<\/span><\/p>\n<p><span style=\"font-size: medium;\">\u00a0<a href=\"http:\/\/www.floracantabrica.com\/wp-content\/uploads\/2010\/05\/image002126.jpg\"><img loading=\"lazy\" decoding=\"async\" class=\"aligncenter size-full wp-image-6479\" title=\"image002\" src=\"http:\/\/www.floracantabrica.com\/wp-content\/uploads\/2010\/05\/image002126.jpg\" alt=\"image002\" width=\"1100\" height=\"1686\" srcset=\"https:\/\/www.floracantabrica.com\/wp-content\/uploads\/2010\/05\/image002126.jpg 1100w, https:\/\/www.floracantabrica.com\/wp-content\/uploads\/2010\/05\/image002126-195x300.jpg 195w, https:\/\/www.floracantabrica.com\/wp-content\/uploads\/2010\/05\/image002126-668x1024.jpg 668w\" sizes=\"auto, (max-width: 1100px) 100vw, 1100px\" \/><\/a><\/span><\/p>\n<p><span style=\"font-size: medium;\">&#8230;&#8230;&#8230;&#8230;&#8230;&#8230;&#8230;&#8230;&#8230;..<\/span><\/p>\n<p><span style=\"font-size: medium;\">Callejuela t\u00edpica<\/span><\/p>\n<p><span style=\"font-size: medium;\">&#8230;&#8230;&#8230;&#8230;&#8230;&#8230;&#8230;&#8230;&#8230;&#8230;<\/span><\/p>\n<p><span style=\"font-size: medium;\"><a href=\"http:\/\/www.floracantabrica.com\/wp-content\/uploads\/2010\/05\/image002127.jpg\"><img loading=\"lazy\" decoding=\"async\" class=\"aligncenter size-full wp-image-6480\" title=\"image002\" src=\"http:\/\/www.floracantabrica.com\/wp-content\/uploads\/2010\/05\/image002127.jpg\" alt=\"image002\" width=\"1138\" height=\"1751\" srcset=\"https:\/\/www.floracantabrica.com\/wp-content\/uploads\/2010\/05\/image002127.jpg 1138w, https:\/\/www.floracantabrica.com\/wp-content\/uploads\/2010\/05\/image002127-194x300.jpg 194w, https:\/\/www.floracantabrica.com\/wp-content\/uploads\/2010\/05\/image002127-665x1024.jpg 665w\" sizes=\"auto, (max-width: 1138px) 100vw, 1138px\" \/><\/a><\/span><\/p>\n<p><span style=\"font-size: medium;\">&#8230;&#8230;&#8230;&#8230;&#8230;&#8230;&#8230;&#8230;&#8230;&#8230;&#8230;..<\/span><\/p>\n<p><span style=\"font-size: medium;\">Iglesia<\/span><\/p>\n<p><span style=\"font-size: medium;\">&#8230;&#8230;&#8230;&#8230;&#8230;.<\/span><\/p>\n<p><span style=\"font-size: medium;\"><a href=\"http:\/\/www.floracantabrica.com\/wp-content\/uploads\/2010\/05\/image002128.jpg\"><img loading=\"lazy\" decoding=\"async\" class=\"aligncenter size-full wp-image-6481\" title=\"image002\" src=\"http:\/\/www.floracantabrica.com\/wp-content\/uploads\/2010\/05\/image002128.jpg\" alt=\"image002\" width=\"1239\" height=\"829\" srcset=\"https:\/\/www.floracantabrica.com\/wp-content\/uploads\/2010\/05\/image002128.jpg 1239w, https:\/\/www.floracantabrica.com\/wp-content\/uploads\/2010\/05\/image002128-300x200.jpg 300w, https:\/\/www.floracantabrica.com\/wp-content\/uploads\/2010\/05\/image002128-1024x685.jpg 1024w\" sizes=\"auto, (max-width: 1239px) 100vw, 1239px\" \/><\/a><\/span><\/p>\n<p><span style=\"font-size: medium;\">&#8230;&#8230;&#8230;&#8230;&#8230;.<\/span><\/p>\n<p><span style=\"font-size: medium;\">Plaza de la Iglesia<\/span><\/p>\n<p><span style=\"font-size: medium;\">&#8230;&#8230;&#8230;&#8230;&#8230;&#8230;&#8230;&#8230;.<\/span><\/p>\n<p><span style=\"font-size: medium;\">\u00a0<\/span><\/p>\n<p><span style=\"font-size: medium;\">&#8230;<a href=\"http:\/\/www.floracantabrica.com\/wp-content\/uploads\/2010\/05\/Presentaci\u00f3n14.jpg\"><img loading=\"lazy\" decoding=\"async\" class=\"aligncenter size-full wp-image-6526\" title=\"Presentaci\u00f3n1\" src=\"http:\/\/www.floracantabrica.com\/wp-content\/uploads\/2010\/05\/Presentaci\u00f3n14.jpg\" alt=\"Presentaci\u00f3n1\" width=\"960\" height=\"720\" srcset=\"https:\/\/www.floracantabrica.com\/wp-content\/uploads\/2010\/05\/Presentaci\u00f3n14.jpg 960w, https:\/\/www.floracantabrica.com\/wp-content\/uploads\/2010\/05\/Presentaci\u00f3n14-300x225.jpg 300w\" sizes=\"auto, (max-width: 960px) 100vw, 960px\" \/><\/a>&#8230;&#8230;&#8230;&#8230;..<\/span><\/p>\n<p><span style=\"font-size: medium;\">\u00a0 <strong>Tomillo.Thymus mastigophorus, en la zona era muy abundante,todav\u00eda no hab\u00eda florecido<\/strong><\/span><\/p>\n<p><span style=\"font-size: medium;\"><strong>&#8230;&#8230;&#8230;&#8230;&#8230;&#8230;&#8230;&#8230;&#8230;&#8230;<\/strong><\/span><\/p>\n<p><span style=\"font-size: medium;\"><strong><a href=\"http:\/\/www.floracantabrica.com\/wp-content\/uploads\/2010\/05\/Presentaci\u00f3n36.jpg\"><img loading=\"lazy\" decoding=\"async\" class=\"aligncenter size-full wp-image-6527\" title=\"Presentaci\u00f3n3\" src=\"http:\/\/www.floracantabrica.com\/wp-content\/uploads\/2010\/05\/Presentaci\u00f3n36.jpg\" alt=\"Presentaci\u00f3n3\" width=\"960\" height=\"720\" srcset=\"https:\/\/www.floracantabrica.com\/wp-content\/uploads\/2010\/05\/Presentaci\u00f3n36.jpg 960w, https:\/\/www.floracantabrica.com\/wp-content\/uploads\/2010\/05\/Presentaci\u00f3n36-300x225.jpg 300w\" sizes=\"auto, (max-width: 960px) 100vw, 960px\" \/><\/a><\/strong><\/span><\/p>\n<p><span style=\"font-size: medium;\"><strong>&#8230;&#8230;&#8230;&#8230;&#8230;&#8230;.<\/strong><\/span><\/p>\n<p><span style=\"font-size: medium;\"><strong><a href=\"http:\/\/www.floracantabrica.com\/wp-content\/uploads\/2010\/05\/Presentaci\u00f3n43.jpg\"><img loading=\"lazy\" decoding=\"async\" class=\"aligncenter size-full wp-image-6528\" title=\"Presentaci\u00f3n4\" src=\"http:\/\/www.floracantabrica.com\/wp-content\/uploads\/2010\/05\/Presentaci\u00f3n43.jpg\" alt=\"Presentaci\u00f3n4\" width=\"960\" height=\"720\" srcset=\"https:\/\/www.floracantabrica.com\/wp-content\/uploads\/2010\/05\/Presentaci\u00f3n43.jpg 960w, https:\/\/www.floracantabrica.com\/wp-content\/uploads\/2010\/05\/Presentaci\u00f3n43-300x225.jpg 300w\" sizes=\"auto, (max-width: 960px) 100vw, 960px\" \/><\/a><\/strong><\/span><\/p>\n<p><span style=\"font-size: medium;\"><strong>Ononis trdentata, era abundante pero todav\u00eda no floreci\u00f3<\/strong><\/span><\/p>\n<p><span style=\"font-size: medium;\"><strong>&#8230;&#8230;&#8230;&#8230;&#8230;&#8230;&#8230;&#8230;&#8230;&#8230;..<\/strong><\/span><\/p>\n<p><span style=\"font-size: medium;\"><strong><a href=\"http:\/\/www.floracantabrica.com\/wp-content\/uploads\/2010\/05\/Presentaci\u00f3n5.jpg\"><img loading=\"lazy\" decoding=\"async\" class=\"aligncenter size-full wp-image-6529\" title=\"Presentaci\u00f3n5\" src=\"http:\/\/www.floracantabrica.com\/wp-content\/uploads\/2010\/05\/Presentaci\u00f3n5.jpg\" alt=\"Presentaci\u00f3n5\" width=\"960\" height=\"720\" srcset=\"https:\/\/www.floracantabrica.com\/wp-content\/uploads\/2010\/05\/Presentaci\u00f3n5.jpg 960w, https:\/\/www.floracantabrica.com\/wp-content\/uploads\/2010\/05\/Presentaci\u00f3n5-300x225.jpg 300w\" sizes=\"auto, (max-width: 960px) 100vw, 960px\" \/><\/a><\/strong><\/span><\/p>\n<p><span style=\"font-size: medium;\"><strong>Lepidium subulatum, estaba en flor y era muy abundante,se ve asociado con el tomillo<\/strong><\/span><\/p>\n<p><span style=\"font-size: medium;\"><strong>&#8230;&#8230;&#8230;&#8230;&#8230;..<\/strong><\/span><\/p>\n<p><span style=\"font-size: medium;\">\u00a0<\/span><\/p>\n","protected":false},"excerpt":{"rendered":"<p>Tweet &#8230;&#8230;&#8230;&#8230;&#8230;.. &#8230;&#8230;&#8230;&#8230;&#8230;&#8230;&#8230;&#8230;&#8230;&#8230;&#8230;. &nbsp; &#8230;&#8230;&#8230;&#8230;&#8230;&#8230;&#8230;&#8230;&#8230;&#8230;&#8230;. &nbsp; &#8230;&#8230;&#8230;&#8230;&#8230;&#8230;&#8230;&#8230;. &nbsp; &nbsp; &nbsp; &#8230;&#8230;&#8230;&#8230;&#8230;&#8230;&#8230;&#8230;&#8230;&#8230;&#8230;.. &nbsp; &#8230;&#8230;&#8230;&#8230;&#8230;&#8230;&#8230; &#8230;&#8230;&#8230;&#8230;&#8230;&#8230;.. Teso -&#8230;&#8230;&#8230;&#8230;&#8230;&#8230;&#8230;&#8230;&#8230;&#8230;&#8230;&#8230;.. Comentario sobre la Comarca del Cerrato \u00a0 \u00a0 \u00a0\u00a0\u00a0\u00a0 Por Margarita Fern\u00e1ndez \u00a0 \u00a0 \u00a0 \u00a0 Nos planteamos este viaje\u00a0 con el prop\u00f3sito de resaltar las peculiaridades\u00a0 de esta comarca , que para nosotros es una de las se\u00f1as [&hellip;]<\/p>\n","protected":false},"author":1,"featured_media":0,"comment_status":"open","ping_status":"open","sticky":false,"template":"","format":"standard","meta":{"footnotes":""},"categories":[5,9],"tags":[],"class_list":["post-6358","post","type-post","status-publish","format-standard","hentry","category-etnopaisaje","category-vegetation-ecology"],"_links":{"self":[{"href":"https:\/\/www.floracantabrica.com\/index.php?rest_route=\/wp\/v2\/posts\/6358","targetHints":{"allow":["GET"]}}],"collection":[{"href":"https:\/\/www.floracantabrica.com\/index.php?rest_route=\/wp\/v2\/posts"}],"about":[{"href":"https:\/\/www.floracantabrica.com\/index.php?rest_route=\/wp\/v2\/types\/post"}],"author":[{"embeddable":true,"href":"https:\/\/www.floracantabrica.com\/index.php?rest_route=\/wp\/v2\/users\/1"}],"replies":[{"embeddable":true,"href":"https:\/\/www.floracantabrica.com\/index.php?rest_route=%2Fwp%2Fv2%2Fcomments&post=6358"}],"version-history":[{"count":74,"href":"https:\/\/www.floracantabrica.com\/index.php?rest_route=\/wp\/v2\/posts\/6358\/revisions"}],"predecessor-version":[{"id":29861,"href":"https:\/\/www.floracantabrica.com\/index.php?rest_route=\/wp\/v2\/posts\/6358\/revisions\/29861"}],"wp:attachment":[{"href":"https:\/\/www.floracantabrica.com\/index.php?rest_route=%2Fwp%2Fv2%2Fmedia&parent=6358"}],"wp:term":[{"taxonomy":"category","embeddable":true,"href":"https:\/\/www.floracantabrica.com\/index.php?rest_route=%2Fwp%2Fv2%2Fcategories&post=6358"},{"taxonomy":"post_tag","embeddable":true,"href":"https:\/\/www.floracantabrica.com\/index.php?rest_route=%2Fwp%2Fv2%2Ftags&post=6358"}],"curies":[{"name":"wp","href":"https:\/\/api.w.org\/{rel}","templated":true}]}}