{"id":6161,"date":"2010-05-10T18:24:26","date_gmt":"2010-05-10T16:24:26","guid":{"rendered":"http:\/\/www.floracantabrica.com\/?p=6161"},"modified":"2010-05-11T15:03:30","modified_gmt":"2010-05-11T13:03:30","slug":"chubut-argentina","status":"publish","type":"post","link":"https:\/\/www.floracantabrica.com\/?p=6161","title":{"rendered":"Chubut.Argentina"},"content":{"rendered":"<p><a href=\"http:\/\/twitter.com\/share?url=https%3A%2F%2Fwww.floracantabrica.com%2F%3Fp%3D6161&amp;count=none&amp;lang=es&amp;via=lorencincoreses&amp;related=Mujerverdosa&amp;text=Chubut.Argentina - Flora Cant\u00e1brica\" class=\"twitter-share-button\">Tweet<\/a><\/p><p><a href=\"http:\/\/www.floracantabrica.com\/wp-content\/uploads\/2010\/05\/image00225.jpg\"><img loading=\"lazy\" decoding=\"async\" class=\"aligncenter size-full wp-image-6166\" title=\"image002\" src=\"http:\/\/www.floracantabrica.com\/wp-content\/uploads\/2010\/05\/image00225.jpg\" alt=\"image002\" width=\"548\" height=\"533\" srcset=\"https:\/\/www.floracantabrica.com\/wp-content\/uploads\/2010\/05\/image00225.jpg 548w, https:\/\/www.floracantabrica.com\/wp-content\/uploads\/2010\/05\/image00225-300x291.jpg 300w\" sizes=\"auto, (max-width: 548px) 100vw, 548px\" \/><\/a>&#8230;&#8230;&#8230;&#8230;&#8230;&#8230;&#8230;&#8230;&#8230;..<\/p>\n<p><span style=\"font-size: medium;\">Radal. Lomatia hirsuta<\/span><\/p>\n<p><span style=\"font-size: medium;\">&#8230;&#8230;&#8230;&#8230;&#8230;&#8230;&#8230;&#8230;&#8230;&#8230;<\/span><\/p>\n<p><span style=\"font-size: medium;\">Radal: Lomatia hirsuta<\/span><\/p>\n<p><span style=\"font-size: medium;\">Cohabita con el cipr\u00e9s y el mait\u00e9n.<\/span><\/p>\n<p><span style=\"font-size: medium;\">Se usa como ornamental en Espa\u00f1a.Sus bosques originales fueron quemados<\/span><\/p>\n<p><span style=\"font-size: medium;\">En el siglo XV , con lo que se restringi\u00f3 su uso para le\u00f1a.<\/span><\/p>\n<p><span style=\"font-size: medium;\">Su madera es muy apreciada para muebles y artesan\u00eda.<\/span><\/p>\n<p><span style=\"font-size: medium;\">La corteza llamada llecha\u00a0 \u00f3 rethra se utiliza para te\u00f1ir lana de color caf\u00e9 muy oscuro.<\/span><\/p>\n<p><span style=\"font-size: medium;\">Los pueblos ind\u00edgenas consum\u00edan t\u00e9 de radal para combatir el asma<\/span><\/p>\n<p><span style=\"font-size: medium;\">&#8230;&#8230;&#8230;&#8230;&#8230;&#8230;&#8230;.<\/span><\/p>\n<p><span style=\"font-size: medium;\">.<\/span><\/p>\n<p><span style=\"font-size: medium;\">Por Margarita Fern\u00e1ndez<\/span><\/p>\n<p><span style=\"font-size: medium;\">\u00a0<\/span><\/p>\n<p><span style=\"font-size: medium;\">\u00a0<\/span><\/p>\n<p><span style=\"font-size: medium;\">\u00a0<\/span><\/p>\n<p><span style=\"font-size: medium;\">Despu\u00e9s del reportaje dedicado a Chile, la curiosidad me llev\u00f3 a Argentina por razones de proximidad con el pa\u00eds antes citado .<\/span><\/p>\n<p><span style=\"font-size: medium;\">Pienso que los primeros pobladores de la Patagonia Argentina (a la que pertenece la provincia de Chubut)\u00a0 fueron los Clovis que as\u00ed mismo son considerados como los primeros pobladores de la Patagonia chilena de la que partieron hacia Argentina quiz\u00e1s a trav\u00e9s de los m\u00faltiples canales de la costa del pacifico sur. Despu\u00e9s llegaron los tehuelches y dominaron la zona durante a\u00f1os.<\/span><\/p>\n<p><span style=\"font-size: medium;\">A continuaci\u00f3n los mapuches tambi\u00e9n procedentes de Chile y por ultimo los araucanos\u2026aunque a mi me resulta dificil tomar partido por\u00a0 unas de las teorias\u00a0\u00a0 que alimentan las controversias que sobre estas migraciones existen.<\/span><\/p>\n<p><span style=\"font-size: medium;\">Su capital actual es Rawsom\u00a0 y la\u00a0 ciudad m\u00e1s populosa es Comodoro Ribadavia.<\/span><\/p>\n<p><span style=\"font-size: medium;\">Junto a la cordillera andina conviven con\u00edferas y \u00e1rboles como<\/span><\/p>\n<p><span style=\"font-size: medium;\">El Notro: Embothrium coccineum<\/span><\/p>\n<p><span style=\"font-size: medium;\">El \u00d1ire: Nothofagus antartica<\/span><\/p>\n<p><span style=\"font-size: medium;\">E lenga: Nothofagus pumillo<\/span><\/p>\n<p><span style=\"font-size: medium;\">El radal: Lomatia hirsuta<\/span><\/p>\n<p><span style=\"font-size: medium;\">El Mait\u00e9n: Maytenus boaria<\/span><\/p>\n<p><span style=\"font-size: medium;\">El rauli: Nothofagus alpina<\/span><\/p>\n<p><span style=\"font-size: medium;\">\u00a0&#8230;&#8230;&#8230;&#8230;&#8230;&#8230;&#8230;&#8230;&#8230;&#8230;&#8230;&#8230;&#8230;&#8230;&#8230;&#8230;&#8230;&#8230;&#8230;&#8230;&#8230;&#8230;&#8230;&#8230;..<\/span><\/p>\n<p><span style=\"font-size: medium;\"><a href=\"http:\/\/www.floracantabrica.com\/wp-content\/uploads\/2010\/05\/image00224.jpg\"><img loading=\"lazy\" decoding=\"async\" class=\"aligncenter size-full wp-image-6162\" title=\"image002\" src=\"http:\/\/www.floracantabrica.com\/wp-content\/uploads\/2010\/05\/image00224.jpg\" alt=\"image002\" width=\"831\" height=\"588\" srcset=\"https:\/\/www.floracantabrica.com\/wp-content\/uploads\/2010\/05\/image00224.jpg 831w, https:\/\/www.floracantabrica.com\/wp-content\/uploads\/2010\/05\/image00224-300x212.jpg 300w\" sizes=\"auto, (max-width: 831px) 100vw, 831px\" \/><\/a><\/span><\/p>\n<p><span style=\"font-size: medium;\">\u00a0&#8230;&#8230;&#8230;&#8230;&#8230;&#8230;&#8230;&#8230;&#8230;&#8230;&#8230;&#8230;&#8230;&#8230;&#8230;&#8230;<\/span><\/p>\n<p><span style=\"font-size: medium;\"><a href=\"http:\/\/www.floracantabrica.com\/wp-content\/uploads\/2010\/05\/image001.gif\"><img loading=\"lazy\" decoding=\"async\" class=\"aligncenter size-full wp-image-6164\" title=\"image001\" src=\"http:\/\/www.floracantabrica.com\/wp-content\/uploads\/2010\/05\/image001.gif\" alt=\"image001\" width=\"470\" height=\"446\" srcset=\"https:\/\/www.floracantabrica.com\/wp-content\/uploads\/2010\/05\/image001.gif 470w, https:\/\/www.floracantabrica.com\/wp-content\/uploads\/2010\/05\/image001-300x284.gif 300w\" sizes=\"auto, (max-width: 470px) 100vw, 470px\" \/><\/a><\/span><\/p>\n<p><span style=\"font-size: medium;\">&#8230;&#8230;&#8230;&#8230;&#8230;&#8230;&#8230;&#8230;&#8230;&#8230;&#8230;&#8230;&#8230;&#8230;.<\/span><\/p>\n<p><span style=\"font-size: medium;\"><a href=\"http:\/\/www.floracantabrica.com\/wp-content\/uploads\/2010\/05\/image001.jpg\"><img loading=\"lazy\" decoding=\"async\" class=\"aligncenter size-full wp-image-6165\" title=\"image001\" src=\"http:\/\/www.floracantabrica.com\/wp-content\/uploads\/2010\/05\/image001.jpg\" alt=\"image001\" width=\"800\" height=\"534\" srcset=\"https:\/\/www.floracantabrica.com\/wp-content\/uploads\/2010\/05\/image001.jpg 800w, https:\/\/www.floracantabrica.com\/wp-content\/uploads\/2010\/05\/image001-300x200.jpg 300w\" sizes=\"auto, (max-width: 800px) 100vw, 800px\" \/><\/a><\/span><\/p>\n<p><span style=\"font-size: medium;\">&#8230;&#8230;&#8230;&#8230;&#8230;&#8230;&#8230;&#8230;&#8230;&#8230;&#8230;.<\/span><\/p>\n<p><span style=\"font-size: medium;\">Radal<\/span><\/p>\n<p><span style=\"font-size: medium;\">&#8230;&#8230;&#8230;&#8230;&#8230;&#8230;&#8230;&#8230;&#8230;&#8230;&#8230;&#8230;&#8230;&#8230;..<\/span><\/p>\n<p><span style=\"font-size: medium;\"><a href=\"http:\/\/www.floracantabrica.com\/wp-content\/uploads\/2010\/05\/image0012.jpg\"><img loading=\"lazy\" decoding=\"async\" class=\"aligncenter size-full wp-image-6169\" title=\"image001\" src=\"http:\/\/www.floracantabrica.com\/wp-content\/uploads\/2010\/05\/image0012.jpg\" alt=\"image001\" width=\"600\" height=\"450\" srcset=\"https:\/\/www.floracantabrica.com\/wp-content\/uploads\/2010\/05\/image0012.jpg 600w, https:\/\/www.floracantabrica.com\/wp-content\/uploads\/2010\/05\/image0012-300x225.jpg 300w\" sizes=\"auto, (max-width: 600px) 100vw, 600px\" \/><\/a><\/span><\/p>\n<p><span style=\"font-size: medium;\">&#8230;&#8230;&#8230;&#8230;&#8230;&#8230;&#8230;&#8230;&#8230;&#8230;&#8230;&#8230;&#8230;<\/span><\/p>\n<p><span style=\"font-size: medium;\">Rauli<\/span><\/p>\n<p><span style=\"font-size: medium;\">&#8230;&#8230;&#8230;&#8230;&#8230;&#8230;&#8230;&#8230;<\/span><\/p>\n<p>\u00a0<span style=\"font-size: medium;\">El Raul\u00ed: Nothofagus alpina.<\/span><\/p>\n<p><span style=\"font-size: medium;\">Su madera tiene una excelente cotizaci\u00f3n y tambien se emplea en la construccion de las viviendas rurales que suelen ser chozas aunque ya muy evolucionadas.<\/span><\/p>\n<p><span style=\"font-size: medium;\">Se hibrida con el roble<\/span><\/p>\n<p><span style=\"font-size: medium;\">&#8230;&#8230;&#8230;&#8230;&#8230;&#8230;&#8230;&#8230;&#8230;.<\/span><\/p>\n<p><span style=\"font-size: medium;\"><a href=\"http:\/\/www.floracantabrica.com\/wp-content\/uploads\/2010\/05\/image0014.jpg\"><img loading=\"lazy\" decoding=\"async\" class=\"aligncenter size-full wp-image-6171\" title=\"image001\" src=\"http:\/\/www.floracantabrica.com\/wp-content\/uploads\/2010\/05\/image0014.jpg\" alt=\"image001\" width=\"600\" height=\"450\" srcset=\"https:\/\/www.floracantabrica.com\/wp-content\/uploads\/2010\/05\/image0014.jpg 600w, https:\/\/www.floracantabrica.com\/wp-content\/uploads\/2010\/05\/image0014-300x225.jpg 300w\" sizes=\"auto, (max-width: 600px) 100vw, 600px\" \/><\/a><\/span><\/p>\n<p><span style=\"font-size: medium;\">,,,,,,,,,,,,,,,,,,,,,,,,,,,,<\/span><\/p>\n<p><span style=\"font-size: medium;\">Notro.Embothrium coccineum<\/span><\/p>\n<p><span style=\"font-size: medium;\">&#8230;&#8230;&#8230;&#8230;&#8230;&#8230;&#8230;&#8230;&#8230;&#8230;&#8230;&#8230;&#8230;&#8230;&#8230;&#8230;&#8230;&#8230;..<\/span><\/p>\n<p><span style=\"font-size: medium;\"><a href=\"http:\/\/www.floracantabrica.com\/wp-content\/uploads\/2010\/05\/image0015.jpg\"><img loading=\"lazy\" decoding=\"async\" class=\"aligncenter size-full wp-image-6172\" title=\"image001\" src=\"http:\/\/www.floracantabrica.com\/wp-content\/uploads\/2010\/05\/image0015.jpg\" alt=\"image001\" width=\"325\" height=\"433\" srcset=\"https:\/\/www.floracantabrica.com\/wp-content\/uploads\/2010\/05\/image0015.jpg 325w, https:\/\/www.floracantabrica.com\/wp-content\/uploads\/2010\/05\/image0015-225x300.jpg 225w\" sizes=\"auto, (max-width: 325px) 100vw, 325px\" \/><\/a><\/span><\/p>\n<p><span style=\"font-size: medium;\">&#8230;&#8230;&#8230;&#8230;&#8230;<\/span><\/p>\n<p><span style=\"font-size: medium;\"><a href=\"http:\/\/www.floracantabrica.com\/wp-content\/uploads\/2010\/05\/image00226.jpg\"><img loading=\"lazy\" decoding=\"async\" class=\"aligncenter size-full wp-image-6173\" title=\"image002\" src=\"http:\/\/www.floracantabrica.com\/wp-content\/uploads\/2010\/05\/image00226.jpg\" alt=\"image002\" width=\"708\" height=\"531\" srcset=\"https:\/\/www.floracantabrica.com\/wp-content\/uploads\/2010\/05\/image00226.jpg 708w, https:\/\/www.floracantabrica.com\/wp-content\/uploads\/2010\/05\/image00226-300x225.jpg 300w\" sizes=\"auto, (max-width: 708px) 100vw, 708px\" \/><\/a><\/span><\/p>\n<p><span style=\"font-size: medium;\">&#8230;&#8230;&#8230;&#8230;&#8230;&#8230;&#8230;<\/span><\/p>\n<p><span style=\"font-size: medium;\"><a href=\"http:\/\/www.floracantabrica.com\/wp-content\/uploads\/2010\/05\/image00227.jpg\"><img loading=\"lazy\" decoding=\"async\" class=\"aligncenter size-full wp-image-6174\" title=\"image002\" src=\"http:\/\/www.floracantabrica.com\/wp-content\/uploads\/2010\/05\/image00227.jpg\" alt=\"image002\" width=\"692\" height=\"939\" srcset=\"https:\/\/www.floracantabrica.com\/wp-content\/uploads\/2010\/05\/image00227.jpg 692w, https:\/\/www.floracantabrica.com\/wp-content\/uploads\/2010\/05\/image00227-221x300.jpg 221w\" sizes=\"auto, (max-width: 692px) 100vw, 692px\" \/><\/a><\/span><\/p>\n<p><span style=\"font-size: medium;\">&#8230;&#8230;&#8230;&#8230;&#8230;&#8230;&#8230;.<\/span><\/p>\n<p><span style=\"font-size: medium;\">Maiten.Maytenus boaria<\/span><\/p>\n<p><span style=\"font-size: medium;\">&#8230;&#8230;&#8230;&#8230;&#8230;&#8230;&#8230;<\/span><\/p>\n<p><span style=\"font-size: medium;\"><a href=\"http:\/\/www.floracantabrica.com\/wp-content\/uploads\/2010\/05\/image00228.jpg\"><img loading=\"lazy\" decoding=\"async\" class=\"aligncenter size-full wp-image-6175\" title=\"image002\" src=\"http:\/\/www.floracantabrica.com\/wp-content\/uploads\/2010\/05\/image00228.jpg\" alt=\"image002\" width=\"622\" height=\"533\" srcset=\"https:\/\/www.floracantabrica.com\/wp-content\/uploads\/2010\/05\/image00228.jpg 622w, https:\/\/www.floracantabrica.com\/wp-content\/uploads\/2010\/05\/image00228-300x257.jpg 300w\" sizes=\"auto, (max-width: 622px) 100vw, 622px\" \/><\/a><\/span><\/p>\n<p><span style=\"font-size: medium;\">&#8230;&#8230;&#8230;&#8230;&#8230;&#8230;&#8230;&#8230;.<\/span><\/p>\n<p>El Mait\u00e9n: Maytenus boaria<\/p>\n<p><span style=\"font-size: medium;\">Es un \u00e1rbol mel\u00edfero, tambi\u00e9n se usa para obtener le\u00f1a, carb\u00f3n vegetal y sus hojas alimentan el ganado que las busca intensivamente , podr\u00edamos decir que \u201cramonean\u00a0 las ramas m\u00e1s bajas\u201d, como dir\u00eda el ec\u00f3logo y bot\u00e1nico espa\u00f1ol Pedro Montserrat<\/span><\/p>\n<p><span style=\"font-size: medium;\">&#8230;&#8230;&#8230;&#8230;&#8230;&#8230;&#8230;&#8230;&#8230;&#8230;&#8230;&#8230;&#8230;..<\/span><\/p>\n<p><span style=\"font-size: medium;\"><a href=\"http:\/\/www.floracantabrica.com\/wp-content\/uploads\/2010\/05\/image0016.jpg\"><img loading=\"lazy\" decoding=\"async\" class=\"aligncenter size-full wp-image-6176\" title=\"image001\" src=\"http:\/\/www.floracantabrica.com\/wp-content\/uploads\/2010\/05\/image0016.jpg\" alt=\"image001\" width=\"640\" height=\"480\" srcset=\"https:\/\/www.floracantabrica.com\/wp-content\/uploads\/2010\/05\/image0016.jpg 640w, https:\/\/www.floracantabrica.com\/wp-content\/uploads\/2010\/05\/image0016-300x225.jpg 300w\" sizes=\"auto, (max-width: 640px) 100vw, 640px\" \/><\/a><\/span><\/p>\n<p><span style=\"font-size: medium;\">&#8230;&#8230;&#8230;&#8230;&#8230;&#8230;&#8230;&#8230;&#8230;&#8230;<\/span><\/p>\n<p><span style=\"font-size: medium;\">\u00d1ire.Nothofagus antarctica<\/span><\/p>\n<p><span style=\"font-size: medium;\">&#8230;&#8230;&#8230;&#8230;&#8230;&#8230;&#8230;<\/span><\/p>\n<p><span style=\"font-size: medium;\">El \u00d1ire, Nothofagus antarctico, es un peque\u00f1o \u00e1rbol con varios troncos que brotan de una cepa com\u00fan y a menudo tiene las ramas de un l\u00edquen llamado \u201cbarba de viejo\u201d\u00a0 y que probablemente se trata de una Usnea<\/span><\/p>\n<p><span style=\"font-size: medium;\">&#8230;&#8230;&#8230;&#8230;&#8230;&#8230;&#8230;.<\/span><\/p>\n<p><span style=\"font-size: medium;\">\u00a0<a href=\"http:\/\/www.floracantabrica.com\/wp-content\/uploads\/2010\/05\/image00232.jpg\"><img loading=\"lazy\" decoding=\"async\" class=\"aligncenter size-full wp-image-6200\" title=\"image002\" src=\"http:\/\/www.floracantabrica.com\/wp-content\/uploads\/2010\/05\/image00232.jpg\" alt=\"image002\" width=\"781\" height=\"1099\" srcset=\"https:\/\/www.floracantabrica.com\/wp-content\/uploads\/2010\/05\/image00232.jpg 781w, https:\/\/www.floracantabrica.com\/wp-content\/uploads\/2010\/05\/image00232-213x300.jpg 213w, https:\/\/www.floracantabrica.com\/wp-content\/uploads\/2010\/05\/image00232-727x1024.jpg 727w\" sizes=\"auto, (max-width: 781px) 100vw, 781px\" \/><\/a><\/span><\/p>\n<p><span style=\"font-size: medium;\">Indigena.Patagonia<\/span><\/p>\n<p><span style=\"font-size: medium;\">&#8230;&#8230;&#8230;&#8230;&#8230;&#8230;..<\/span><\/p>\n<p><span style=\"font-size: medium;\"><a href=\"http:\/\/www.floracantabrica.com\/wp-content\/uploads\/2010\/05\/image00233.jpg\"><img loading=\"lazy\" decoding=\"async\" class=\"aligncenter size-full wp-image-6201\" title=\"image002\" src=\"http:\/\/www.floracantabrica.com\/wp-content\/uploads\/2010\/05\/image00233.jpg\" alt=\"image002\" width=\"831\" height=\"474\" srcset=\"https:\/\/www.floracantabrica.com\/wp-content\/uploads\/2010\/05\/image00233.jpg 831w, https:\/\/www.floracantabrica.com\/wp-content\/uploads\/2010\/05\/image00233-300x171.jpg 300w\" sizes=\"auto, (max-width: 831px) 100vw, 831px\" \/><\/a><\/span><\/p>\n<p><span style=\"font-size: medium;\">&#8230;&#8230;&#8230;&#8230;&#8230;&#8230;&#8230;&#8230;&#8230;&#8230;&#8230;&#8230;.<\/span><\/p>\n<p><span style=\"font-size: medium;\">Mujeres de la Patagonia<\/span><\/p>\n<p><span style=\"font-size: medium;\">&#8230;&#8230;&#8230;&#8230;&#8230;&#8230;&#8230;&#8230;&#8230;&#8230;&#8230;&#8230;&#8230;&#8230;&#8230;&#8230;&#8230;&#8230;..<\/span><\/p>\n<p><span style=\"font-size: medium;\">\u00a0<\/span><\/p>\n<p><span style=\"font-size: medium;\">\u00a0<\/span><\/p>\n<p><span style=\"font-size: medium;\">\u00a0<\/span><\/p>\n","protected":false},"excerpt":{"rendered":"<p>Tweet&#8230;&#8230;&#8230;&#8230;&#8230;&#8230;&#8230;&#8230;&#8230;.. Radal. Lomatia hirsuta &#8230;&#8230;&#8230;&#8230;&#8230;&#8230;&#8230;&#8230;&#8230;&#8230; Radal: Lomatia hirsuta Cohabita con el cipr\u00e9s y el mait\u00e9n. Se usa como ornamental en Espa\u00f1a.Sus bosques originales fueron quemados En el siglo XV , con lo que se restringi\u00f3 su uso para le\u00f1a. Su madera es muy apreciada para muebles y artesan\u00eda. La corteza llamada llecha\u00a0 \u00f3 rethra se [&hellip;]<\/p>\n","protected":false},"author":1,"featured_media":0,"comment_status":"open","ping_status":"open","sticky":false,"template":"","format":"standard","meta":{"footnotes":""},"categories":[5],"tags":[],"class_list":["post-6161","post","type-post","status-publish","format-standard","hentry","category-etnopaisaje"],"_links":{"self":[{"href":"https:\/\/www.floracantabrica.com\/index.php?rest_route=\/wp\/v2\/posts\/6161","targetHints":{"allow":["GET"]}}],"collection":[{"href":"https:\/\/www.floracantabrica.com\/index.php?rest_route=\/wp\/v2\/posts"}],"about":[{"href":"https:\/\/www.floracantabrica.com\/index.php?rest_route=\/wp\/v2\/types\/post"}],"author":[{"embeddable":true,"href":"https:\/\/www.floracantabrica.com\/index.php?rest_route=\/wp\/v2\/users\/1"}],"replies":[{"embeddable":true,"href":"https:\/\/www.floracantabrica.com\/index.php?rest_route=%2Fwp%2Fv2%2Fcomments&post=6161"}],"version-history":[{"count":8,"href":"https:\/\/www.floracantabrica.com\/index.php?rest_route=\/wp\/v2\/posts\/6161\/revisions"}],"predecessor-version":[{"id":6180,"href":"https:\/\/www.floracantabrica.com\/index.php?rest_route=\/wp\/v2\/posts\/6161\/revisions\/6180"}],"wp:attachment":[{"href":"https:\/\/www.floracantabrica.com\/index.php?rest_route=%2Fwp%2Fv2%2Fmedia&parent=6161"}],"wp:term":[{"taxonomy":"category","embeddable":true,"href":"https:\/\/www.floracantabrica.com\/index.php?rest_route=%2Fwp%2Fv2%2Fcategories&post=6161"},{"taxonomy":"post_tag","embeddable":true,"href":"https:\/\/www.floracantabrica.com\/index.php?rest_route=%2Fwp%2Fv2%2Ftags&post=6161"}],"curies":[{"name":"wp","href":"https:\/\/api.w.org\/{rel}","templated":true}]}}