{"id":59906,"date":"2026-01-26T18:59:00","date_gmt":"2026-01-26T16:59:00","guid":{"rendered":"https:\/\/www.floracantabrica.com\/?p=59906"},"modified":"2026-01-26T18:59:05","modified_gmt":"2026-01-26T16:59:05","slug":"rerum-novarum-papa-leon-xiii","status":"publish","type":"post","link":"https:\/\/www.floracantabrica.com\/?p=59906","title":{"rendered":"Rerum Novarum\u00a0Papa Le\u00f3n XIII"},"content":{"rendered":"<p><a href=\"http:\/\/twitter.com\/share?url=https%3A%2F%2Fwww.floracantabrica.com%2F%3Fp%3D59906&amp;count=none&amp;lang=es&amp;via=lorencincoreses&amp;related=Mujerverdosa&amp;text=Rerum Novarum\u00a0Papa Le\u00f3n XIII - Flora Cant\u00e1brica\" class=\"twitter-share-button\">Tweet<\/a><\/p><p><em>Rerum Novarum<\/em>\u00a0significa\u00a0\u00bb se refiere a la primera enc\u00edclica social de la Iglesia Cat\u00f3lica, publicada por el Papa Le\u00f3n XIII en 1891, que aborda la\u00a0<strong>condici\u00f3n de los trabajadores<\/strong>\u00a0tras la Revoluci\u00f3n Industrial, defendiendo el derecho a la propiedad privada, la justicia social, el salario justo y la formaci\u00f3n de sindicatos, marcando el inicio de la Doctrina Social de la Iglesia.<span data-animation-atomic=\"\" data-wiz-attrbind=\"class=rkwVYd_c\/TKHnVd\">\u00a0<\/span><\/p>\n","protected":false},"excerpt":{"rendered":"<p>TweetRerum Novarum\u00a0significa\u00a0\u00bb se refiere a la primera enc\u00edclica social de la Iglesia Cat\u00f3lica, publicada por el Papa Le\u00f3n XIII en 1891, que aborda la\u00a0condici\u00f3n de los trabajadores\u00a0tras la Revoluci\u00f3n Industrial, defendiendo el derecho a la propiedad privada, la justicia social, el salario justo y la formaci\u00f3n de sindicatos, marcando el inicio de la Doctrina Social [&hellip;]<\/p>\n","protected":false},"author":1,"featured_media":0,"comment_status":"open","ping_status":"open","sticky":false,"template":"","format":"standard","meta":{"footnotes":""},"categories":[1],"tags":[],"class_list":["post-59906","post","type-post","status-publish","format-standard","hentry","category-flora"],"_links":{"self":[{"href":"https:\/\/www.floracantabrica.com\/index.php?rest_route=\/wp\/v2\/posts\/59906","targetHints":{"allow":["GET"]}}],"collection":[{"href":"https:\/\/www.floracantabrica.com\/index.php?rest_route=\/wp\/v2\/posts"}],"about":[{"href":"https:\/\/www.floracantabrica.com\/index.php?rest_route=\/wp\/v2\/types\/post"}],"author":[{"embeddable":true,"href":"https:\/\/www.floracantabrica.com\/index.php?rest_route=\/wp\/v2\/users\/1"}],"replies":[{"embeddable":true,"href":"https:\/\/www.floracantabrica.com\/index.php?rest_route=%2Fwp%2Fv2%2Fcomments&post=59906"}],"version-history":[{"count":1,"href":"https:\/\/www.floracantabrica.com\/index.php?rest_route=\/wp\/v2\/posts\/59906\/revisions"}],"predecessor-version":[{"id":59907,"href":"https:\/\/www.floracantabrica.com\/index.php?rest_route=\/wp\/v2\/posts\/59906\/revisions\/59907"}],"wp:attachment":[{"href":"https:\/\/www.floracantabrica.com\/index.php?rest_route=%2Fwp%2Fv2%2Fmedia&parent=59906"}],"wp:term":[{"taxonomy":"category","embeddable":true,"href":"https:\/\/www.floracantabrica.com\/index.php?rest_route=%2Fwp%2Fv2%2Fcategories&post=59906"},{"taxonomy":"post_tag","embeddable":true,"href":"https:\/\/www.floracantabrica.com\/index.php?rest_route=%2Fwp%2Fv2%2Ftags&post=59906"}],"curies":[{"name":"wp","href":"https:\/\/api.w.org\/{rel}","templated":true}]}}