{"id":5980,"date":"2010-05-02T21:22:36","date_gmt":"2010-05-02T19:22:36","guid":{"rendered":"http:\/\/www.floracantabrica.com\/?p=5980"},"modified":"2010-05-02T21:22:36","modified_gmt":"2010-05-02T19:22:36","slug":"biological-conservationgapsoverlaps-and-contradictions-land-management","status":"publish","type":"post","link":"https:\/\/www.floracantabrica.com\/?p=5980","title":{"rendered":"Biological conservation:gaps,overlaps and contradictions.LAND MANAGEMENT"},"content":{"rendered":"<p><a href=\"http:\/\/twitter.com\/share?url=https%3A%2F%2Fwww.floracantabrica.com%2F%3Fp%3D5980&amp;count=none&amp;lang=es&amp;via=lorencincoreses&amp;related=Mujerverdosa&amp;text=Biological conservation:gaps,overlaps and contradictions.LAND MANAGEMENT - Flora Cant\u00e1brica\" class=\"twitter-share-button\">Tweet<\/a><\/p><p>\u00a0<\/p>\n<p>\u00a0<\/p>\n<p>&#8230;<\/p>\n<p><strong><span style=\"font-size: medium;\">Biodiversidad<\/span><\/strong><\/p>\n<p><span style=\"font-size: medium;\">Biodiversidad\u00a0 es el vocablo acu\u00f1ado por el entom\u00f3logo Eduard O. Wilson, como un intento por sintetizar los conceptos diversidad-biol\u00f3gica. La biodiversidad se empieza a utilizar dentro del lenguaje cient\u00edfico a partir de 1986 y, desde esa fecha, ha invadido pr\u00e1cticamente todos los \u00e1mbitos del quehacer humano<em>\u00a0<\/em><\/span><\/p>\n<p><em><span style=\"font-size: medium;\">\u00a0<\/span><\/em><\/p>\n<p><span style=\"font-size: medium;\">\u00bfPor qu\u00e9 el inter\u00e9s creciente en la biodiversidad? Por una parte la riqueza en plantas y animales tiene un valor incalculable: es el patrimonio natural. Patrimonio que es resultado de la evoluci\u00f3n, por lo tanto de un proceso hist\u00f3rico, que ha ocurrido en el tiempo, irrepetible en las mismas condiciones. Pero adem\u00e1s la p\u00e9rdida de diversidad por simplificaci\u00f3n de los ecosistemas y en los \u00faltimos a\u00f1os por introducci\u00f3n de subproductos t\u00f3xicos, es el m\u00e1s importante e irreversible efecto directo o indirecto de \u00a0las actividades humanas.Los ecosistemas modificados por el hombre no forzosamente pierden productividad en biomasa, pero pr\u00e1cticamente en todas las ocasiones pierden diversidad<\/span><\/p>\n<p><span style=\"font-size: medium;\">\u00a0<\/span><\/p>\n<p><span style=\"font-size: medium;\">A trav\u00e9s de miles de millones de a\u00f1os, los organismos que han poblado la Tierra se han transformado, han surgido nuevas especies y muchas otras han desaparecido. Como producto de estas transformaciones, nuestro planeta ha atesorado un recurso muy valioso, la biodiversidad. As\u00ed, la biodiversidad se entiende como el resultado de la evoluci\u00f3n, expresada en las diferentes formas y modos de ser y de vivir. La selecci\u00f3n natural, las mutaciones y la recombinaci\u00f3n gen\u00e9tica son factores determinantes para la existencia de la diversidad en los diferentes momentos y lugares. La diversidad se manifiesta en todas las formas vivas, todos los niveles de organizaci\u00f3n la presentan.<\/span><\/p>\n<p><span style=\"font-size: medium;\">\u00a0\u00a0\u00a0\u00a0 El t\u00e9rmino biodiversidad puede entenderse como una entidad formada por tres conceptos fundamentales: la diversidad gen\u00e9tica, la diversidad de especies y la diversidad de los ecosistemas.<\/span><\/p>\n<p><span style=\"font-size: medium;\">\u00a0\u00a0En nuestra Tierra existen biomas, es decir, regiones habitadas por ciertos tipos de vida entre las que podemos encontrar: los bosques, los desiertos, la tundra, el arrecife o los pastizales<strong>.<\/strong><\/span><\/p>\n<p><span style=\"font-size: medium;\">\u00a0<\/span><\/p>\n<p><span style=\"font-size: medium;\">Hemos de reconocer asimismo la estrecha dependencia existente entre las comunidades humanas y la biodiversidad local, como se puso de manifiesto en la Cumbre celebrada en R\u00edo de Janeiro en 1992. Muchas de estas sociedades tienen su sistema de vida basado en una explotaci\u00f3n cuidadosa y equitativa de los recursos naturales. El desarraigo de estas poblaciones de su medio comporta graves alteraciones tanto para los individuos como para los ecosistemas, que pasan en ocasiones a ser explotados por colectivos sociales sin ninguna vinculaci\u00f3n ni tradici\u00f3n cultural de explotaci\u00f3n de esos recursos naturales.<\/span><\/p>\n<p><span style=\"font-size: medium;\">\u00a0<\/span><\/p>\n<p><span style=\"font-size: medium;\">Uno de los problemas ambientales m\u00e1s importantes hoy en d\u00eda es la perdida de biodiversidad principalmente por el cambio en los usos del suelo. Por ello, para su mantenimiento es necesaria una gesti\u00f3n desde el punto de vista de ordenaci\u00f3n del territorio a trav\u00e9s del mantenimiento del mosaico adecuado de manchas de ecosistemas en el \u00a0paisaje.<\/span><\/p>\n<p><strong><span style=\"font-size: medium;\">\u00a0<\/span><\/strong><\/p>\n<p><strong><span style=\"font-size: medium;\">\u00a0<\/span><\/strong><\/p>\n<h3><span style=\"font-size: medium;\">EL CONVENIO SOBRE DIVERSIDAD BIOL\u00d3GICA<\/span><\/h3>\n<p><span style=\"font-size: medium;\">Los recursos biol\u00f3gicos de la tierra son fundamentales para el desarrollo econ\u00f3mico y social de la humanidad, como consecuencia de ello existe un reconocimiento cada vez mayor de la biodiversidad como patrimonio mundial de valor inestimable para la supervivencia de las generaciones presentes y futuras. Esto fue reconocido en la Cumbre de la Tierra celebrada en R\u00edo de Janeiro, en junio de 1992, cuando se present\u00f3 a firma el Convenio sobre Diversidad Biol\u00f3gica (CDB). Este acuerdo mundial destaca que la conservaci\u00f3n de la diversidad biol\u00f3gica debe ser y es una preocupaci\u00f3n com\u00fan de la humanidad y parte integral del desarrollo sostenible. El CDB es un acuerdo \u00fanico y sin precedentes ya que incluye todos los aspectos de la diversidad biol\u00f3gica: recursos gen\u00e9ticos, especies y ecosistemas.<\/span><\/p>\n<p><span style=\"font-size: medium;\">Los objetivos del Convenio son:<\/span><\/p>\n<ol>\n<li><span style=\"font-size: medium;\">La conservaci\u00f3n de la diversidad biol\u00f3gica. <\/span><\/li>\n<li><span style=\"font-size: medium;\">La utilizaci\u00f3n sostenible de sus componentes. <\/span><\/li>\n<li><span style=\"font-size: medium;\">La distribuci\u00f3n justa y equitativa de los beneficios derivados de la utilizaci\u00f3n de los recursos gen\u00e9ticos. <\/span><\/li>\n<\/ol>\n<p><span style=\"font-size: medium;\">La diversidad biol\u00f3gica (biodiversidad) es fundamental para preservar la vida en la Tierra y tiene importantes valores sociales, econ\u00f3micos, cient\u00edficos, educativos, culturales, recreativos y est\u00e9ticos. Adem\u00e1s de su valor intr\u00ednseco, la biodiversidad determina nuestra capacidad de adaptaci\u00f3n al cambio. Una biodiversidad adecuada limita los potenciales efectos catastr\u00f3ficos de fen\u00f3menos tales como el cambio clim\u00e1tico o las plagas de par\u00e1sitos. Es esencial para mantener la viabilidad a largo plazo de la agricultura y la pesca con miras a la producci\u00f3n alimentaria. Finalmente, la biodiversidad ofrece a menudo soluciones a los problemas existentes en materia de contaminaci\u00f3n y enfermedades.<\/span><\/p>\n<p><span style=\"font-size: medium;\">\u00a0<\/span><\/p>\n<p><span style=\"font-size: medium;\">\u00a0Segun un informe sobre la evaluaci\u00f3n de la biodiversidad mundial (Global Biodiversity Assessment) del PNUMA(Progama de las Naciones Unidas par el Medio Ambiente), la diversidad biol\u00f3gica del planeta est\u00e1 disminuyendo a un ritmo m\u00e1s r\u00e1pido que en cualquier \u00e9poca pasada. La situaci\u00f3n en Europa tambi\u00e9n es preocupante. La rica biodiversidad de la Uni\u00f3n Europea ha sido lentamente modificada a lo largo de los siglos por la actividad humana, cuya influencia se ha intensificado dr\u00e1sticamente en las \u00faltimas d\u00e9cadas. La evaluaci\u00f3n del PNUMA confirma que, en algunos pa\u00edses europeos, hasta el 24% de las especies de algunos grupos, como mariposas, aves y mam\u00edferos, se ha extinguido a nivel nacional.<\/span><\/p>\n<p><span style=\"font-size: medium;\">\u00a0<\/span><\/p>\n<p><span style=\"font-size: medium;\">\u00a0Las causas de la regresi\u00f3n de la biodiversidad en Europa apuntan la posibilidad de una aceleraci\u00f3n de la misma si no se toman medidas. La Agencia Europea de Medio Ambiente se\u00f1ala en su \u201cDobris Assessment\u201d que \u201cel retroceso de la biodiversidad en muchas regiones de Europa obedece fundamentalmente a unas formas de uso del suelo en la agricultura y la silvicultura extremadamente intensivas y parcialmente industriales, a una creciente fragmentaci\u00f3n de los h\u00e1bitats\u00a0 naturales restantes debido a la infraestructura, la urbanizaci\u00f3n y el turismo de masas, as\u00ed como a la contaminaci\u00f3n de las aguas y la atm\u00f3sfera. La tasa de p\u00e9rdida de biodiversidad muestra una tendencia mucho m\u00e1s acusada al alza que a la estabilizaci\u00f3n\u201d.<\/span><\/p>\n<p><span style=\"font-size: medium;\">\u00a0<\/span><\/p>\n<p><span style=\"font-size: medium;\">La degradaci\u00f3n continua de los h\u00e1bitats naturales y las amenazas que se ciernen sobre determinadas especies constituyen una preocupaci\u00f3n primordial de la pol\u00edtica de medio ambiente de la Uni\u00f3n Europea (UE). La denominada \u00abDirectiva H\u00e1bitats\u00bb, pretende contribuir al mantenimiento de la biodiversidad en los Estados miembros definiendo un marco com\u00fan para conservaci\u00f3n de la fauna y la flora silvestre y los h\u00e1bitats de inter\u00e9s comunitario, Para ello, se ha creado una red ecol\u00f3gica de zonas especiales de conservaci\u00f3n, denominada \u00abNatura 2000\u00bb.<\/span><\/p>\n<p><strong><span style=\"font-size: medium;\">\u00a0<\/span><\/strong><\/p>\n<p><span style=\"font-size: medium;\">Los Anexos I (tipos de h\u00e1bitats naturales de inter\u00e9s comunitario) y II (especies animales y vegetales de inter\u00e9s comunitario) de la Directiva ofrecen indicaciones sobre los tipos de h\u00e1bitats y especies cuya conservaci\u00f3n requiere la designaci\u00f3n de zonas especiales de conservaci\u00f3n. Algunos de ellos se definen como tipos de h\u00e1bitats o de especies \u00abprioritarios\u00bb (en peligro de desaparici\u00f3n).<\/span><\/p>\n<p><span style=\"font-size: medium;\">Su finalidad es asegurar la supervivencia a largo plazo de las especies y los h\u00e1bitats m\u00e1s amenazados de Europa, contribuyendo a detener la p\u00e9rdida de biodiversidad ocasionada por el impacto adverso de las actividades humanas. Es el principal instrumento para la conservaci\u00f3n de la naturaleza en la Uni\u00f3n Europea. Consta de Zonas Especiales de Conservaci\u00f3n designadas de acuerdo con la Directiva H\u00e1bitat, as\u00ed como de Zonas de Especial Protecci\u00f3n para las Aves establecidas en virtud de la Directiva Aves.<\/span><\/p>\n<p><span style=\"font-size: medium;\">Desde la firma de la convenci\u00f3n de la Diversidad Biol\u00f3gica en 1992, m\u00e1s de 160 pa\u00edses en todo el mundo han hecho causa com\u00fan de la conservaci\u00f3n de la biodiversidad.<\/span><\/p>\n<p><span style=\"font-size: medium;\">\u00a0<\/span><\/p>\n<p><span style=\"font-size: medium;\">Aunque la conservaci\u00f3n de los h\u00e1bitats particularmente de gran valor es todav\u00eda importante, cada vez se reconoce m\u00e1s que la conservaci\u00f3n y mantenimiento de la biodiversidad solamente es posible a trav\u00e9s del restablecimiento de un mosaico de manchas de ecosistemas adecuados a una escala de paisaje.<\/span><\/p>\n<p><span style=\"font-size: medium;\">\u00a0<\/span><\/p>\n<p><span style=\"font-size: medium;\">Dentro de los m\u00faltiples factores que ofrece le conservaci\u00f3n de la diversidad biol\u00f3gica podemos destacar los siguientes:<\/span><\/p>\n<p><span style=\"font-size: medium;\">Valor ecol\u00f3gico:<\/span><\/p>\n<p><span style=\"font-size: medium;\">Manteniendo la diversidad biol\u00f3gica y el paisaje \u00a0garantizamos que se mantengan las adaptaciones y especializaciones que se han seleccionado durante millones de a\u00f1os a un medio ambiente cambiante.<\/span><\/p>\n<p><span style=\"font-size: medium;\">\u00a0<\/span><\/p>\n<p><span style=\"font-size: medium;\">Valor utilitario:<\/span><\/p>\n<p><span style=\"font-size: medium;\">Entre los m\u00faltiples usos que el ser humano obtiene de la biodiversidad destacan el consumo de especies animales y plantas para la alimentaci\u00f3n, las sustancias qu\u00edmicas extra\u00edbles de las plantas y microorganismos para la<\/span><\/p>\n<p><span style=\"font-size: medium;\">medicina, productos forestales para la industria, etc.<\/span><\/p>\n<p><span style=\"font-size: medium;\">\u00a0<\/span><\/p>\n<p><span style=\"font-size: medium;\">Valor recreativo y est\u00e9tico:<\/span><\/p>\n<p><span style=\"font-size: medium;\"><strong>\u00a0<\/strong>El contacto directo con la naturaleza produce bienestar a los seres humanos. El mantenimiento de los recursos naturales y paisaj\u00edsticos puede y debe ser utilizado para impulsar el desarrollo econ\u00f3mico de muchas<\/span><\/p>\n<p><span style=\"font-size: medium;\">\u00e1reas rurales y tur\u00edsticas.<\/span><\/p>\n<p><span style=\"font-size: medium;\">\u00a0<\/span><\/p>\n<p><span style=\"font-size: medium;\">Valor patrimonial:<\/span><\/p>\n<p><span style=\"font-size: medium;\">La Biodiversidad presenta un valor Cultural, a trav\u00e9s de las especies, razas y variedades asociadas con la historia de un pa\u00eds. En cuanto al paisaje, tiene importantes valores de identidad, culturales, simb\u00f3licos, religiosos e hist\u00f3ricos.<\/span><\/p>\n<p><span style=\"font-size: medium;\">\u00a0<\/span><\/p>\n<p><span style=\"font-size: medium;\">Valor cient\u00edfico:<\/span><\/p>\n<p><span style=\"font-size: medium;\">Todas las especies tienen un valor real o potencial para hacer avanzar el conocimiento que tenemos de la vida y del mundo.La diversidad biol\u00f3gica ha despertado un inter\u00e9s creciente en la gesti\u00f3n del medio, especialmente por la intensificaci\u00f3n de la agricultura y otros usos del suelo que lleva a su empobrecimiento<\/span><\/p>\n<p><span style=\"font-size: medium;\">&#8230;&#8230;&#8230;&#8230;&#8230;&#8230;.<\/span><\/p>\n<p><span style=\"font-size: large;\"><strong><span style=\"font-size: medium;\">\u00a0<\/span><\/strong><\/span><\/p>\n<p><span style=\"font-size: large;\"><strong><span style=\"font-size: medium;\">&#8230;&#8230;&#8230;&#8230;&#8230;&#8230;&#8230;&#8230;&#8230;&#8230;..<\/span><\/strong><\/span><\/p>\n<p><span style=\"font-size: large;\"><strong><span style=\"font-size: medium;\">&#8230;&#8230;&#8230;&#8230;&#8230;&#8230;&#8230;&#8230;&#8230;.<\/span><\/strong><\/span><\/p>\n<p><span style=\"font-size: large;\"><strong>\u00a0LAND MANAGEMENT.Colin Indmarch &amp; Mike Pienkowoski.British <\/strong><\/span><\/p>\n<p><span style=\"font-size: large;\"><strong>Ecological Society<\/strong><\/span><\/p>\n<p><span style=\"font-size: large;\"><strong>&#8230;&#8230;&#8230;&#8230;&#8230;&#8230;&#8230;&#8230;&#8230;&#8230;..<\/strong><\/span><\/p>\n<p><a href=\"http:\/\/www.floracantabrica.com\/wp-content\/uploads\/2010\/04\/image00256.jpg\"><img loading=\"lazy\" decoding=\"async\" class=\"aligncenter size-full wp-image-5979\" title=\"image002\" src=\"http:\/\/www.floracantabrica.com\/wp-content\/uploads\/2010\/04\/image00256.jpg\" alt=\"image002\" width=\"824\" height=\"560\" srcset=\"https:\/\/www.floracantabrica.com\/wp-content\/uploads\/2010\/04\/image00256.jpg 824w, https:\/\/www.floracantabrica.com\/wp-content\/uploads\/2010\/04\/image00256-300x203.jpg 300w\" sizes=\"auto, (max-width: 824px) 100vw, 824px\" \/><\/a><\/p>\n<p>&#8230;&#8230;&#8230;&#8230;&#8230;&#8230;&#8230;&#8230;<\/p>\n<p><a href=\"http:\/\/www.floracantabrica.com\/wp-content\/uploads\/2010\/04\/image00257.jpg\"><img loading=\"lazy\" decoding=\"async\" class=\"aligncenter size-full wp-image-5981\" title=\"image002\" src=\"http:\/\/www.floracantabrica.com\/wp-content\/uploads\/2010\/04\/image00257.jpg\" alt=\"image002\" width=\"382\" height=\"233\" srcset=\"https:\/\/www.floracantabrica.com\/wp-content\/uploads\/2010\/04\/image00257.jpg 382w, https:\/\/www.floracantabrica.com\/wp-content\/uploads\/2010\/04\/image00257-300x182.jpg 300w\" sizes=\"auto, (max-width: 382px) 100vw, 382px\" \/><\/a><\/p>\n<p>&#8230;&#8230;&#8230;&#8230;&#8230;&#8230;&#8230;&#8230;&#8230;&#8230;.<\/p>\n<p><a href=\"http:\/\/www.floracantabrica.com\/wp-content\/uploads\/2010\/04\/image00258.jpg\"><img loading=\"lazy\" decoding=\"async\" class=\"aligncenter size-full wp-image-5988\" title=\"image002\" src=\"http:\/\/www.floracantabrica.com\/wp-content\/uploads\/2010\/04\/image00258.jpg\" alt=\"image002\" width=\"340\" height=\"194\" srcset=\"https:\/\/www.floracantabrica.com\/wp-content\/uploads\/2010\/04\/image00258.jpg 340w, https:\/\/www.floracantabrica.com\/wp-content\/uploads\/2010\/04\/image00258-300x171.jpg 300w\" sizes=\"auto, (max-width: 340px) 100vw, 340px\" \/><\/a><\/p>\n<p><a href=\"http:\/\/www.floracantabrica.com\/wp-content\/uploads\/2010\/04\/image00260.jpg\"><img loading=\"lazy\" decoding=\"async\" class=\"aligncenter size-full wp-image-5991\" title=\"image002\" src=\"http:\/\/www.floracantabrica.com\/wp-content\/uploads\/2010\/04\/image00260.jpg\" alt=\"image002\" width=\"340\" height=\"366\" srcset=\"https:\/\/www.floracantabrica.com\/wp-content\/uploads\/2010\/04\/image00260.jpg 340w, https:\/\/www.floracantabrica.com\/wp-content\/uploads\/2010\/04\/image00260-278x300.jpg 278w\" sizes=\"auto, (max-width: 340px) 100vw, 340px\" \/><\/a><\/p>\n<p><a href=\"http:\/\/www.floracantabrica.com\/wp-content\/uploads\/2010\/04\/image00261.jpg\"><img loading=\"lazy\" decoding=\"async\" class=\"aligncenter size-full wp-image-5993\" title=\"image002\" src=\"http:\/\/www.floracantabrica.com\/wp-content\/uploads\/2010\/04\/image00261.jpg\" alt=\"image002\" width=\"340\" height=\"116\" srcset=\"https:\/\/www.floracantabrica.com\/wp-content\/uploads\/2010\/04\/image00261.jpg 340w, https:\/\/www.floracantabrica.com\/wp-content\/uploads\/2010\/04\/image00261-300x102.jpg 300w\" sizes=\"auto, (max-width: 340px) 100vw, 340px\" \/><\/a>&#8230;&#8230;&#8230;&#8230;&#8230;&#8230;&#8230;.<\/p>\n<p><a href=\"http:\/\/www.floracantabrica.com\/wp-content\/uploads\/2010\/04\/image00262.jpg\"><img loading=\"lazy\" decoding=\"async\" class=\"aligncenter size-full wp-image-5994\" title=\"image002\" src=\"http:\/\/www.floracantabrica.com\/wp-content\/uploads\/2010\/04\/image00262.jpg\" alt=\"image002\" width=\"340\" height=\"195\" srcset=\"https:\/\/www.floracantabrica.com\/wp-content\/uploads\/2010\/04\/image00262.jpg 340w, https:\/\/www.floracantabrica.com\/wp-content\/uploads\/2010\/04\/image00262-300x172.jpg 300w\" sizes=\"auto, (max-width: 340px) 100vw, 340px\" \/><\/a><\/p>\n<p>&#8230;&#8230;&#8230;&#8230;&#8230;&#8230;&#8230;&#8230;&#8230;&#8230;&#8230;&#8230;.<\/p>\n<p><a href=\"http:\/\/www.floracantabrica.com\/wp-content\/uploads\/2010\/04\/image00263.jpg\"><img loading=\"lazy\" decoding=\"async\" class=\"aligncenter size-full wp-image-5996\" title=\"image002\" src=\"http:\/\/www.floracantabrica.com\/wp-content\/uploads\/2010\/04\/image00263.jpg\" alt=\"image002\" width=\"813\" height=\"706\" srcset=\"https:\/\/www.floracantabrica.com\/wp-content\/uploads\/2010\/04\/image00263.jpg 813w, https:\/\/www.floracantabrica.com\/wp-content\/uploads\/2010\/04\/image00263-300x260.jpg 300w\" sizes=\"auto, (max-width: 813px) 100vw, 813px\" \/><\/a><\/p>\n<p>\u00a0<\/p>\n<p>&#8230;&#8230;&#8230;&#8230;&#8230;&#8230;&#8230;&#8230;&#8230;&#8230;&#8230;&#8230;&#8230;&#8230;.<\/p>\n<p><a href=\"http:\/\/www.floracantabrica.com\/wp-content\/uploads\/2010\/04\/image00265.jpg\"><img loading=\"lazy\" decoding=\"async\" class=\"aligncenter size-full wp-image-6004\" title=\"image002\" src=\"http:\/\/www.floracantabrica.com\/wp-content\/uploads\/2010\/04\/image00265.jpg\" alt=\"image002\" width=\"355\" height=\"320\" srcset=\"https:\/\/www.floracantabrica.com\/wp-content\/uploads\/2010\/04\/image00265.jpg 355w, https:\/\/www.floracantabrica.com\/wp-content\/uploads\/2010\/04\/image00265-300x270.jpg 300w\" sizes=\"auto, (max-width: 355px) 100vw, 355px\" \/><\/a><\/p>\n<p>&#8230;&#8230;&#8230;&#8230;&#8230;&#8230;&#8230;&#8230;..<\/p>\n<p><span style=\"font-size: large;\"><strong>\u00a0<\/strong><\/span><\/p>\n<p><span style=\"font-size: large;\"><strong>\u00a0<\/strong><\/span><\/p>\n","protected":false},"excerpt":{"rendered":"<p>Tweet\u00a0 \u00a0 &#8230; Biodiversidad Biodiversidad\u00a0 es el vocablo acu\u00f1ado por el entom\u00f3logo Eduard O. Wilson, como un intento por sintetizar los conceptos diversidad-biol\u00f3gica. La biodiversidad se empieza a utilizar dentro del lenguaje cient\u00edfico a partir de 1986 y, desde esa fecha, ha invadido pr\u00e1cticamente todos los \u00e1mbitos del quehacer humano\u00a0 \u00a0 \u00bfPor qu\u00e9 el inter\u00e9s [&hellip;]<\/p>\n","protected":false},"author":1,"featured_media":0,"comment_status":"open","ping_status":"open","sticky":false,"template":"","format":"standard","meta":{"footnotes":""},"categories":[6],"tags":[],"class_list":["post-5980","post","type-post","status-publish","format-standard","hentry","category-tesis"],"_links":{"self":[{"href":"https:\/\/www.floracantabrica.com\/index.php?rest_route=\/wp\/v2\/posts\/5980","targetHints":{"allow":["GET"]}}],"collection":[{"href":"https:\/\/www.floracantabrica.com\/index.php?rest_route=\/wp\/v2\/posts"}],"about":[{"href":"https:\/\/www.floracantabrica.com\/index.php?rest_route=\/wp\/v2\/types\/post"}],"author":[{"embeddable":true,"href":"https:\/\/www.floracantabrica.com\/index.php?rest_route=\/wp\/v2\/users\/1"}],"replies":[{"embeddable":true,"href":"https:\/\/www.floracantabrica.com\/index.php?rest_route=%2Fwp%2Fv2%2Fcomments&post=5980"}],"version-history":[{"count":19,"href":"https:\/\/www.floracantabrica.com\/index.php?rest_route=\/wp\/v2\/posts\/5980\/revisions"}],"predecessor-version":[{"id":6073,"href":"https:\/\/www.floracantabrica.com\/index.php?rest_route=\/wp\/v2\/posts\/5980\/revisions\/6073"}],"wp:attachment":[{"href":"https:\/\/www.floracantabrica.com\/index.php?rest_route=%2Fwp%2Fv2%2Fmedia&parent=5980"}],"wp:term":[{"taxonomy":"category","embeddable":true,"href":"https:\/\/www.floracantabrica.com\/index.php?rest_route=%2Fwp%2Fv2%2Fcategories&post=5980"},{"taxonomy":"post_tag","embeddable":true,"href":"https:\/\/www.floracantabrica.com\/index.php?rest_route=%2Fwp%2Fv2%2Ftags&post=5980"}],"curies":[{"name":"wp","href":"https:\/\/api.w.org\/{rel}","templated":true}]}}