{"id":59398,"date":"2025-10-05T12:37:59","date_gmt":"2025-10-05T10:37:59","guid":{"rendered":"https:\/\/www.floracantabrica.com\/?p=59398"},"modified":"2025-10-05T12:37:59","modified_gmt":"2025-10-05T10:37:59","slug":"cambio-climatico-3","status":"publish","type":"post","link":"https:\/\/www.floracantabrica.com\/?p=59398","title":{"rendered":"CAMBIO CLIMATICO"},"content":{"rendered":"<p><a href=\"http:\/\/twitter.com\/share?url=https%3A%2F%2Fwww.floracantabrica.com%2F%3Fp%3D59398&amp;count=none&amp;lang=es&amp;via=lorencincoreses&amp;related=Mujerverdosa&amp;text=CAMBIO CLIMATICO - Flora Cant\u00e1brica\" class=\"twitter-share-button\">Tweet<\/a><\/p><p>CAMBIO CLIMATICO<\/p>\n<p>Hace ya muchos a\u00f1os que en la universidad de OVIEDO, en la que fui\u00a0 investigador sobre la ecolog\u00eda de la vegetaci\u00f3n (Ecologia de la flora y vegetaci\u00f3n de ASTURIAS, publicado en el Real instituto de estudios asturianos),se hablaba en algunos DEPARTAMENTOS\u00a0 del cambio clim\u00e1tico pero no se hacia mucho caso, \u00a0hoy dia es un fen\u00f3meno real que se sufre y nos asusta<\/p>\n<p>La poblaci\u00f3n conoce ya los efectos de cambio clim\u00e1tico y pero le cuesta aceptar que en parte esta asociado \u00a0a la sociedad de consumo<\/p>\n<p>Cuando era ni\u00f1o no tenia calefacion ni agua caliente<\/p>\n<p>&nbsp;<\/p>\n<p>Despues me desplace a Madrid a estudias farmacia ,y en el colegio mayor ten\u00edamos duchas y calefacci\u00f3n<\/p>\n<p>La sociedad hab\u00eda mejorado nos \u00edbamos acercando a la sociedad de consumo, pero nunca se pens\u00f3 que ella fuese sea la responsable del cambio climatico<\/p>\n<p>\u00bfQu\u00e9 hacer? Estudiar medidas de protecci\u00f3n ante los calores que se avecinan,\u00a0 y no podemos decir nada de lo que pueda pasar el pr\u00f3ximo verano , si nos acercamos a los 50 \u00a0grados\u00a0 es temible<\/p>\n","protected":false},"excerpt":{"rendered":"<p>TweetCAMBIO CLIMATICO Hace ya muchos a\u00f1os que en la universidad de OVIEDO, en la que fui\u00a0 investigador sobre la ecolog\u00eda de la vegetaci\u00f3n (Ecologia de la flora y vegetaci\u00f3n de ASTURIAS, publicado en el Real instituto de estudios asturianos),se hablaba en algunos DEPARTAMENTOS\u00a0 del cambio clim\u00e1tico pero no se hacia mucho caso, \u00a0hoy dia es [&hellip;]<\/p>\n","protected":false},"author":1,"featured_media":0,"comment_status":"open","ping_status":"open","sticky":false,"template":"","format":"standard","meta":{"footnotes":""},"categories":[1],"tags":[],"class_list":["post-59398","post","type-post","status-publish","format-standard","hentry","category-flora"],"_links":{"self":[{"href":"https:\/\/www.floracantabrica.com\/index.php?rest_route=\/wp\/v2\/posts\/59398","targetHints":{"allow":["GET"]}}],"collection":[{"href":"https:\/\/www.floracantabrica.com\/index.php?rest_route=\/wp\/v2\/posts"}],"about":[{"href":"https:\/\/www.floracantabrica.com\/index.php?rest_route=\/wp\/v2\/types\/post"}],"author":[{"embeddable":true,"href":"https:\/\/www.floracantabrica.com\/index.php?rest_route=\/wp\/v2\/users\/1"}],"replies":[{"embeddable":true,"href":"https:\/\/www.floracantabrica.com\/index.php?rest_route=%2Fwp%2Fv2%2Fcomments&post=59398"}],"version-history":[{"count":1,"href":"https:\/\/www.floracantabrica.com\/index.php?rest_route=\/wp\/v2\/posts\/59398\/revisions"}],"predecessor-version":[{"id":59399,"href":"https:\/\/www.floracantabrica.com\/index.php?rest_route=\/wp\/v2\/posts\/59398\/revisions\/59399"}],"wp:attachment":[{"href":"https:\/\/www.floracantabrica.com\/index.php?rest_route=%2Fwp%2Fv2%2Fmedia&parent=59398"}],"wp:term":[{"taxonomy":"category","embeddable":true,"href":"https:\/\/www.floracantabrica.com\/index.php?rest_route=%2Fwp%2Fv2%2Fcategories&post=59398"},{"taxonomy":"post_tag","embeddable":true,"href":"https:\/\/www.floracantabrica.com\/index.php?rest_route=%2Fwp%2Fv2%2Ftags&post=59398"}],"curies":[{"name":"wp","href":"https:\/\/api.w.org\/{rel}","templated":true}]}}