{"id":59191,"date":"2025-07-23T10:40:01","date_gmt":"2025-07-23T08:40:01","guid":{"rendered":"https:\/\/www.floracantabrica.com\/?p=59191"},"modified":"2025-07-23T10:40:01","modified_gmt":"2025-07-23T08:40:01","slug":"santa-clara","status":"publish","type":"post","link":"https:\/\/www.floracantabrica.com\/?p=59191","title":{"rendered":"Santa clara"},"content":{"rendered":"<p><a href=\"http:\/\/twitter.com\/share?url=https%3A%2F%2Fwww.floracantabrica.com%2F%3Fp%3D59191&amp;count=none&amp;lang=es&amp;via=lorencincoreses&amp;related=Mujerverdosa&amp;text=Santa clara - Flora Cant\u00e1brica\" class=\"twitter-share-button\">Tweet<\/a><\/p><p>Santa clara<\/p>\n<p>Estas palabras resumen la vida y esp\u00edritu de Clara:<br \/>\n\u00abYo, Clara, sierva de Cristo, peque\u00f1a planta<br \/>\nde nuestro Padre Francisco\u00bb<br \/>\n\u00abSeguir a Cristo tras las huellas de San Francisco en<br \/>\npobreza, humildad y caridad. Nadie ha realizado jam\u00e1s<br \/>\ncon mayor plenitud el ideal concebido por un hombre<br \/>\ncomo esta mujer\u00bb (Joergensen).<br \/>\nSU VIDA<br \/>\nNaci\u00f3 en As\u00eds en 1194, poco se conoce de su infancia y adolescencia. A los 18 a\u00f1os se consagr\u00f3 a Cristo haci\u00e9ndose cortar los cabellos y vistiendo el sayo oscuro de la orden de San Francisco que se hab\u00eda convertido para ella desde 1208 en el \u00abloco, cuyas palabras le parec\u00edan inflamadas y sus obras sobrehumanas\u00bb. Despu\u00e9s de lo cual inici\u00f3 una vida de pobreza radical, renunciando a todo lo que tenia y prometiendo vivir sin poseer nada. Comenzaba as\u00ed la Segunda Orden Franciscana: Las Damas Pobres o Clarisas. Esto suced\u00eda en Santa Mar\u00eda de los Angeles (Porci\u00fancula), la iglesia restaurada por San Francisco. En 1228 obten\u00eda del Papa el \u00abprivilegioum paupertatis\u00bb de vivir totalmente de limosnas.<br \/>\nEl ideal de San Francisco lo realizaba Clara y un grupo de mujeres de As\u00eds y de toda Italia. Cuarenta y tres a\u00f1os vivi\u00f3 Clara este ideal sin salir del convento. En vida pudo ver como su orden se extend\u00eda por Espa\u00f1a (43 conventos en el siglo XIII, Bohemia, Francia, Inglaterra). Dos veces logr\u00f3 hacer huir a los sarracenos, alistados en el ej\u00e9rcito de Federico II, con solo mostrarles desde la ventana del dormitorio la custodia con el Sant\u00edsimo Sacramento (1240), o exhortando a las hermanas a la oraci\u00f3n, estando totalmente inmovilizada a causa de sus continuos dolores.<br \/>\nMuri\u00f3 en San Dami\u00e1n, a las afueras de As\u00eds, el 11 de Agosto de 1253. Fue canonizada solo dos a\u00f1os despu\u00e9s por Alejandro IV. Dej\u00f3 cuatro cartas, la Regla y el testamento. \u00abVete en paz ya que has seguido el buen camino; vete confiada, ya que tu creador te ha santificado, custodiado incesantemente y amado con la ternura de una madre con su hijo\u00bb. \u00abOh Dios, bendito seas por haberme creado\u00bb. Estas fueron las \u00faltimas palabras de una gran m\u00edstica llena de alegr\u00eda y de amor a Dios y a los hombres. Fiesta, 11 de Agosto.<br \/>\nRECURSOS<\/p>\n","protected":false},"excerpt":{"rendered":"<p>TweetSanta clara Estas palabras resumen la vida y esp\u00edritu de Clara: \u00abYo, Clara, sierva de Cristo, peque\u00f1a planta de nuestro Padre Francisco\u00bb \u00abSeguir a Cristo tras las huellas de San Francisco en pobreza, humildad y caridad. Nadie ha realizado jam\u00e1s con mayor plenitud el ideal concebido por un hombre como esta mujer\u00bb (Joergensen). SU VIDA [&hellip;]<\/p>\n","protected":false},"author":1,"featured_media":0,"comment_status":"open","ping_status":"open","sticky":false,"template":"","format":"standard","meta":{"footnotes":""},"categories":[1],"tags":[],"class_list":["post-59191","post","type-post","status-publish","format-standard","hentry","category-flora"],"_links":{"self":[{"href":"https:\/\/www.floracantabrica.com\/index.php?rest_route=\/wp\/v2\/posts\/59191","targetHints":{"allow":["GET"]}}],"collection":[{"href":"https:\/\/www.floracantabrica.com\/index.php?rest_route=\/wp\/v2\/posts"}],"about":[{"href":"https:\/\/www.floracantabrica.com\/index.php?rest_route=\/wp\/v2\/types\/post"}],"author":[{"embeddable":true,"href":"https:\/\/www.floracantabrica.com\/index.php?rest_route=\/wp\/v2\/users\/1"}],"replies":[{"embeddable":true,"href":"https:\/\/www.floracantabrica.com\/index.php?rest_route=%2Fwp%2Fv2%2Fcomments&post=59191"}],"version-history":[{"count":1,"href":"https:\/\/www.floracantabrica.com\/index.php?rest_route=\/wp\/v2\/posts\/59191\/revisions"}],"predecessor-version":[{"id":59194,"href":"https:\/\/www.floracantabrica.com\/index.php?rest_route=\/wp\/v2\/posts\/59191\/revisions\/59194"}],"wp:attachment":[{"href":"https:\/\/www.floracantabrica.com\/index.php?rest_route=%2Fwp%2Fv2%2Fmedia&parent=59191"}],"wp:term":[{"taxonomy":"category","embeddable":true,"href":"https:\/\/www.floracantabrica.com\/index.php?rest_route=%2Fwp%2Fv2%2Fcategories&post=59191"},{"taxonomy":"post_tag","embeddable":true,"href":"https:\/\/www.floracantabrica.com\/index.php?rest_route=%2Fwp%2Fv2%2Ftags&post=59191"}],"curies":[{"name":"wp","href":"https:\/\/api.w.org\/{rel}","templated":true}]}}