{"id":59104,"date":"2025-07-05T22:36:42","date_gmt":"2025-07-05T20:36:42","guid":{"rendered":"https:\/\/www.floracantabrica.com\/?p=59104"},"modified":"2025-07-06T19:54:51","modified_gmt":"2025-07-06T17:54:51","slug":"teresa-de-calcuta","status":"publish","type":"post","link":"https:\/\/www.floracantabrica.com\/?p=59104","title":{"rendered":"Teresa de Calcuta Y EL PADRE DAMIAN"},"content":{"rendered":"<p><a href=\"http:\/\/twitter.com\/share?url=https%3A%2F%2Fwww.floracantabrica.com%2F%3Fp%3D59104&amp;count=none&amp;lang=es&amp;via=lorencincoreses&amp;related=Mujerverdosa&amp;text=Teresa de Calcuta Y EL PADRE DAMIAN - Flora Cant\u00e1brica\" class=\"twitter-share-button\">Tweet<\/a><\/p><p>Teresa de Calcuta identific\u00f3 como potencial patrono al padre Dami\u00e1n de Veuster, el ap\u00f3stol de los leprosos, con un carisma similar al que caracteriza a la orden de las Misioneras de la Caridad. La Madre Teresa pidi\u00f3 expl\u00edcitamente a Juan Pablo II por un santo que permitiera a la congregaci\u00f3n continuar su trabajo de amor y curaci\u00f3n:<br \/>\n\u00abEl padre Dami\u00e1n puede ser ese santo. Santo Padre: nuestros leprosos y cada uno en todo el mundo, pide por este regalo \u2013un santo y m\u00e1rtir de la caridad y un ejemplo de obediencia para nosotras religiosas.\u00bb<br \/>\nTeresa de Calcuta a Juan Pablo II, 7 de mayo de 1984.[<\/p>\n","protected":false},"excerpt":{"rendered":"<p>TweetTeresa de Calcuta identific\u00f3 como potencial patrono al padre Dami\u00e1n de Veuster, el ap\u00f3stol de los leprosos, con un carisma similar al que caracteriza a la orden de las Misioneras de la Caridad. La Madre Teresa pidi\u00f3 expl\u00edcitamente a Juan Pablo II por un santo que permitiera a la congregaci\u00f3n continuar su trabajo de amor [&hellip;]<\/p>\n","protected":false},"author":1,"featured_media":0,"comment_status":"open","ping_status":"open","sticky":false,"template":"","format":"standard","meta":{"footnotes":""},"categories":[1],"tags":[],"class_list":["post-59104","post","type-post","status-publish","format-standard","hentry","category-flora"],"_links":{"self":[{"href":"https:\/\/www.floracantabrica.com\/index.php?rest_route=\/wp\/v2\/posts\/59104","targetHints":{"allow":["GET"]}}],"collection":[{"href":"https:\/\/www.floracantabrica.com\/index.php?rest_route=\/wp\/v2\/posts"}],"about":[{"href":"https:\/\/www.floracantabrica.com\/index.php?rest_route=\/wp\/v2\/types\/post"}],"author":[{"embeddable":true,"href":"https:\/\/www.floracantabrica.com\/index.php?rest_route=\/wp\/v2\/users\/1"}],"replies":[{"embeddable":true,"href":"https:\/\/www.floracantabrica.com\/index.php?rest_route=%2Fwp%2Fv2%2Fcomments&post=59104"}],"version-history":[{"count":2,"href":"https:\/\/www.floracantabrica.com\/index.php?rest_route=\/wp\/v2\/posts\/59104\/revisions"}],"predecessor-version":[{"id":59108,"href":"https:\/\/www.floracantabrica.com\/index.php?rest_route=\/wp\/v2\/posts\/59104\/revisions\/59108"}],"wp:attachment":[{"href":"https:\/\/www.floracantabrica.com\/index.php?rest_route=%2Fwp%2Fv2%2Fmedia&parent=59104"}],"wp:term":[{"taxonomy":"category","embeddable":true,"href":"https:\/\/www.floracantabrica.com\/index.php?rest_route=%2Fwp%2Fv2%2Fcategories&post=59104"},{"taxonomy":"post_tag","embeddable":true,"href":"https:\/\/www.floracantabrica.com\/index.php?rest_route=%2Fwp%2Fv2%2Ftags&post=59104"}],"curies":[{"name":"wp","href":"https:\/\/api.w.org\/{rel}","templated":true}]}}