{"id":59022,"date":"2025-06-25T22:55:53","date_gmt":"2025-06-25T20:55:53","guid":{"rendered":"https:\/\/www.floracantabrica.com\/?p=59022"},"modified":"2025-06-25T22:55:53","modified_gmt":"2025-06-25T20:55:53","slug":"el-papa-nuestra-oracion-abraza-a-los-pueblos-que-sufren-la-guerra","status":"publish","type":"post","link":"https:\/\/www.floracantabrica.com\/?p=59022","title":{"rendered":"El Papa: \u00abNuestra oraci\u00f3n abraza a los pueblos que sufren la guerra\u00bb"},"content":{"rendered":"<p><a href=\"http:\/\/twitter.com\/share?url=https%3A%2F%2Fwww.floracantabrica.com%2F%3Fp%3D59022&amp;count=none&amp;lang=es&amp;via=lorencincoreses&amp;related=Mujerverdosa&amp;text=El Papa: \"Nuestra oraci\u00f3n abraza a los pueblos que sufren la guerra\" - Flora Cant\u00e1brica\" class=\"twitter-share-button\">Tweet<\/a><\/p><p>&#8230;<\/p>\n<p><strong>El Papa: \u00abNuestra oraci\u00f3n abraza a los pueblos que sufren la guerra\u00bb<\/strong><\/p>\n<p>Tras rezar el Regina Caeli, el Papa Le\u00f3n XIV expres\u00f3 su cercan\u00eda a las zonas del mundo azotadas por conflictos y record\u00f3 la Jornada por la Iglesia en China y a los cat\u00f3licos chinos: que Mar\u00eda obtenga para \u201cellos y para nosotros la gracia de ser testigos fuertes y alegres del Evangelio, incluso en medio de las pruebas\u201d. El Pont\u00edfice record\u00f3 tambi\u00e9n el 10\u00ba aniversario de la enc\u00edclica Laudato si&#8217; del Papa Francisco: \u00abEnse\u00f1\u00f3 a todos a escuchar el grito de la tierra y de los pobres\u00bb.<\/p>\n<p>&nbsp;<\/p>\n","protected":false},"excerpt":{"rendered":"<p>Tweet&#8230; El Papa: \u00abNuestra oraci\u00f3n abraza a los pueblos que sufren la guerra\u00bb Tras rezar el Regina Caeli, el Papa Le\u00f3n XIV expres\u00f3 su cercan\u00eda a las zonas del mundo azotadas por conflictos y record\u00f3 la Jornada por la Iglesia en China y a los cat\u00f3licos chinos: que Mar\u00eda obtenga para \u201cellos y para nosotros [&hellip;]<\/p>\n","protected":false},"author":1,"featured_media":0,"comment_status":"open","ping_status":"open","sticky":false,"template":"","format":"standard","meta":{"footnotes":""},"categories":[1],"tags":[],"class_list":["post-59022","post","type-post","status-publish","format-standard","hentry","category-flora"],"_links":{"self":[{"href":"https:\/\/www.floracantabrica.com\/index.php?rest_route=\/wp\/v2\/posts\/59022","targetHints":{"allow":["GET"]}}],"collection":[{"href":"https:\/\/www.floracantabrica.com\/index.php?rest_route=\/wp\/v2\/posts"}],"about":[{"href":"https:\/\/www.floracantabrica.com\/index.php?rest_route=\/wp\/v2\/types\/post"}],"author":[{"embeddable":true,"href":"https:\/\/www.floracantabrica.com\/index.php?rest_route=\/wp\/v2\/users\/1"}],"replies":[{"embeddable":true,"href":"https:\/\/www.floracantabrica.com\/index.php?rest_route=%2Fwp%2Fv2%2Fcomments&post=59022"}],"version-history":[{"count":1,"href":"https:\/\/www.floracantabrica.com\/index.php?rest_route=\/wp\/v2\/posts\/59022\/revisions"}],"predecessor-version":[{"id":59023,"href":"https:\/\/www.floracantabrica.com\/index.php?rest_route=\/wp\/v2\/posts\/59022\/revisions\/59023"}],"wp:attachment":[{"href":"https:\/\/www.floracantabrica.com\/index.php?rest_route=%2Fwp%2Fv2%2Fmedia&parent=59022"}],"wp:term":[{"taxonomy":"category","embeddable":true,"href":"https:\/\/www.floracantabrica.com\/index.php?rest_route=%2Fwp%2Fv2%2Fcategories&post=59022"},{"taxonomy":"post_tag","embeddable":true,"href":"https:\/\/www.floracantabrica.com\/index.php?rest_route=%2Fwp%2Fv2%2Ftags&post=59022"}],"curies":[{"name":"wp","href":"https:\/\/api.w.org\/{rel}","templated":true}]}}