{"id":5891,"date":"2010-04-28T11:25:36","date_gmt":"2010-04-28T09:25:36","guid":{"rendered":"http:\/\/www.floracantabrica.com\/?p=5891"},"modified":"2010-04-28T11:25:36","modified_gmt":"2010-04-28T09:25:36","slug":"suarna-lugo","status":"publish","type":"post","link":"https:\/\/www.floracantabrica.com\/?p=5891","title":{"rendered":"Suarna.Lugo"},"content":{"rendered":"<p><a href=\"http:\/\/twitter.com\/share?url=https%3A%2F%2Fwww.floracantabrica.com%2F%3Fp%3D5891&amp;count=none&amp;lang=es&amp;via=lorencincoreses&amp;related=Mujerverdosa&amp;text=       Suarna.Lugo - Flora Cant\u00e1brica\" class=\"twitter-share-button\">Tweet<\/a><\/p><p>\u00a0<\/p>\n<p>&#8230;&#8230;&#8230;&#8230;&#8230;&#8230;&#8230;&#8230;&#8230;<\/p>\n<p>&#8230;&#8230;&#8230;&#8230;&#8230;&#8230;&#8230;<\/p>\n<p><span style=\"font-size: medium;\">SUARNA<\/span><\/p>\n<p><span style=\"font-size: medium;\">Desde mucho tiempo atr\u00e1s ten\u00edamos el deseo de conocer Navia de Suarna<\/span><\/p>\n<p><span style=\"font-size: medium;\">y por fin lo hemos hecho.<\/span><\/p>\n<p><span style=\"font-size: medium;\">Nos sorprendimos gratamente\u00a0 por su belleza tanto de la villa como de su entorno.<\/span><\/p>\n<p><span style=\"font-size: medium;\">Su castillo parece que fue construido all\u00e1 por el a\u00f1o 1037\u00a0\u00a0 aproximadamente,<\/span><\/p>\n<p><span style=\"font-size: medium;\">sobre unas rocas; posee murallas, torreones y dos \u00f3 tres puertas (seg\u00fan las referencias consultadas), a diferentes alturas \u00f3 niveles.<\/span><\/p>\n<p><span style=\"font-size: medium;\">Luego fue destruido durante la guerra de los Irmandi\u00f1os. Fue\u00a0 restaurado por los Condes<\/span><\/p>\n<p><span style=\"font-size: medium;\">de Altamira.<\/span><\/p>\n<p><span style=\"font-size: medium;\">El puente es para muchos el m\u00e1s hermoso de Galicia, para nosotros uno de los m\u00e1s hermosos de Espa\u00f1a.<\/span><\/p>\n<p><span style=\"font-size: medium;\">Navia de Suarna\u00a0 tambi\u00e9n es conocida por\u00a0\u00a0 A\u00a0 PROBA, y en algunos mapas\u00a0 este es el<\/span><\/p>\n<p><span style=\"font-size: medium;\">nombre que figura, y desde A PROBA\u00a0\u00a0 hay una interesante ruta de castros:<\/span><\/p>\n<p><span style=\"font-size: medium;\">Galegos, Cabanela, Li\u00f1ares y Vilares.<\/span><\/p>\n<p><span style=\"font-size: medium;\">Menci\u00f3n especial merece el Concejo\u00a0 de Cervantes\u00a0 en el que para algunos est\u00e1n los origines de los antepasados del autor del Quijote\u00a0 y le han dedicado un monolito en el p<\/span><span style=\"font-size: medium;\">ueblo que da nombre al concejo<\/span><\/p>\n<p><span style=\"font-size: medium;\">El concejo est\u00e1 regado por los r\u00edos Cervantes y Cancelada afluentes del Navia.<\/span><\/p>\n<p><span style=\"font-size: medium;\">A su vez el Cervantes nace por la confluencia de tres regatos:Vara, Brego\u00a0 y Noceda \u00f3 Toural y el origen de estos regatos est\u00e1 pr\u00e1cticamente en Le\u00f3n.<\/span><\/p>\n<p><span style=\"font-size: medium;\">El Cervantes desemboca en el Navia en la localidad de Pontes de Gatin.<\/span><\/p>\n<p><span style=\"font-size: medium;\">El r\u00edo Suarna es tambi\u00e9n un afluente del Navia, a \u00e9l se unen los arroyuelos Arime y Regueiron.<\/span><\/p>\n<p><span style=\"font-size: medium;\">Otros rios de la ruta realizada son<\/span><\/p>\n<p><span style=\"font-size: medium;\">Rio de Rao<\/span><\/p>\n<p><span style=\"font-size: medium;\">Rio de Moia<\/span><\/p>\n<p><span style=\"font-size: medium;\">Rio Ser<\/span><\/p>\n<p><span style=\"font-size: medium;\">Rio de Murias<\/span><\/p>\n<p><span style=\"font-size: medium;\">Rio de Lamas<\/span><\/p>\n<p><span style=\"font-size: medium;\">Rio de Quindous<\/span><\/p>\n<p><span style=\"font-size: medium;\">Rio Naron<\/span><\/p>\n<p><span style=\"font-size: medium;\">Rio das Cales<\/span><\/p>\n<p><span style=\"font-size: medium;\">\u00a0<\/span><\/p>\n<p><span style=\"font-size: medium;\">A\u00a0 PROBA, es conocida tambi\u00e9n\u00a0 como la \u201ccapital de Los Ancares\u201d<\/span><\/p>\n<p><span style=\"font-size: medium;\">Las sierras que rodean esta parte de la cuenca del Navia son:<\/span><\/p>\n<p><span style=\"font-size: medium;\">Sierra de Mera, Sierra de Barreiro<\/span><\/p>\n<p><span style=\"font-size: medium;\">Sierra de Pedrunales, Sierra de Murias<\/span><\/p>\n<p><span style=\"font-size: medium;\">Sierra de Vilamane , Sierra de Pedredo, Sierra de granda de Arroxo<\/span><\/p>\n<p><span style=\"font-size: medium;\">Sierra de Calambuco, Sierra de Dumia, Sierra da Fiosa<\/span><\/p>\n<p><span style=\"font-size: medium;\">Sierra da Pena do\u00a0 Pico<\/span><\/p>\n<p><span style=\"font-size: medium;\">Sierra de LOS ANCARES<\/span><\/p>\n<p><span style=\"font-size: medium;\">\u00a0<\/span><\/p>\n<p><span style=\"font-size: medium;\">&#8230;&#8230;&#8230;&#8230;..<\/span><\/p>\n<p><span style=\"font-size: medium;\">\u00a0<\/span><\/p>\n<p><span style=\"font-size: medium;\">&#8230;&#8230;&#8230;&#8230;&#8230;&#8230;&#8230;<\/span><\/p>\n<p><span style=\"font-size: medium;\">\u00a0<\/span><\/p>\n<p>&#8230;&#8230;&#8230;&#8230;&#8230;&#8230;&#8230;&#8230;<\/p>\n<p><a href=\"http:\/\/www.floracantabrica.com\/wp-content\/uploads\/2010\/04\/Presentaci\u00f3n38.jpg\"><img loading=\"lazy\" decoding=\"async\" class=\"aligncenter size-full wp-image-5897\" title=\"Presentaci\u00f3n3\" src=\"http:\/\/www.floracantabrica.com\/wp-content\/uploads\/2010\/04\/Presentaci\u00f3n38.jpg\" alt=\"Presentaci\u00f3n3\" width=\"960\" height=\"720\" srcset=\"https:\/\/www.floracantabrica.com\/wp-content\/uploads\/2010\/04\/Presentaci\u00f3n38.jpg 960w, https:\/\/www.floracantabrica.com\/wp-content\/uploads\/2010\/04\/Presentaci\u00f3n38-300x225.jpg 300w\" sizes=\"auto, (max-width: 960px) 100vw, 960px\" \/><\/a><\/p>\n<p><a href=\"http:\/\/www.floracantabrica.com\/wp-content\/uploads\/2010\/04\/Presentaci\u00f3n210.jpg\"><img loading=\"lazy\" decoding=\"async\" class=\"aligncenter size-full wp-image-5895\" title=\"Presentaci\u00f3n2\" src=\"http:\/\/www.floracantabrica.com\/wp-content\/uploads\/2010\/04\/Presentaci\u00f3n210.jpg\" alt=\"Presentaci\u00f3n2\" width=\"960\" height=\"720\" srcset=\"https:\/\/www.floracantabrica.com\/wp-content\/uploads\/2010\/04\/Presentaci\u00f3n210.jpg 960w, https:\/\/www.floracantabrica.com\/wp-content\/uploads\/2010\/04\/Presentaci\u00f3n210-300x225.jpg 300w\" sizes=\"auto, (max-width: 960px) 100vw, 960px\" \/><\/a><\/p>\n<p>&#8230;&#8230;&#8230;&#8230;&#8230;&#8230;&#8230;&#8230;&#8230;&#8230;&#8230;..<\/p>\n<p>&#8230;&#8230;&#8230;&#8230;&#8230;&#8230;&#8230;..<\/p>\n<p>&#8230;&#8230;&#8230;&#8230;&#8230;..<\/p>\n<p>\u00a0<\/p>\n<p><a href=\"http:\/\/www.floracantabrica.com\/wp-content\/uploads\/2010\/04\/Presentaci\u00f3n127.jpg\"><img loading=\"lazy\" decoding=\"async\" class=\"aligncenter size-full wp-image-5892\" title=\"Presentaci\u00f3n1\" src=\"http:\/\/www.floracantabrica.com\/wp-content\/uploads\/2010\/04\/Presentaci\u00f3n127.jpg\" alt=\"Presentaci\u00f3n1\" width=\"960\" height=\"720\" srcset=\"https:\/\/www.floracantabrica.com\/wp-content\/uploads\/2010\/04\/Presentaci\u00f3n127.jpg 960w, https:\/\/www.floracantabrica.com\/wp-content\/uploads\/2010\/04\/Presentaci\u00f3n127-300x225.jpg 300w\" sizes=\"auto, (max-width: 960px) 100vw, 960px\" \/><\/a><\/p>\n<p>&#8230;&#8230;&#8230;&#8230;&#8230;&#8230;&#8230;&#8230;..<\/p>\n<p><span style=\"font-size: medium;\">Los abusos cometidos en el paisaje en \u00a0los \u00faltimos cincuenta a\u00f1os por la PAC (Pol\u00edtica agraria comunitaria) estimulando a los agricultores\u00a0 que sobreexplotasen el suelo mediante los cultivos intensivos, ha contribuido a la degradaci\u00f3n medioambiental. El abuso con los herbicidas, pesticidas y abonos de origen industrial ha da\u00f1ado profundamente la estructura y composici\u00f3n de \u00a0los suelos, tan necesarios para la supervivencia de la especie humana<\/span><\/p>\n<p><span style=\"font-size: medium;\">\u00a0<\/span><\/p>\n<p><span style=\"font-size: medium;\">\u00a0Ahora ya, La PAC es consciente de este deterioro ecol\u00f3gico , trata de volver a los cultivos extensivos, tradicionales de nuestros bisabuelos , que abonaban con el esti\u00e9rcol y dejaban las tierra en reposo (barbecho), para que se recuperasen.<\/span><\/p>\n<p><span style=\"font-size: medium;\">\u00a0<\/span><\/p>\n<p><span style=\"font-size: medium;\">Afortunadamente \u00a0despu\u00e9s de la Cumbre de R\u00edo de Janeiro en 1992, la PAC, est\u00e1 introduciendo en sus objetivos, medidas para que la agricultura sea respetuosa con el medio ambiente, teniendo en cuenta los consejos del Convenio sobre la Diversidad Bil\u00f3gica (CBD); de tal forma que si en los 60 premiaba a los agricultores por producir m\u00e1s y m\u00e1s,\u00a0 ahora ha dado un giro de 180 grados y\u00a0 concede ayudas, con tal que se cumplan ciertas medidas que protejan los ecosistemas , la biodiversidad y la salud, incluso sin producci\u00f3n.<\/span><\/p>\n<p><span style=\"font-size: medium;\">Las tierras que visitamos afortunadamente, siguen en su mayor\u00eda practicando una agricultura tradicional extensiva, que poco a poco se va perdiendo por desgracia <\/span>.<\/p>\n<p>&#8230;&#8230;&#8230;&#8230;&#8230;&#8230;&#8230;&#8230;&#8230;.<\/p>\n<p>&#8230;&#8230;&#8230;&#8230;&#8230;&#8230;<\/p>\n<p><a href=\"http:\/\/www.floracantabrica.com\/wp-content\/uploads\/2010\/04\/Presentaci\u00f3n57.jpg\"><img loading=\"lazy\" decoding=\"async\" class=\"aligncenter size-full wp-image-5900\" title=\"Presentaci\u00f3n5\" src=\"http:\/\/www.floracantabrica.com\/wp-content\/uploads\/2010\/04\/Presentaci\u00f3n57.jpg\" alt=\"Presentaci\u00f3n5\" width=\"960\" height=\"720\" srcset=\"https:\/\/www.floracantabrica.com\/wp-content\/uploads\/2010\/04\/Presentaci\u00f3n57.jpg 960w, https:\/\/www.floracantabrica.com\/wp-content\/uploads\/2010\/04\/Presentaci\u00f3n57-300x225.jpg 300w\" sizes=\"auto, (max-width: 960px) 100vw, 960px\" \/><\/a><\/p>\n<p>&#8230;&#8230;&#8230;&#8230;&#8230;.<\/p>\n<p><span style=\"font-size: large;\"><strong>Huerto con lechugas y\u00a0 cebollas<\/strong><\/span><\/p>\n<p>&#8230;&#8230;&#8230;&#8230;&#8230;..<\/p>\n<p>\u00a0<\/p>\n<p>\u00a0<\/p>\n<p><a href=\"http:\/\/www.floracantabrica.com\/wp-content\/uploads\/2010\/04\/Presentaci\u00f3n49.jpg\"><img loading=\"lazy\" decoding=\"async\" class=\"aligncenter size-full wp-image-5899\" title=\"Presentaci\u00f3n4\" src=\"http:\/\/www.floracantabrica.com\/wp-content\/uploads\/2010\/04\/Presentaci\u00f3n49.jpg\" alt=\"Presentaci\u00f3n4\" width=\"960\" height=\"720\" srcset=\"https:\/\/www.floracantabrica.com\/wp-content\/uploads\/2010\/04\/Presentaci\u00f3n49.jpg 960w, https:\/\/www.floracantabrica.com\/wp-content\/uploads\/2010\/04\/Presentaci\u00f3n49-300x225.jpg 300w\" sizes=\"auto, (max-width: 960px) 100vw, 960px\" \/><\/a><\/p>\n<p>&#8230;&#8230;&#8230;&#8230;&#8230;&#8230;&#8230;&#8230;&#8230;&#8230;&#8230;&#8230;<\/p>\n<p>\u00a0<\/p>\n<p>&#8230;&#8230;&#8230;&#8230;&#8230;&#8230;&#8230;&#8230;&#8230;.<\/p>\n<p><span style=\"font-size: large;\"><strong>Zona de pastos,con huerto y horreo.<\/strong><\/span><\/p>\n<p>&#8230;&#8230;&#8230;&#8230;&#8230;&#8230;&#8230;&#8230;.<\/p>\n<p>\u00a0<\/p>\n<p>&#8230;&#8230;&#8230;&#8230;&#8230;&#8230;&#8230;.<\/p>\n<p><a href=\"http:\/\/www.floracantabrica.com\/wp-content\/uploads\/2010\/04\/Presentaci\u00f3n78.jpg\"><img loading=\"lazy\" decoding=\"async\" class=\"aligncenter size-full wp-image-5908\" title=\"Presentaci\u00f3n7\" src=\"http:\/\/www.floracantabrica.com\/wp-content\/uploads\/2010\/04\/Presentaci\u00f3n78.jpg\" alt=\"Presentaci\u00f3n7\" width=\"960\" height=\"720\" srcset=\"https:\/\/www.floracantabrica.com\/wp-content\/uploads\/2010\/04\/Presentaci\u00f3n78.jpg 960w, https:\/\/www.floracantabrica.com\/wp-content\/uploads\/2010\/04\/Presentaci\u00f3n78-300x225.jpg 300w\" sizes=\"auto, (max-width: 960px) 100vw, 960px\" \/><\/a><\/p>\n<p>&#8230;&#8230;&#8230;&#8230;&#8230;&#8230;&#8230;..<\/p>\n<p><span style=\"font-size: medium;\"><strong>Poblado rodeado de bosquetes de abedules. con repoblaci\u00f3n con pinos.Se aprecian las prados y las huertas<\/strong><\/span><\/p>\n<p><span style=\"font-size: medium;\"><strong>&#8230;&#8230;&#8230;&#8230;&#8230;&#8230;&#8230;&#8230;<\/strong><\/span><\/p>\n<p><span style=\"font-size: medium;\"><strong>\u00a0<a href=\"http:\/\/www.floracantabrica.com\/wp-content\/uploads\/2010\/04\/Presentaci\u00f3n87.jpg\"><img loading=\"lazy\" decoding=\"async\" class=\"aligncenter size-full wp-image-5913\" title=\"Presentaci\u00f3n8\" src=\"http:\/\/www.floracantabrica.com\/wp-content\/uploads\/2010\/04\/Presentaci\u00f3n87.jpg\" alt=\"Presentaci\u00f3n8\" width=\"960\" height=\"720\" srcset=\"https:\/\/www.floracantabrica.com\/wp-content\/uploads\/2010\/04\/Presentaci\u00f3n87.jpg 960w, https:\/\/www.floracantabrica.com\/wp-content\/uploads\/2010\/04\/Presentaci\u00f3n87-300x225.jpg 300w\" sizes=\"auto, (max-width: 960px) 100vw, 960px\" \/><\/a><\/strong><\/span><\/p>\n<p>&#8230;&#8230;&#8230;&#8230;&#8230;&#8230;&#8230;&#8230;&#8230;.<\/p>\n<p>&#8230;&#8230;&#8230;&#8230;<\/p>\n<p><a href=\"http:\/\/www.floracantabrica.com\/wp-content\/uploads\/2010\/04\/Presentaci\u00f3n99.jpg\"><img loading=\"lazy\" decoding=\"async\" class=\"aligncenter size-full wp-image-5914\" title=\"Presentaci\u00f3n9\" src=\"http:\/\/www.floracantabrica.com\/wp-content\/uploads\/2010\/04\/Presentaci\u00f3n99.jpg\" alt=\"Presentaci\u00f3n9\" width=\"960\" height=\"720\" srcset=\"https:\/\/www.floracantabrica.com\/wp-content\/uploads\/2010\/04\/Presentaci\u00f3n99.jpg 960w, https:\/\/www.floracantabrica.com\/wp-content\/uploads\/2010\/04\/Presentaci\u00f3n99-300x225.jpg 300w\" sizes=\"auto, (max-width: 960px) 100vw, 960px\" \/><\/a><\/p>\n<p>&#8230;&#8230;&#8230;&#8230;&#8230;&#8230;&#8230;&#8230;&#8230;..<\/p>\n<p><span style=\"font-size: medium;\"><strong>Caserio con autoabastaciminto\u00a0,con su huertos con berzas,grelos, cebollas lechugas etc..Rodeados de pastizales , bosque de abedules y algunos frutales.<\/strong><\/span><\/p>\n<p><span style=\"font-size: medium;\"><strong>&#8230;&#8230;&#8230;&#8230;&#8230;&#8230;&#8230;&#8230;..<\/strong><\/span><\/p>\n<p><span style=\"font-size: medium;\"><strong>&#8230;&#8230;&#8230;&#8230;&#8230;&#8230;&#8230;.<\/strong><\/span><\/p>\n<p><span style=\"font-size: medium;\"><strong><a href=\"http:\/\/www.floracantabrica.com\/wp-content\/uploads\/2010\/04\/Presentaci\u00f3n108.jpg\"><img loading=\"lazy\" decoding=\"async\" class=\"aligncenter size-full wp-image-5915\" title=\"Presentaci\u00f3n10\" src=\"http:\/\/www.floracantabrica.com\/wp-content\/uploads\/2010\/04\/Presentaci\u00f3n108.jpg\" alt=\"Presentaci\u00f3n10\" width=\"960\" height=\"720\" srcset=\"https:\/\/www.floracantabrica.com\/wp-content\/uploads\/2010\/04\/Presentaci\u00f3n108.jpg 960w, https:\/\/www.floracantabrica.com\/wp-content\/uploads\/2010\/04\/Presentaci\u00f3n108-300x225.jpg 300w\" sizes=\"auto, (max-width: 960px) 100vw, 960px\" \/><\/a><\/strong><\/span><\/p>\n<p><span style=\"font-size: large;\">Huerrto abaonado con estiercol.<\/span><\/p>\n<p><span style=\"font-size: large;\">&#8230;&#8230;&#8230;&#8230;&#8230;&#8230;&#8230;..<\/span><\/p>\n<p><span style=\"font-size: large;\"><a href=\"http:\/\/www.floracantabrica.com\/wp-content\/uploads\/2010\/04\/Presentaci\u00f3n1112.jpg\"><img loading=\"lazy\" decoding=\"async\" class=\"aligncenter size-full wp-image-5916\" title=\"Presentaci\u00f3n11\" src=\"http:\/\/www.floracantabrica.com\/wp-content\/uploads\/2010\/04\/Presentaci\u00f3n1112.jpg\" alt=\"Presentaci\u00f3n11\" width=\"960\" height=\"720\" srcset=\"https:\/\/www.floracantabrica.com\/wp-content\/uploads\/2010\/04\/Presentaci\u00f3n1112.jpg 960w, https:\/\/www.floracantabrica.com\/wp-content\/uploads\/2010\/04\/Presentaci\u00f3n1112-300x225.jpg 300w\" sizes=\"auto, (max-width: 960px) 100vw, 960px\" \/><\/a><\/span><\/p>\n<p>&#8230;&#8230;&#8230;&#8230;&#8230;&#8230;&#8230;&#8230;&#8230;&#8230;.<\/p>\n<p>&#8230;&#8230;&#8230;&#8230;&#8230;&#8230;..<\/p>\n<p><a href=\"http:\/\/www.floracantabrica.com\/wp-content\/uploads\/2010\/04\/Presentaci\u00f3n128.jpg\"><span style=\"font-size: large;\"><strong><img loading=\"lazy\" decoding=\"async\" class=\"aligncenter size-full wp-image-5917\" title=\"Presentaci\u00f3n12\" src=\"http:\/\/www.floracantabrica.com\/wp-content\/uploads\/2010\/04\/Presentaci\u00f3n128.jpg\" alt=\"Presentaci\u00f3n12\" width=\"960\" height=\"720\" srcset=\"https:\/\/www.floracantabrica.com\/wp-content\/uploads\/2010\/04\/Presentaci\u00f3n128.jpg 960w, https:\/\/www.floracantabrica.com\/wp-content\/uploads\/2010\/04\/Presentaci\u00f3n128-300x225.jpg 300w\" sizes=\"auto, (max-width: 960px) 100vw, 960px\" \/><\/strong><\/span><\/a><\/p>\n<p><span style=\"font-size: large;\"><strong><span style=\"font-size: medium;\">Casa rural con espacio reservado para almacenar los tronco de los arboles y gallinero<\/span><\/strong><\/span><\/p>\n<p><span style=\"font-size: large;\"><strong>&#8230;&#8230;&#8230;&#8230;&#8230;&#8230;&#8230;&#8230;&#8230;<\/strong><\/span><\/p>\n<p><span style=\"font-size: large;\">\u00a0<a href=\"http:\/\/www.floracantabrica.com\/wp-content\/uploads\/2010\/04\/Presentaci\u00f3n135.jpg\"><img loading=\"lazy\" decoding=\"async\" class=\"aligncenter size-full wp-image-5923\" title=\"Presentaci\u00f3n13\" src=\"http:\/\/www.floracantabrica.com\/wp-content\/uploads\/2010\/04\/Presentaci\u00f3n135.jpg\" alt=\"Presentaci\u00f3n13\" width=\"960\" height=\"720\" srcset=\"https:\/\/www.floracantabrica.com\/wp-content\/uploads\/2010\/04\/Presentaci\u00f3n135.jpg 960w, https:\/\/www.floracantabrica.com\/wp-content\/uploads\/2010\/04\/Presentaci\u00f3n135-300x225.jpg 300w\" sizes=\"auto, (max-width: 960px) 100vw, 960px\" \/><\/a><\/span><\/p>\n<p><span style=\"font-size: large;\"><strong>Tractor con grelos<\/strong><\/span><\/p>\n<p><span style=\"font-size: large;\"><strong>&#8230;&#8230;&#8230;&#8230;&#8230;..<\/strong><\/span><\/p>\n<p><span style=\"font-size: large;\"><strong><a href=\"http:\/\/www.floracantabrica.com\/wp-content\/uploads\/2010\/04\/image00242.jpg\"><img loading=\"lazy\" decoding=\"async\" class=\"aligncenter size-full wp-image-5924\" title=\"image002\" src=\"http:\/\/www.floracantabrica.com\/wp-content\/uploads\/2010\/04\/image00242.jpg\" alt=\"image002\" width=\"661\" height=\"989\" srcset=\"https:\/\/www.floracantabrica.com\/wp-content\/uploads\/2010\/04\/image00242.jpg 661w, https:\/\/www.floracantabrica.com\/wp-content\/uploads\/2010\/04\/image00242-200x300.jpg 200w\" sizes=\"auto, (max-width: 661px) 100vw, 661px\" \/><\/a><\/strong><\/span><\/p>\n<p>&#8230;&#8230;&#8230;&#8230;&#8230;&#8230;&#8230;&#8230;&#8230;&#8230;..<\/p>\n<p><span style=\"font-size: large;\"><strong>Repoblaci\u00f3n con pinos<\/strong><\/span><\/p>\n<p><span style=\"font-size: large;\"><strong>&#8230;&#8230;&#8230;&#8230;&#8230;&#8230;&#8230;&#8230;<\/strong><\/span><\/p>\n<p><span style=\"font-size: large;\"><strong><a href=\"http:\/\/www.floracantabrica.com\/wp-content\/uploads\/2010\/04\/Presentaci\u00f3n156.jpg\"><img loading=\"lazy\" decoding=\"async\" class=\"aligncenter size-full wp-image-5925\" title=\"Presentaci\u00f3n15\" src=\"http:\/\/www.floracantabrica.com\/wp-content\/uploads\/2010\/04\/Presentaci\u00f3n156.jpg\" alt=\"Presentaci\u00f3n15\" width=\"960\" height=\"720\" srcset=\"https:\/\/www.floracantabrica.com\/wp-content\/uploads\/2010\/04\/Presentaci\u00f3n156.jpg 960w, https:\/\/www.floracantabrica.com\/wp-content\/uploads\/2010\/04\/Presentaci\u00f3n156-300x225.jpg 300w\" sizes=\"auto, (max-width: 960px) 100vw, 960px\" \/><\/a><\/strong><\/span><\/p>\n<p>,,,,,,,,,,,,,,,,,,,,,,,,<\/p>\n<p><span style=\"font-size: large;\"><strong>Pi\u00f1as en el suelo<\/strong><\/span><\/p>\n<p><span style=\"font-size: large;\"><strong>&#8230;&#8230;&#8230;&#8230;&#8230;&#8230;&#8230;<\/strong><\/span><\/p>\n<p><span style=\"font-size: large;\"><strong><a href=\"http:\/\/www.floracantabrica.com\/wp-content\/uploads\/2010\/04\/Presentaci\u00f3n164.jpg\"><img loading=\"lazy\" decoding=\"async\" class=\"aligncenter size-full wp-image-5926\" title=\"Presentaci\u00f3n16\" src=\"http:\/\/www.floracantabrica.com\/wp-content\/uploads\/2010\/04\/Presentaci\u00f3n164.jpg\" alt=\"Presentaci\u00f3n16\" width=\"960\" height=\"720\" srcset=\"https:\/\/www.floracantabrica.com\/wp-content\/uploads\/2010\/04\/Presentaci\u00f3n164.jpg 960w, https:\/\/www.floracantabrica.com\/wp-content\/uploads\/2010\/04\/Presentaci\u00f3n164-300x225.jpg 300w\" sizes=\"auto, (max-width: 960px) 100vw, 960px\" \/><\/a><\/strong><\/span><\/p>\n<p>&#8230;&#8230;&#8230;&#8230;&#8230;&#8230;&#8230;&#8230;&#8230;.<\/p>\n<p><span style=\"font-size: medium;\"><strong>Campo de grelos<\/strong><\/span><\/p>\n<p><span style=\"font-size: medium;\"><strong>&#8230;&#8230;&#8230;&#8230;&#8230;&#8230;&#8230;<\/strong><\/span><\/p>\n<p><span style=\"font-size: medium;\"><a href=\"http:\/\/www.floracantabrica.com\/wp-content\/uploads\/2010\/04\/image00243.jpg\"><img loading=\"lazy\" decoding=\"async\" class=\"aligncenter size-full wp-image-5927\" title=\"image002\" src=\"http:\/\/www.floracantabrica.com\/wp-content\/uploads\/2010\/04\/image00243.jpg\" alt=\"image002\" width=\"775\" height=\"1157\" srcset=\"https:\/\/www.floracantabrica.com\/wp-content\/uploads\/2010\/04\/image00243.jpg 775w, https:\/\/www.floracantabrica.com\/wp-content\/uploads\/2010\/04\/image00243-200x300.jpg 200w, https:\/\/www.floracantabrica.com\/wp-content\/uploads\/2010\/04\/image00243-685x1024.jpg 685w\" sizes=\"auto, (max-width: 775px) 100vw, 775px\" \/><\/a><strong>\u00a0<\/strong><\/span><\/p>\n<p><span style=\"font-size: medium;\"><strong>Pino derribado por el viento<\/strong><\/span><\/p>\n<p><span style=\"font-size: medium;\"><strong>&#8230;&#8230;&#8230;&#8230;&#8230;&#8230;&#8230;&#8230;&#8230;..<\/strong><\/span><\/p>\n<p><span style=\"font-size: medium;\"><strong><a href=\"http:\/\/www.floracantabrica.com\/wp-content\/uploads\/2010\/04\/Presentaci\u00f3n174.jpg\"><img loading=\"lazy\" decoding=\"async\" class=\"aligncenter size-full wp-image-5928\" title=\"Presentaci\u00f3n17\" src=\"http:\/\/www.floracantabrica.com\/wp-content\/uploads\/2010\/04\/Presentaci\u00f3n174.jpg\" alt=\"Presentaci\u00f3n17\" width=\"960\" height=\"720\" srcset=\"https:\/\/www.floracantabrica.com\/wp-content\/uploads\/2010\/04\/Presentaci\u00f3n174.jpg 960w, https:\/\/www.floracantabrica.com\/wp-content\/uploads\/2010\/04\/Presentaci\u00f3n174-300x225.jpg 300w\" sizes=\"auto, (max-width: 960px) 100vw, 960px\" \/><\/a><\/strong><\/span><\/p>\n<p>&#8230;&#8230;&#8230;&#8230;&#8230;&#8230;&#8230;.<\/p>\n<p><span style=\"font-size: medium;\"><strong>Caserio con pastizales de diente y huertas<\/strong><\/span><\/p>\n<p><span style=\"font-size: medium;\"><strong>&#8230;&#8230;&#8230;&#8230;&#8230;&#8230;&#8230;&#8230;&#8230;&#8230;&#8230;&#8230;&#8230;&#8230;.<\/strong><\/span><\/p>\n<p><span style=\"font-size: medium;\"><strong><a href=\"http:\/\/www.floracantabrica.com\/wp-content\/uploads\/2010\/04\/image00244.jpg\"><img loading=\"lazy\" decoding=\"async\" class=\"aligncenter size-full wp-image-5929\" title=\"image002\" src=\"http:\/\/www.floracantabrica.com\/wp-content\/uploads\/2010\/04\/image00244.jpg\" alt=\"image002\" width=\"869\" height=\"1294\" srcset=\"https:\/\/www.floracantabrica.com\/wp-content\/uploads\/2010\/04\/image00244.jpg 869w, https:\/\/www.floracantabrica.com\/wp-content\/uploads\/2010\/04\/image00244-201x300.jpg 201w, https:\/\/www.floracantabrica.com\/wp-content\/uploads\/2010\/04\/image00244-687x1024.jpg 687w\" sizes=\"auto, (max-width: 869px) 100vw, 869px\" \/><\/a><\/strong><\/span><\/p>\n<p>&#8230;&#8230;&#8230;&#8230;&#8230;&#8230;&#8230;&#8230;&#8230;&#8230;<\/p>\n<p><span style=\"font-size: medium;\"><strong>Ejemplo de la hetergeneidad del paisaje.Entre los caserios en la zona superior se observa un brezal tojal (\u00a0 brezo rojo.Erica aragonensis\u00a0 y tojo.Ulex europaeus) un piornal (con Piorno lusit\u00e1nico en blanco.Cytisus mutiflorus\u00a0), que alternan con pastizales de diente amarillos por el bot\u00f3n de oro.(Ranunculus),intercalados tenmos peque\u00f1as manchas\u00a0 de bosques naturales (abedules y melojos)<\/strong><\/span><\/p>\n<p><span style=\"font-size: medium;\"><strong>&#8230;&#8230;&#8230;&#8230;&#8230;&#8230;&#8230;&#8230;&#8230;&#8230;.<\/strong><\/span><\/p>\n<p><span style=\"font-size: medium;\"><strong><a href=\"http:\/\/www.floracantabrica.com\/wp-content\/uploads\/2010\/04\/Presentaci\u00f3n193.jpg\"><img loading=\"lazy\" decoding=\"async\" class=\"aligncenter size-full wp-image-5938\" title=\"Presentaci\u00f3n19\" src=\"http:\/\/www.floracantabrica.com\/wp-content\/uploads\/2010\/04\/Presentaci\u00f3n193.jpg\" alt=\"Presentaci\u00f3n19\" width=\"960\" height=\"720\" srcset=\"https:\/\/www.floracantabrica.com\/wp-content\/uploads\/2010\/04\/Presentaci\u00f3n193.jpg 960w, https:\/\/www.floracantabrica.com\/wp-content\/uploads\/2010\/04\/Presentaci\u00f3n193-300x225.jpg 300w\" sizes=\"auto, (max-width: 960px) 100vw, 960px\" \/><\/a><\/strong><\/span><\/p>\n<p>&#8230;&#8230;&#8230;&#8230;&#8230;&#8230;&#8230;..<\/p>\n<p><span style=\"font-size: medium;\"><strong>Caserio con pastizales seminaturales y huertos preparados para la siembra<\/strong><\/span><\/p>\n<p><span style=\"font-size: medium;\"><strong>&#8230;&#8230;&#8230;&#8230;&#8230;&#8230;&#8230;&#8230;&#8230;..<\/strong><\/span><\/p>\n<p><span style=\"font-size: medium;\"><strong><a href=\"http:\/\/www.floracantabrica.com\/wp-content\/uploads\/2010\/04\/image00246.jpg\"><img loading=\"lazy\" decoding=\"async\" class=\"aligncenter size-full wp-image-5940\" title=\"image002\" src=\"http:\/\/www.floracantabrica.com\/wp-content\/uploads\/2010\/04\/image00246.jpg\" alt=\"image002\" width=\"847\" height=\"1259\" srcset=\"https:\/\/www.floracantabrica.com\/wp-content\/uploads\/2010\/04\/image00246.jpg 847w, https:\/\/www.floracantabrica.com\/wp-content\/uploads\/2010\/04\/image00246-201x300.jpg 201w, https:\/\/www.floracantabrica.com\/wp-content\/uploads\/2010\/04\/image00246-688x1023.jpg 688w\" sizes=\"auto, (max-width: 847px) 100vw, 847px\" \/><\/a><\/strong><\/span><\/p>\n<p>&#8230;&#8230;&#8230;&#8230;&#8230;&#8230;&#8230;<\/p>\n<p><span style=\"font-size: medium;\"><strong>El rio Navia baja con fuerza<\/strong><\/span><\/p>\n<p><span style=\"font-size: medium;\"><strong>&#8230;&#8230;&#8230;&#8230;&#8230;&#8230;&#8230;&#8230;.<\/strong><\/span><\/p>\n<p><span style=\"font-size: medium;\">\u00a0<a href=\"http:\/\/www.floracantabrica.com\/wp-content\/uploads\/2010\/04\/Presentaci\u00f3n203.jpg\"><img loading=\"lazy\" decoding=\"async\" class=\"aligncenter size-full wp-image-5942\" title=\"Presentaci\u00f3n20\" src=\"http:\/\/www.floracantabrica.com\/wp-content\/uploads\/2010\/04\/Presentaci\u00f3n203.jpg\" alt=\"Presentaci\u00f3n20\" width=\"960\" height=\"720\" srcset=\"https:\/\/www.floracantabrica.com\/wp-content\/uploads\/2010\/04\/Presentaci\u00f3n203.jpg 960w, https:\/\/www.floracantabrica.com\/wp-content\/uploads\/2010\/04\/Presentaci\u00f3n203-300x225.jpg 300w\" sizes=\"auto, (max-width: 960px) 100vw, 960px\" \/><\/a><\/span><\/p>\n<p>&#8230;&#8230;&#8230;&#8230;&#8230;&#8230;&#8230;&#8230;<\/p>\n<p><a href=\"http:\/\/www.floracantabrica.com\/wp-content\/uploads\/2010\/04\/Presentaci\u00f3n215.jpg\"><img loading=\"lazy\" decoding=\"async\" class=\"aligncenter size-full wp-image-5943\" title=\"Presentaci\u00f3n21\" src=\"http:\/\/www.floracantabrica.com\/wp-content\/uploads\/2010\/04\/Presentaci\u00f3n215.jpg\" alt=\"Presentaci\u00f3n21\" width=\"960\" height=\"720\" srcset=\"https:\/\/www.floracantabrica.com\/wp-content\/uploads\/2010\/04\/Presentaci\u00f3n215.jpg 960w, https:\/\/www.floracantabrica.com\/wp-content\/uploads\/2010\/04\/Presentaci\u00f3n215-300x225.jpg 300w\" sizes=\"auto, (max-width: 960px) 100vw, 960px\" \/><\/a><\/p>\n<p>&#8230;&#8230;&#8230;&#8230;&#8230;&#8230;&#8230;<\/p>\n<p><a href=\"http:\/\/www.floracantabrica.com\/wp-content\/uploads\/2010\/04\/Presentaci\u00f3n224.jpg\"><img loading=\"lazy\" decoding=\"async\" class=\"aligncenter size-full wp-image-5944\" title=\"Presentaci\u00f3n22\" src=\"http:\/\/www.floracantabrica.com\/wp-content\/uploads\/2010\/04\/Presentaci\u00f3n224.jpg\" alt=\"Presentaci\u00f3n22\" width=\"960\" height=\"720\" srcset=\"https:\/\/www.floracantabrica.com\/wp-content\/uploads\/2010\/04\/Presentaci\u00f3n224.jpg 960w, https:\/\/www.floracantabrica.com\/wp-content\/uploads\/2010\/04\/Presentaci\u00f3n224-300x225.jpg 300w\" sizes=\"auto, (max-width: 960px) 100vw, 960px\" \/><\/a><\/p>\n","protected":false},"excerpt":{"rendered":"<p>Tweet\u00a0 &#8230;&#8230;&#8230;&#8230;&#8230;&#8230;&#8230;&#8230;&#8230; &#8230;&#8230;&#8230;&#8230;&#8230;&#8230;&#8230; SUARNA Desde mucho tiempo atr\u00e1s ten\u00edamos el deseo de conocer Navia de Suarna y por fin lo hemos hecho. Nos sorprendimos gratamente\u00a0 por su belleza tanto de la villa como de su entorno. Su castillo parece que fue construido all\u00e1 por el a\u00f1o 1037\u00a0\u00a0 aproximadamente, sobre unas rocas; posee murallas, torreones y [&hellip;]<\/p>\n","protected":false},"author":1,"featured_media":0,"comment_status":"open","ping_status":"open","sticky":false,"template":"","format":"standard","meta":{"footnotes":""},"categories":[5],"tags":[],"class_list":["post-5891","post","type-post","status-publish","format-standard","hentry","category-etnopaisaje"],"_links":{"self":[{"href":"https:\/\/www.floracantabrica.com\/index.php?rest_route=\/wp\/v2\/posts\/5891","targetHints":{"allow":["GET"]}}],"collection":[{"href":"https:\/\/www.floracantabrica.com\/index.php?rest_route=\/wp\/v2\/posts"}],"about":[{"href":"https:\/\/www.floracantabrica.com\/index.php?rest_route=\/wp\/v2\/types\/post"}],"author":[{"embeddable":true,"href":"https:\/\/www.floracantabrica.com\/index.php?rest_route=\/wp\/v2\/users\/1"}],"replies":[{"embeddable":true,"href":"https:\/\/www.floracantabrica.com\/index.php?rest_route=%2Fwp%2Fv2%2Fcomments&post=5891"}],"version-history":[{"count":33,"href":"https:\/\/www.floracantabrica.com\/index.php?rest_route=\/wp\/v2\/posts\/5891\/revisions"}],"predecessor-version":[{"id":32641,"href":"https:\/\/www.floracantabrica.com\/index.php?rest_route=\/wp\/v2\/posts\/5891\/revisions\/32641"}],"wp:attachment":[{"href":"https:\/\/www.floracantabrica.com\/index.php?rest_route=%2Fwp%2Fv2%2Fmedia&parent=5891"}],"wp:term":[{"taxonomy":"category","embeddable":true,"href":"https:\/\/www.floracantabrica.com\/index.php?rest_route=%2Fwp%2Fv2%2Fcategories&post=5891"},{"taxonomy":"post_tag","embeddable":true,"href":"https:\/\/www.floracantabrica.com\/index.php?rest_route=%2Fwp%2Fv2%2Ftags&post=5891"}],"curies":[{"name":"wp","href":"https:\/\/api.w.org\/{rel}","templated":true}]}}