{"id":5842,"date":"2010-04-24T09:02:14","date_gmt":"2010-04-24T07:02:14","guid":{"rendered":"http:\/\/www.floracantabrica.com\/?p=5842"},"modified":"2017-11-15T16:35:04","modified_gmt":"2017-11-15T14:35:04","slug":"agueira-rio-pesoz-asturias","status":"publish","type":"post","link":"https:\/\/www.floracantabrica.com\/?p=5842","title":{"rendered":"Ag\u00fceira (Rio).Pesoz.Asturias"},"content":{"rendered":"<p><a href=\"http:\/\/twitter.com\/share?url=https%3A%2F%2Fwww.floracantabrica.com%2F%3Fp%3D5842&amp;count=none&amp;lang=es&amp;via=lorencincoreses&amp;related=Mujerverdosa&amp;text=Ag\u00fceira (Rio).Pesoz.Asturias - Flora Cant\u00e1brica\" class=\"twitter-share-button\">Tweet<\/a><\/p><p><span style=\"font-size: medium;\">En el rio Ag\u00fceira, en el \u00e1rea recreativa de Pesoz, encontramos un microclima con unos microh\u00e1bitats, que \u00a0nos ponen en evidencia que el clima atl\u00e1ntico de Asturias, que se asemeja con el de las Islas Brit\u00e1nicas, tiene marcados contrastares; por un lado, la zona cercana a la costa, est\u00e1 dominada por un bosque caducifolio de carballos \u00a0y abedules igual que en los pa\u00edses de Dominio Atl\u00e1ntico, pero, cuando nos adentramos en el interior, la vegetaci\u00f3n cambia \u00a0\u00a0por la influencia mediterr\u00e1nea, como lo pone en evidencia los \u00a0alcornoques, el \u00a0fresno de castilla y piorno lusit\u00e1nico.\u00a0 El \u00e9xito del crecimiento r\u00e1pido de los Eucaliptos en todo el \u00a0litoral cant\u00e1brico se debe a la dulzura del clima\u00a0 h\u00famedo y \u00a0templado, sin apenas heladas.<\/span><\/p>\n<p><span style=\"font-size: medium;\">&#8230;&#8230;&#8230;&#8230;&#8230;&#8230;&#8230;&#8230;&#8230;..<\/span><\/p>\n<p><span style=\"font-size: medium;\">&#8230;&#8230;&#8230;&#8230;&#8230;&#8230;&#8230;&#8230;&#8230;.<\/span><\/p>\n<p><a href=\"http:\/\/www.floracantabrica.com\/wp-content\/uploads\/2010\/04\/Presentaci\u00f3n120.jpg\"><img loading=\"lazy\" decoding=\"async\" class=\"aligncenter size-full wp-image-5843\" title=\"Presentaci\u00f3n1\" src=\"http:\/\/www.floracantabrica.com\/wp-content\/uploads\/2010\/04\/Presentaci\u00f3n120.jpg\" alt=\"Presentaci\u00f3n1\" width=\"960\" height=\"720\" srcset=\"https:\/\/www.floracantabrica.com\/wp-content\/uploads\/2010\/04\/Presentaci\u00f3n120.jpg 960w, https:\/\/www.floracantabrica.com\/wp-content\/uploads\/2010\/04\/Presentaci\u00f3n120-300x225.jpg 300w\" sizes=\"auto, (max-width: 960px) 100vw, 960px\" \/><\/a><\/p>\n<p>&#8230;&#8230;&#8230;&#8230;&#8230;&#8230;&#8230;&#8230;&#8230;&#8230;&#8230;&#8230;.<\/p>\n<p><span style=\"font-size: medium;\"><strong>T\u00edpico caser\u00edo de los Oscos. Con su huerto y el tendal<\/strong><\/span><\/p>\n<p><span style=\"font-size: medium;\"><strong>&#8230;&#8230;&#8230;&#8230;&#8230;&#8230;&#8230;&#8230;&#8230;&#8230;<\/strong><\/span><\/p>\n<p><span style=\"font-size: medium;\"><a href=\"http:\/\/www.floracantabrica.com\/wp-content\/uploads\/2010\/04\/Presentaci\u00f3n28.jpg\"><img loading=\"lazy\" decoding=\"async\" class=\"aligncenter size-full wp-image-5846\" title=\"Presentaci\u00f3n2\" src=\"http:\/\/www.floracantabrica.com\/wp-content\/uploads\/2010\/04\/Presentaci\u00f3n28.jpg\" alt=\"Presentaci\u00f3n2\" width=\"960\" height=\"720\" srcset=\"https:\/\/www.floracantabrica.com\/wp-content\/uploads\/2010\/04\/Presentaci\u00f3n28.jpg 960w, https:\/\/www.floracantabrica.com\/wp-content\/uploads\/2010\/04\/Presentaci\u00f3n28-300x225.jpg 300w\" sizes=\"auto, (max-width: 960px) 100vw, 960px\" \/><\/a><\/span><\/p>\n<p><span style=\"font-size: large;\"><strong>Colmenas entre el tojo<\/strong><\/span><\/p>\n<p><span style=\"font-size: large;\"><strong>&#8230;&#8230;&#8230;&#8230;&#8230;&#8230;&#8230;&#8230;..<\/strong><\/span><\/p>\n<p><span style=\"font-size: large;\"><strong><a href=\"http:\/\/www.floracantabrica.com\/wp-content\/uploads\/2010\/04\/Presentaci\u00f3n37.jpg\"><img loading=\"lazy\" decoding=\"async\" class=\"aligncenter size-full wp-image-5847\" title=\"Presentaci\u00f3n3\" src=\"http:\/\/www.floracantabrica.com\/wp-content\/uploads\/2010\/04\/Presentaci\u00f3n37.jpg\" alt=\"Presentaci\u00f3n3\" width=\"960\" height=\"720\" srcset=\"https:\/\/www.floracantabrica.com\/wp-content\/uploads\/2010\/04\/Presentaci\u00f3n37.jpg 960w, https:\/\/www.floracantabrica.com\/wp-content\/uploads\/2010\/04\/Presentaci\u00f3n37-300x225.jpg 300w\" sizes=\"auto, (max-width: 960px) 100vw, 960px\" \/><\/a><\/strong><\/span><\/p>\n<p>&#8230;&#8230;&#8230;&#8230;&#8230;&#8230;&#8230;<\/p>\n<p><span style=\"font-size: large;\"><strong>Caba\u00f1a de los Oscos<\/strong><\/span><\/p>\n<p><span style=\"font-size: large;\"><strong>&#8230;&#8230;&#8230;&#8230;&#8230;.<\/strong><\/span><\/p>\n<p><span style=\"font-size: large;\"><strong><a href=\"http:\/\/www.floracantabrica.com\/wp-content\/uploads\/2010\/04\/image00232.jpg\"><img loading=\"lazy\" decoding=\"async\" class=\"aligncenter size-full wp-image-5848\" title=\"image002\" src=\"http:\/\/www.floracantabrica.com\/wp-content\/uploads\/2010\/04\/image00232.jpg\" alt=\"image002\" width=\"654\" height=\"720\" srcset=\"https:\/\/www.floracantabrica.com\/wp-content\/uploads\/2010\/04\/image00232.jpg 654w, https:\/\/www.floracantabrica.com\/wp-content\/uploads\/2010\/04\/image00232-272x300.jpg 272w\" sizes=\"auto, (max-width: 654px) 100vw, 654px\" \/><\/a><\/strong><\/span><\/p>\n<p><span style=\"font-size: large;\"><strong>Abedular de los Oscos con tojo y brezo<\/strong><\/span><\/p>\n<p><span style=\"font-size: large;\"><strong>&#8230;&#8230;&#8230;&#8230;&#8230;&#8230;&#8230;&#8230;.<\/strong><\/span><\/p>\n<p><span style=\"font-size: large;\">\u00a0<a href=\"http:\/\/www.floracantabrica.com\/wp-content\/uploads\/2010\/04\/Presentaci\u00f3n56.jpg\"><img loading=\"lazy\" decoding=\"async\" class=\"aligncenter size-full wp-image-5851\" title=\"Presentaci\u00f3n5\" src=\"http:\/\/www.floracantabrica.com\/wp-content\/uploads\/2010\/04\/Presentaci\u00f3n56.jpg\" alt=\"Presentaci\u00f3n5\" width=\"960\" height=\"720\" srcset=\"https:\/\/www.floracantabrica.com\/wp-content\/uploads\/2010\/04\/Presentaci\u00f3n56.jpg 960w, https:\/\/www.floracantabrica.com\/wp-content\/uploads\/2010\/04\/Presentaci\u00f3n56-300x225.jpg 300w\" sizes=\"auto, (max-width: 960px) 100vw, 960px\" \/><\/a><\/span><\/p>\n<p>&#8230;&#8230;&#8230;&#8230;&#8230;&#8230;&#8230;&#8230;&#8230;..<\/p>\n<p><span style=\"font-size: large;\"><strong><span style=\"font-size: small;\">N\u00facleo rural de los Oscos, con verdes praderas y uno de los pocos cierres de piedras hicadas\u00a0que sobreviven al paso del tiempo.<\/span><\/strong><\/span><\/p>\n<p><span style=\"font-size: large;\"><strong><span style=\"font-size: small;\">&#8230;&#8230;&#8230;&#8230;&#8230;&#8230;&#8230;&#8230;..<\/span><\/strong><\/span><\/p>\n<p><span style=\"font-size: large;\"><strong><span style=\"font-size: small;\"><a href=\"http:\/\/www.floracantabrica.com\/wp-content\/uploads\/2010\/04\/Presentaci\u00f3n68.jpg\"><img loading=\"lazy\" decoding=\"async\" class=\"aligncenter size-full wp-image-5853\" title=\"Presentaci\u00f3n6\" src=\"http:\/\/www.floracantabrica.com\/wp-content\/uploads\/2010\/04\/Presentaci\u00f3n68.jpg\" alt=\"Presentaci\u00f3n6\" width=\"960\" height=\"720\" srcset=\"https:\/\/www.floracantabrica.com\/wp-content\/uploads\/2010\/04\/Presentaci\u00f3n68.jpg 960w, https:\/\/www.floracantabrica.com\/wp-content\/uploads\/2010\/04\/Presentaci\u00f3n68-300x225.jpg 300w\" sizes=\"auto, (max-width: 960px) 100vw, 960px\" \/><\/a><\/span><\/strong><\/span><\/p>\n<p>&#8230;&#8230;&#8230;&#8230;&#8230;&#8230;&#8230;&#8230;&#8230;..<\/p>\n<p><a href=\"http:\/\/www.floracantabrica.com\/wp-content\/uploads\/2010\/04\/Presentaci\u00f3n85.jpg\"><img loading=\"lazy\" decoding=\"async\" class=\"aligncenter size-full wp-image-5854\" title=\"Presentaci\u00f3n8\" src=\"http:\/\/www.floracantabrica.com\/wp-content\/uploads\/2010\/04\/Presentaci\u00f3n85.jpg\" alt=\"Presentaci\u00f3n8\" width=\"960\" height=\"720\" srcset=\"https:\/\/www.floracantabrica.com\/wp-content\/uploads\/2010\/04\/Presentaci\u00f3n85.jpg 960w, https:\/\/www.floracantabrica.com\/wp-content\/uploads\/2010\/04\/Presentaci\u00f3n85-300x225.jpg 300w\" sizes=\"auto, (max-width: 960px) 100vw, 960px\" \/><\/a><\/p>\n<p>&#8230;&#8230;&#8230;&#8230;&#8230;&#8230;..<\/p>\n<p><span style=\"font-size: large;\"><strong>Vista panor\u00e1mica<\/strong><\/span><\/p>\n<p><span style=\"font-size: large;\"><strong>&#8212;&#8212;&#8212;&#8212;&#8212;&#8212;&#8212;&#8212;-<\/strong><\/span><\/p>\n<p><span style=\"font-size: large;\"><strong><a href=\"http:\/\/www.floracantabrica.com\/wp-content\/uploads\/2010\/04\/Presentaci\u00f3n97.jpg\"><img loading=\"lazy\" decoding=\"async\" class=\"aligncenter size-full wp-image-5856\" title=\"Presentaci\u00f3n9\" src=\"http:\/\/www.floracantabrica.com\/wp-content\/uploads\/2010\/04\/Presentaci\u00f3n97.jpg\" alt=\"Presentaci\u00f3n9\" width=\"960\" height=\"720\" srcset=\"https:\/\/www.floracantabrica.com\/wp-content\/uploads\/2010\/04\/Presentaci\u00f3n97.jpg 960w, https:\/\/www.floracantabrica.com\/wp-content\/uploads\/2010\/04\/Presentaci\u00f3n97-300x225.jpg 300w\" sizes=\"auto, (max-width: 960px) 100vw, 960px\" \/><\/a><\/strong><\/span><\/p>\n<p>&#8230;&#8230;&#8230;&#8230;&#8230;&#8230;&#8230;&#8230;&#8230;&#8230;<\/p>\n<p><span style=\"font-size: large;\"><strong>Caballo al lado de una caba\u00f1a en medio de un alcornocal con piorno blanco lusitanico<\/strong><\/span><\/p>\n<p><span style=\"font-size: large;\"><strong>&#8230;&#8230;&#8230;&#8230;&#8230;.<\/strong><\/span><\/p>\n<p><span style=\"font-size: large;\"><a href=\"http:\/\/www.floracantabrica.com\/wp-content\/uploads\/2010\/04\/image00233.jpg\"><img loading=\"lazy\" decoding=\"async\" class=\"aligncenter size-full wp-image-5858\" title=\"image002\" src=\"http:\/\/www.floracantabrica.com\/wp-content\/uploads\/2010\/04\/image00233.jpg\" alt=\"image002\" width=\"707\" height=\"1056\" srcset=\"https:\/\/www.floracantabrica.com\/wp-content\/uploads\/2010\/04\/image00233.jpg 707w, https:\/\/www.floracantabrica.com\/wp-content\/uploads\/2010\/04\/image00233-200x300.jpg 200w, https:\/\/www.floracantabrica.com\/wp-content\/uploads\/2010\/04\/image00233-685x1024.jpg 685w\" sizes=\"auto, (max-width: 707px) 100vw, 707px\" \/><\/a><\/span><\/p>\n<p>&#8230;&#8230;&#8230;&#8230;&#8230;&#8230;&#8230;&#8230;&#8230;..<\/p>\n<p><span style=\"font-size: large;\"><strong><span style=\"font-size: medium;\">Fresno de Castilla (Fraxinus angustifolia y Piorno lusit\u00e1nico ( Cytisus mutiflorus).<\/span><\/strong><\/span><\/p>\n<p><span style=\"font-size: large;\"><strong><span style=\"font-size: medium;\">&#8230;&#8230;&#8230;&#8230;&#8230;&#8230;&#8230;&#8230;<\/span><\/strong><\/span><\/p>\n<p><span style=\"font-size: large;\"><strong><span style=\"font-size: medium;\"><a href=\"http:\/\/www.floracantabrica.com\/wp-content\/uploads\/2010\/04\/Presentaci\u00f3n106.jpg\"><img loading=\"lazy\" decoding=\"async\" class=\"aligncenter size-full wp-image-5860\" title=\"Presentaci\u00f3n10\" src=\"http:\/\/www.floracantabrica.com\/wp-content\/uploads\/2010\/04\/Presentaci\u00f3n106.jpg\" alt=\"Presentaci\u00f3n10\" width=\"960\" height=\"720\" srcset=\"https:\/\/www.floracantabrica.com\/wp-content\/uploads\/2010\/04\/Presentaci\u00f3n106.jpg 960w, https:\/\/www.floracantabrica.com\/wp-content\/uploads\/2010\/04\/Presentaci\u00f3n106-300x225.jpg 300w\" sizes=\"auto, (max-width: 960px) 100vw, 960px\" \/><\/a><\/span><\/strong><\/span><\/p>\n<p><span style=\"font-size: large;\"><strong>Tojal-brezal (con Ulex europaeus y Erica umbellata)<\/strong><\/span><\/p>\n<p><span style=\"font-size: large;\"><strong>&#8230;&#8230;&#8230;&#8230;&#8230;&#8230;..<\/strong><\/span><\/p>\n<p><span style=\"font-size: large;\"><strong><a href=\"http:\/\/www.floracantabrica.com\/wp-content\/uploads\/2010\/04\/image00234.jpg\"><img loading=\"lazy\" decoding=\"async\" class=\"aligncenter size-full wp-image-5861\" title=\"image002\" src=\"http:\/\/www.floracantabrica.com\/wp-content\/uploads\/2010\/04\/image00234.jpg\" alt=\"image002\" width=\"662\" height=\"443\" srcset=\"https:\/\/www.floracantabrica.com\/wp-content\/uploads\/2010\/04\/image00234.jpg 662w, https:\/\/www.floracantabrica.com\/wp-content\/uploads\/2010\/04\/image00234-300x200.jpg 300w\" sizes=\"auto, (max-width: 662px) 100vw, 662px\" \/><\/a><\/strong><\/span><\/p>\n<p><span style=\"font-size: large;\"><strong>Brezo unbelado.Erica umbellata<\/strong><\/span><\/p>\n<p><span style=\"font-size: large;\"><strong>&#8230;&#8230;&#8230;&#8230;&#8230;&#8230;&#8230;&#8230;&#8230;&#8230;&#8230;&#8230;..<\/strong><\/span><\/p>\n<p><span style=\"font-size: large;\"><strong><a href=\"http:\/\/www.floracantabrica.com\/wp-content\/uploads\/2010\/04\/Presentaci\u00f3n1110.jpg\"><img loading=\"lazy\" decoding=\"async\" class=\"aligncenter size-full wp-image-5862\" title=\"Presentaci\u00f3n11\" src=\"http:\/\/www.floracantabrica.com\/wp-content\/uploads\/2010\/04\/Presentaci\u00f3n1110.jpg\" alt=\"Presentaci\u00f3n11\" width=\"960\" height=\"720\" srcset=\"https:\/\/www.floracantabrica.com\/wp-content\/uploads\/2010\/04\/Presentaci\u00f3n1110.jpg 960w, https:\/\/www.floracantabrica.com\/wp-content\/uploads\/2010\/04\/Presentaci\u00f3n1110-300x225.jpg 300w\" sizes=\"auto, (max-width: 960px) 100vw, 960px\" \/><\/a><\/strong><\/span><\/p>\n<p><span style=\"font-size: medium;\"><strong>Sucesi\u00f3n de la vegetaci\u00f3n: estrato muscinal, estato de matorral y el bosque (pinos repoblados)<\/strong><\/span><\/p>\n<p><span style=\"font-size: medium;\"><strong>&#8230;&#8230;&#8230;&#8230;&#8230;&#8230;&#8230;<\/strong><\/span><\/p>\n<p><span style=\"font-size: medium;\">\u00a0<a href=\"http:\/\/www.floracantabrica.com\/wp-content\/uploads\/2010\/04\/Presentaci\u00f3n126.jpg\"><img loading=\"lazy\" decoding=\"async\" class=\"aligncenter size-full wp-image-5865\" title=\"Presentaci\u00f3n1\" src=\"http:\/\/www.floracantabrica.com\/wp-content\/uploads\/2010\/04\/Presentaci\u00f3n126.jpg\" alt=\"Presentaci\u00f3n1\" width=\"960\" height=\"720\" srcset=\"https:\/\/www.floracantabrica.com\/wp-content\/uploads\/2010\/04\/Presentaci\u00f3n126.jpg 960w, https:\/\/www.floracantabrica.com\/wp-content\/uploads\/2010\/04\/Presentaci\u00f3n126-300x225.jpg 300w\" sizes=\"auto, (max-width: 960px) 100vw, 960px\" \/><\/a><\/span><\/p>\n<p>&#8230;&#8230;&#8230;&#8230;&#8230;&#8230;&#8230;..<\/p>\n<p><span style=\"font-size: large;\"><strong>No me olvides (peque\u00f1as flores azuladas) Myosotis discolor<\/strong><\/span><\/p>\n<p><span style=\"font-size: large;\"><strong>&#8230;&#8230;&#8230;&#8230;&#8230;&#8230;&#8230;..<\/strong><\/span><\/p>\n<p><span style=\"font-size: large;\"><a href=\"http:\/\/www.floracantabrica.com\/wp-content\/uploads\/2010\/04\/Presentaci\u00f3n29.jpg\"><img loading=\"lazy\" decoding=\"async\" class=\"aligncenter size-full wp-image-5866\" title=\"Presentaci\u00f3n2\" src=\"http:\/\/www.floracantabrica.com\/wp-content\/uploads\/2010\/04\/Presentaci\u00f3n29.jpg\" alt=\"Presentaci\u00f3n2\" width=\"960\" height=\"720\" srcset=\"https:\/\/www.floracantabrica.com\/wp-content\/uploads\/2010\/04\/Presentaci\u00f3n29.jpg 960w, https:\/\/www.floracantabrica.com\/wp-content\/uploads\/2010\/04\/Presentaci\u00f3n29-300x225.jpg 300w\" sizes=\"auto, (max-width: 960px) 100vw, 960px\" \/><\/a>&#8230;&#8230;&#8230;&#8230;&#8230;&#8230;&#8230;&#8230;..<\/span><\/p>\n<p><span style=\"font-size: large;\"><strong>Borr\u00f3. Sherardia arvensis<\/strong><\/span><\/p>\n<p><span style=\"font-size: large;\"><strong>&#8230;&#8230;&#8230;&#8230;&#8230;&#8230;&#8230;&#8230;<\/strong><\/span><\/p>\n<p><span style=\"font-size: large;\"><strong><a href=\"http:\/\/www.floracantabrica.com\/wp-content\/uploads\/2010\/04\/image00235.jpg\"><img loading=\"lazy\" decoding=\"async\" class=\"aligncenter size-full wp-image-5867\" title=\"image002\" src=\"http:\/\/www.floracantabrica.com\/wp-content\/uploads\/2010\/04\/image00235.jpg\" alt=\"image002\" width=\"677\" height=\"1007\" srcset=\"https:\/\/www.floracantabrica.com\/wp-content\/uploads\/2010\/04\/image00235.jpg 677w, https:\/\/www.floracantabrica.com\/wp-content\/uploads\/2010\/04\/image00235-201x300.jpg 201w\" sizes=\"auto, (max-width: 677px) 100vw, 677px\" \/><\/a><\/strong><\/span><\/p>\n<p><span style=\"font-size: large;\"><strong>&#8230;&#8230;&#8230;&#8230;&#8230;&#8230;&#8230;&#8230;<\/strong><\/span><\/p>\n<p><span style=\"font-size: large;\"><strong>Acedera.Rumex acetosa<\/strong><\/span><\/p>\n<p><span style=\"font-size: large;\"><strong>&#8230;&#8230;&#8230;&#8230;&#8230;..<\/strong><\/span><\/p>\n<p><span style=\"font-size: large;\"><strong><a href=\"http:\/\/www.floracantabrica.com\/wp-content\/uploads\/2010\/04\/image00236.jpg\"><img loading=\"lazy\" decoding=\"async\" class=\"aligncenter size-full wp-image-5868\" title=\"image002\" src=\"http:\/\/www.floracantabrica.com\/wp-content\/uploads\/2010\/04\/image00236.jpg\" alt=\"image002\" width=\"650\" height=\"970\" srcset=\"https:\/\/www.floracantabrica.com\/wp-content\/uploads\/2010\/04\/image00236.jpg 650w, https:\/\/www.floracantabrica.com\/wp-content\/uploads\/2010\/04\/image00236-201x300.jpg 201w\" sizes=\"auto, (max-width: 650px) 100vw, 650px\" \/><\/a><\/strong><\/span><\/p>\n<p>&#8230;&#8230;&#8230;&#8230;&#8230;&#8230;&#8230;&#8230;&#8230;&#8230;&#8230;..<\/p>\n<p><span style=\"font-size: large;\"><strong>Senecio. Senecio lividus<\/strong><\/span><\/p>\n<p><span style=\"font-size: large;\"><strong>&#8230;&#8230;&#8230;&#8230;&#8230;&#8230;&#8230;&#8230;&#8230;<\/strong><\/span><\/p>\n<p><span style=\"font-size: large;\"><strong><a href=\"http:\/\/www.floracantabrica.com\/wp-content\/uploads\/2010\/04\/Presentaci\u00f3n48.jpg\"><img loading=\"lazy\" decoding=\"async\" class=\"aligncenter size-full wp-image-5870\" title=\"Presentaci\u00f3n4\" src=\"http:\/\/www.floracantabrica.com\/wp-content\/uploads\/2010\/04\/Presentaci\u00f3n48.jpg\" alt=\"Presentaci\u00f3n4\" width=\"960\" height=\"720\" srcset=\"https:\/\/www.floracantabrica.com\/wp-content\/uploads\/2010\/04\/Presentaci\u00f3n48.jpg 960w, https:\/\/www.floracantabrica.com\/wp-content\/uploads\/2010\/04\/Presentaci\u00f3n48-300x225.jpg 300w\" sizes=\"auto, (max-width: 960px) 100vw, 960px\" \/><\/a><\/strong><\/span><\/p>\n<p>&#8230;&#8230;&#8230;&#8230;&#8230;&#8230;&#8230;.<\/p>\n<p><span style=\"font-size: large;\"><strong><span style=\"font-size: medium;\">Yerbecilla temprana.Erophila verna.Se observan los tabiques placentarios de la silicula de las cruciferas.<\/span><\/strong><\/span><\/p>\n<p><span style=\"font-size: large;\"><strong><span style=\"font-size: medium;\">&#8230;&#8230;&#8230;&#8230;&#8230;&#8230;.<\/span><\/strong><\/span><\/p>\n<p><span style=\"font-size: large;\"><strong><span style=\"font-size: medium;\">\u00a0<\/span><\/strong><\/span><\/p>\n<p><a href=\"http:\/\/www.floracantabrica.com\/wp-content\/uploads\/2010\/04\/image00238.jpg\"><img loading=\"lazy\" decoding=\"async\" class=\"aligncenter size-full wp-image-5874\" title=\"image002\" src=\"http:\/\/www.floracantabrica.com\/wp-content\/uploads\/2010\/04\/image00238.jpg\" alt=\"image002\" width=\"699\" height=\"1045\" srcset=\"https:\/\/www.floracantabrica.com\/wp-content\/uploads\/2010\/04\/image00238.jpg 699w, https:\/\/www.floracantabrica.com\/wp-content\/uploads\/2010\/04\/image00238-200x300.jpg 200w, https:\/\/www.floracantabrica.com\/wp-content\/uploads\/2010\/04\/image00238-684x1024.jpg 684w\" sizes=\"auto, (max-width: 699px) 100vw, 699px\" \/><\/a><\/p>\n<p>&#8230;&#8230;&#8230;&#8230;&#8230;&#8230;&#8230;&#8230;&#8230;&#8230;..<\/p>\n<p><span style=\"font-size: large;\"><strong>Calcifraga.Saxifraga granulata.<\/strong><\/span><\/p>\n<p><span style=\"font-size: large;\"><strong>&#8230;&#8230;&#8230;&#8230;&#8230;&#8230;&#8230;&#8230;&#8230;.<\/strong><\/span><\/p>\n<p><span style=\"font-size: large;\"><a href=\"http:\/\/www.floracantabrica.com\/wp-content\/uploads\/2010\/04\/image00239.jpg\"><img loading=\"lazy\" decoding=\"async\" class=\"aligncenter size-full wp-image-5876\" title=\"image002\" src=\"http:\/\/www.floracantabrica.com\/wp-content\/uploads\/2010\/04\/image00239.jpg\" alt=\"image002\" width=\"684\" height=\"1022\" srcset=\"https:\/\/www.floracantabrica.com\/wp-content\/uploads\/2010\/04\/image00239.jpg 684w, https:\/\/www.floracantabrica.com\/wp-content\/uploads\/2010\/04\/image00239-200x300.jpg 200w\" sizes=\"auto, (max-width: 684px) 100vw, 684px\" \/><\/a><\/span><\/p>\n<p>&#8230;&#8230;&#8230;&#8230;&#8230;&#8230;..<\/p>\n<p><span style=\"font-size: large;\"><strong>Lengua de buey.Pentaglottis sempervirens<\/strong><\/span><\/p>\n<p><span style=\"font-size: large;\"><strong>&#8230;&#8230;&#8230;&#8230;&#8230;&#8230;&#8230;&#8230;&#8230;&#8230;.<\/strong><\/span><\/p>\n<p><span style=\"font-size: large;\"><strong><a href=\"http:\/\/www.floracantabrica.com\/wp-content\/uploads\/2010\/04\/image00240.jpg\"><img loading=\"lazy\" decoding=\"async\" class=\"aligncenter size-full wp-image-5877\" title=\"image002\" src=\"http:\/\/www.floracantabrica.com\/wp-content\/uploads\/2010\/04\/image00240.jpg\" alt=\"image002\" width=\"677\" height=\"1010\" srcset=\"https:\/\/www.floracantabrica.com\/wp-content\/uploads\/2010\/04\/image00240.jpg 677w, https:\/\/www.floracantabrica.com\/wp-content\/uploads\/2010\/04\/image00240-201x300.jpg 201w\" sizes=\"auto, (max-width: 677px) 100vw, 677px\" \/><\/a><\/strong><\/span><\/p>\n<p>&#8230;&#8230;&#8230;&#8230;&#8230;&#8230;&#8230;&#8230;&#8230;..<\/p>\n<p><span style=\"font-size: large;\"><strong>Lecherina.Euphorbia amygdaloides.<\/strong><\/span><\/p>\n<p><span style=\"font-size: large;\"><strong>&#8230;&#8230;&#8230;&#8230;&#8230;&#8230;&#8230;&#8230;&#8230;..<\/strong><\/span><\/p>\n<p><span style=\"font-size: large;\"><strong><a href=\"http:\/\/www.floracantabrica.com\/wp-content\/uploads\/2010\/04\/Presentaci\u00f3n86.jpg\"><img loading=\"lazy\" decoding=\"async\" class=\"aligncenter size-full wp-image-5878\" title=\"Presentaci\u00f3n8\" src=\"http:\/\/www.floracantabrica.com\/wp-content\/uploads\/2010\/04\/Presentaci\u00f3n86.jpg\" alt=\"Presentaci\u00f3n8\" width=\"960\" height=\"720\" srcset=\"https:\/\/www.floracantabrica.com\/wp-content\/uploads\/2010\/04\/Presentaci\u00f3n86.jpg 960w, https:\/\/www.floracantabrica.com\/wp-content\/uploads\/2010\/04\/Presentaci\u00f3n86-300x225.jpg 300w\" sizes=\"auto, (max-width: 960px) 100vw, 960px\" \/><\/a><\/strong><\/span><\/p>\n<p>&#8230;&#8230;&#8230;&#8230;&#8230;..<\/p>\n<p><span style=\"font-size: large;\"><strong>Cultivo de vides abandonado.<\/strong><\/span><\/p>\n<p><span style=\"font-size: large;\"><strong>&#8230;&#8230;&#8230;&#8230;&#8230;&#8230;&#8230;&#8230;&#8230;.<\/strong><\/span><\/p>\n<p><span style=\"font-size: large;\"><a href=\"http:\/\/www.floracantabrica.com\/wp-content\/uploads\/2010\/04\/Presentaci\u00f3n98.jpg\"><img loading=\"lazy\" decoding=\"async\" class=\"aligncenter size-full wp-image-5879\" title=\"Presentaci\u00f3n9\" src=\"http:\/\/www.floracantabrica.com\/wp-content\/uploads\/2010\/04\/Presentaci\u00f3n98.jpg\" alt=\"Presentaci\u00f3n9\" width=\"960\" height=\"720\" srcset=\"https:\/\/www.floracantabrica.com\/wp-content\/uploads\/2010\/04\/Presentaci\u00f3n98.jpg 960w, https:\/\/www.floracantabrica.com\/wp-content\/uploads\/2010\/04\/Presentaci\u00f3n98-300x225.jpg 300w\" sizes=\"auto, (max-width: 960px) 100vw, 960px\" \/><\/a>&#8230;&#8230;&#8230;&#8230;&#8230;&#8230;&#8230;.<\/span><\/p>\n<p><span style=\"font-size: large;\"><strong>Geranio.Geranium lucidum.<\/strong><\/span><\/p>\n<p><span style=\"font-size: large;\"><strong>&#8230;&#8230;&#8230;&#8230;&#8230;&#8230;&#8230;.<\/strong><\/span><\/p>\n<p><span style=\"font-size: large;\"><strong><a href=\"http:\/\/www.floracantabrica.com\/wp-content\/uploads\/2010\/04\/Presentaci\u00f3n107.jpg\"><img loading=\"lazy\" decoding=\"async\" class=\"aligncenter size-full wp-image-5880\" title=\"Presentaci\u00f3n10\" src=\"http:\/\/www.floracantabrica.com\/wp-content\/uploads\/2010\/04\/Presentaci\u00f3n107.jpg\" alt=\"Presentaci\u00f3n10\" width=\"960\" height=\"720\" srcset=\"https:\/\/www.floracantabrica.com\/wp-content\/uploads\/2010\/04\/Presentaci\u00f3n107.jpg 960w, https:\/\/www.floracantabrica.com\/wp-content\/uploads\/2010\/04\/Presentaci\u00f3n107-300x225.jpg 300w\" sizes=\"auto, (max-width: 960px) 100vw, 960px\" \/><\/a><\/strong><\/span><\/p>\n<p>&#8230;&#8230;&#8230;&#8230;&#8230;&#8230;&#8230;.<\/p>\n<p><span style=\"font-size: large;\"><strong>Abelairi\u00f1a.Saxifraga spathularis.<\/strong><\/span><\/p>\n<p><span style=\"font-size: large;\"><strong>&#8230;&#8230;&#8230;&#8230;&#8230;&#8230;&#8230;&#8230;<\/strong><\/span><\/p>\n<p><span style=\"font-size: large;\"><strong><a href=\"http:\/\/www.floracantabrica.com\/wp-content\/uploads\/2010\/04\/Presentaci\u00f3n1111.jpg\"><img loading=\"lazy\" decoding=\"async\" class=\"aligncenter size-full wp-image-5881\" title=\"Presentaci\u00f3n11\" src=\"http:\/\/www.floracantabrica.com\/wp-content\/uploads\/2010\/04\/Presentaci\u00f3n1111.jpg\" alt=\"Presentaci\u00f3n11\" width=\"960\" height=\"720\" srcset=\"https:\/\/www.floracantabrica.com\/wp-content\/uploads\/2010\/04\/Presentaci\u00f3n1111.jpg 960w, https:\/\/www.floracantabrica.com\/wp-content\/uploads\/2010\/04\/Presentaci\u00f3n1111-300x225.jpg 300w\" sizes=\"auto, (max-width: 960px) 100vw, 960px\" \/><\/a><\/strong><\/span><\/p>\n<p>&#8230;&#8230;&#8230;&#8230;&#8230;&#8230;&#8230;.<\/p>\n<p><span style=\"font-size: large;\"><strong>\u00a0\u00a0Coridalis.\u00a0Ceratocapnos claviculata<\/strong><\/span><\/p>\n<p><span style=\"font-size: large;\"><strong>&#8230;&#8230;&#8230;&#8230;&#8230;&#8230;&#8230;&#8230;<\/strong><\/span><\/p>\n<p><span style=\"font-size: large;\">\u00a0<\/span><\/p>\n","protected":false},"excerpt":{"rendered":"<p>TweetEn el rio Ag\u00fceira, en el \u00e1rea recreativa de Pesoz, encontramos un microclima con unos microh\u00e1bitats, que \u00a0nos ponen en evidencia que el clima atl\u00e1ntico de Asturias, que se asemeja con el de las Islas Brit\u00e1nicas, tiene marcados contrastares; por un lado, la zona cercana a la costa, est\u00e1 dominada por un bosque caducifolio de [&hellip;]<\/p>\n","protected":false},"author":1,"featured_media":0,"comment_status":"open","ping_status":"open","sticky":false,"template":"","format":"standard","meta":{"footnotes":""},"categories":[5],"tags":[],"class_list":["post-5842","post","type-post","status-publish","format-standard","hentry","category-etnopaisaje"],"_links":{"self":[{"href":"https:\/\/www.floracantabrica.com\/index.php?rest_route=\/wp\/v2\/posts\/5842","targetHints":{"allow":["GET"]}}],"collection":[{"href":"https:\/\/www.floracantabrica.com\/index.php?rest_route=\/wp\/v2\/posts"}],"about":[{"href":"https:\/\/www.floracantabrica.com\/index.php?rest_route=\/wp\/v2\/types\/post"}],"author":[{"embeddable":true,"href":"https:\/\/www.floracantabrica.com\/index.php?rest_route=\/wp\/v2\/users\/1"}],"replies":[{"embeddable":true,"href":"https:\/\/www.floracantabrica.com\/index.php?rest_route=%2Fwp%2Fv2%2Fcomments&post=5842"}],"version-history":[{"count":20,"href":"https:\/\/www.floracantabrica.com\/index.php?rest_route=\/wp\/v2\/posts\/5842\/revisions"}],"predecessor-version":[{"id":40345,"href":"https:\/\/www.floracantabrica.com\/index.php?rest_route=\/wp\/v2\/posts\/5842\/revisions\/40345"}],"wp:attachment":[{"href":"https:\/\/www.floracantabrica.com\/index.php?rest_route=%2Fwp%2Fv2%2Fmedia&parent=5842"}],"wp:term":[{"taxonomy":"category","embeddable":true,"href":"https:\/\/www.floracantabrica.com\/index.php?rest_route=%2Fwp%2Fv2%2Fcategories&post=5842"},{"taxonomy":"post_tag","embeddable":true,"href":"https:\/\/www.floracantabrica.com\/index.php?rest_route=%2Fwp%2Fv2%2Ftags&post=5842"}],"curies":[{"name":"wp","href":"https:\/\/api.w.org\/{rel}","templated":true}]}}