{"id":58010,"date":"2024-09-07T11:56:17","date_gmt":"2024-09-07T09:56:17","guid":{"rendered":"http:\/\/www.floracantabrica.com\/?p=58010"},"modified":"2024-09-07T11:56:17","modified_gmt":"2024-09-07T09:56:17","slug":"balasar-el-milagro-de-la-cruz-de-tierra","status":"publish","type":"post","link":"https:\/\/www.floracantabrica.com\/?p=58010","title":{"rendered":"Balasar: el milagro de la cruz de tierra"},"content":{"rendered":"<p><a href=\"http:\/\/twitter.com\/share?url=https%3A%2F%2Fwww.floracantabrica.com%2F%3Fp%3D58010&amp;count=none&amp;lang=es&amp;via=lorencincoreses&amp;related=Mujerverdosa&amp;text=Balasar: el milagro de la cruz de tierra - Flora Cant\u00e1brica\" class=\"twitter-share-button\">Tweet<\/a><\/p><p><strong>Balasar: el milagro de la cruz de tierra<\/strong><\/p>\n<p><strong>&#8230;&#8230;<\/strong><\/p>\n<p><strong>&#8230;<\/strong><\/p>\n<p>&nbsp;<\/p>\n<p>&nbsp;<\/p>\n<p><a href=\"http:\/\/www.floracantabrica.com\/wp-content\/uploads\/2016\/03\/image00254.jpg\"><img loading=\"lazy\" decoding=\"async\" class=\"aligncenter size-full wp-image-34024\" src=\"http:\/\/www.floracantabrica.com\/wp-content\/uploads\/2016\/03\/image00254.jpg\" alt=\"image002\" width=\"567\" height=\"789\" srcset=\"https:\/\/www.floracantabrica.com\/wp-content\/uploads\/2016\/03\/image00254.jpg 567w, https:\/\/www.floracantabrica.com\/wp-content\/uploads\/2016\/03\/image00254-215x300.jpg 215w\" sizes=\"auto, (max-width: 567px) 100vw, 567px\" \/><\/a><\/p>\n<p>&nbsp;<\/p>\n<p><strong>&#8230;<\/strong><\/p>\n<p><strong>Cuentan las cr\u00f3nicas que el d\u00eda del Corpus de 1832, cuando los fieles de Balasar se dirig\u00edan a la iglesia de Santa Eulalia para o\u00edr misa, observaron sorprendidos que, a escasos metros de la capilla, se apreciaba sobre el terreno la silueta de una cruz perfectamente trazada<\/strong>. Seg\u00fan los testimonios de la \u00e9poca, la porci\u00f3n de tierra en el interior de la formaci\u00f3n era sensiblemente m\u00e1s clara que la que ten\u00eda a su alrededor, por lo cual la cruz, de 3 metros de largo y 1,6 en su secci\u00f3n horizontal, estaba delimitada con total nitidez<\/p>\n<p>&#8230;&#8230;&#8230;.<\/p>\n<p>&#8230;&#8230;<\/p>\n<p>El entonces p\u00e1rroco de Balasar, Ant\u00f3nio Jos\u00e9 de Azevedo, escribi\u00f3 lo siguiente en un documento que a\u00fan se conserva en la archidi\u00f3cesis de Braga: \u00ab<strong>La tierra que mostraba esta cruz era de color m\u00e1s blanco que la otra y parec\u00eda que habiendo ca\u00eddo roc\u00edo en toda la tierra, en aquel sitio con forma de cruz no hab\u00eda ca\u00eddo roc\u00edo alguno\u00bb.<\/strong><\/p>\n<p>&#8230;&#8230;&#8230;.<\/p>\n<p>&#8230;&#8230;&#8230;<\/p>\n<p>En el relato del sacerdote se califica el hallazgo de los lugare\u00f1os como \u00abcaso raro\u00bb y en el mismo asegura que realiz\u00f3 algunas pruebas para intentar borrar \u2013sin \u00e9xito\u2013 la extra\u00f1a formaci\u00f3n. \u00ab<strong>Mand\u00e9 barrer todo el polvo y la tierra suelta que estaba en aquel lugar \u2013explica De Azevedo\u2013, y continu\u00f3 apareciendo en el mismo sitio con forma de cruz\u00bb.<\/strong> Adem\u00e1s describe en su misiva al arzobispado de Braga c\u00f3mo se alter\u00f3 la tonalidad original de la tierra en el interior de la figura mediante un sencillo experimento: \u00abMand\u00e9 luego echar agua en abundancia, tanto en la cruz como en la tierra de alrededor, y entonces la tierra que presentaba forma de cruz apareci\u00f3 de color negro, que hasta el momento se ha conservado\u00bb.<\/p>\n<p>,,,,,,,,,<\/p>\n<p>,,,,,<\/p>\n<p>Tras posteriores observaciones, el p\u00e1rroco notific\u00f3 a sus superiores c\u00f3mo \u00ab<strong>en los d\u00edas oscuros se divisa con claridad la forma de la cruz a cualquier hora del d\u00eda; y en los de sol claro se ve muy de ma\u00f1ana, hasta las 9 horas; y<\/strong>, de tarde, cuando el sol se esconde hacia el occidente, y tambi\u00e9n en lo m\u00e1s alto del d\u00eda, no es bien visible\u00bb.<\/p>\n<p>&#8230;&#8230;&#8230;<\/p>\n<p>&#8230; Al parecer, y como mencion\u00f3 tambi\u00e9n De Azevedo, la aparici\u00f3n de Balasar provoc\u00f3 una reactivaci\u00f3n de la fe entre los lugare\u00f1os, que no dudaban de la naturaleza milagrosa del fen\u00f3meno. \u00abUna vez divulgada la noticia de la existencia de esta cruz, comenz\u00f3 a concurrir el pueblo a venerarla. La adornaban con flores y le dejaban algunas limosnas\u00bb, escribi\u00f3 el sacerdote.<\/p>\n<p>&#8212;&#8212;<\/p>\n<p>&#8212;&#8212;&#8211;<\/p>\n<p><strong> Las d\u00e1divas que aportaron los aldeanos permitieron la construcci\u00f3n de una humilde capilla en cuyo interior permanece la cruz. Hecha de ladrillo y con aspecto austero, se termin\u00f3 de erigir aquel mismo a\u00f1o de 1832<\/strong>, previa autorizaci\u00f3n de las autoridades eclesi\u00e1sticas portuguesas. La devoci\u00f3n por la cruz de tierra, que arrastr\u00f3 a centenares de peregrinos hasta aquella peque\u00f1a localidad, se mantuvo durante algunos a\u00f1os y, ante la demanda popular, se cre\u00f3 una cofrad\u00eda que ten\u00eda como finalidad promover la festividad de la Santa Cruz de Balasar. &#8230;&#8230;.<\/p>\n<p>&#8230;.<\/p>\n<p>..<\/p>\n<p>Sin embargo, el fervor religioso fue decreciendo poco a poco, y la estructura cruciforme, supuestamente milagrosa, comenz\u00f3 a caer en el olvido. Hoy permanece en la misma capilla, cubierta por una urna de cristal que, en todo caso, hace dif\u00edcil comprobar aquellas diferencias de pigmentaci\u00f3n que tanto dieron que hablar en su d\u00eda. Pero la fe cristiana en torno a Balasar tuvo y tiene otros referentes destacables.<\/p>\n<p>&#8230;&#8230;<\/p>\n<p>&#8230;&#8230;.<\/p>\n","protected":false},"excerpt":{"rendered":"<p>TweetBalasar: el milagro de la cruz de tierra &#8230;&#8230; &#8230; &nbsp; &nbsp; &nbsp; &#8230; Cuentan las cr\u00f3nicas que el d\u00eda del Corpus de 1832, cuando los fieles de Balasar se dirig\u00edan a la iglesia de Santa Eulalia para o\u00edr misa, observaron sorprendidos que, a escasos metros de la capilla, se apreciaba sobre el terreno la [&hellip;]<\/p>\n","protected":false},"author":1,"featured_media":0,"comment_status":"open","ping_status":"open","sticky":false,"template":"","format":"standard","meta":{"footnotes":""},"categories":[4],"tags":[],"class_list":["post-58010","post","type-post","status-publish","format-standard","hentry","category-divulgacion"],"_links":{"self":[{"href":"https:\/\/www.floracantabrica.com\/index.php?rest_route=\/wp\/v2\/posts\/58010","targetHints":{"allow":["GET"]}}],"collection":[{"href":"https:\/\/www.floracantabrica.com\/index.php?rest_route=\/wp\/v2\/posts"}],"about":[{"href":"https:\/\/www.floracantabrica.com\/index.php?rest_route=\/wp\/v2\/types\/post"}],"author":[{"embeddable":true,"href":"https:\/\/www.floracantabrica.com\/index.php?rest_route=\/wp\/v2\/users\/1"}],"replies":[{"embeddable":true,"href":"https:\/\/www.floracantabrica.com\/index.php?rest_route=%2Fwp%2Fv2%2Fcomments&post=58010"}],"version-history":[{"count":1,"href":"https:\/\/www.floracantabrica.com\/index.php?rest_route=\/wp\/v2\/posts\/58010\/revisions"}],"predecessor-version":[{"id":58011,"href":"https:\/\/www.floracantabrica.com\/index.php?rest_route=\/wp\/v2\/posts\/58010\/revisions\/58011"}],"wp:attachment":[{"href":"https:\/\/www.floracantabrica.com\/index.php?rest_route=%2Fwp%2Fv2%2Fmedia&parent=58010"}],"wp:term":[{"taxonomy":"category","embeddable":true,"href":"https:\/\/www.floracantabrica.com\/index.php?rest_route=%2Fwp%2Fv2%2Fcategories&post=58010"},{"taxonomy":"post_tag","embeddable":true,"href":"https:\/\/www.floracantabrica.com\/index.php?rest_route=%2Fwp%2Fv2%2Ftags&post=58010"}],"curies":[{"name":"wp","href":"https:\/\/api.w.org\/{rel}","templated":true}]}}