{"id":56305,"date":"2023-11-29T13:35:56","date_gmt":"2023-11-29T11:35:56","guid":{"rendered":"http:\/\/www.floracantabrica.com\/?p=56305"},"modified":"2023-11-29T13:35:56","modified_gmt":"2023-11-29T11:35:56","slug":"el-cambio-climatico2911-23","status":"publish","type":"post","link":"https:\/\/www.floracantabrica.com\/?p=56305","title":{"rendered":"El Cambio clim\u00e1tico29,11.23"},"content":{"rendered":"<p><a href=\"http:\/\/twitter.com\/share?url=https%3A%2F%2Fwww.floracantabrica.com%2F%3Fp%3D56305&amp;count=none&amp;lang=es&amp;via=lorencincoreses&amp;related=Mujerverdosa&amp;text=El Cambio clim\u00e1tico29,11.23 - Flora Cant\u00e1brica\" class=\"twitter-share-button\">Tweet<\/a><\/p><p><strong>El Cambio clim\u00e1tico<\/strong><\/p>\n<p>El cambio clim\u00e1tico es el mal de nuestro tiempo y sus consecuencias pueden ser devastadoras si no reducimos dr\u00e1sticamente la dependencia de los combustibles f\u00f3siles y las emisiones de gases de efecto invernadero. De hecho, los impactos del cambio clim\u00e1tico ya son perceptibles y quedan puestos en evidencia por datos como:<\/p>\n<ul>\n<li>La temperatura media mundial ha aumentado ya 1,1\u00b0C desde la \u00e9poca preindustrial<\/li>\n<li>El per\u00edodo 2015-2019, seg\u00fan la Organizaci\u00f3n Meteorol\u00f3gica Mundial (OMM), ser\u00e1 probablemente el quinquenio m\u00e1s c\u00e1lido jam\u00e1s registrado<\/li>\n<li>La tasa de subida del nivel del mar ha ascendido a 5 mm al a\u00f1o en el quinquenio 2014 -2019<\/li>\n<\/ul>\n<p>Pero hoy tambi\u00e9n estamos viendo los impactos econ\u00f3micos y sociales, que ser\u00e1n cada vez m\u00e1s graves, como:<\/p>\n<ul>\n<li>Da\u00f1os en las cosechas y en la producci\u00f3n alimentaria<\/li>\n<li>Las sequ\u00edas<\/li>\n<li>Los riesgos en la salud<\/li>\n<\/ul>\n<p>Para informarnos de los efectos que produce el Cambio Clim\u00e1tico, \u00a0debemos\u00a0 conocer los informes de El Grupo Intergubernamental de Expertos sobre Cambio Clim\u00e1tico (m\u00e1s conocido por sus siglas en ingl\u00e9s, <strong>IPCC)<\/strong> que es una entidad cient\u00edfica creada en 1988 por la <strong>Organizaci\u00f3n Meteorol\u00f3gica Mundial<\/strong> (OMM) y los que emite el <strong>Programa de las Naciones Unidas para el Medio Ambiente<\/strong>\u00a0(PNUMA),que tienen como objeto proporcionar informaci\u00f3n objetiva, clara, equilibrada y neutral del estado actual de conocimientos sobre el cambio clim\u00e1tico a los responsables pol\u00edticos y otros sectores interesados<\/p>\n<p>El sistema de las Naciones Unidas est\u00e1 a la vanguardia de los esfuerzos para salvar nuestro planeta. En 1992, la Cumbre para la Tierra dio lugar a L<u>a <\/u><a href=\"http:\/\/unfccc.int\/essential_background\/convention\/items\/6036.php\">Convenci\u00f3n Marco de las Naciones Unidas sobre el Cambio Clim\u00e1tico (CMNUCC)<\/a> como primer paso para afrontar el problema. Hoy en d\u00eda cuenta con una composici\u00f3n casi universal. Un total de 197 pa\u00edses han ratificado la Convenci\u00f3n.<\/p>\n<p>Desde su creaci\u00f3n, el IPCC ha preparado una serie de documentos t\u00e9cnicos, informes especiales e informes de evaluaci\u00f3n que han puesto a disposici\u00f3n de la comunidad internacional, tanto responsables pol\u00edticos como p\u00fablico en general, el conocimiento cient\u00edfico-t\u00e9cnico disponible sobre el cambio clim\u00e1tico<\/p>\n<p>&nbsp;<\/p>\n<p>El <strong>Informe Especial sobre Calentamiento Global de 1,5\u00b0C,<\/strong> fue publicado por el <a href=\"https:\/\/es.wikipedia.org\/wiki\/Grupo_Intergubernamental_de_Expertos_sobre_el_Cambio_Clim%C3%A1tico\">Grupo intergubernamental sobre cambio clim\u00e1tico<\/a> (<strong>IPCC )<\/strong> el 8 de octubre de 2018<\/p>\n<p>Su hallazgo clave es que alcanzar s\u00f3lo un 1.5\u00a0\u00b0C de aumento es un objetivo posible que requiere \u00abreducciones de emisiones ambiciosas\u00bb y \u00abcambios r\u00e1pidos, profundos y sin precedentes en todos los aspectos de la sociedad.\u00bb<a href=\"https:\/\/es.wikipedia.org\/wiki\/Informe_Especial_sobre_Calentamiento_Global_de_1,5%C2%B0C#cite_note-SR15_Headlines-3\"><sup>3<\/sup><\/a>\u200b Adem\u00e1s, el informe encuentra que \u00ablimitar el calentamiento global a 1.5 \u00b0C comparado con 2 \u00b0C reducir\u00eda impactos desafiantes en ecosistemas, salud humana y bienestar\u00bb y que un 2\u00a0\u00b0C de aumento de temperatura exacerbar\u00eda fen\u00f3menos hidrometeorol\u00f3gicos, aumentar\u00eda niveles de mar y disminuir\u00eda el hielo del mar \u00c1rtico, blanquear\u00eda el coral y producir\u00eda la p\u00e9rdida de <a href=\"https:\/\/es.wikipedia.org\/wiki\/Ecosistema\">ecosistemas<\/a><\/p>\n<p>Muchas regiones y estaciones experimentan un calentamiento m\u00e1s grande que la media anual global. El ejemplo m\u00e1s notorio es el polo Norte, el \u00c1rtico, que se est\u00e1 calentando aproximadamente 5 veces m\u00e1s r\u00e1pido que el resto del planeta<\/p>\n<p>De acuerdo con el informe, es t\u00e9cnicamente posible con las leyes de la f\u00edsica, limitar el calentamiento a 1,5 \u00b0C, pero <strong>implicar\u00eda reducir hasta un 45% las emisiones de di\u00f3xido de carbono en 2030<\/strong> respecto de los niveles de 2010 y al\u00adcanzar una emisi\u00f3n cero en 2050. Al ritmo actual de emi\u00adsiones, se alcanzar\u00e1 un aumento de 1,5 \u00b0C entre 2030 y 2052 y en 2100 el calentamiento puede situarse entre 3 \u00b0C y 4 \u00b0C.<\/p>\n<p><strong>El informe del Grupo Intergubernamental de Expertos sobre el Cambio Clim\u00e1tico (IPCC),<\/strong> titulado <strong>El <em>cambio clim\u00e1tico y la tierra<\/em><\/strong><em> (2019\u00a0\u00a0\u00a0\u00a0\u00a0\u00a0 <\/em> \u00a0evidencia que la gesti\u00f3n sostenible de los recursos de la tierra puede ayudar a luchar contra el cambio clim\u00e1tico<\/p>\n<p>La degradaci\u00f3n de la tierra socava su productividad, limita los tipos de cultivos y merma la capacidad del suelo para absorber carbono. Ello exacerba el cambio clim\u00e1tico y el cambio clim\u00e1tico, a su vez, exacerba la degradaci\u00f3n de la tierra de muchos modos distintos.<\/p>\n<p>\u00abEn un futuro con precipitaciones m\u00e1s intensas, el riesgo de erosi\u00f3n del suelo de las tierras de cultivo aumenta, y la gesti\u00f3n sostenible de la tierra es un modo de proteger a las comunidades de los efectos nocivos de esa erosi\u00f3n del suelo y de los deslizamientos de tierra. Sin embargo, nuestro margen de maniobra es limitado, por lo que en algunos casos la degradaci\u00f3n podr\u00eda ser irreversible<\/p>\n<p>Aproximadamente <strong>500 millones de personas viven en zonas afectadas por la desertificaci\u00f3n. <\/strong><\/p>\n<p>En el informe se constata que aproximadamente una tercera parte de los alimentos producidos se echa a perder o se desperdicia. La reducci\u00f3n de la p\u00e9rdida y desperdicio de alimentos supondr\u00eda una disminuci\u00f3n de las emisiones de gases de efecto invernadero y ayudar\u00eda a mejorar la seguridad alimentaria<\/p>\n<p>En un futuro no muy lejano muchos de los terrenos, especialmente del sur de Europa, se ver\u00e1n tan deteriorados que sea pr\u00e1cticamente imposible cultivar en ellos. \u00ab<strong>Se prev\u00e9 que la producci\u00f3n agr\u00edcola y ganadera disminuya e incluso podr\u00eda tener que abandonarse en partes de las regiones del sur y el Mediterr\u00e1neo de Europa<\/strong> debido a los mayores impactos negativos del cambio clim\u00e1tico\u00bb<em>.<\/em><\/p>\n<p>Hay riesgos muy altos de escasez de agua, riesgos por incendios, degradaci\u00f3n del permafrost y de inestabilidad en el sistema alimentario,<strong>\u00a0incluso con un aumento de temperatura de 1,5\u00b0C<\/strong>\u00a0por encima de los niveles preindustriales. El riesgo se hace mucho m\u00e1s intenso con un aumento de 2\u00b0C, aseguran los expertos.<\/p>\n<p>Uno de los episodios meteorol\u00f3gicos m\u00e1s destacados en Espa\u00f1a el a\u00f1o (2019) ha sido el temporal de lluvias intensas ocurrido en la fachada mediterr\u00e1nea, que produjo\u00a0 <strong>inundaciones catastr\u00f3ficas, que causaron p\u00e9rdidas de vida humanas<\/strong><\/p>\n<p><strong>El \u00faltimo informe del<\/strong><a href=\"https:\/\/www.climatica.lamarea.com\/que-es-el-ipcc-y-por-que-deben-importarnos-sus-informes\/\">\u00a0Grupo Intergubernamental de Expertos sobre el Cambio Clim\u00e1tico<\/a><strong>\u00a0(IPCC)<\/strong>, titulado\u00a0<em>El oc\u00e9ano y la criosfera en un clima cambiante,<\/em> indica que el\u00a0<strong>calentamiento global<\/strong>\u00a0est\u00e1 modificando gravemente las zonas congeladas del planeta, como nieve, glaciares, permafrost o hielo marino\u2013. Para hacer frente a esta situaci\u00f3n, in\u00e9dita y puede que irreversible, es urgente priorizar una\u00a0<strong>acci\u00f3n<\/strong>\u00a0coordinada y ambiciosa, con una reducci\u00f3n inmediata de las emisiones.<\/p>\n<p>Si contin\u00faa el ritmo actual de emisiones<strong>, los glaciares perder\u00e1n durante este siglo m\u00e1s de un tercio de su masa.\u00a0<\/strong>El nivel del mar aumentar\u00e1 a una velocidad nunca antes vista. La olas de calor marinas, atribuibles en su mayor\u00eda al cambio clim\u00e1tico, son ya cada vez m\u00e1s duras y\u00a0<strong>frecuentes<\/strong><strong>.<\/strong> Y no solo se ver\u00e1 perjudicado el oc\u00e9ano o la criosfera: estos cambios est\u00e1n haciendo que el\u00a0<strong>clima<\/strong>\u00a0del planeta sea m\u00e1s extremo.<\/p>\n<p>&nbsp;<\/p>\n<p>La extensi\u00f3n del hielo marino del\u00a0<strong>\u00c1rtico<\/strong>\u00a0disminuye cada mes. Cada verano, su superficie se est\u00e1 reduciendo en m\u00e1s de un<strong>\u00a013%<\/strong>\u00a0por d\u00e9cada.<\/p>\n<p>&nbsp;<\/p>\n<p>Un total de 670 millones de personas en las regiones de alta monta\u00f1a y 680 millones en las zonas costeras bajas dependen directamente de los efectos del cambio clim\u00e1tico<\/p>\n<p>A medida que avance el siglo, se espera que los oc\u00e9anos pasen a unas condiciones sin precedentes, con aumento de las temperaturas, mayor acidificaci\u00f3n de sus aguas y disminuci\u00f3n de la concentraci\u00f3n de\u00a0ox\u00edgeno,<\/p>\n<p>Las r\u00e1pidas alteraciones que experimentan los oc\u00e9anos y las zonas congeladas de nuestro plantea obligan a multitud de personas \u2014desde los habitantes de ciudades costeras hasta las comunidades de remotas regiones \u00e1rticas\u2014 a modificar de forma radical sus modos de vida<\/p>\n<p>Los oc\u00e9anos absorben aproximadamente el 30\u00a0% de las emisiones antrop\u00f3genas anuales de CO<sub>2<\/sub>, evitando as\u00ed un mayor calentamiento. Sin embargo, esto supone un alto costo ecol\u00f3gico para los oc\u00e9anos ya que el CO<sub>2 <\/sub>que absorben reacciona con el agua de mar modificando as\u00ed la acidez de los oc\u00e9anos. El nivel de acidez de los oc\u00e9anos ha aumentado en un 26\u00a0% desde los comienzos de la Revoluci\u00f3n Industrial<\/p>\n<p>El a\u00f1o 2019 cierra una d\u00e9cada de valores excepcionales de calor y fen\u00f3menos meteorol\u00f3gicos de efectos devastadores a escala mundial<\/p>\n<h2>La Organizaci\u00f3n Meteorol\u00f3gica Mundial confirma que 2019 fue el segundo a\u00f1o m\u00e1s c\u00e1lido jam\u00e1s registrado<\/h2>\n<p>&nbsp;<\/p>\n<p>&nbsp;<\/p>\n","protected":false},"excerpt":{"rendered":"<p>TweetEl Cambio clim\u00e1tico El cambio clim\u00e1tico es el mal de nuestro tiempo y sus consecuencias pueden ser devastadoras si no reducimos dr\u00e1sticamente la dependencia de los combustibles f\u00f3siles y las emisiones de gases de efecto invernadero. De hecho, los impactos del cambio clim\u00e1tico ya son perceptibles y quedan puestos en evidencia por datos como: La [&hellip;]<\/p>\n","protected":false},"author":1,"featured_media":0,"comment_status":"open","ping_status":"open","sticky":false,"template":"","format":"standard","meta":{"footnotes":""},"categories":[4],"tags":[],"class_list":["post-56305","post","type-post","status-publish","format-standard","hentry","category-divulgacion"],"_links":{"self":[{"href":"https:\/\/www.floracantabrica.com\/index.php?rest_route=\/wp\/v2\/posts\/56305","targetHints":{"allow":["GET"]}}],"collection":[{"href":"https:\/\/www.floracantabrica.com\/index.php?rest_route=\/wp\/v2\/posts"}],"about":[{"href":"https:\/\/www.floracantabrica.com\/index.php?rest_route=\/wp\/v2\/types\/post"}],"author":[{"embeddable":true,"href":"https:\/\/www.floracantabrica.com\/index.php?rest_route=\/wp\/v2\/users\/1"}],"replies":[{"embeddable":true,"href":"https:\/\/www.floracantabrica.com\/index.php?rest_route=%2Fwp%2Fv2%2Fcomments&post=56305"}],"version-history":[{"count":2,"href":"https:\/\/www.floracantabrica.com\/index.php?rest_route=\/wp\/v2\/posts\/56305\/revisions"}],"predecessor-version":[{"id":56307,"href":"https:\/\/www.floracantabrica.com\/index.php?rest_route=\/wp\/v2\/posts\/56305\/revisions\/56307"}],"wp:attachment":[{"href":"https:\/\/www.floracantabrica.com\/index.php?rest_route=%2Fwp%2Fv2%2Fmedia&parent=56305"}],"wp:term":[{"taxonomy":"category","embeddable":true,"href":"https:\/\/www.floracantabrica.com\/index.php?rest_route=%2Fwp%2Fv2%2Fcategories&post=56305"},{"taxonomy":"post_tag","embeddable":true,"href":"https:\/\/www.floracantabrica.com\/index.php?rest_route=%2Fwp%2Fv2%2Ftags&post=56305"}],"curies":[{"name":"wp","href":"https:\/\/api.w.org\/{rel}","templated":true}]}}