{"id":58669,"date":"2024-10-07T10:43:20","date_gmt":"2024-10-07T08:43:20","guid":{"rendered":"http:\/\/www.floracantabrica.com\/?p=58669"},"modified":"2024-10-07T10:43:20","modified_gmt":"2024-10-07T08:43:20","slug":"el-rico-epulon-y-el-pobre-lazaro-2","status":"publish","type":"post","link":"http:\/\/www.floracantabrica.com\/?p=58669","title":{"rendered":"El rico Epul\u00f3n y el pobre LAZARO."},"content":{"rendered":"<p><a href=\"http:\/\/twitter.com\/share?url=http%3A%2F%2Fwww.floracantabrica.com%2F%3Fp%3D58669&amp;count=none&amp;lang=es&amp;via=lorencincoreses&amp;related=Mujerverdosa&amp;text=El rico Epul\u00f3n y el pobre LAZARO. - Flora Cant\u00e1brica\" class=\"twitter-share-button\">Tweet<\/a><\/p><p><span style=\"font-size: 14pt;\">El rico Epul\u00f3n y el pobre LAZARO. Epul\u00f3n seg\u00fan Jes\u00fas se conden\u00f3 al I<strong>nfierno<\/strong>\u00a0 AL fuego eterno. Da la sensaci\u00f3n que hablar del fuego eterno no se lleva ya , es de tiempos pasados\u00a0 ,algunos curas, hablan mas de la caridad con el pr\u00f3jimo, como si se tratase una ONG.Per el Papa Francisco ya lo ha dicho varias veces la Iglesias \u00a0NO ES UNA \u00a0ONG,<\/span><\/p>\n<p>&nbsp;<\/p>\n<p>4<\/p>\n<p><span style=\"font-size: 14pt;\">\u00a0\u00a0\u00a0\u00a0\u00a0\u00a0\u00a0\u00a0\u00a0\u00a0\u00a0\u00a0\u00a0\u00a0\u00a0 Da la sensaci\u00f3n que las palabras de Jesucristo \u201cAquellos que creyeren se salvar\u00e1n y los que no creyeren se condenar\u00e1n\u201d han ca\u00eddo en desuso<\/span><\/p>\n<p>&nbsp;<\/p>\n<p><span style=\"font-size: 14pt;\">Ahora se pod\u00edan interpretar que como habl\u00f3 de la resurrecci\u00f3n de los muertos, los que creyeren resucitar\u00e1n y los que no\u00a0 creyeren no, permanecer\u00e1n en el olvido y en el recuerdo a los muertos<\/span><\/p>\n<p>&nbsp;<\/p>\n<p>&nbsp;<\/p>\n<p><span style=\"font-size: 14pt;\">Jesucristo como era tan bueno nos amenaz\u00f3 con el fuego eterno: sino atend\u00edamos a los pobres, pero tal vez para algunos eso solo fue una amenaza.<\/span><\/p>\n<p>&nbsp;<\/p>\n<p>&nbsp;<\/p>\n<p><span style=\"font-size: 14pt;\">El papa JuanXXIII, h fue criticado, al preocuparse de los pobres y de la dignidad de los obreros ,por su derecho asociarse y reclamar un salario justo, pero el lo hacia por un mandato del Espiritu Santo a los Papas como se vi\u00f3 en la enc\u00edclica de la Rerun Novarum de Le\u00f3n XIII,dedicada a la dignidad de los obreros y su derecho a no ser explotados por los ricos<\/span><\/p>\n","protected":false},"excerpt":{"rendered":"<p>TweetEl rico Epul\u00f3n y el pobre LAZARO. Epul\u00f3n seg\u00fan Jes\u00fas se conden\u00f3 al Infierno\u00a0 AL fuego eterno. Da la sensaci\u00f3n que hablar del fuego eterno no se lleva ya , es de tiempos pasados\u00a0 ,algunos curas, hablan mas de la caridad con el pr\u00f3jimo, como si se tratase una ONG.Per el Papa Francisco ya lo [&hellip;]<\/p>\n","protected":false},"author":1,"featured_media":0,"comment_status":"open","ping_status":"open","sticky":false,"template":"","format":"standard","meta":{"footnotes":""},"categories":[4],"tags":[],"class_list":["post-58669","post","type-post","status-publish","format-standard","hentry","category-divulgacion"],"_links":{"self":[{"href":"http:\/\/www.floracantabrica.com\/index.php?rest_route=\/wp\/v2\/posts\/58669","targetHints":{"allow":["GET"]}}],"collection":[{"href":"http:\/\/www.floracantabrica.com\/index.php?rest_route=\/wp\/v2\/posts"}],"about":[{"href":"http:\/\/www.floracantabrica.com\/index.php?rest_route=\/wp\/v2\/types\/post"}],"author":[{"embeddable":true,"href":"http:\/\/www.floracantabrica.com\/index.php?rest_route=\/wp\/v2\/users\/1"}],"replies":[{"embeddable":true,"href":"http:\/\/www.floracantabrica.com\/index.php?rest_route=%2Fwp%2Fv2%2Fcomments&post=58669"}],"version-history":[{"count":1,"href":"http:\/\/www.floracantabrica.com\/index.php?rest_route=\/wp\/v2\/posts\/58669\/revisions"}],"predecessor-version":[{"id":58670,"href":"http:\/\/www.floracantabrica.com\/index.php?rest_route=\/wp\/v2\/posts\/58669\/revisions\/58670"}],"wp:attachment":[{"href":"http:\/\/www.floracantabrica.com\/index.php?rest_route=%2Fwp%2Fv2%2Fmedia&parent=58669"}],"wp:term":[{"taxonomy":"category","embeddable":true,"href":"http:\/\/www.floracantabrica.com\/index.php?rest_route=%2Fwp%2Fv2%2Fcategories&post=58669"},{"taxonomy":"post_tag","embeddable":true,"href":"http:\/\/www.floracantabrica.com\/index.php?rest_route=%2Fwp%2Fv2%2Ftags&post=58669"}],"curies":[{"name":"wp","href":"https:\/\/api.w.org\/{rel}","templated":true}]}}