{"id":58004,"date":"2024-08-25T12:06:32","date_gmt":"2024-08-25T10:06:32","guid":{"rendered":"http:\/\/www.floracantabrica.com\/?p=58004"},"modified":"2025-02-03T11:42:08","modified_gmt":"2025-02-03T09:42:08","slug":"juan-xxiii-testamento","status":"publish","type":"post","link":"http:\/\/www.floracantabrica.com\/?p=58004","title":{"rendered":"JUAN XXIII.TESTAMENTO"},"content":{"rendered":"<p><a href=\"http:\/\/twitter.com\/share?url=http%3A%2F%2Fwww.floracantabrica.com%2F%3Fp%3D58004&amp;count=none&amp;lang=es&amp;via=lorencincoreses&amp;related=Mujerverdosa&amp;text=JUAN XXIII.TESTAMENTO - Flora Cant\u00e1brica\" class=\"twitter-share-button\">Tweet<\/a><\/p><p><strong>JUAN XXIII<\/strong><\/p>\n<p><strong>&#8230;&#8230;&#8230;<\/strong><\/p>\n<p><strong>&#8230;&#8230;&#8230;.<\/strong><\/p>\n<p><strong>\u00a0<a href=\"http:\/\/www.floracantabrica.com\/wp-content\/uploads\/2016\/03\/image00260.jpg\"><img loading=\"lazy\" decoding=\"async\" class=\"aligncenter size-full wp-image-34043\" src=\"http:\/\/www.floracantabrica.com\/wp-content\/uploads\/2016\/03\/image00260.jpg\" alt=\"image002\" width=\"567\" height=\"601\" srcset=\"http:\/\/www.floracantabrica.com\/wp-content\/uploads\/2016\/03\/image00260.jpg 567w, http:\/\/www.floracantabrica.com\/wp-content\/uploads\/2016\/03\/image00260-283x300.jpg 283w\" sizes=\"auto, (max-width: 567px) 100vw, 567px\" \/><\/a><\/strong><\/p>\n<p><strong>\u00a0<\/strong><\/p>\n<p><strong>TESTAMENTO<\/strong><\/p>\n<p>El Papa escribi\u00f3 en su Testamento: <em>Pido perd\u00f3n a aquellos que hubiere<\/em><\/p>\n<p><em>ofendido inconscientemente, a todos los que no he edificado. Creo no tener nada<\/em><\/p>\n<p><em>que perdonar a nadie, pues en cuantos me han conocido y se han relacionado<\/em><\/p>\n<p><em>conmigo <\/em><em>\u2014<\/em><em>me ofendieran, o despreciaran, o me tuvieran justamente, por lo<\/em><\/p>\n<p><em>dem\u00e1s, en menor estima, o fueran para m\u00ed motivo de aflicci\u00f3n<\/em><em>\u2014 <\/em><em>no encuentro<\/em><\/p>\n<p><em>m\u00e1s que a hermanos y bienhechores, a los que estoy agradecido, por los que oro<\/em><\/p>\n<p><em>y orar\u00e9 siempre.<\/em><\/p>\n<p><em>,,,,,,,,,<\/em><\/p>\n<p><em>,,,,,,,,<\/em><\/p>\n<p><strong><em>Nacido pobre, pero de honrada y humilde familia, estoy particularmente<\/em><\/strong><\/p>\n<p><strong><em>contento de morir pobre, hab<\/em><\/strong><em>iendo distribuido seg\u00fan las diversas exigencias de<\/em><\/p>\n<p><em>vida sencilla y modesta, al servicio de los pobres y de la Santa Iglesia que me ha<\/em><\/p>\n<p><em>alimentado, cuanto he tenido entre las manos <\/em><em>\u2014<\/em><em>poca cosa por otra parte<\/em><em>\u2014<\/em><\/p>\n<p><em>durante los a\u00f1os de mi sacerdocio y de mi episcopado. Aparentes opulencias<\/em><\/p>\n<p><em>ocultaron con frecuencia espinas escondidas de dolorosa pobreza y me<\/em><\/p>\n<p><em>impidieron dar siempre con largueza lo que hubiera deseado. <strong>Doy gracias a<\/strong><\/em><\/p>\n<p><strong><em>Dios por esta gracia de la pobreza de la que hice voto en mi juventud<\/em><\/strong><em>, como<\/em><\/p>\n<p><em>sacerdote del Sagrado Coraz\u00f3n, pobreza de esp\u00edritu y pobreza real, que me<\/em><\/p>\n<p><em>ayud\u00f3 a no pedir nunca nada: ni puestos ni dinero, ni favores ; nunca, ni para m\u00ed<\/em><\/p>\n<p><em>ni para mis parientes o amigos.<\/em><\/p>\n<p><em>&#8230;&#8230;..<\/em><\/p>\n<p><em>&#8230;&#8230;.<\/em><\/p>\n<p><strong><em>A mi querida familia seg\u00fan la sangre <\/em><\/strong><strong><em>\u2014<\/em><\/strong><strong><em>de la que por otra parte no he<\/em><\/strong><\/p>\n<p><strong><em>recibido ninguna riqueza material<\/em><\/strong><strong><em>\u2014 <\/em><\/strong><strong><em>no puedo dejar m\u00e1s que una grande y<\/em><\/strong><\/p>\n<p><strong><em>especial\u00edsima bendici\u00f3n<\/em><\/strong><em>, con la invitaci\u00f3n de que se mantenga en el temor de<\/em><\/p>\n<p><em>Dios que siempre me la hizo tan querida y amada, aunque sencilla y modesta, sin<\/em><\/p>\n<p><em>avergonzarme de ella jam\u00e1s y que es su verdadero t\u00edtulo de nobleza.<\/em><\/p>\n<p><em>La bondad de que fue objeto mi pobre persona por parte de todos con los<\/em><\/p>\n<p><em>que me encontr\u00e9 en mi camino, ha hecho tranquila mi vida. Recuerdo bien ante<\/em><\/p>\n<p><em>la muerte a todos y a cada uno, a los que me han precedido en el \u00faltimo paso, a<\/em><\/p>\n<p><em>los que me sobrevivir\u00e1n y que me seguir\u00e1n. Que oren por m\u00ed. Se lo compensar\u00e9<\/em><\/p>\n<p><em>en el purgatorio o en el para\u00edso, donde espero ser escuchado, lo repito una vez<\/em><\/p>\n<p><em>m\u00e1s, no por mis m\u00e9ritos, sino por la misericordia de mi Se\u00f1or<\/em><\/p>\n<p><em>&#8230;&#8230;&#8230;&#8230;.<\/em><\/p>\n<p><em>&#8230;&#8230;..<\/em><\/p>\n<p><em>Hijos m\u00edos, hermanos m\u00edos, adi\u00f3s. En el nombre del Padre, del Hijo y del<\/em><\/p>\n<p><em>Esp\u00edritu Santo <\/em><em>191<\/em><\/p>\n","protected":false},"excerpt":{"rendered":"<p>TweetJUAN XXIII &#8230;&#8230;&#8230; &#8230;&#8230;&#8230;. \u00a0 \u00a0 TESTAMENTO El Papa escribi\u00f3 en su Testamento: Pido perd\u00f3n a aquellos que hubiere ofendido inconscientemente, a todos los que no he edificado. Creo no tener nada que perdonar a nadie, pues en cuantos me han conocido y se han relacionado conmigo \u2014me ofendieran, o despreciaran, o me tuvieran justamente, [&hellip;]<\/p>\n","protected":false},"author":1,"featured_media":0,"comment_status":"open","ping_status":"open","sticky":false,"template":"","format":"standard","meta":{"footnotes":""},"categories":[4],"tags":[],"class_list":["post-58004","post","type-post","status-publish","format-standard","hentry","category-divulgacion"],"_links":{"self":[{"href":"http:\/\/www.floracantabrica.com\/index.php?rest_route=\/wp\/v2\/posts\/58004","targetHints":{"allow":["GET"]}}],"collection":[{"href":"http:\/\/www.floracantabrica.com\/index.php?rest_route=\/wp\/v2\/posts"}],"about":[{"href":"http:\/\/www.floracantabrica.com\/index.php?rest_route=\/wp\/v2\/types\/post"}],"author":[{"embeddable":true,"href":"http:\/\/www.floracantabrica.com\/index.php?rest_route=\/wp\/v2\/users\/1"}],"replies":[{"embeddable":true,"href":"http:\/\/www.floracantabrica.com\/index.php?rest_route=%2Fwp%2Fv2%2Fcomments&post=58004"}],"version-history":[{"count":1,"href":"http:\/\/www.floracantabrica.com\/index.php?rest_route=\/wp\/v2\/posts\/58004\/revisions"}],"predecessor-version":[{"id":58005,"href":"http:\/\/www.floracantabrica.com\/index.php?rest_route=\/wp\/v2\/posts\/58004\/revisions\/58005"}],"wp:attachment":[{"href":"http:\/\/www.floracantabrica.com\/index.php?rest_route=%2Fwp%2Fv2%2Fmedia&parent=58004"}],"wp:term":[{"taxonomy":"category","embeddable":true,"href":"http:\/\/www.floracantabrica.com\/index.php?rest_route=%2Fwp%2Fv2%2Fcategories&post=58004"},{"taxonomy":"post_tag","embeddable":true,"href":"http:\/\/www.floracantabrica.com\/index.php?rest_route=%2Fwp%2Fv2%2Ftags&post=58004"}],"curies":[{"name":"wp","href":"https:\/\/api.w.org\/{rel}","templated":true}]}}