{"id":57989,"date":"2024-09-08T12:25:50","date_gmt":"2024-09-08T10:25:50","guid":{"rendered":"http:\/\/www.floracantabrica.com\/?p=57989"},"modified":"2024-09-08T12:25:50","modified_gmt":"2024-09-08T10:25:50","slug":"alejandrina-maria-da-costa-durante-los-ultimos-trece-anos-de-su-vida-alejandrina-no-comio-ni-bebio-nada","status":"publish","type":"post","link":"http:\/\/www.floracantabrica.com\/?p=57989","title":{"rendered":"Alejandrina Mar\u00eda da Costa.Durante los \u00faltimos trece a\u00f1os de su vida, Alejandrina no comi\u00f3, ni bebi\u00f3 nada.,,,,,,"},"content":{"rendered":"<p><a href=\"http:\/\/twitter.com\/share?url=http%3A%2F%2Fwww.floracantabrica.com%2F%3Fp%3D57989&amp;count=none&amp;lang=es&amp;via=lorencincoreses&amp;related=Mujerverdosa&amp;text=Alejandrina Mar\u00eda da Costa.Durante los \u00faltimos trece a\u00f1os de su vida, Alejandrina no comi\u00f3, ni bebi\u00f3 nada.,,,,,, - Flora Cant\u00e1brica\" class=\"twitter-share-button\">Tweet<\/a><\/p><p><strong><em>Beata Alejandrina Mar\u00eda da Costa<\/em><\/strong><\/p>\n<p><strong><em>&#8230;.<\/em><\/strong><\/p>\n<p><strong><em>&#8230;.<a href=\"http:\/\/www.floracantabrica.com\/wp-content\/uploads\/2016\/01\/image00298.jpg\"><img loading=\"lazy\" decoding=\"async\" class=\"aligncenter size-full wp-image-33495\" src=\"http:\/\/www.floracantabrica.com\/wp-content\/uploads\/2016\/01\/image00298.jpg\" alt=\"image002\" width=\"567\" height=\"380\" srcset=\"http:\/\/www.floracantabrica.com\/wp-content\/uploads\/2016\/01\/image00298.jpg 567w, http:\/\/www.floracantabrica.com\/wp-content\/uploads\/2016\/01\/image00298-300x201.jpg 300w\" sizes=\"auto, (max-width: 567px) 100vw, 567px\" \/><\/a><\/em><\/strong><\/p>\n<p><strong><em>&#8230;.<\/em><\/strong><\/p>\n<p><strong>Durante los \u00faltimos trece a\u00f1os de su vida, Alejandrina no comi\u00f3, ni bebi\u00f3 nada.<\/strong><\/p>\n<p><strong>,,,,,,<\/strong><\/p>\n<p><strong>,,,,,,,,,<\/strong><\/p>\n<p><strong>Se alimentaba \u00fanicamente de la Eucarist\u00eda<\/strong><\/p>\n<p>,,,,,,<\/p>\n<p>,,,,,,,,<\/p>\n<p>El<em><strong> pueblo, que la ten\u00eda en el concepto de santa, afirm\u00f3: \u00abMuri\u00f3 la madre de los pobres, el auxilio de los necesitados, se fue la consoladora de los afligidos\u00bb.<\/strong> <\/em>Una multitud inmensa visit\u00f3 su cuerpo y estuvo presente en sus exequias. En el a\u00f1o de 1973, su cuerpo fue trasladado para la iglesia parroquial de Balasar, donde ahora se encuentra, venerada por los fieles, que numerosos acuden y se encomiendan a su intercesi\u00f3n<\/p>\n<p>..<\/p>\n<p>..<\/p>\n<p>&#8230; Un d\u00eda escuch\u00f3 la voz del Se\u00f1or que le dec\u00eda: <strong>\u00abNo te alimentar\u00e1s mas con comida en la tierra. Tu comida ser\u00e1 mi Carne, tu bebida ser\u00e1 mi Divina Sangre, tu vida ser\u00e1 mi Vida. Tu la recibes de mi cuando uno mi coraz\u00f3n al tuyo. No tengas miedo, ya no ser\u00e1s mas crucificada como en el pasado, ahora nuevas pruebas te esperan que ser\u00e1n las mas dolorosas. Pero al final yo te llevar\u00e9 al cielo y la Sant\u00edsima Madre te acompa\u00f1ar\u00e1\u00bb.<\/strong><\/p>\n<p><strong>,,,,,,,,<\/strong><\/p>\n<p><strong>,,,,,,,<\/strong><\/p>\n","protected":false},"excerpt":{"rendered":"<p>TweetBeata Alejandrina Mar\u00eda da Costa &#8230;. &#8230;. &#8230;. Durante los \u00faltimos trece a\u00f1os de su vida, Alejandrina no comi\u00f3, ni bebi\u00f3 nada. ,,,,,, ,,,,,,,,, Se alimentaba \u00fanicamente de la Eucarist\u00eda ,,,,,, ,,,,,,,, El pueblo, que la ten\u00eda en el concepto de santa, afirm\u00f3: \u00abMuri\u00f3 la madre de los pobres, el auxilio de los necesitados, se [&hellip;]<\/p>\n","protected":false},"author":1,"featured_media":0,"comment_status":"open","ping_status":"open","sticky":false,"template":"","format":"standard","meta":{"footnotes":""},"categories":[1],"tags":[],"class_list":["post-57989","post","type-post","status-publish","format-standard","hentry","category-flora"],"_links":{"self":[{"href":"http:\/\/www.floracantabrica.com\/index.php?rest_route=\/wp\/v2\/posts\/57989","targetHints":{"allow":["GET"]}}],"collection":[{"href":"http:\/\/www.floracantabrica.com\/index.php?rest_route=\/wp\/v2\/posts"}],"about":[{"href":"http:\/\/www.floracantabrica.com\/index.php?rest_route=\/wp\/v2\/types\/post"}],"author":[{"embeddable":true,"href":"http:\/\/www.floracantabrica.com\/index.php?rest_route=\/wp\/v2\/users\/1"}],"replies":[{"embeddable":true,"href":"http:\/\/www.floracantabrica.com\/index.php?rest_route=%2Fwp%2Fv2%2Fcomments&post=57989"}],"version-history":[{"count":1,"href":"http:\/\/www.floracantabrica.com\/index.php?rest_route=\/wp\/v2\/posts\/57989\/revisions"}],"predecessor-version":[{"id":57990,"href":"http:\/\/www.floracantabrica.com\/index.php?rest_route=\/wp\/v2\/posts\/57989\/revisions\/57990"}],"wp:attachment":[{"href":"http:\/\/www.floracantabrica.com\/index.php?rest_route=%2Fwp%2Fv2%2Fmedia&parent=57989"}],"wp:term":[{"taxonomy":"category","embeddable":true,"href":"http:\/\/www.floracantabrica.com\/index.php?rest_route=%2Fwp%2Fv2%2Fcategories&post=57989"},{"taxonomy":"post_tag","embeddable":true,"href":"http:\/\/www.floracantabrica.com\/index.php?rest_route=%2Fwp%2Fv2%2Ftags&post=57989"}],"curies":[{"name":"wp","href":"https:\/\/api.w.org\/{rel}","templated":true}]}}