{"id":57986,"date":"2025-02-17T11:53:48","date_gmt":"2025-02-17T09:53:48","guid":{"rendered":"http:\/\/www.floracantabrica.com\/?p=57986"},"modified":"2025-02-17T11:53:48","modified_gmt":"2025-02-17T09:53:48","slug":"cientos-recuerdan-al-cardenal-van-thuan-13-anos-preso-por-el-comunismo-de-vietnam","status":"publish","type":"post","link":"http:\/\/www.floracantabrica.com\/?p=57986","title":{"rendered":"Cientos recuerdan al Cardenal Van Thu\u00e2n, 13 a\u00f1os preso por el comunismo de Vietnam"},"content":{"rendered":"<p><a href=\"http:\/\/twitter.com\/share?url=http%3A%2F%2Fwww.floracantabrica.com%2F%3Fp%3D57986&amp;count=none&amp;lang=es&amp;via=lorencincoreses&amp;related=Mujerverdosa&amp;text=Cientos recuerdan al Cardenal Van Thu\u00e2n, 13 a\u00f1os preso por el comunismo de Vietnam - Flora Cant\u00e1brica\" class=\"twitter-share-button\">Tweet<\/a><\/p><p><strong>Cientos recuerdan al Cardenal Van Thu\u00e2n, 13 a\u00f1os preso por el comunismo de Vietnam<\/strong><\/p>\n<p>&#8212;&#8212;&#8212;&#8212;&#8212;-<\/p>\n<p>&nbsp;<\/p>\n<p>ROMA, 15 Sep. 17 \/ 08:25 am (<strong><a href=\"http:\/\/www.aciprensa.com\/\">ACI<\/a><\/strong>).- Emotiva <a href=\"http:\/\/www.aciprensa.com\/Eucaristia\/index.html\">Misa<\/a> de acci\u00f3n de gracias en Roma con motivo de la promulgaci\u00f3n del decreto, el pasado mes de mayo, que reconoce las virtudes heroicas del Cardenal Fran\u00e7ois-Xavier Van Thu\u00e2n, quien estuvo 13 a\u00f1os encerrado en una c\u00e1rcel en Vietnam \u00fanicamente por ser cat\u00f3lico.<\/p>\n<p>&nbsp;<\/p>\n<p>Tambi\u00e9n se record\u00f3 al Cardenal al cumplirse, este 16 de septiembre, 15 a\u00f1os de su muerte. Durante ocho a\u00f1os fue obispo de la di\u00f3cesis vietnamita de Nhatrang (entre 1967 y 1975) y en 1975\u00a0<a href=\"https:\/\/es.wikipedia.org\/wiki\/Pablo_VI\">Pablo VI<\/a>\u00a0le nombr\u00f3\u00a0<a href=\"https:\/\/es.wikipedia.org\/wiki\/Arzobispo\">arzobispo<\/a>\u00a0coadjutor de\u00a0Saig\u00f3n. Sin embargo, pocos meses despu\u00e9s, con la llegada del r\u00e9gimen\u00a0comunista\u00a0al gobierno fue arrestado.<\/p>\n<p>&nbsp;<\/p>\n<p>La celebraci\u00f3n tuvo lugar en la <a href=\"http:\/\/www.aciprensa.com\/iglesia\/index.html\">iglesia<\/a> de Santa Mar\u00eda della Scala y estuvo presidida por el Cardenal Peter Turkson, Prefecto del dicasterio para la Promoci\u00f3n del Desarrollo Humano Integral, en el Vaticano.<\/p>\n<p>&nbsp;<\/p>\n<p>&nbsp;<\/p>\n<p>El Cardenal pas\u00f3 13 a\u00f1os en la c\u00e1rcel, 9 de ellos en r\u00e9gimen de aislamiento. En 1988 fue liberado y puesto bajo r\u00e9gimen de arresto domiciliario en\u00a0Hanoi, pero no se le permiti\u00f3 regresar a la di\u00f3cesis. Finalmente, en 1991 se le autoriz\u00f3 a ir a Roma pero no se le permiti\u00f3 el regreso y tuvo que vivir exiliado en esta ciudad hasta 2002, al morir de c\u00e1ncer.<\/p>\n<p>Se han escrito numerosos libros sobre su <a href=\"http:\/\/www.aciprensa.com\/vida\">vida<\/a> y se le considera un aut\u00e9ntico \u201ctestigo de la esperanza\u201d. \u00c9l mismo cuenta su historia aqu\u00ed:\u00a0<a href=\"https:\/\/www.aciprensa.com\/vejemplares\/thuan.htm\">https:\/\/www.aciprensa.com\/vejemplares\/thuan.htm<\/a><\/p>\n","protected":false},"excerpt":{"rendered":"<p>TweetCientos recuerdan al Cardenal Van Thu\u00e2n, 13 a\u00f1os preso por el comunismo de Vietnam &#8212;&#8212;&#8212;&#8212;&#8212;- &nbsp; ROMA, 15 Sep. 17 \/ 08:25 am (ACI).- Emotiva Misa de acci\u00f3n de gracias en Roma con motivo de la promulgaci\u00f3n del decreto, el pasado mes de mayo, que reconoce las virtudes heroicas del Cardenal Fran\u00e7ois-Xavier Van Thu\u00e2n, quien [&hellip;]<\/p>\n","protected":false},"author":1,"featured_media":0,"comment_status":"open","ping_status":"open","sticky":false,"template":"","format":"standard","meta":{"footnotes":""},"categories":[1],"tags":[],"class_list":["post-57986","post","type-post","status-publish","format-standard","hentry","category-flora"],"_links":{"self":[{"href":"http:\/\/www.floracantabrica.com\/index.php?rest_route=\/wp\/v2\/posts\/57986","targetHints":{"allow":["GET"]}}],"collection":[{"href":"http:\/\/www.floracantabrica.com\/index.php?rest_route=\/wp\/v2\/posts"}],"about":[{"href":"http:\/\/www.floracantabrica.com\/index.php?rest_route=\/wp\/v2\/types\/post"}],"author":[{"embeddable":true,"href":"http:\/\/www.floracantabrica.com\/index.php?rest_route=\/wp\/v2\/users\/1"}],"replies":[{"embeddable":true,"href":"http:\/\/www.floracantabrica.com\/index.php?rest_route=%2Fwp%2Fv2%2Fcomments&post=57986"}],"version-history":[{"count":1,"href":"http:\/\/www.floracantabrica.com\/index.php?rest_route=\/wp\/v2\/posts\/57986\/revisions"}],"predecessor-version":[{"id":57987,"href":"http:\/\/www.floracantabrica.com\/index.php?rest_route=\/wp\/v2\/posts\/57986\/revisions\/57987"}],"wp:attachment":[{"href":"http:\/\/www.floracantabrica.com\/index.php?rest_route=%2Fwp%2Fv2%2Fmedia&parent=57986"}],"wp:term":[{"taxonomy":"category","embeddable":true,"href":"http:\/\/www.floracantabrica.com\/index.php?rest_route=%2Fwp%2Fv2%2Fcategories&post=57986"},{"taxonomy":"post_tag","embeddable":true,"href":"http:\/\/www.floracantabrica.com\/index.php?rest_route=%2Fwp%2Fv2%2Ftags&post=57986"}],"curies":[{"name":"wp","href":"https:\/\/api.w.org\/{rel}","templated":true}]}}