{"id":57926,"date":"2024-08-24T11:00:30","date_gmt":"2024-08-24T09:00:30","guid":{"rendered":"http:\/\/www.floracantabrica.com\/?p=57926"},"modified":"2024-09-12T10:36:53","modified_gmt":"2024-09-12T08:36:53","slug":"virgen-martir-de-la-pureza-santa-maria-goretti","status":"publish","type":"post","link":"http:\/\/www.floracantabrica.com\/?p=57926","title":{"rendered":"Virgen M\u00e1rtir de la Pureza.Santa Mar\u00eda Goretti"},"content":{"rendered":"<p><a href=\"http:\/\/twitter.com\/share?url=http%3A%2F%2Fwww.floracantabrica.com%2F%3Fp%3D57926&amp;count=none&amp;lang=es&amp;via=lorencincoreses&amp;related=Mujerverdosa&amp;text=Virgen M\u00e1rtir de la Pureza.Santa Mar\u00eda Goretti - Flora Cant\u00e1brica\" class=\"twitter-share-button\">Tweet<\/a><\/p><p>Santa Mar\u00eda Goretti &#8211; Virgen y<\/p>\n<p>,,,,,,,,<\/p>\n<p>&nbsp;<\/p>\n<p><a href=\"http:\/\/www.floracantabrica.com\/wp-content\/uploads\/2016\/07\/image0028.jpg\"><img loading=\"lazy\" decoding=\"async\" class=\"aligncenter size-full wp-image-34898\" src=\"http:\/\/www.floracantabrica.com\/wp-content\/uploads\/2016\/07\/image0028.jpg\" alt=\"image002\" width=\"567\" height=\"674\" srcset=\"http:\/\/www.floracantabrica.com\/wp-content\/uploads\/2016\/07\/image0028.jpg 567w, http:\/\/www.floracantabrica.com\/wp-content\/uploads\/2016\/07\/image0028-252x300.jpg 252w\" sizes=\"auto, (max-width: 567px) 100vw, 567px\" \/><\/a><\/p>\n<p>&nbsp;<\/p>\n<p>&nbsp;<\/p>\n<p>,,,,<\/p>\n<p><strong>Virgen M\u00e1rtir de la Pureza<\/strong><\/p>\n<p>&#8212;&#8212;&#8212;&#8212;&#8211;<\/p>\n<p><strong>Una adolescente m\u00e1rtir<\/strong> <strong>por conservar la castidad<\/strong><\/p>\n<p>&#8230;&#8230;&#8230;&#8230;&#8230;..<\/p>\n<p>&nbsp;<\/p>\n<p>Una santa que prefiri\u00f3 morir antes que ofender a Dios y vivi\u00f3 la virtud de la pureza hasta el hero\u00edsmo. Santa Mar\u00eda Goretti naci\u00f3 en Corinaldo (Italia), el 16 de octubre de 1890, hija de Luis Goretti y Assunta Carlini, ambos campesinos. Muri\u00f3 asesinada en Nettuno el 6 de julio de 1902, laica y m\u00e1rtir italiana. Su nombre verdadero era Mar\u00eda Teresa Goretti, y apodada Marietta.<\/p>\n<p>&#8230;&#8230;&#8230;&#8230;&#8230;&#8230;<\/p>\n<p>Mar\u00eda fue la segunda de seis hijos. Vivi\u00f3 en el seno de una familia humilde y perdi\u00f3 a su padre a los 10 a\u00f1os por causa del paludismo. Como consecuencia de la muerte de su padre, la madre de Mar\u00eda Goretti tuvo que trabajar dejando la casa y los hermanos menores a cargo de \u00e9sta, quien realizaba sus obligaciones con alegr\u00eda y cada semana asist\u00eda a clases de catecismo. A los 11 a\u00f1os hizo su primera comuni\u00f3n haci\u00e9ndose, desde entonces, el firme prop\u00f3sito de morir antes que cometer un pecado. <strong>En la misma finca donde viv\u00eda Mar\u00eda trabajaba Alejandro Serenelli, quien se enamor\u00f3 de Mar\u00eda que en ese entonces contaba con 12 a\u00f1os. Serenelli, a causa de lecturas impuras, se dedic\u00f3 a buscar a Mar\u00eda haci\u00e9ndole propuestas que la santa rechazaba, haciendo que Serenelli se sintiera despreciado. Suplica<\/strong> a su madre que no la deje sola en casa, pero no se atreve a explicarle claramente las causas de su p\u00e1nico, pues Alessandro la ha amenazado:<\/p>\n<p>&#8230;&#8230;&#8230;&#8230;.<\/p>\n<p><strong><em>\u00abSi le cuentas algo a tu madre, te mato\u00bb<\/em><\/strong><\/p>\n<p>&#8230;&#8230;&#8230;&#8230;&#8230;&#8230;.<\/p>\n<p>Su \u00fanico recurso es la oraci\u00f3n. La v\u00edspera de su muerte, Mar\u00eda pide de nuevo llorando a su madre que no la deje sola, pero, al no recibir m\u00e1s explicaciones, \u00e9sta lo considera un capricho y no concede importancia a aquella s\u00faplica.<\/p>\n<p>&#8230;&#8230;&#8230;&#8230;&#8230;&#8230;.<\/p>\n<p>&nbsp;<\/p>\n<p>El 5 de julio de 1902, <strong>Mar\u00eda se qued\u00f3 en casa cosiendo ropa y cuidando de su hermanita de dos a\u00f1os (Teresa). Alessandro, que se hab\u00eda cansado de los rechazos de Mar\u00eda, porque siempre le hac\u00eda proposiciones deshonestas que en un principio ella no las comprende. M\u00e1s tarde, al adivinar las intenciones del muchacho, la joven est\u00e1 sobre aviso y rechaza la adulaci\u00f3n y las amenazas.<\/strong><\/p>\n<p><strong>&#8230;&#8230;&#8230;&#8230;&#8230;..<\/strong><\/p>\n<p>&nbsp;<\/p>\n<p>Serenelli fue en busca de Mar\u00eda quien estaba sola en su casa y al encontrarla la invit\u00f3 a ir a una rec\u00e1mara de la casa, a lo que Mar\u00eda se neg\u00f3 por lo que aqu\u00e9l se vio obligado a forzarla.<\/p>\n<p>&#8230;&#8230;&#8230;&#8230;&#8230;.<\/p>\n<p><strong><em>\u00ab\u00a1Mar\u00eda!\u00bb<\/em><\/strong><strong><em>, grita Alessandro<\/em><\/strong><\/p>\n<p>&#8230;&#8230;&#8230;&#8230;&#8230;&#8230;&#8230;.<\/p>\n<p><strong><em>\u00ab\u00bfQu\u00e9 quieres?\u00bb.<\/em><\/strong><\/p>\n<p>&nbsp;<\/p>\n<p><strong><em>\u00abQuiero que me sigas\u00bb<\/em><\/strong><\/p>\n<p>&nbsp;<\/p>\n<p><strong><em>\u00ab\u00bfPara qu\u00e9?\u00bb<\/em><\/strong><\/p>\n<p>&nbsp;<\/p>\n<p><strong><em>\u00ab\u00a1S\u00edgueme!\u00bb<\/em><\/strong><\/p>\n<p>&nbsp;<\/p>\n<p><strong><em>\u00abSi no me dices lo que quieres, no te sigo\u00bb<\/em><\/strong><\/p>\n<p>&#8230;&#8230;&#8230;&#8230;&#8230;.<\/p>\n<p>&#8230;&#8230;.<\/p>\n<p>&#8230;.<\/p>\n<p>Ante <strong>semejante resistencia, el muchacho la agarra violentamente del brazo y la arrastra hasta la cocina, atrancando la puerta. La ni\u00f1a grita, pero el ruido no llega hasta el exterior. Al no conseguir que la v\u00edctima se someta, Alessandro la amordaza y esgrime un pu\u00f1al<\/strong>. Mar\u00eda se pone a temblar pero no sucumbe. Furioso, el joven intenta con violencia arrancarle la ropa, pero Mar\u00eda se deshace de la mordaza y grita:<\/p>\n<p>,,,,,,,,,,,,,,<\/p>\n<p>,,,,,,,,,,,,,<\/p>\n<p><strong><em>\u00abNo hagas eso, que es pecado&#8230; Ir\u00e1s al infierno\u00bb<\/em><\/strong><\/p>\n<p>&#8230;&#8230;&#8230;.<\/p>\n<p>&#8230;&#8230;<\/p>\n<p>Alessandro se descontrol\u00f3 por completo, <strong>apu\u00f1alando a Mar\u00eda m\u00e1s de 14 veces con un punz\u00f3n<\/strong> para picar hielo; cuando vio a la malherida Mar\u00eda tratando de arrastrarse hacia la puerta para pedir ayuda, la acuchill\u00f3 tres veces m\u00e1s y huy\u00f3. Mar\u00eda qued\u00f3 herida de muerte al recibir catorce heridas graves y se ha desvanecido.<br \/>\n&#8230;&#8230;&#8230;&#8230;&#8230;<\/p>\n<p>,,,,,,,,,<\/p>\n<p>,,,,,,<\/p>\n<p>&nbsp;<\/p>\n<p>&nbsp;<\/p>\n<p>En el hospital no hay nada que hacer. Despu\u00e9s de un largo y penoso viaje en ambulancia, hacia las ocho de la noche, llegan al hospital. Los m\u00e9dicos se sorprenden de que la ni\u00f1a todav\u00eda no haya sucumbido a sus heridas, pues ha sido alcanzado el pericardio, el coraz\u00f3n, el pulm\u00f3n izquierdo, el diafragma y el intestino. Al comprobar que no tiene cura, mandan llamar al capell\u00e1n. Mar\u00eda se confiesa con toda lucidez. Despu\u00e9s, los m\u00e9dicos le prodigan sus cuidados durante dos horas, sin dormirla. Mar\u00eda no se lamenta, y no deja de rezar y de ofrecer sus sufrimientos a la Sant\u00edsima Virgen, Madre de los Dolores. Su madre consigue que le permitan permanecer a la cabecera de la cama. Mar\u00eda a\u00fan tiene fuerzas para consolarla:<\/p>\n<p>&nbsp;<\/p>\n<p>&#8230;&#8230;&#8230;&#8230;&#8230;&#8230;..<\/p>\n<p><strong><em>\u00abMam\u00e1, querida mam\u00e1 <\/em><\/strong><strong><em>, ahora estoy bien&#8230; \u00bfC\u00f3mo est\u00e1n mis hermanos y hermanas?\u00bb<\/em><\/strong><\/p>\n<p>A Mar\u00eda la devora la sed:.<\/p>\n<p>,&#8230;&#8230;&#8230;..<\/p>\n<p>&#8230;&#8230;&#8230;<\/p>\n<p>&nbsp;<\/p>\n<p>&nbsp;<\/p>\n<p><strong><em>\u00abMam\u00e1, dame una gota de agua\u00bb<\/em><\/strong><\/p>\n<p>,,,,,,,,,<\/p>\n<p>,,,,,,,<\/p>\n<p><strong><em>\u00abMi pobre Mar\u00eda, el m\u00e9dico no quiere, porque ser\u00eda peor para ti\u00bb<\/em><\/strong><\/p>\n<p>&#8230;&#8230;&#8230;..<\/p>\n<p>&#8230;&#8230;.<\/p>\n<p>Extra\u00f1ada, Mar\u00eda sigue diciendo:.<\/p>\n<p>&#8230;..<\/p>\n<p>&#8230;&#8230;.<\/p>\n<p><strong><em>\u00ab\u00bfC\u00f3mo es posible que no pueda beber ni una gota de agua?\u00bb<\/em><\/strong><\/p>\n<p>&#8230;&#8230;&#8230;&#8230;&#8230;&#8230;&#8230;&#8230;&#8230;<\/p>\n<p>&#8230;&#8230;&#8230;&#8230;&#8230;.<\/p>\n<p>Luego, dirige la mirada sobre Jes\u00fas crucificado, que tambi\u00e9n hab\u00eda dicho\u00a0<strong>\u00a1Tengo sed!<\/strong>, y se resigna. El capell\u00e1n del hospital la asiste paternalmente y, en el momento de darle la sagrada Comuni\u00f3n, la interroga:<\/p>\n<p>&#8212;&#8212;<\/p>\n<p>&#8212;<\/p>\n<p><strong><em>\u00abMar\u00eda, \u00bfperdonas de todo coraz\u00f3n a tu asesino?\u00bb<\/em><\/strong><\/p>\n<p>&#8230;..<\/p>\n<p>&#8230;..<\/p>\n<p>&#8230;&#8230;<\/p>\n<p>Ella, reprimiendo una instintiva repulsi\u00f3n, le responde:<\/p>\n<p>&#8230;&#8230;&#8230;<\/p>\n<p>&#8230;&#8230;..<\/p>\n<p><strong><em>\u00abS\u00ed, lo perdono por el amor de Jes\u00fas, y quiero que \u00e9l tambi\u00e9n venga conmigo al para\u00edso. Quiero que est\u00e9 a mi lado&#8230; Que Dios lo perdone, porque yo ya lo he perdonado\u00bb<\/em><\/strong><\/p>\n<p>&#8230;&#8230;&#8230;&#8230;.<\/p>\n<p>&#8230;&#8230;&#8230;<\/p>\n<p>En medio de esos sentimientos, los mismos que tuvo Jesucristo en el Calvario, Mar\u00eda recibe la Eucarist\u00eda y la Extremaunci\u00f3n, serena, tranquila, humilde en el hero\u00edsmo de su victoria. El final se acerca. Se le oye decir:\u00a0.<\/p>\n<p>\u00b4&#8230;&#8230;&#8230;&#8230;.<\/p>\n<p><strong><em>\u00abPap\u00e1\u00bb<\/em><\/strong><\/p>\n<p>\u00b4\u00b4\u00b4\u00b4\u00b4\u00b4<\/p>\n<p>\u00b4\u00b4\u00b4\u00b4<\/p>\n<p>Finalmente, despu\u00e9s de una postrera llamada a Mar\u00eda, entra en la gloria inmensa del para\u00edso. Es el d\u00eda 6 de julio de 1902, a las tres de la tarde. No hab\u00eda cumplido los doce a\u00f1os.<\/p>\n<p>&nbsp;<\/p>\n<p>&#8230;&#8230;..<\/p>\n<p>&#8230;&#8230;.<\/p>\n<p><strong>El destino de su asesino<\/strong><\/p>\n<p>&#8230;&#8230;&#8230;<\/p>\n<p>&#8230;&#8230;&#8230;&#8230;<\/p>\n<p>El juicio de Alessandro tiene lugar tres meses despu\u00e9s del drama. Aconsejado por su abogado, confiesa:<\/p>\n<p>&#8230;&#8230;&#8230;..<\/p>\n<p>&#8230;&#8230;&#8230;..<\/p>\n<p><strong><em>\u00abMe gustaba. La provoqu\u00e9 dos veces al mal, pero no pude conseguir nada. Despechado, prepar\u00e9 el pu\u00f1al que deb\u00eda utilizar\u00bb<\/em><\/strong><\/p>\n<p>&#8230;&#8230;&#8230;&#8230;.<\/p>\n<p>&#8230;&#8230;&#8230;..<\/p>\n<p>Es condenado a treinta a\u00f1os de trabajos forzados. Aparenta no sentir ning\u00fan remordimiento del crimen.\u00a0Alessandro Serenelli, el asesino de Mar\u00eda, cumpli\u00f3 su condena en la c\u00e1rcel de Roma, y tras su liberaci\u00f3n, ingres\u00f3 como hermano terciario y portero a un convento capuchino de dicha ciudad, donde muri\u00f3 en 1970. \u00c9l atribuy\u00f3 su cambio de vida a un sue\u00f1o que tuvo en la c\u00e1rcel varios a\u00f1os despu\u00e9s del asesinato; seg\u00fan \u00e9l:<\/p>\n<p>&#8230;&#8230;&#8230;&#8230;&#8230;.<\/p>\n<p>&#8230;&#8230;&#8230;&#8230;&#8230;<\/p>\n<p><strong><em>\u00abVio en sue\u00f1os a Mar\u00eda con catorce lirios blancos, uno por cada pu\u00f1alada recibida; gracias a \u00e9sto no s\u00f3lo logr\u00f3 reconciliarse con la sociedad, sino que tambi\u00e9n con la f.amilia Goretti, que lo perdon\u00f3 expresamente\u00bb<\/em><\/strong><\/p>\n<p>&#8230;&#8230;.<\/p>\n<p>&#8230;&#8230;&#8230;<\/p>\n<p>La tradici\u00f3n cuenta que despu\u00e9s de un sue\u00f1o donde Mar\u00eda le dijo que \u00e9l tambi\u00e9n pod\u00eda ir al cielo. Serenelli cambi\u00f3 completamente volvi\u00e9ndose hacia Dios y ofreciendo sus trabajos y sufrimientos en reparaci\u00f3n de sus pecados. <strong>Despu\u00e9s de 27 a\u00f1os de c\u00e1rcel, fue liberado y acudi\u00f3 a pedir perd\u00f3n a la madre de la santa, quien no s\u00f3lo lo perdon\u00f3 sino que lo defendi\u00f3 en p\u00fablico, alegando que si Dios y su hija lo hab\u00edan perdonado, ella no ten\u00eda por qu\u00e9 no perdonarlo. La fama de Mar\u00eda Goretti se extend\u00eda cada vez m\u00e1s y fueron apareciendo las muestras de santidad, que fue fruto de su cercan\u00eda a Dios y su devoci\u00f3n a la Virgen Mar\u00eda.<\/strong> Despu\u00e9s de numerosos estudios, la Santa Sede la canoniz\u00f3 el 24 de junio de 1950 en una ceremonia que se tuvo que realizar en la Plaza de San Pedro, debido a la cantidad de asistentes que se calculaban en m\u00e1s de quinientas mil personas. En la ceremonia de canonizaci\u00f3n acompa\u00f1aron a P\u00edo XII, la madre, dos hermanas y un hermano de Mar\u00eda. Durante esta ceremonia Su Santidad P\u00edo XII exhalt\u00f3 la virtud de la santa y sus estudiosos afirman que por la vida que llev\u00f3 a\u00fan cuando no hubiera sido m\u00e1rtir habr\u00eda merecido ser declarada santa,\u00a0la defini\u00f3\u00a0<strong><em>\u00abpeque\u00f1a y dulce m\u00e1rtir de la pureza\u00bb.<\/em><\/strong><\/p>\n<p>&nbsp;<\/p>\n<p>&nbsp;<\/p>\n<p>&nbsp;<\/p>\n<p>&nbsp;<\/p>\n<p>&nbsp;<\/p>\n","protected":false},"excerpt":{"rendered":"<p>TweetSanta Mar\u00eda Goretti &#8211; Virgen y ,,,,,,,, &nbsp; &nbsp; &nbsp; ,,,, Virgen M\u00e1rtir de la Pureza &#8212;&#8212;&#8212;&#8212;&#8211; Una adolescente m\u00e1rtir por conservar la castidad &#8230;&#8230;&#8230;&#8230;&#8230;.. &nbsp; Una santa que prefiri\u00f3 morir antes que ofender a Dios y vivi\u00f3 la virtud de la pureza hasta el hero\u00edsmo. Santa Mar\u00eda Goretti naci\u00f3 en Corinaldo (Italia), el 16 [&hellip;]<\/p>\n","protected":false},"author":1,"featured_media":0,"comment_status":"open","ping_status":"open","sticky":false,"template":"","format":"standard","meta":{"footnotes":""},"categories":[1],"tags":[],"class_list":["post-57926","post","type-post","status-publish","format-standard","hentry","category-flora"],"_links":{"self":[{"href":"http:\/\/www.floracantabrica.com\/index.php?rest_route=\/wp\/v2\/posts\/57926","targetHints":{"allow":["GET"]}}],"collection":[{"href":"http:\/\/www.floracantabrica.com\/index.php?rest_route=\/wp\/v2\/posts"}],"about":[{"href":"http:\/\/www.floracantabrica.com\/index.php?rest_route=\/wp\/v2\/types\/post"}],"author":[{"embeddable":true,"href":"http:\/\/www.floracantabrica.com\/index.php?rest_route=\/wp\/v2\/users\/1"}],"replies":[{"embeddable":true,"href":"http:\/\/www.floracantabrica.com\/index.php?rest_route=%2Fwp%2Fv2%2Fcomments&post=57926"}],"version-history":[{"count":1,"href":"http:\/\/www.floracantabrica.com\/index.php?rest_route=\/wp\/v2\/posts\/57926\/revisions"}],"predecessor-version":[{"id":57927,"href":"http:\/\/www.floracantabrica.com\/index.php?rest_route=\/wp\/v2\/posts\/57926\/revisions\/57927"}],"wp:attachment":[{"href":"http:\/\/www.floracantabrica.com\/index.php?rest_route=%2Fwp%2Fv2%2Fmedia&parent=57926"}],"wp:term":[{"taxonomy":"category","embeddable":true,"href":"http:\/\/www.floracantabrica.com\/index.php?rest_route=%2Fwp%2Fv2%2Fcategories&post=57926"},{"taxonomy":"post_tag","embeddable":true,"href":"http:\/\/www.floracantabrica.com\/index.php?rest_route=%2Fwp%2Fv2%2Ftags&post=57926"}],"curies":[{"name":"wp","href":"https:\/\/api.w.org\/{rel}","templated":true}]}}