{"id":57923,"date":"2024-09-08T13:35:54","date_gmt":"2024-09-08T11:35:54","guid":{"rendered":"http:\/\/www.floracantabrica.com\/?p=57923"},"modified":"2024-09-08T13:35:54","modified_gmt":"2024-09-08T11:35:54","slug":"virgen-de-la-salette","status":"publish","type":"post","link":"http:\/\/www.floracantabrica.com\/?p=57923","title":{"rendered":"VIRGEN DE LA SALETTE ."},"content":{"rendered":"<p><a href=\"http:\/\/twitter.com\/share?url=http%3A%2F%2Fwww.floracantabrica.com%2F%3Fp%3D57923&amp;count=none&amp;lang=es&amp;via=lorencincoreses&amp;related=Mujerverdosa&amp;text=VIRGEN DE LA SALETTE . - Flora Cant\u00e1brica\" class=\"twitter-share-button\">Tweet<\/a><\/p><p><strong>VI<span style=\"font-size: 14pt;\">RGEN DE LA SALETTE .<\/span><\/strong><\/p>\n<p><span style=\"font-size: 14pt;\">&#8230;&#8230;.<\/span><\/p>\n<p><span style=\"font-size: 14pt;\">&#8230;.<\/span><\/p>\n<p><span style=\"font-size: 14pt;\"><a href=\"http:\/\/www.floracantabrica.com\/wp-content\/uploads\/2016\/07\/image00220.jpg\"><img loading=\"lazy\" decoding=\"async\" class=\"aligncenter size-full wp-image-35024\" src=\"http:\/\/www.floracantabrica.com\/wp-content\/uploads\/2016\/07\/image00220.jpg\" alt=\"image002\" width=\"567\" height=\"424\" srcset=\"http:\/\/www.floracantabrica.com\/wp-content\/uploads\/2016\/07\/image00220.jpg 567w, http:\/\/www.floracantabrica.com\/wp-content\/uploads\/2016\/07\/image00220-300x224.jpg 300w\" sizes=\"auto, (max-width: 567px) 100vw, 567px\" \/><\/a><\/span><\/p>\n<p><span style=\"font-size: 14pt;\">&#8230;.<\/span><\/p>\n<p><span style=\"font-size: 14pt;\">La Virgen nuestra Madre se<strong> aparece a dos pastores, Maximino de 11 a\u00f1os y Melania Calvat de 15 a\u00f1os<\/strong>. Fue en La Salette, lugar ubicado a 35 Kms. de Grenoble, en Francia. La aparici\u00f3n ocurri\u00f3 el 19 de setiembre de 1846. Actualmente, en La Salette, hay un hermoso santuario mariano donde van miles de peregrinos todos los a\u00f1os.<\/span><\/p>\n<p><span style=\"font-size: 14pt;\">&#8230;&#8230;&#8230;<\/span><\/p>\n<p><span style=\"font-size: 14pt;\">&#8230;..<\/span><\/p>\n<p><span style=\"font-size: 14pt;\"><strong>Melania escribi\u00f3 el relato de la aparici\u00f3n el 21 de noviembre de 1878. En \u00e9l dice que Mar\u00eda lloraba mientras hablaba de los castigos que vendr\u00e1n a la humanidad, si no se convierte<\/strong>. Por eso, se habla de la Virgen de las l\u00e1grimas de La Salette. Veamos lo que nos dice en su relato autobiogr\u00e1fico:<\/span><\/p>\n<p><span style=\"font-size: 14pt;\">&#8230;&#8230;&#8230;.<\/span><\/p>\n<p><span style=\"font-size: 14pt;\">&#8230;&#8230;&#8230;&#8230;..<\/span><\/p>\n<p><span style=\"font-size: 14pt;\">\u201cLa Virgen era majestuosa, imponente, impon\u00eda un temor respetuoso. A la vez que su majestad impon\u00eda respeto, mezclado de amor, atra\u00eda hacia s\u00ed. Su mirada era dulce y penetrante; sus ojos parec\u00edan hablar con los m\u00edos. La dulzura de su mirada, su aire de bondad incomprensible, hac\u00eda comprender que Ella quer\u00eda darse. Era una explosi\u00f3n de amor que no puede expresarse con lenguaje humano ni con las letras del alfabeto. La<strong> Sant\u00edsima Virgen era muy bella<\/strong> y toda hecha de amor. Parec\u00eda que la palabra amor se escapaba de sus labios, plateados, pur\u00edsimos. Me parec\u00eda como una buena madre, llena de bondad, de amabilidad, de amor para nosotros, de compasi\u00f3n y de misericordia&#8230; 1.<\/span><\/p>\n<p><span style=\"font-size: 14pt;\">&#8230;&#8230;&#8230;.<\/span><\/p>\n<p><span style=\"font-size: 14pt;\">&#8230;&#8230;..<\/span><\/p>\n<p><span style=\"font-size: 14pt;\">5<\/span><\/p>\n<p><span style=\"font-size: 14pt;\">La<strong> Sant\u00edsima Virgen lloraba durante casi todo el tiempo que me habl\u00f3<\/strong>. Yo hubiera querido arrojarme a sus brazos y decirle: Mi buena Madre, no llor\u00e9is, yo os quiero amar por todos los hombres de la tierra. Pero me parec\u00eda que me respond\u00eda: Hay tantos que no me conocen&#8230; La vista de la Sant\u00edsima Virgen era por s\u00ed sola un para\u00edso cumplido. Ten\u00eda en s\u00ed todo lo que pod\u00eda satisfacer, pues la tierra quedaba olvidada&#8230; La voz de la bella Se\u00f1ora era dulce, encantaba, cautivaba, alegraba el coraz\u00f3n. Mi coraz\u00f3n parec\u00eda saltar o querer ir a su encuentro para derretirse en Ella. Los ojos de la Sant\u00edsima Virgen no pueden describirse con lenguaje humano. Para hablar de ellos ser\u00eda preciso un seraf\u00edn, har\u00eda falta la palabra del mismo Dios, de ese Dios que ha hecho a la Virgen Inmaculada, obra maestra de todo su poder&#8230;Parec\u00edan mil y mil veces m\u00e1s bellos que los brillantes, que los diamantes, que las piedras preciosas y brillaban como dos soles. Eran dulces, la dulzura misma, en sus ojos se ve\u00eda el para\u00edso. Cuanto m\u00e1s la miraba, m\u00e1s la quer\u00eda ver y cuanto m\u00e1s la ve\u00eda, m\u00e1s la amaba y la amaba con todas mis fuerzas.<\/span><\/p>\n<p><span style=\"font-size: 14pt;\">&#8230;..<\/span><\/p>\n<p><span style=\"font-size: 14pt;\">&#8230;&#8230;.<\/span><\/p>\n<p><span style=\"font-size: 14pt;\">Y me dijo<strong>: Dios va a castigar al mundo de una manera sin precedentes. \u00a1Ay de los habitantes de la tierra! Dios va a derramar su c\u00f3lera y nadie podr\u00e1 sustraerse a tantos males juntos<\/strong>. Los jefes, los gu\u00edas del pueblo de Dios han descuidado la oraci\u00f3n y la penitencia, y el demonio ha ofuscado sus inteligencias&#8230; Dios permitir\u00e1 al diablo poner divisiones entre los soberanos, en todas las sociedades y en todas las familias. Se sufrir\u00e1n penas f\u00edsicas y morales. Dios enviar\u00e1 castigos que se suceder\u00e1n durante m\u00e1s de 35 a\u00f1os&#8230;<\/span><\/p>\n<p><span style=\"font-size: 14pt;\">&#8230;&#8230;&#8230;&#8230;<\/span><\/p>\n<p><span style=\"font-size: 14pt;\">&#8230;&#8230;&#8230;..<\/span><\/p>\n<p><span style=\"font-size: 14pt;\">Los libros malos abundar\u00e1n en la tierra y los esp\u00edritus de las tinieblas extender\u00e1n por todas partes un relajamiento universal en todo lo relativo al servicio de Dios. El Vicario de mi Hijo tendr\u00e1 mucho que sufrir; porque, por un tiempo, la Iglesia ser\u00e1 entregada a grandes persecuciones. \u00c9sta ser\u00e1 la hora de las tinieblas. La Iglesia tendr\u00e1 una crisis espantosa&#8230; Dado el olvido de la santa fe de Dios, cada individuo querr\u00e1 gobernarse por s\u00ed mismo e imponerse a sus semejantes. Se abolir\u00e1n los poderes civiles y eclesi\u00e1sticos, todo orden y toda justicia ser\u00e1n hollados&#8230; Por todas partes se ver\u00e1n homicidios, odio, envidia, mentira y discordia, sin amor por la patria ni por la familia&#8230;<\/span><\/p>\n<p><span style=\"font-size: 14pt;\">,,,,,,<\/span><\/p>\n<p><span style=\"font-size: 14pt;\">,,,,,,,<\/span><\/p>\n<p><span style=\"font-size: 14pt;\">,,,,<\/span><\/p>\n<p><span style=\"font-size: 14pt;\">Los gobernantes civiles tendr\u00e1n un mismo plan que ser\u00e1 abolir y hacer desaparecer todo principio religioso para dar lugar al materialismo, al ate\u00edsmo, al espiritismo y a toda clase de vicios&#8230; Yo dirijo un apremiante llamado a los verdaderos disc\u00edpulos del Dios vivo&#8230; Ya es hora de que salgan y vengan a iluminar la tierra. Id y mostraos como hijos queridos m\u00edos. Yo estoy con vosotros y en vosotros. Que vuestro celo os haga hambrientos de la gloria de Dios y de la honra de Jesucristo. Pelead, hijos de la luz, vosotros, peque\u00f1o n\u00famero, pues he aqu\u00ed el tiempo de los tiempos. Entonces, Jesucristo vencer\u00e1 a sus enemigos y se har\u00e1 la paz, la reconciliaci\u00f3n de Dios con los hombres. Jesucristo ser\u00e1 servido, adorado y glorificado. La caridad florecer\u00e1 en todas partes. Los nuevos reyes ser\u00e1n el brazo derecho de la Santa Iglesia que ser\u00e1 fuerte, humilde, piadosa y pobre, celosa e imitadora de las virtudes de<\/span><\/p>\n<p><span style=\"font-size: 14pt;\">Jesucristo. <strong>El Evangelio ser\u00e1 predicado por todas partes y los hombres vivir\u00e1n en el temor de<\/strong> Dios&#8230; Esta paz no ser\u00e1 larga: veinticinco a\u00f1os de abundantes cosechas les har\u00e1n olvidar que los pecados de los hombres son la causa de todos los males que suceden en la tierra\u201d.<\/span><\/p>\n<p><span style=\"font-size: 14pt;\">\u00a0&#8230;..<\/span><\/p>\n<p><span style=\"font-size: 14pt;\">&#8230;&#8230;<\/span><\/p>\n<p><span style=\"font-size: 14pt;\">Mar\u00eda, en \u00e9sta como en otras apariciones, nos pide conversi\u00f3n y hacer mucha oraci\u00f3n y penitencia con el rezo del rosario. Ojal\u00e1 escuchemos su dulce voz que, como Madre, nos habla, derramando l\u00e1grimas, por tantos de sus hijos que van por el camino de la perdici\u00f3n eterna. All\u00ed en La Salette hay una fuente de agua, que no ha dejado de brotar desde hace m\u00e1s de 150 a\u00f1os, produciendo numerosas curaciones.<\/span><\/p>\n<p><span style=\"font-size: 14pt;\">&#8230;&#8230;&#8230;&#8230;.<\/span><\/p>\n<p><span style=\"font-size: 14pt;\">&#8230;&#8230;.<\/span><\/p>\n","protected":false},"excerpt":{"rendered":"<p>TweetVIRGEN DE LA SALETTE . &#8230;&#8230;. &#8230;. &#8230;. La Virgen nuestra Madre se aparece a dos pastores, Maximino de 11 a\u00f1os y Melania Calvat de 15 a\u00f1os. Fue en La Salette, lugar ubicado a 35 Kms. de Grenoble, en Francia. La aparici\u00f3n ocurri\u00f3 el 19 de setiembre de 1846. Actualmente, en La Salette, hay un [&hellip;]<\/p>\n","protected":false},"author":1,"featured_media":0,"comment_status":"open","ping_status":"open","sticky":false,"template":"","format":"standard","meta":{"footnotes":""},"categories":[4],"tags":[],"class_list":["post-57923","post","type-post","status-publish","format-standard","hentry","category-divulgacion"],"_links":{"self":[{"href":"http:\/\/www.floracantabrica.com\/index.php?rest_route=\/wp\/v2\/posts\/57923","targetHints":{"allow":["GET"]}}],"collection":[{"href":"http:\/\/www.floracantabrica.com\/index.php?rest_route=\/wp\/v2\/posts"}],"about":[{"href":"http:\/\/www.floracantabrica.com\/index.php?rest_route=\/wp\/v2\/types\/post"}],"author":[{"embeddable":true,"href":"http:\/\/www.floracantabrica.com\/index.php?rest_route=\/wp\/v2\/users\/1"}],"replies":[{"embeddable":true,"href":"http:\/\/www.floracantabrica.com\/index.php?rest_route=%2Fwp%2Fv2%2Fcomments&post=57923"}],"version-history":[{"count":1,"href":"http:\/\/www.floracantabrica.com\/index.php?rest_route=\/wp\/v2\/posts\/57923\/revisions"}],"predecessor-version":[{"id":57924,"href":"http:\/\/www.floracantabrica.com\/index.php?rest_route=\/wp\/v2\/posts\/57923\/revisions\/57924"}],"wp:attachment":[{"href":"http:\/\/www.floracantabrica.com\/index.php?rest_route=%2Fwp%2Fv2%2Fmedia&parent=57923"}],"wp:term":[{"taxonomy":"category","embeddable":true,"href":"http:\/\/www.floracantabrica.com\/index.php?rest_route=%2Fwp%2Fv2%2Fcategories&post=57923"},{"taxonomy":"post_tag","embeddable":true,"href":"http:\/\/www.floracantabrica.com\/index.php?rest_route=%2Fwp%2Fv2%2Ftags&post=57923"}],"curies":[{"name":"wp","href":"https:\/\/api.w.org\/{rel}","templated":true}]}}