{"id":57880,"date":"2024-09-02T12:36:14","date_gmt":"2024-09-02T10:36:14","guid":{"rendered":"http:\/\/www.floracantabrica.com\/?p=57880"},"modified":"2026-01-13T13:13:14","modified_gmt":"2026-01-13T11:13:14","slug":"segunda-memoria-ii-de-lucia-de-fatima","status":"publish","type":"post","link":"http:\/\/www.floracantabrica.com\/?p=57880","title":{"rendered":"SEGUNDA MEMORIA II de Lucia de Fatima"},"content":{"rendered":"<p><a href=\"http:\/\/twitter.com\/share?url=http%3A%2F%2Fwww.floracantabrica.com%2F%3Fp%3D57880&amp;count=none&amp;lang=es&amp;via=lorencincoreses&amp;related=Mujerverdosa&amp;text=SEGUNDA MEMORIA II de Lucia de Fatima - Flora Cant\u00e1brica\" class=\"twitter-share-button\">Tweet<\/a><\/p><p>&nbsp;<\/p>\n<p>&nbsp;<\/p>\n<p>&nbsp;<\/p>\n<p><strong><span style=\"font-size: 24pt;\">SEGUNDA MEMORIA III de Lucia de Fatima<\/span><\/strong><\/p>\n<p>&nbsp;<\/p>\n<p>&nbsp;<\/p>\n<p><span style=\"font-size: 14pt;\">lIl. DESPUES DE LAS APARACIONES<\/span><\/p>\n<p><span style=\"font-size: 14pt;\">\u00a0<\/span><\/p>\n<ol>\n<li><span style=\"font-size: 14pt;\">Luc\u00eda va a la escuela<\/span><\/li>\n<\/ol>\n<p><span style=\"font-size: 14pt;\">\u00a0<\/span><\/p>\n<ol>\n<li><span style=\"font-size: 14pt;\">\u00a0<\/span><\/li>\n<\/ol>\n<p><span style=\"font-size: 14pt;\">Estoy escribiendo hasta aqu\u00ed, sin ton ni son, como se suele<\/span><\/p>\n<p><span style=\"font-size: 14pt;\">decir; y ya voy dejando atr\u00e1s algunas cosas. Pero estoy haciendo<\/span><\/p>\n<p><span style=\"font-size: 14pt;\">lo que V. Excia. Rvma. me dijo: que escribiese seg\u00fan lo fuera recordando<\/span><\/p>\n<p><span style=\"font-size: 14pt;\">con toda sencillez. Pues as\u00ed lo quiero hacer, sin que me<\/span><\/p>\n<p><span style=\"font-size: 14pt;\">importe el orden ni el estilo. Me parece que as\u00ed mi obediencia es<\/span><\/p>\n<p><span style=\"font-size: 14pt;\">m\u00e1s perfecta; y, por tanto, m\u00e1s agradable a Nuestro Se\u00f1or y al<\/span><\/p>\n<p><span style=\"font-size: 14pt;\">Inmaculado Coraz\u00f3n de Mar\u00eda.<\/span><\/p>\n<p><span style=\"font-size: 14pt;\">Vuelvo, pues, a la casa paterna. Ya dije a V. Excia. que mi madre<\/span><\/p>\n<p><span style=\"font-size: 14pt;\">tuvo que vender nuestro reba\u00f1o, quedando s\u00f3lo con tres ovejas<\/span><\/p>\n<p><span style=\"font-size: 14pt;\">que llev\u00e1bamos con nosotros al campo; y, cuando no \u00edbamos,<\/span><\/p>\n<p><span style=\"font-size: 14pt;\">les d\u00e1bamos de comer algunas cosas en el corral. Mi madre me<\/span><\/p>\n<p><span style=\"font-size: 14pt;\">mand\u00f3, entonces, a la escuela; y, en el tiempo que me quedaba<\/span><\/p>\n<p><span style=\"font-size: 14pt;\">libre, quer\u00eda que aprendiese a tejer y a coser. As\u00ed, me ten\u00eda segura<\/span><\/p>\n<p><span style=\"font-size: 14pt;\">en casa y no ten\u00eda que perder tiempo en buscarme.<\/span><\/p>\n<p><span style=\"font-size: 14pt;\">Un hermoso d\u00eda hablaban mis hermanas de ir a hacer la vendimia<\/span><\/p>\n<p><span style=\"font-size: 14pt;\">de un rico se\u00f1or de P\u00e9 de C\u00e3o (27), con otras chicas. Mi madre<\/span><\/p>\n<p><span style=\"font-size: 14pt;\">decidi\u00f3 que ellas ir\u00edan, pero que yo ir\u00eda tambi\u00e9n con ellas. (Tambi\u00e9n<\/span><\/p>\n<p><span style=\"font-size: 14pt;\">ya dije al principio, que mi madre ten\u00eda la costumbre de no dejarlas ir<\/span><\/p>\n<p><span style=\"font-size: 14pt;\">a ning\u00fan sitio sin que me llevasen).<\/span><\/p>\n<p><span style=\"font-size: 14pt;\">&#8230;&#8230;&#8230;&#8230;.<\/span><\/p>\n<ol>\n<li><span style=\"font-size: 14pt;\">Actitud del P\u00e1rroco<\/span><\/li>\n<li><span style=\"font-size: 14pt;\">\u00a0<\/span><\/li>\n<\/ol>\n<p><span style=\"font-size: 14pt;\">Por entonces, el Sr. Cura comenz\u00f3 tambi\u00e9n a preparar a los<\/span><\/p>\n<p><span style=\"font-size: 14pt;\">ni\u00f1os para una Comuni\u00f3n solemne. Como desde los seis a\u00f1os yo<\/span><\/p>\n<p><span style=\"font-size: 14pt;\">repet\u00eda la Comuni\u00f3n solemne, mi madre decidi\u00f3 que este a\u00f1o yo<\/span><\/p>\n<p><span style=\"font-size: 14pt;\">no la har\u00eda, por lo cual no fui a la explicaci\u00f3n de la doctrina. Al salir<\/span><\/p>\n<p><span style=\"font-size: 14pt;\">de la escuela, cuando los dem\u00e1s ni\u00f1os iban para la puerta del Sr.<\/span><\/p>\n<p><span style=\"font-size: 14pt;\">Cura, yo me marchaba para mi casa a seguir con mi costura o con<\/span><\/p>\n<p><span style=\"font-size: 14pt;\">mi tejido. Al buen P\u00e1rroco no le agrad\u00f3 mi falta a la doctrina; y su<\/span><\/p>\n<p><span style=\"font-size: 14pt;\">hermana, al salir yo de la escuela, mand\u00f3 a llamarme por otra ni\u00f1a.<\/span><\/p>\n<p><span style=\"font-size: 14pt;\">(27) Esta propiedad, en las proximidades de Torres Novas, perteneci\u00f3 al ingeniero<\/span><\/p>\n<p><span style=\"font-size: 14pt;\">Mario Godinho. El mismo hizo, el d\u00eda 13 de julio de 1917, la primera fotograf\u00eda<\/span><\/p>\n<p><span style=\"font-size: 14pt;\">que tenemos de los ni\u00f1os.<\/span><\/p>\n<p><span style=\"font-size: 14pt;\">\u00a0<\/span><\/p>\n<p><span style=\"font-size: 14pt;\">&#8230;&#8230;&#8230;&#8230;&#8230;&#8230;.<\/span><\/p>\n<p><span style=\"font-size: 14pt;\">102<\/span><\/p>\n<p><span style=\"font-size: 14pt;\">\u00c9sta me encontr\u00f3 ya camino de Aljustrel, junto a la casita de un<\/span><\/p>\n<p><span style=\"font-size: 14pt;\">pobre hombre, al que llamaban \u2018el Caracol\u2019; me dijo que la hermana<\/span><\/p>\n<p><span style=\"font-size: 14pt;\">del Sr. Cura me mandaba llamar; y que, por tanto, fuera hacia all\u00e1.<\/span><\/p>\n<p><span style=\"font-size: 14pt;\">Pensando que era para alg\u00fan interrogatorio, me disculp\u00e9 diciendo<\/span><\/p>\n<p><span style=\"font-size: 14pt;\">que mi madre me hab\u00eda mandado ir enseguida a casa; y, sin m\u00e1s,<\/span><\/p>\n<p><span style=\"font-size: 14pt;\">ech\u00e9 a correr como una tonta a trav\u00e9s de los campos, en busca de<\/span><\/p>\n<p><span style=\"font-size: 14pt;\">un escondrijo, donde no pudiese ser encontrada. Pero esta vez el<\/span><\/p>\n<p><span style=\"font-size: 14pt;\">juego me sali\u00f3 caro.<\/span><\/p>\n<p><span style=\"font-size: 14pt;\">&#8230;&#8230;&#8230;&#8230;&#8230;&#8230;.<\/span><\/p>\n<p><span style=\"font-size: 14pt;\">\u00a0<\/span><\/p>\n<p><span style=\"font-size: 14pt;\">Pasados algunos d\u00edas, hubo en la feligres\u00eda una fiesta, cuya<\/span><\/p>\n<p><span style=\"font-size: 14pt;\">Misa vinieron a cantar varios sacerdotes de fuera. Al terminar la<\/span><\/p>\n<p><span style=\"font-size: 14pt;\">fiesta, el Sr. Cura me mand\u00f3 llamar, y delante de todos aquellos<\/span><\/p>\n<p><span style=\"font-size: 14pt;\">sacerdotes me reprendi\u00f3 severamente por no haber ido a la doctrina,<\/span><\/p>\n<p><span style=\"font-size: 14pt;\">y por no haber acudido al llamamiento de su hermana; en fin,<\/span><\/p>\n<p><span style=\"font-size: 14pt;\">todas mis debilidades aparecieron all\u00ed y el serm\u00f3n se fue prolongando<\/span><\/p>\n<p><span style=\"font-size: 14pt;\">por largo rato. Por fin, no s\u00e9 c\u00f3mo apareci\u00f3 all\u00ed un venerable<\/span><\/p>\n<p><span style=\"font-size: 14pt;\">sacerdote que procur\u00f3 defender mi causa. Quiso disculparme, diciendo<\/span><\/p>\n<p><span style=\"font-size: 14pt;\">que tal vez fue mi madre la que no me dejaba. Pero el buen<\/span><\/p>\n<p><span style=\"font-size: 14pt;\">P\u00e1rroco respondi\u00f3:<\/span><\/p>\n<p><span style=\"font-size: 14pt;\">\u00a0<\/span><\/p>\n<p><span style=\"font-size: 14pt;\">&#8230;&#8230;&#8230;&#8230;&#8230;&#8230;..<\/span><\/p>\n<p><span style=\"font-size: 14pt;\">\u00a0<\/span><\/p>\n<p><span style=\"font-size: 14pt;\">\u2013 \u00bfLa madre? \u00a1La madre es una santa! \u00a1Esta s\u00ed que es una<\/span><\/p>\n<p><span style=\"font-size: 14pt;\">criatura que a\u00fan estamos por ver lo que va a salir de aqu\u00ed!<\/span><\/p>\n<p><span style=\"font-size: 14pt;\">El buen sacerdote, que ven\u00eda a ser Sr. Vicario de Torres Novas,<\/span><\/p>\n<p><span style=\"font-size: 14pt;\">me pregunt\u00f3 entonces amablemente el motivo de no haber ido a la<\/span><\/p>\n<p><span style=\"font-size: 14pt;\">doctrina. Expuse entonces la determinaci\u00f3n que hab\u00eda tomado mi<\/span><\/p>\n<p><span style=\"font-size: 14pt;\">madre. No crey\u00e9ndome el Sr. Cura, me mand\u00f3 que llamase a mi<\/span><\/p>\n<p><span style=\"font-size: 14pt;\">hermana Gloria, que estaba en el atrio, para informarse de la verdad.<\/span><\/p>\n<p><span style=\"font-size: 14pt;\">Despu\u00e9s de saber que las cosas eran como yo acababa de<\/span><\/p>\n<p><span style=\"font-size: 14pt;\">decir, concluy\u00f3:<\/span><\/p>\n<p><span style=\"font-size: 14pt;\">&#8230;&#8230;&#8230;&#8230;&#8230;.<\/span><\/p>\n<p><span style=\"font-size: 14pt;\">\u2013 Pues bien, o la ni\u00f1a viene ahora, estos d\u00edas que faltan, a la<\/span><\/p>\n<p><span style=\"font-size: 14pt;\">doctrina, y, despu\u00e9s de hacer la confesi\u00f3n conmigo, recibe la Comuni\u00f3n<\/span><\/p>\n<p><span style=\"font-size: 14pt;\">solemne con los dem\u00e1s ni\u00f1os, o, bien, en la feligres\u00eda no<\/span><\/p>\n<p><span style=\"font-size: 14pt;\">vuelve a recibir la Comuni\u00f3n.<\/span><\/p>\n<p><span style=\"font-size: 14pt;\">&#8230;&#8230;&#8230;&#8230;&#8230;&#8230;..<\/span><\/p>\n<p><span style=\"font-size: 14pt;\">Al o\u00edr tal propuesta, mi hermana manifest\u00f3 que, cinco d\u00edas antes<\/span><\/p>\n<p><span style=\"font-size: 14pt;\">yo deb\u00eda partir con ellas y que nos hac\u00eda un gran transtorno; que<\/span><\/p>\n<p><span style=\"font-size: 14pt;\">si su Rvcia. quer\u00eda, yo ir\u00eda a confesar y comulgar un d\u00eda antes de<\/span><\/p>\n<p><span style=\"font-size: 14pt;\">partir. El buen P\u00e1rroco no entendi\u00f3 la petici\u00f3n y se mantuvo firme<\/span><\/p>\n<p><span style=\"font-size: 14pt;\">en su propuesta.<\/span><\/p>\n<p><span style=\"font-size: 14pt;\">&#8230;&#8230;&#8230;&#8230;&#8230;&#8230;<\/span><\/p>\n<p><span style=\"font-size: 14pt;\">Al llegar a casa, informamos a mi madre, que, al enterarse de<\/span><\/p>\n<p><span style=\"font-size: 14pt;\">lo ocurrido, fue tambi\u00e9n a pedir a su Rvcia., que me confesara y<\/span><\/p>\n<p><span style=\"font-size: 14pt;\">diese la comuni\u00f3n otro d\u00eda. Pero todo fue in\u00fatil. Mi madre decidi\u00f3,<\/span><\/p>\n<p><span style=\"font-size: 14pt;\">103<\/span><\/p>\n<p><span style=\"font-size: 14pt;\">entonces, que a pesar de la distancia del viaje y de las dificultades<\/span><\/p>\n<p><span style=\"font-size: 14pt;\">de hacerlo \u2013porque, adem\u00e1s de ser largu\u00edsimo, era necesario ir por<\/span><\/p>\n<p><span style=\"font-size: 14pt;\">caminos malos, atravesar montes y sierras\u2013, despu\u00e9s del d\u00eda de la<\/span><\/p>\n<p><span style=\"font-size: 14pt;\">Comuni\u00f3n solemne, mi hermano har\u00eda el viaje para llevarme all\u00e1. Yo<\/span><\/p>\n<p><span style=\"font-size: 14pt;\">creo que sudaba tinta, s\u00f3lo con la idea de tenerme que confesar<\/span><\/p>\n<p><span style=\"font-size: 14pt;\">con el Sr. Cura. \u00a1Qu\u00e9 miedo el que le ten\u00eda! Lloraba de aflicci\u00f3n.<\/span><\/p>\n<p><span style=\"font-size: 14pt;\">Lleg\u00f3 la v\u00edspera, y su Rvcia. mand\u00f3 que todos los ni\u00f1os fuesen<\/span><\/p>\n<p><span style=\"font-size: 14pt;\">por la tarde a la iglesia para confesarse.<\/span><\/p>\n<p><span style=\"font-size: 14pt;\">&#8230;&#8230;&#8230;&#8230;..<\/span><\/p>\n<p><span style=\"font-size: 14pt;\">\u00a0<\/span><\/p>\n<p><span style=\"font-size: 14pt;\">\u00a0All\u00e1 fui, pues, con el<\/span><\/p>\n<p><span style=\"font-size: 14pt;\">coraz\u00f3n m\u00e1s encogido que si estuviese en una prensa; al entrar en<\/span><\/p>\n<p><span style=\"font-size: 14pt;\">la iglesia, vi que hab\u00eda varios sacerdotes confesando. En un confesionario,<\/span><\/p>\n<p><span style=\"font-size: 14pt;\">al fondo, estaba el Padre Cruz, de Lisboa. Yo ya hab\u00eda<\/span><\/p>\n<p><span style=\"font-size: 14pt;\">hablado con su Rvcia. y me hab\u00eda agradado mucho. Sin tener en<\/span><\/p>\n<p><span style=\"font-size: 14pt;\">cuenta que en un confesionario abierto, en medio de la iglesia,<\/span><\/p>\n<p><span style=\"font-size: 14pt;\">estaba el Sr. Cura fij\u00e1ndose en todo, pens\u00e9: primero voy a confesarme<\/span><\/p>\n<p><span style=\"font-size: 14pt;\">con el P. Cruz y a preguntarle c\u00f3mo he de hacer; y, despu\u00e9s,<\/span><\/p>\n<p><span style=\"font-size: 14pt;\">voy al Sr. Cura.<\/span><\/p>\n<p><span style=\"font-size: 14pt;\">&#8230;&#8230;&#8230;&#8230;..<\/span><\/p>\n<p><span style=\"font-size: 14pt;\">\u00a0<\/span><\/p>\n<p><span style=\"font-size: 14pt;\">El P. Cruz me recibi\u00f3 con toda amabilidad, y despu\u00e9s de o\u00edrme,<\/span><\/p>\n<p><span style=\"font-size: 14pt;\">me dio consejos, dici\u00e9ndome que si no quer\u00eda ir al Sr. Cura que<\/span><\/p>\n<p><span style=\"font-size: 14pt;\">no fuese; que, por ello, el Sr. Cura no podr\u00eda negarme la Comuni\u00f3n.<\/span><\/p>\n<p><span style=\"font-size: 14pt;\">Radiante de alegr\u00eda con estos consejos, rec\u00e9 la penitencia y me<\/span><\/p>\n<p><span style=\"font-size: 14pt;\">escap\u00e9 de la iglesia con miedo de que alguien me llamara. Al d\u00eda<\/span><\/p>\n<p><span style=\"font-size: 14pt;\">siguiente, fui all\u00ed con mi vestido blanco, recelando a\u00fan de que la<\/span><\/p>\n<p><span style=\"font-size: 14pt;\">Comuni\u00f3n me fuese negada. Pero su Rvcia. se content\u00f3, por entonces,<\/span><\/p>\n<p><span style=\"font-size: 14pt;\">con hacerme saber, al fin de la fiesta, que no le hab\u00eda pasado<\/span><\/p>\n<p><span style=\"font-size: 14pt;\">desapercibida mi falta de obediencia en irme a confesar con<\/span><\/p>\n<p><span style=\"font-size: 14pt;\">&#8230;&#8230;&#8230;<\/span><\/p>\n<p><span style=\"font-size: 14pt;\">otro sacerdote.<\/span><\/p>\n<p><span style=\"font-size: 14pt;\">El buen P\u00e1rroco continu\u00f3 mostr\u00e1ndose cada vez m\u00e1s descontento<\/span><\/p>\n<p><span style=\"font-size: 14pt;\">y confuso con relaci\u00f3n a los hechos; y, un buen d\u00eda, dej\u00f3 la<\/span><\/p>\n<p><span style=\"font-size: 14pt;\">parroquia. Se extendi\u00f3, entonces, la noticia de que su Rvcia. se<\/span><\/p>\n<p><span style=\"font-size: 14pt;\">hab\u00eda ido por mi culpa (28), por no haber querido asumir la responsabilidad<\/span><\/p>\n<p><span style=\"font-size: 14pt;\">de los hechos. Como era un p\u00e1rroco celoso y querido por el<\/span><\/p>\n<p><span style=\"font-size: 14pt;\">pueblo, no me faltaron, por ello, motivos para sufrir. Algunas piadosas<\/span><\/p>\n<p><span style=\"font-size: 14pt;\">mujeres, cuando me encontraban, desahogaban su disgusto,<\/span><\/p>\n<p><span style=\"font-size: 14pt;\">dirigi\u00e9ndome insultos, y, a veces, me desped\u00edan con un par de bofetadas<\/span><\/p>\n<p><span style=\"font-size: 14pt;\">o puntapi\u00e9s.<\/span><\/p>\n<p><span style=\"font-size: 14pt;\">&#8230;&#8230;&#8230;&#8230;&#8230;.<\/span><\/p>\n<p><span style=\"font-size: 14pt;\">\u00a0<\/span><\/p>\n<p><span style=\"font-size: 14pt;\">(28) Ciertamente esa no fue la raz\u00f3n de su salida. La dificultad que el P\u00e1rroco ten\u00eda<\/span><\/p>\n<p><span style=\"font-size: 14pt;\">con sus feligreses, en la construcci\u00f3n de la iglesia, habr\u00eda sido la verdadera<\/span><\/p>\n<p><span style=\"font-size: 14pt;\">causa.<\/span><\/p>\n<p><span style=\"font-size: 14pt;\">\u00a0<\/span><\/p>\n<p><span style=\"font-size: 14pt;\">\u00a0<\/span><\/p>\n<p><span style=\"font-size: 14pt;\">104<\/span><\/p>\n<ol start=\"3\">\n<li><span style=\"font-size: 14pt;\">Comuni\u00f3n en el sufrimiento<\/span><\/li>\n<\/ol>\n<p><span style=\"font-size: 14pt;\">\u00a0<\/span><\/p>\n<p><span style=\"font-size: 14pt;\">&#8230;&#8230;&#8230;&#8230;&#8230;&#8230;&#8230;&#8230;<\/span><\/p>\n<p><span style=\"font-size: 14pt;\">Jacinta y Francisco pocas veces tomaban parte en estos mimos<\/span><\/p>\n<p><span style=\"font-size: 14pt;\">que el Cielo nos enviaba, porque sus padres no consent\u00edan<\/span><\/p>\n<p><span style=\"font-size: 14pt;\">que nadie les tocase. Pero sufr\u00edan al verme sufrir, y no pocas veces<\/span><\/p>\n<p><span style=\"font-size: 14pt;\">las l\u00e1grimas les corr\u00edan por la cara al verme afligida y mortificada.<\/span><\/p>\n<p><span style=\"font-size: 14pt;\">Un d\u00eda Jacinta me dec\u00eda:<\/span><\/p>\n<p><span style=\"font-size: 14pt;\">\u2013 Ojal\u00e1 mis padre fueran como los tuyos, para que esta gente<\/span><\/p>\n<p><span style=\"font-size: 14pt;\">tambi\u00e9n me pudiera pegar, porque as\u00ed tendr\u00eda m\u00e1s sacrificios que<\/span><\/p>\n<p><span style=\"font-size: 14pt;\">ofrecer a Nuestro Se\u00f1or.<\/span><\/p>\n<p><span style=\"font-size: 14pt;\">No obstante, ella sab\u00eda aprovechar bien las ocasiones de mortificarse.<\/span><\/p>\n<p><span style=\"font-size: 14pt;\">Tambi\u00e9n ten\u00edamos por costumbre, de vez en cuando, ofrecer<\/span><\/p>\n<p><span style=\"font-size: 14pt;\">a Dios el sacrificio de pasar un novenario o un mes sin beber.<\/span><\/p>\n<p><span style=\"font-size: 14pt;\">Una vez hicimos este sacrificio en pleno mes de agosto, en el que<\/span><\/p>\n<p><span style=\"font-size: 14pt;\">el calor era sofocante. Volv\u00edamos un d\u00eda, despu\u00e9s de rezar nuestro<\/span><\/p>\n<p><span style=\"font-size: 14pt;\">Rosario, de Cova de Ir\u00eda, y al llegar junto a una laguna que queda<\/span><\/p>\n<p><span style=\"font-size: 14pt;\">al lado del camino, me dijo Jacinta<\/span><\/p>\n<p><span style=\"font-size: 14pt;\">\u2013 \u00a1Oye: tengo tanta sed y me duele tanto la cabeza! Voy a<\/span><\/p>\n<p><span style=\"font-size: 14pt;\">beber un poco de este agua.<\/span><\/p>\n<p><span style=\"font-size: 14pt;\">\u00a0<\/span><\/p>\n<p><span style=\"font-size: 14pt;\">&#8230;&#8230;&#8230;&#8230;&#8230;.<\/span><\/p>\n<p><span style=\"font-size: 14pt;\">\u00a0<\/span><\/p>\n<p><span style=\"font-size: 14pt;\">\u2013 De \u00e9sta no \u2013le respond\u00ed\u2013, mi madre no quiere que bebamos<\/span><\/p>\n<p><span style=\"font-size: 14pt;\">de aqu\u00ed, porque hace da\u00f1o. Vamos all\u00e1, a pedir una poquita a t\u00eda<\/span><\/p>\n<p><span style=\"font-size: 14pt;\">Mar\u00eda dos Anjos. (Era una vecina nuestra que hac\u00eda poco tiempo<\/span><\/p>\n<p><span style=\"font-size: 14pt;\">se hab\u00eda casado y viv\u00eda all\u00ed en una casita).<\/span><\/p>\n<p><span style=\"font-size: 14pt;\">\u2013 No, de esa agua buena no quiero. Beber\u00e9 de \u00e9sta, porque en<\/span><\/p>\n<p><span style=\"font-size: 14pt;\">vez de ofrecer a Nuestro Se\u00f1or la sed, le ofrecer\u00e9 el sacrificio de<\/span><\/p>\n<p><span style=\"font-size: 14pt;\">beber de esta agua sucia.<\/span><\/p>\n<p><span style=\"font-size: 14pt;\">Verdaderamente, el agua de esta laguna era muy sucia. Varias<\/span><\/p>\n<p><span style=\"font-size: 14pt;\">personas lavaban all\u00ed la ropa, y los animales iban a beber y a ba\u00f1arse.<\/span><\/p>\n<p><span style=\"font-size: 14pt;\">Por ello, mi madre ten\u00eda el cuidado de recomendar a sus<\/span><\/p>\n<p><span style=\"font-size: 14pt;\">hijos que no bebiesen de esta agua.<\/span><\/p>\n<p><span style=\"font-size: 14pt;\">\u00a0<\/span><\/p>\n<p><span style=\"font-size: 14pt;\">&#8230;&#8230;&#8230;&#8230;&#8230;&#8230;<\/span><\/p>\n<p><span style=\"font-size: 14pt;\">\u00a0<\/span><\/p>\n<p><span style=\"font-size: 14pt;\">Otras veces dec\u00eda:<\/span><\/p>\n<p><span style=\"font-size: 14pt;\">\u2013 Nuestro Se\u00f1or debe de estar contento con nuestros sacrificios,<\/span><\/p>\n<p><span style=\"font-size: 14pt;\">porque yo \u00a1tengo tanta, tanta sed!; pero no quiero beber, quiero<\/span><\/p>\n<p><span style=\"font-size: 14pt;\">sufrir por su amor.<\/span><\/p>\n<p><span style=\"font-size: 14pt;\">Un d\u00eda est\u00e1bamos sentados en el portal de la casa de mis t\u00edos,<\/span><\/p>\n<p><span style=\"font-size: 14pt;\">cuando nos dimos cuenta que se aproximaban varias personas.<\/span><\/p>\n<p><span style=\"font-size: 14pt;\">Francisco y yo, enseguida, corrimos cada uno a nuestro cuarto a<\/span><\/p>\n<p><span style=\"font-size: 14pt;\">escondernos debajo de las camas. Jacinta dijo:<\/span><\/p>\n<p><span style=\"font-size: 14pt;\">\u2013 Yo no me escondo; voy a ofrecer a Dios este sacrificio.<\/span><\/p>\n<p><span style=\"font-size: 14pt;\">105<\/span><\/p>\n<p><span style=\"font-size: 14pt;\">Y aquellas personas se aproximaron, hablaron con ella, esperaron<\/span><\/p>\n<p><span style=\"font-size: 14pt;\">mucho tiempo mientras me buscaban y, por fin, se marcharon.<\/span><\/p>\n<p><span style=\"font-size: 14pt;\">Sal\u00ed entonces de mi escondrijo y le pregunt\u00e9:<\/span><\/p>\n<p><span style=\"font-size: 14pt;\">\u2013 \u00a1Qu\u00e9 respondiste cuando te preguntaron si sab\u00edas d\u00f3nde<\/span><\/p>\n<p><span style=\"font-size: 14pt;\">est\u00e1bamos?<\/span><\/p>\n<p><span style=\"font-size: 14pt;\">\u00a0<\/span><\/p>\n<p><span style=\"font-size: 14pt;\">&#8230;&#8230;&#8230;&#8230;.<\/span><\/p>\n<p><span style=\"font-size: 14pt;\">\u00a0<\/span><\/p>\n<p><span style=\"font-size: 14pt;\">\u2013 No respond\u00ed nada; baj\u00e9 la cabeza y los ojos hacia el suelo y<\/span><\/p>\n<p><span style=\"font-size: 14pt;\">no dije nada. Hago siempre as\u00ed cuando no quiero decir la verdad. Y<\/span><\/p>\n<p><span style=\"font-size: 14pt;\">mentir tampoco quiero, porque es pecado.<\/span><\/p>\n<p><span style=\"font-size: 14pt;\">En verdad, ella ten\u00eda mucho la costumbre de proceder as\u00ed, y<\/span><\/p>\n<p><span style=\"font-size: 14pt;\">era in\u00fatil cansarse de hacer preguntas, que no obten\u00edan ni la m\u00ednima<\/span><\/p>\n<p><span style=\"font-size: 14pt;\">respuesta. Sacrificios de esta clase, de ordinario, si nosotros<\/span><\/p>\n<p><span style=\"font-size: 14pt;\">pod\u00edamos escapar, no est\u00e1bamos dipuestos a ofrecerlos.<\/span><\/p>\n<p><span style=\"font-size: 14pt;\">Otro d\u00eda, est\u00e1bamos sentados a unos pasos de su casa, a la<\/span><\/p>\n<p><span style=\"font-size: 14pt;\">sombra de dos higueras que hay sobre el camino. Francisco se<\/span><\/p>\n<p><span style=\"font-size: 14pt;\">apart\u00f3 un poco, jugando. Notando que se aproximaban varias se\u00f1oras,<\/span><\/p>\n<p><span style=\"font-size: 14pt;\">corre a darnos la noticia. Como en aquel tiempo se usaban<\/span><\/p>\n<p><span style=\"font-size: 14pt;\">unos sombreros con unas alas casi del tama\u00f1o de una criba, pensamos<\/span><\/p>\n<p><span style=\"font-size: 14pt;\">que con semejantes cartapacios no nos ver\u00edan; y, sin m\u00e1s,<\/span><\/p>\n<p><span style=\"font-size: 14pt;\">subimos a la higuera. Despu\u00e9s que las se\u00f1oras pasaron, descendimos<\/span><\/p>\n<p><span style=\"font-size: 14pt;\">apresuradamente y, en precipitada fuga, fuimos a escondernos<\/span><\/p>\n<p><span style=\"font-size: 14pt;\">en un campo de ma\u00edz.<\/span><\/p>\n<p><span style=\"font-size: 14pt;\">\u00a0<\/span><\/p>\n<p><span style=\"font-size: 14pt;\">&#8230;&#8230;&#8230;&#8230;..<\/span><\/p>\n<p><span style=\"font-size: 14pt;\">\u00a0<\/span><\/p>\n<p><span style=\"font-size: 14pt;\">Esta manera nuestra de escaparnos siempre que pod\u00edamos,<\/span><\/p>\n<p><span style=\"font-size: 14pt;\">constitu\u00eda tambi\u00e9n un motivo de queja del Sr. Cura; y en especial<\/span><\/p>\n<p><span style=\"font-size: 14pt;\">su Rvcia.se quejaba de que nos escap\u00e1bamos de los sacerdotes.<\/span><\/p>\n<p><span style=\"font-size: 14pt;\">Era cierto y su Rvcia. ten\u00eda raz\u00f3n. Pero era porque tambi\u00e9n los<\/span><\/p>\n<p><span style=\"font-size: 14pt;\">sacerdotes nos interrogaban, nos reinterrogaban y nos volv\u00edan a<\/span><\/p>\n<p><span style=\"font-size: 14pt;\">interrogar. Cuando nos ve\u00edamos en la presencia de un sacerdote,<\/span><\/p>\n<p><span style=\"font-size: 14pt;\">ya nos dispon\u00edamos a ofrecer a Dios uno de nuestros mayores<\/span><\/p>\n<p><span style=\"font-size: 14pt;\">sacrificios.<\/span><\/p>\n<p><span style=\"font-size: 14pt;\">&#8230;&#8230;&#8230;&#8230;<\/span><\/p>\n<p><span style=\"font-size: 14pt;\">\u00a0<\/span><\/p>\n<ol>\n<li><span style=\"font-size: 14pt;\">Prohibici\u00f3n de la peregrinaci\u00f3n<\/span><\/li>\n<\/ol>\n<p><span style=\"font-size: 14pt;\">&#8230;&#8230;&#8230;&#8230;.<\/span><\/p>\n<p><span style=\"font-size: 14pt;\">\u00a0<\/span><\/p>\n<p><span style=\"font-size: 14pt;\">Entretanto, el Gobierno no se conformaba con la marcha de<\/span><\/p>\n<p><span style=\"font-size: 14pt;\">los acontecimientos. Se hab\u00edan puesto en el lugar de las apariciones<\/span><\/p>\n<p><span style=\"font-size: 14pt;\">unos palos, a modo de arcos, con unas linternas que algunas<\/span><\/p>\n<p><span style=\"font-size: 14pt;\">personas ten\u00edan el cuidado de mantener encendidas. Mandaron,<\/span><\/p>\n<p><span style=\"font-size: 14pt;\">pues, una noche a algunos hombres con un autom\u00f3vil para<\/span><\/p>\n<p><span style=\"font-size: 14pt;\">derribar dichos palos, cortar la encina donde se hab\u00eda dado la aparici\u00f3n<\/span><\/p>\n<p><span style=\"font-size: 14pt;\">y llevarla arrastrando detr\u00e1s del automovil.<\/span><\/p>\n<p><span style=\"font-size: 14pt;\">\u00a0<\/span><\/p>\n<p><span style=\"font-size: 14pt;\">&#8230;&#8230;&#8230;&#8230;&#8230;&#8230;&#8230;.<\/span><\/p>\n<p><span style=\"font-size: 14pt;\">106<\/span><\/p>\n<p><span style=\"font-size: 14pt;\">Por la ma\u00f1ana, se extendi\u00f3 r\u00e1pidamente la noticia del hecho.<\/span><\/p>\n<p><span style=\"font-size: 14pt;\">All\u00e1 fui corriendo para ver si era verdad. Pero cu\u00e1l no ser\u00eda mi alegr\u00eda<\/span><\/p>\n<p><span style=\"font-size: 14pt;\">al ver que los pobres hombres se hab\u00edan equivocado, y en<\/span><\/p>\n<p><span style=\"font-size: 14pt;\">lugar de la encina aut\u00e9ntica hab\u00edan arrancado una de las colindantes.<\/span><\/p>\n<p><span style=\"font-size: 14pt;\">Ped\u00ed, entonces, a Nuestra Se\u00f1ora perd\u00f3n por aquellos pobres<\/span><\/p>\n<p><span style=\"font-size: 14pt;\">hombres y rec\u00e9 por su conversi\u00f3n.<\/span><\/p>\n<p><span style=\"font-size: 14pt;\">\u00a0<\/span><\/p>\n<p><span style=\"font-size: 14pt;\">\u00a0<\/span><\/p>\n<p><span style=\"font-size: 14pt;\">Pasado alg\u00fan tiempo, en un d\u00eda 13 de mayo, no recuerdo si de<\/span><\/p>\n<p><span style=\"font-size: 14pt;\">1918 o 19 (29), al amanecer, corri\u00f3 la noticia de que en F\u00e1tima hab\u00eda<\/span><\/p>\n<p><span style=\"font-size: 14pt;\">una fuerza de caballer\u00eda, para impedir al pueblo la ida a Cova de Ir\u00eda.<\/span><\/p>\n<p><span style=\"font-size: 14pt;\">Toda la gente, muy asustada, me iba a dar la noticia, diciendo que<\/span><\/p>\n<p><span style=\"font-size: 14pt;\">seguramente aquel d\u00eda era el \u00faltimo de mi vida. Sin hacer caso de lo<\/span><\/p>\n<p><span style=\"font-size: 14pt;\">que me dec\u00edan, me puse en camino de la iglesia. Al llegar a F\u00e1tima,<\/span><\/p>\n<p><span style=\"font-size: 14pt;\">pas\u00e9 por entre los caballos que llenaban la plaza, entr\u00e9 en la iglesia,<\/span><\/p>\n<p><span style=\"font-size: 14pt;\">o\u00ed la Misa que celebr\u00f3 un sacerdote desconocido, comulgu\u00e9 y, despu\u00e9s<\/span><\/p>\n<p><span style=\"font-size: 14pt;\">de dar gracias, volv\u00ed en paz a casa, sin que nadie me dijese<\/span><\/p>\n<p><span style=\"font-size: 14pt;\">una sola palabra. No s\u00e9 si no me vieron o si no me dieron importancia.<\/span><\/p>\n<p><span style=\"font-size: 14pt;\">Por la tarde, a pesar de las noticias que constantemente llegaban,<\/span><\/p>\n<p><span style=\"font-size: 14pt;\">de que la tropa hac\u00eda esfuerzos para apartar al pueblo, sin<\/span><\/p>\n<p><span style=\"font-size: 14pt;\">conseguirlo, all\u00e1 fui tambi\u00e9n para rezar mi Rosario.<\/span><\/p>\n<p><span style=\"font-size: 14pt;\">\u00a0<\/span><\/p>\n<p><span style=\"font-size: 14pt;\">&#8230;&#8230;&#8230;&#8230;&#8230;&#8230;.<\/span><\/p>\n<p><span style=\"font-size: 14pt;\">\u00a0En el camino,<\/span><\/p>\n<p><span style=\"font-size: 14pt;\">se junt\u00f3 conmigo un grupo de mujeres que hab\u00edan venido de fuera.<\/span><\/p>\n<p><span style=\"font-size: 14pt;\">Cuando me aproximaba ya al lugar, vienen al encuentro del grupo<\/span><\/p>\n<p><span style=\"font-size: 14pt;\">dos militares, fustigando apresuradamente sus caballos para alcanzarnos.<\/span><\/p>\n<p><span style=\"font-size: 14pt;\">Al llegar junto a nosotros, preguntaron para d\u00f3nde \u00edbamos.<\/span><\/p>\n<p><span style=\"font-size: 14pt;\">Al o\u00edr la respuesta osada de las mujeres \u2013 \u201cque no les importaba\u201d<\/span><\/p>\n<p><span style=\"font-size: 14pt;\">-, fustigaron los caballos, haciendo intenci\u00f3n de querer atropellarnos.<\/span><\/p>\n<p><span style=\"font-size: 14pt;\">Las mujeres huyeron, cada una por su lado, y en un<\/span><\/p>\n<p><span style=\"font-size: 14pt;\">momento me encontr\u00e9 sola en la presencia de los jinetes. Me preguntaron<\/span><\/p>\n<p><span style=\"font-size: 14pt;\">entonces mi nombre, a lo que respond\u00ed sin tardar.<\/span><\/p>\n<p><span style=\"font-size: 14pt;\">\u00a0<\/span><\/p>\n<p><span style=\"font-size: 14pt;\">&#8230;&#8230;&#8230;&#8230;&#8230;&#8230;.<\/span><\/p>\n<p><span style=\"font-size: 14pt;\">\u00a0<\/span><\/p>\n<p><span style=\"font-size: 14pt;\">Entonces<\/span><\/p>\n<p><span style=\"font-size: 14pt;\">me preguntaron si yo era la tal vidente. Respond\u00ed que s\u00ed. Me<\/span><\/p>\n<p><span style=\"font-size: 14pt;\">dieron entonces la orden de ponerme en medio del camino y de<\/span><\/p>\n<p><span style=\"font-size: 14pt;\">caminar en medio de los dos caballos, indic\u00e1ndome el camino a<\/span><\/p>\n<p><span style=\"font-size: 14pt;\">F\u00e1tima.<\/span><\/p>\n<p><span style=\"font-size: 14pt;\">Al aproximarme a la laguna, de la que ya habl\u00e9, una pobre<\/span><\/p>\n<p><span style=\"font-size: 14pt;\">mujer que all\u00ed viv\u00eda, de la que hace poco tambi\u00e9n habl\u00e9, al verme a<\/span><\/p>\n<p><span style=\"font-size: 14pt;\">(29) Fue el 13 de mayo de 1920. Hay fechas que ni la misma Luc\u00eda puede identificar.<\/span><\/p>\n<p><span style=\"font-size: 14pt;\">107<\/span><\/p>\n<p><span style=\"font-size: 14pt;\">alguna distancia, as\u00ed entre los caballos, sali\u00f3 al medio del camino<\/span><\/p>\n<p><span style=\"font-size: 14pt;\">y, como si fuera otra Ver\u00f3nica, procur\u00f3 inculcarme coraje. Los soldados<\/span><\/p>\n<p><span style=\"font-size: 14pt;\">la obligaron a retirarse sin p\u00e9rdida de tiempo y la pobre mujer<\/span><\/p>\n<p><span style=\"font-size: 14pt;\">qued\u00f3 deshecha en llanto, lamentando mi desgracia. Algunos<\/span><\/p>\n<p><span style=\"font-size: 14pt;\">pasos m\u00e1s adelante, me mandaron parar y me preguntaron si aquella<\/span><\/p>\n<p><span style=\"font-size: 14pt;\">mujer era mi madre. Respond\u00ed que no. Ellos no lo creyeron y<\/span><\/p>\n<p><span style=\"font-size: 14pt;\">preguntaron si aquella casa no era la m\u00eda.<\/span><\/p>\n<p><span style=\"font-size: 14pt;\">\u00a0<\/span><\/p>\n<p><span style=\"font-size: 14pt;\">&#8230;&#8230;&#8230;&#8230;&#8230;<\/span><\/p>\n<p><span style=\"font-size: 14pt;\">\u00a0<\/span><\/p>\n<p><span style=\"font-size: 14pt;\">De nuevo, les dije que<\/span><\/p>\n<ol>\n<li><span style=\"font-size: 14pt;\">Ellos entonces, que parec\u00eda que no me cre\u00edan, me mandaron<\/span><\/li>\n<\/ol>\n<p><span style=\"font-size: 14pt;\">seguir un poco m\u00e1s adelante, hasta la casa de mis padres. Al llegar<\/span><\/p>\n<p><span style=\"font-size: 14pt;\">a un terreno, que queda un poco antes de entrar en Aljustrel, junto<\/span><\/p>\n<p><span style=\"font-size: 14pt;\">a una peque\u00f1a fuente, al ver all\u00ed abiertos unos hoyos para plantar<\/span><\/p>\n<p><span style=\"font-size: 14pt;\">\u00e1rboles, me mandaron parar y, tal vez para asustarme, le dijo el<\/span><\/p>\n<p><span style=\"font-size: 14pt;\">uno al otro:<\/span><\/p>\n<p><span style=\"font-size: 14pt;\">\u2013 Aqu\u00ed hay hoyos abiertos. Con una de nuestras espadas le<\/span><\/p>\n<p><span style=\"font-size: 14pt;\">cortamos la cabeza y aqu\u00ed la dejamos, ya enterrada. As\u00ed acabamos<\/span><\/p>\n<p><span style=\"font-size: 14pt;\">con esto de una vez para siempre.<\/span><\/p>\n<p><span style=\"font-size: 14pt;\">Al o\u00edr estas palabras, cre\u00ed realmente llegado mi \u00faltimo momento;<\/span><\/p>\n<p><span style=\"font-size: 14pt;\">pero qued\u00e9 tan tranquila, como si nada de aquello fuese conmigo.<\/span><\/p>\n<p><span style=\"font-size: 14pt;\">Pasado un momento, en que pareci\u00f3 quedaron pensativos, el otro<\/span><\/p>\n<p><span style=\"font-size: 14pt;\">res.pondi\u00f3:<\/span><\/p>\n<p><span style=\"font-size: 14pt;\">&#8230;&#8230;&#8230;&#8230;&#8230;.<\/span><\/p>\n<p><span style=\"font-size: 14pt;\">\u00a0<\/span><\/p>\n<p><span style=\"font-size: 14pt;\">\u2013 No, no tenemos autorizaci\u00f3n para eso.<\/span><\/p>\n<p><span style=\"font-size: 14pt;\">Y me mandaron continuar mi camino. Atraves\u00e9 as\u00ed, nuestra<\/span><\/p>\n<p><span style=\"font-size: 14pt;\">peque\u00f1a aldea, hasta llegar a casa de mis padres. Toda la gente<\/span><\/p>\n<p><span style=\"font-size: 14pt;\">sal\u00eda a las puertas y ventanas para ver lo que pasaba. Unos se<\/span><\/p>\n<p><span style=\"font-size: 14pt;\">re\u00edan con burla, otros lamentaban con pena mi suerte. Al llegar a<\/span><\/p>\n<p><span style=\"font-size: 14pt;\">mi casa, me mandaron llamar a mis padres. No estaban. Uno se<\/span><\/p>\n<p><span style=\"font-size: 14pt;\">baj\u00f3, entonces, para ver si estaban escondidos. Dio una vuelta por<\/span><\/p>\n<p><span style=\"font-size: 14pt;\">la casa; y despu\u00e9s, al no encontrarlos, me dio la orden de no salir<\/span><\/p>\n<p><span style=\"font-size: 14pt;\">de all\u00ed m\u00e1s en aquel d\u00eda; y, montando en sus caballos, se fueron.<\/span><\/p>\n<p><span style=\"font-size: 14pt;\">\u00a0<\/span><\/p>\n<p><span style=\"font-size: 14pt;\">&#8230;&#8230;&#8230;&#8230;&#8230;&#8230;.<\/span><\/p>\n<p><span style=\"font-size: 14pt;\">\u00a0<\/span><\/p>\n<p><span style=\"font-size: 14pt;\">Al caer la tarde, corri\u00f3 la noticia de que la tropa se hab\u00eda retirado,<\/span><\/p>\n<p><span style=\"font-size: 14pt;\">vencida por el pueblo; y al ponerse el sol, yo rezaba mi Rosario<\/span><\/p>\n<p><span style=\"font-size: 14pt;\">en Cova de Ir\u00eda, acompa\u00f1ada por centenares de personas. Seg\u00fan<\/span><\/p>\n<p><span style=\"font-size: 14pt;\">me contaron despu\u00e9s, cuando yo iba prisionera, algunas personas<\/span><\/p>\n<p><span style=\"font-size: 14pt;\">fueron a avisar a mi madre de lo que pasaba; ella respondi\u00f3:<\/span><\/p>\n<p><span style=\"font-size: 14pt;\">\u2013 Si es cierto que ella vio a Nuestra Se\u00f1ora, Nuestra Se\u00f1ora la<\/span><\/p>\n<p><span style=\"font-size: 14pt;\">defender\u00e1; y si ella miente, est\u00e1 bien que sea castigada.<\/span><\/p>\n<p><span style=\"font-size: 14pt;\">Y permaneci\u00f3, como antes, tranquila.<\/span><\/p>\n<p><span style=\"font-size: 14pt;\">Ahora, alguien me ha de preguntar:<\/span><\/p>\n<p><span style=\"font-size: 14pt;\">\u00a0<\/span><\/p>\n<p><span style=\"font-size: 14pt;\">\u00a0<\/span><\/p>\n<p><span style=\"font-size: 14pt;\">&#8230;&#8230;&#8230;&#8230;&#8230;&#8230;&#8230;<\/span><\/p>\n<p><span style=\"font-size: 14pt;\">\u2013 Y mientras pas\u00f3 todo eso, \u00bfqu\u00e9 fue de tus compa\u00f1eros?<\/span><\/p>\n<p><span style=\"font-size: 14pt;\">108<\/span><\/p>\n<p><span style=\"font-size: 14pt;\">\u2013 No lo s\u00e9. No recuerdo nada de ellos en este momento. Tal<\/span><\/p>\n<p><span style=\"font-size: 14pt;\">vez los padres, en vista de las noticias que corr\u00edan, no los dejaron<\/span><\/p>\n<p><span style=\"font-size: 14pt;\">salir de casa en ese d\u00eda.<\/span><\/p>\n<ol start=\"5\">\n<li><span style=\"font-size: 14pt;\">La madre de Luc\u00eda enferma gravemente<\/span><\/li>\n<\/ol>\n<p><span style=\"font-size: 14pt;\">El Se\u00f1or deb\u00eda complacerse en verme sufrir, pues me preparaba<\/span><\/p>\n<p><span style=\"font-size: 14pt;\">a\u00fan un c\u00e1liz mucho m\u00e1s amargo, que dentro de poco me<\/span><\/p>\n<p><span style=\"font-size: 14pt;\">dar\u00eda a beber: mi madre cay\u00f3 gravemente enferma, hasta tal punto<\/span><\/p>\n<p><span style=\"font-size: 14pt;\">que un d\u00eda la cre\u00edamos agonizante. Fuimos, entonces, todos sus<\/span><\/p>\n<p><span style=\"font-size: 14pt;\">hijos junto a su cama, para recibir su \u00faltima bendici\u00f3n y besarle su<\/span><\/p>\n<p><span style=\"font-size: 14pt;\">mano moribunda. Por ser la m\u00e1s joven fui la \u00faltima. Mi pobre madre,<\/span><\/p>\n<p><span style=\"font-size: 14pt;\">al verme, se reanim\u00f3 un poco, me ech\u00f3 los brazos al cuello y,<\/span><\/p>\n<p><span style=\"font-size: 14pt;\">suspirando, exclam\u00f3:<\/span><\/p>\n<p><span style=\"font-size: 14pt;\">\u00a0<\/span><\/p>\n<p><span style=\"font-size: 14pt;\">&#8230;&#8230;&#8230;&#8230;&#8230;<\/span><\/p>\n<p><span style=\"font-size: 14pt;\">\u00a0<\/span><\/p>\n<p><span style=\"font-size: 14pt;\">\u2013 \u00a1Mi pobre hija!, \u00bfqu\u00e9 ser\u00e1 de ti sin madre? Muero con el<\/span><\/p>\n<p><span style=\"font-size: 14pt;\">coraz\u00f3n atravesado por ti.<\/span><\/p>\n<p><span style=\"font-size: 14pt;\">Y, prorrumpiendo en amargos sollozos, me apretaba cada vez<\/span><\/p>\n<p><span style=\"font-size: 14pt;\">m\u00e1s a su pecho. Mi hermana mayor me arranc\u00f3 de sus brazos a la<\/span><\/p>\n<p><span style=\"font-size: 14pt;\">fuerza; y, llev\u00e1ndome a la cocina, me prohibi\u00f3 volver m\u00e1s al cuarto<\/span><\/p>\n<p><span style=\"font-size: 14pt;\">de la enferma; y concluy\u00f3 diciendo.<\/span><\/p>\n<p><span style=\"font-size: 14pt;\">\u2013 Madre muere amargada con los disgustos que t\u00fa le has dado.<\/span><\/p>\n<p><span style=\"font-size: 14pt;\">Me arrodill\u00e9, inclin\u00e9 la cabeza sobre un banco y con una profunda<\/span><\/p>\n<p><span style=\"font-size: 14pt;\">amargura, como nunca hab\u00eda experimentado, ofrec\u00ed a nuestro<\/span><\/p>\n<p><span style=\"font-size: 14pt;\">buen Dios este sacrificio. Pocos momentos despu\u00e9s, mis dos<\/span><\/p>\n<p><span style=\"font-size: 14pt;\">hermanas mayores, viendo el caso perdido, vuelven junto a m\u00ed y<\/span><\/p>\n<p><span style=\"font-size: 14pt;\">me dicen:<\/span><\/p>\n<p><span style=\"font-size: 14pt;\">\u00a0<\/span><\/p>\n<p><span style=\"font-size: 14pt;\">&#8230;&#8230;&#8230;&#8230;&#8230;&#8230;&#8230;&#8230;<\/span><\/p>\n<p><span style=\"font-size: 14pt;\">\u00a0<\/span><\/p>\n<p><span style=\"font-size: 14pt;\">\u2013 Luc\u00eda, si es cierto que viste a Nuestra Se\u00f1ora, vete ahora a<\/span><\/p>\n<p><span style=\"font-size: 14pt;\">Cova de Ir\u00eda. P\u00eddele que cure a nuestra madre. Prom\u00e9tele lo que<\/span><\/p>\n<p><span style=\"font-size: 14pt;\">quieras, que lo haremos; y entonces, creeremos.<\/span><\/p>\n<p><span style=\"font-size: 14pt;\">Sin detenerme un momento, me puse en camino. Para no ser<\/span><\/p>\n<p><span style=\"font-size: 14pt;\">vista, me fui por un atajo que hay entre los campos, rezando hasta<\/span><\/p>\n<p><span style=\"font-size: 14pt;\">all\u00ed el Rosario. Hice a la Sant\u00edsima Virgen mi petici\u00f3n; desahogu\u00e9<\/span><\/p>\n<p><span style=\"font-size: 14pt;\">all\u00ed mi dolor, derramando copiosas l\u00e1grimas, y volv\u00ed a casa, confortada<\/span><\/p>\n<p><span style=\"font-size: 14pt;\">con la esperanza de que mi querida Madre del Cielo me dar\u00eda<\/span><\/p>\n<p><span style=\"font-size: 14pt;\">la salud de la madre de la tierra. Al entrar en casa, mi madre ya<\/span><\/p>\n<p><span style=\"font-size: 14pt;\">sent\u00eda alguna mejor\u00eda; y, pasados tres d\u00edas, ya pod\u00eda desempe\u00f1ar<\/span><\/p>\n<p><span style=\"font-size: 14pt;\">sus trabajos dom\u00e9sticos.<\/span><\/p>\n<p><span style=\"font-size: 14pt;\">\u00a0<\/span><\/p>\n<p><span style=\"font-size: 14pt;\">&#8230;&#8230;&#8230;&#8230;..<\/span><\/p>\n<p><span style=\"font-size: 14pt;\">\u00a0<\/span><\/p>\n<p><span style=\"font-size: 14pt;\">Yo hab\u00eda prometido a la Sant\u00edsima Virgen, si Ella me conced\u00eda lo<\/span><\/p>\n<p><span style=\"font-size: 14pt;\">que yo le ped\u00eda, ir all\u00e1, durante nueve d\u00edas seguidos, acompa\u00f1a109<\/span><\/p>\n<p><span style=\"font-size: 14pt;\">da de mis hermanas, rezar el Rosario e ir de rodillas desde lo alto del<\/span><\/p>\n<p><span style=\"font-size: 14pt;\">camino hasta los pies de la encina; y el \u00faltimo d\u00eda llevar nueve ni\u00f1os<\/span><\/p>\n<p><span style=\"font-size: 14pt;\">pobres y darles al fin una comida. Fuimos, pues, a cumplir mi promesa,<\/span><\/p>\n<p><span style=\"font-size: 14pt;\">acompa\u00f1adas de mi madre, que dec\u00eda:<\/span><\/p>\n<p><span style=\"font-size: 14pt;\">\u2013 \u00a1Qu\u00e9 cosa!, Nuestra Se\u00f1ora me cur\u00f3, y yo parece que a\u00fan<\/span><\/p>\n<p><span style=\"font-size: 14pt;\">no creo. No s\u00e9 c\u00f3mo es esto.<\/span><\/p>\n<p><span style=\"font-size: 14pt;\">\u00a0<\/span><\/p>\n<p><span style=\"font-size: 14pt;\">\u00a0<\/span><\/p>\n<p><span style=\"font-size: 14pt;\">\u00a0<\/span><\/p>\n<ol>\n<li><span style=\"font-size: 14pt;\">Muerte del padre<\/span><\/li>\n<\/ol>\n<p><span style=\"font-size: 14pt;\">\u00a0<\/span><\/p>\n<p><span style=\"font-size: 14pt;\">Nuestro buen Dios me dio este consuelo, pero de nuevo llamaba<\/span><\/p>\n<p><span style=\"font-size: 14pt;\">a la puerta con otro sacrificio, no menos peque\u00f1o. Mi padre<\/span><\/p>\n<p><span style=\"font-size: 14pt;\">era un hombre sano, robusto, que no sab\u00eda qu\u00e9 era un dolor de<\/span><\/p>\n<p><span style=\"font-size: 14pt;\">cabeza. Y, en menos de 24 horas, casi de repente, una pulmon\u00eda<\/span><\/p>\n<p><span style=\"font-size: 14pt;\">doble, lo llev\u00f3 a la eternidad (30). Mi dolor fue tal que cre\u00ed que mor\u00eda.<\/span><\/p>\n<p><span style=\"font-size: 14pt;\">El era el \u00fanico que continuaba mostr\u00e1ndose mi amigo, y en las<\/span><\/p>\n<p><span style=\"font-size: 14pt;\">discusiones que contra m\u00ed se levantaban en familia, era el \u00fanico<\/span><\/p>\n<p><span style=\"font-size: 14pt;\">que me defend\u00eda.<\/span><\/p>\n<p><span style=\"font-size: 14pt;\">\u00a0<\/span><\/p>\n<p><span style=\"font-size: 14pt;\">&#8230;&#8230;&#8230;<\/span><\/p>\n<p><span style=\"font-size: 14pt;\">\u00a0<\/span><\/p>\n<p><span style=\"font-size: 14pt;\">\u2013 \u00a1Dios m\u00edo, Dios m\u00edo! \u2013exclamaba yo retirada en mi cuarto\u2013<\/span><\/p>\n<p><span style=\"font-size: 14pt;\">nunca pens\u00e9 que me tuvieses guardado tanto sufrimiento. Pero<\/span><\/p>\n<p><span style=\"font-size: 14pt;\">sufro por tu amor, en reparaci\u00f3n de los pecados cometidos contra<\/span><\/p>\n<p><span style=\"font-size: 14pt;\">el Inmaculado Coraz\u00f3n de Mar\u00eda, por el Santo Padre y por la conversi\u00f3n<\/span><\/p>\n<p><span style=\"font-size: 14pt;\">de los pecadores.<\/span><\/p>\n<p><span style=\"font-size: 14pt;\">\u00a0<\/span><\/p>\n<p><span style=\"font-size: 14pt;\">&#8230;&#8230;&#8230;&#8230;&#8230;&#8230;&#8230;<\/span><\/p>\n<p><span style=\"font-size: 14pt;\">\u00a0<\/span><\/p>\n<ol>\n<li><span style=\"font-size: 14pt;\">Enfermedad y muerte de Jacinta y Francisco<\/span><\/li>\n<\/ol>\n<p><span style=\"font-size: 14pt;\">\u00a0<\/span><\/p>\n<p><span style=\"font-size: 14pt;\">\u00a0<\/span><\/p>\n<p><span style=\"font-size: 14pt;\">Por este tiempo, Jacinta y Francisco comenzaron tambi\u00e9n a<\/span><\/p>\n<p><span style=\"font-size: 14pt;\">empeorar (31). Jacinta me dec\u00eda algunas veces:<\/span><\/p>\n<p><span style=\"font-size: 14pt;\">\u2013 \u00a1Siento un dolor tan grande en mi pecho! Pero no digo nada<\/span><\/p>\n<p><span style=\"font-size: 14pt;\">a mi madre; quiero sufrir por Nuestro Se\u00f1or, en reparaci\u00f3n de los<\/span><\/p>\n<p><span style=\"font-size: 14pt;\">pecados cometidos contra el Inmaculado Coraz\u00f3n de Mar\u00eda, por el<\/span><\/p>\n<p><span style=\"font-size: 14pt;\">Santo Padre y por la conversi\u00f3n de los pecadores.<\/span><\/p>\n<p><span style=\"font-size: 14pt;\">Cuando un d\u00eda por la ma\u00f1ana llegu\u00e9 junto a ella, me pregunt\u00f3:<\/span><\/p>\n<p><span style=\"font-size: 14pt;\">\u2013 \u00bfCu\u00e1ntos sacrificios ofreciste esta noche a Nuestro Se\u00f1or?<\/span><\/p>\n<p><span style=\"font-size: 14pt;\">\u2013 Tres: me levant\u00e9 tres veces para rezar las oraciones del \u00c1ngel.<\/span><\/p>\n<p><span style=\"font-size: 14pt;\">(30) El padre de Luc\u00eda falleci\u00f3 el 31 de julio de 1919.<\/span><\/p>\n<p><span style=\"font-size: 14pt;\">(31) Francisco y Jacinta enferman casi al mismo tiempo, a finales de octubre de<\/span><\/p>\n<p><span style=\"font-size: 14pt;\">1918.<\/span><\/p>\n<p><span style=\"font-size: 14pt;\">110<\/span><\/p>\n<p><span style=\"font-size: 14pt;\">&#8230;&#8230;&#8230;&#8230;&#8230;&#8230;&#8230;<\/span><\/p>\n<p><span style=\"font-size: 14pt;\">\u00a0<\/span><\/p>\n<p><span style=\"font-size: 14pt;\">\u00a0<\/span><\/p>\n<p><span style=\"font-size: 14pt;\">\u2013 Pues yo le ofrec\u00ed muchos, muchos; no s\u00e9 cu\u00e1ntos fueron,<\/span><\/p>\n<p><span style=\"font-size: 14pt;\">porque tuve muchos dolores y no me quej\u00e9.<\/span><\/p>\n<p><span style=\"font-size: 14pt;\">Francisco era m\u00e1s callado. Hac\u00eda habitualmente todo lo que<\/span><\/p>\n<p><span style=\"font-size: 14pt;\">nos ve\u00eda hacer a nosotras, y raras veces suger\u00eda algo. En su dolencia<\/span><\/p>\n<p><span style=\"font-size: 14pt;\">sufr\u00eda con una paciencia heroica, sin dejar nunca escapar ning\u00fan<\/span><\/p>\n<p><span style=\"font-size: 14pt;\">gemido, ni la m\u00e1s leve queja. Le pregunt\u00e9 un d\u00eda poco antes de<\/span><\/p>\n<p><span style=\"font-size: 14pt;\">morir.<\/span><\/p>\n<p><span style=\"font-size: 14pt;\">\u00a0<\/span><\/p>\n<p><span style=\"font-size: 14pt;\">&#8230;&#8230;&#8230;&#8230;&#8230;<\/span><\/p>\n<p><span style=\"font-size: 14pt;\">\u00a0<\/span><\/p>\n<p><span style=\"font-size: 14pt;\">\u2013 Francisco, \u00bfsufres mucho?<\/span><\/p>\n<p><span style=\"font-size: 14pt;\">\u2013 S\u00ed; pero lo sufro todo por amor de Nuestro Se\u00f1or y de Nuestra<\/span><\/p>\n<p><span style=\"font-size: 14pt;\">Se\u00f1ora.<\/span><\/p>\n<p><span style=\"font-size: 14pt;\">Un d\u00eda me dio la cuerda de la que ya habl\u00e9 y me dijo:<\/span><\/p>\n<p><span style=\"font-size: 14pt;\">\u2013 Toma, ll\u00e9vatela antes que mi madre la vea. Ahora ya no soy<\/span><\/p>\n<p><span style=\"font-size: 14pt;\">capaz de ponermela en la cintura.<\/span><\/p>\n<p><span style=\"font-size: 14pt;\">Tomaba todo lo que la madre le llevaba, y nunca llegu\u00e9 a saber<\/span><\/p>\n<p><span style=\"font-size: 14pt;\">si alguna cosa le repugnaba.<\/span><\/p>\n<p><span style=\"font-size: 14pt;\">As\u00ed lleg\u00f3 el d\u00eda feliz de partir para el Cielo (32). La v\u00edspera nos<\/span><\/p>\n<p><span style=\"font-size: 14pt;\">dijo, a m\u00ed y a su hermanita:<\/span><\/p>\n<p><span style=\"font-size: 14pt;\">\u2013 Voy al Cielo, pero all\u00ed he de pedir mucho a Nuestro Se\u00f1or y a<\/span><\/p>\n<p><span style=\"font-size: 14pt;\">Nuestra Se\u00f1ora que os lleve tambi\u00e9n all\u00e1 en breve.<\/span><\/p>\n<p><span style=\"font-size: 14pt;\">Me parece que ya describ\u00ed, en el escrito sobre Jacinta, lo<\/span><\/p>\n<p><span style=\"font-size: 14pt;\">mucho que nos cost\u00f3 esta separaci\u00f3n. Por ello, no lo repito ahora<\/span><\/p>\n<p><span style=\"font-size: 14pt;\">aqu\u00ed.<\/span><\/p>\n<p><span style=\"font-size: 14pt;\">\u00a0<\/span><\/p>\n<p><span style=\"font-size: 14pt;\">\u00a0<\/span><\/p>\n<p><span style=\"font-size: 14pt;\">&#8230;&#8230;&#8230;&#8230;&#8230;&#8230;&#8230;<\/span><\/p>\n<p><span style=\"font-size: 14pt;\">\u00a0<\/span><\/p>\n<p><span style=\"font-size: 14pt;\">\u00a0<\/span><\/p>\n<ol start=\"8\">\n<li><span style=\"font-size: 14pt;\">Paciencia de Jacinta en la enfermedad<\/span><\/li>\n<\/ol>\n<p><span style=\"font-size: 14pt;\">&#8230;&#8230;&#8230;&#8230;&#8230;&#8230;&#8230;&#8230;&#8230;&#8230;&#8230;&#8230;&#8230;&#8230;..<\/span><\/p>\n<p><span style=\"font-size: 14pt;\">\u00a0<\/span><\/p>\n<p><span style=\"font-size: 14pt;\">Jacinta se qued\u00f3, pues, all\u00ed con su dolencia que poco a poco<\/span><\/p>\n<p><span style=\"font-size: 14pt;\">se fue agravando. Tampoco voy ahora a describirla, porque tambi\u00e9n<\/span><\/p>\n<p><span style=\"font-size: 14pt;\">lo hice ya. S\u00f3lo voy a contar alg\u00fan que otro acto de virtud que<\/span><\/p>\n<p><span style=\"font-size: 14pt;\">le vi practicar y que me parece que a\u00fan no describ\u00ed.<\/span><\/p>\n<p><span style=\"font-size: 14pt;\">Su madre sab\u00eda que le repugnaba la leche. Un d\u00eda le llev\u00f3,<\/span><\/p>\n<p><span style=\"font-size: 14pt;\">junto con la taza de leche, un hermoso racimo de uvas.<\/span><\/p>\n<p><span style=\"font-size: 14pt;\">\u2013 Jacinta, le dijo, toma; si no puedes tomar la leche, d\u00e9jala y<\/span><\/p>\n<p><span style=\"font-size: 14pt;\">t\u00f3mate las uvas.<\/span><\/p>\n<p><span style=\"font-size: 14pt;\">\u2013 No, madre m\u00eda; las uvas no las quiero, ll\u00e9vatelas; dame m\u00e1s<\/span><\/p>\n<p><span style=\"font-size: 14pt;\">bien la leche, que si la tomo.<\/span><\/p>\n<p><span style=\"font-size: 14pt;\">\u00a0<\/span><\/p>\n<p><span style=\"font-size: 14pt;\">&#8230;&#8230;&#8230;&#8230;&#8230;&#8230;&#8230;.<\/span><\/p>\n<p><span style=\"font-size: 14pt;\">\u00a0<\/span><\/p>\n<p><span style=\"font-size: 14pt;\">(32) Francisco muri\u00f3 en la casa de sus padres, en Aljustrel, el 4 de abril de 1919.<\/span><\/p>\n<p><span style=\"font-size: 14pt;\">111<\/span><\/p>\n<p><span style=\"font-size: 14pt;\">Y, sin mostrar la m\u00ednima repugnancia, la tom\u00f3. Mi t\u00eda se retir\u00f3<\/span><\/p>\n<p><span style=\"font-size: 14pt;\">contenta, pensando que el fastidio de su hijita iba desapareciendo.<\/span><\/p>\n<p><span style=\"font-size: 14pt;\">Jacinta se volvi\u00f3 despu\u00e9s a m\u00ed y me dijo:<\/span><\/p>\n<p><span style=\"font-size: 14pt;\">\u2013 \u00a1Me apetec\u00edan t\u00e1nto aquellas uvas y me cost\u00f3 t\u00e1nto tomar la<\/span><\/p>\n<p><span style=\"font-size: 14pt;\">leche! Pero quise ofrecer este sacrificio a Nuestro Se\u00f1or.<\/span><\/p>\n<p><span style=\"font-size: 14pt;\">Otro d\u00eda, por la ma\u00f1ana, la encontr\u00e9 muy desfigurada y le pregunt\u00e9<\/span><\/p>\n<p><span style=\"font-size: 14pt;\">si se encontraba peor.<\/span><\/p>\n<p><span style=\"font-size: 14pt;\">\u2013 Esta noche, dijo, tuve muchos dolores, y quise ofrecer a<\/span><\/p>\n<p><span style=\"font-size: 14pt;\">Nuestro Se\u00f1or el sacrificio de no moverme en la cama; por eso no<\/span><\/p>\n<p><span style=\"font-size: 14pt;\">dorm\u00ed nada.<\/span><\/p>\n<p><span style=\"font-size: 14pt;\">Otra vez me dijo:<\/span><\/p>\n<p><span style=\"font-size: 14pt;\">\u00a0<\/span><\/p>\n<p><span style=\"font-size: 14pt;\">&#8230;&#8230;&#8230;&#8230;&#8230;&#8230;&#8230;<\/span><\/p>\n<p><span style=\"font-size: 14pt;\">\u00a0<\/span><\/p>\n<p><span style=\"font-size: 14pt;\">\u2013 Cuando estoy sola, dejo la cama para rezar las oraciones<\/span><\/p>\n<p><span style=\"font-size: 14pt;\">del \u00c1ngel; pero ahora ya no soy capaz de llegar con la cabeza al<\/span><\/p>\n<p><span style=\"font-size: 14pt;\">suelo, porque me caigo. Rezo s\u00f3lo de rodillas.<\/span><\/p>\n<p><span style=\"font-size: 14pt;\">Un d\u00eda, en que tuve ocasi\u00f3n de hablar con el Sr. Vicario, su Rvcia.<\/span><\/p>\n<p><span style=\"font-size: 14pt;\">me pregunt\u00f3 por Jacinta y su estado de salud. Le dije lo que me<\/span><\/p>\n<p><span style=\"font-size: 14pt;\">parec\u00eda de su estado de salud, y despu\u00e9s, cont\u00e9 a su Rvcia. lo que<\/span><\/p>\n<p><span style=\"font-size: 14pt;\">ella me hab\u00eda dicho: que ya no era capaz de inclinarse hasta el suelo<\/span><\/p>\n<p><span style=\"font-size: 14pt;\">para rezar. Su Rvcia. me mand\u00f3, entonces, decirle que no quer\u00eda<\/span><\/p>\n<p><span style=\"font-size: 14pt;\">que descendiese m\u00e1s de la cama para rezar; que echada en la<\/span><\/p>\n<p><span style=\"font-size: 14pt;\">cama rezase s\u00f3lo lo que pudiese, sin cansarse. Le di el recado en<\/span><\/p>\n<p><span style=\"font-size: 14pt;\">la primera ocasi\u00f3n que tuve y ella me pregunt\u00f3:<\/span><\/p>\n<p><span style=\"font-size: 14pt;\">\u2013 \u00bfY Nuestro Se\u00f1or quedar\u00e1 contento?<\/span><\/p>\n<p>&nbsp;<\/p>\n","protected":false},"excerpt":{"rendered":"<p>Tweet&nbsp; &nbsp; &nbsp; SEGUNDA MEMORIA III de Lucia de Fatima &nbsp; &nbsp; lIl. DESPUES DE LAS APARACIONES \u00a0 Luc\u00eda va a la escuela \u00a0 \u00a0 Estoy escribiendo hasta aqu\u00ed, sin ton ni son, como se suele decir; y ya voy dejando atr\u00e1s algunas cosas. Pero estoy haciendo lo que V. Excia. Rvma. me dijo: que [&hellip;]<\/p>\n","protected":false},"author":1,"featured_media":0,"comment_status":"open","ping_status":"open","sticky":false,"template":"","format":"standard","meta":{"footnotes":""},"categories":[1,4],"tags":[],"class_list":["post-57880","post","type-post","status-publish","format-standard","hentry","category-flora","category-divulgacion"],"_links":{"self":[{"href":"http:\/\/www.floracantabrica.com\/index.php?rest_route=\/wp\/v2\/posts\/57880","targetHints":{"allow":["GET"]}}],"collection":[{"href":"http:\/\/www.floracantabrica.com\/index.php?rest_route=\/wp\/v2\/posts"}],"about":[{"href":"http:\/\/www.floracantabrica.com\/index.php?rest_route=\/wp\/v2\/types\/post"}],"author":[{"embeddable":true,"href":"http:\/\/www.floracantabrica.com\/index.php?rest_route=\/wp\/v2\/users\/1"}],"replies":[{"embeddable":true,"href":"http:\/\/www.floracantabrica.com\/index.php?rest_route=%2Fwp%2Fv2%2Fcomments&post=57880"}],"version-history":[{"count":4,"href":"http:\/\/www.floracantabrica.com\/index.php?rest_route=\/wp\/v2\/posts\/57880\/revisions"}],"predecessor-version":[{"id":59897,"href":"http:\/\/www.floracantabrica.com\/index.php?rest_route=\/wp\/v2\/posts\/57880\/revisions\/59897"}],"wp:attachment":[{"href":"http:\/\/www.floracantabrica.com\/index.php?rest_route=%2Fwp%2Fv2%2Fmedia&parent=57880"}],"wp:term":[{"taxonomy":"category","embeddable":true,"href":"http:\/\/www.floracantabrica.com\/index.php?rest_route=%2Fwp%2Fv2%2Fcategories&post=57880"},{"taxonomy":"post_tag","embeddable":true,"href":"http:\/\/www.floracantabrica.com\/index.php?rest_route=%2Fwp%2Fv2%2Ftags&post=57880"}],"curies":[{"name":"wp","href":"https:\/\/api.w.org\/{rel}","templated":true}]}}