{"id":57669,"date":"2024-07-10T17:49:02","date_gmt":"2024-07-10T15:49:02","guid":{"rendered":"http:\/\/www.floracantabrica.com\/?p=57669"},"modified":"2024-07-10T17:49:02","modified_gmt":"2024-07-10T15:49:02","slug":"pedro-de-asua-arquitecto-sacerdote-martir-y-ahora-beato","status":"publish","type":"post","link":"http:\/\/www.floracantabrica.com\/?p=57669","title":{"rendered":"Pedro de As\u00faa, arquitecto, sacerdote, m\u00e1rtir y ahora\u00a0beato&#8230;."},"content":{"rendered":"<p><a href=\"http:\/\/twitter.com\/share?url=http%3A%2F%2Fwww.floracantabrica.com%2F%3Fp%3D57669&amp;count=none&amp;lang=es&amp;via=lorencincoreses&amp;related=Mujerverdosa&amp;text=Pedro de As\u00faa, arquitecto, sacerdote, m\u00e1rtir y ahora\u00a0beato.... - Flora Cant\u00e1brica\" class=\"twitter-share-button\">Tweet<\/a><\/p><p><strong>Pedro de As\u00faa, arquitecto, sacerdote, m\u00e1rtir y ahora\u00a0beato<\/strong><\/p>\n<p>&#8230;.<\/p>\n<p>&nbsp;<\/p>\n<p>&nbsp;<\/p>\n<p>&nbsp;<\/p>\n<p><a href=\"http:\/\/www.floracantabrica.com\/wp-content\/uploads\/2016\/03\/image00233.jpg\"><img loading=\"lazy\" decoding=\"async\" class=\"aligncenter size-full wp-image-33931\" src=\"http:\/\/www.floracantabrica.com\/wp-content\/uploads\/2016\/03\/image00233.jpg\" alt=\"image002\" width=\"567\" height=\"541\" srcset=\"http:\/\/www.floracantabrica.com\/wp-content\/uploads\/2016\/03\/image00233.jpg 567w, http:\/\/www.floracantabrica.com\/wp-content\/uploads\/2016\/03\/image00233-300x286.jpg 300w\" sizes=\"auto, (max-width: 567px) 100vw, 567px\" \/><\/a><\/p>\n<p>&nbsp;<\/p>\n<p>&nbsp;<\/p>\n<p>&nbsp;<\/p>\n<p>&nbsp;<\/p>\n<p>&#8230;..<\/p>\n<p>&#8230;&#8230;<\/p>\n<p>El pr\u00f3ximo s\u00e1bado tendr\u00e1 lugar en Vitoria la Beatificaci\u00f3n de Pedro de As\u00faa, sacerdote guipuzcoano que fue asesinado durante la Guerra Civil Espa\u00f1ola por su opci\u00f3n por Cristo y su condici\u00f3n de sacerdote. El Cardenal Amato, prefecto de la Congregaci\u00f3n para la Causa de los Santos presidir\u00e1 a las 7 de la tarde la Eucarist\u00eda de Beatificaci\u00f3n en la Catedral de Vitoria. Pero, \u00bfqui\u00e9n fue este m\u00e1rtir? \u00bfQu\u00e9 nos ense\u00f1a su vida y su testimonio?<\/p>\n<p>&#8230;&#8230;&#8230;&#8230;..<\/p>\n<p><strong>Biograf\u00eda<\/strong><\/p>\n<p><strong>&#8230;&#8230;..<\/strong><\/p>\n<p>Pedro de As\u00faa naci\u00f3 en Balmaseda (Vizcaya) el 30 de agosto de 1890. Curs\u00f3 estudios de bachillerato en Ordu\u00f1a (Vizcaya) entre 1900 y 1906. Posteriormente march\u00f3 a Madrid a realizar estudios de arquitectura, hasta 1914. Fue un estudiante responsable, muy vinculado a su familia. Tambi\u00e9n un cristiano militante y ap\u00f3stol activo<strong>. \u00a0Entre 1915 y 1919 ejerci\u00f3 su profesi\u00f3n de arquitecto entre Bilbao y Madrid. En 1917 fund\u00f3 la Adoraci\u00f3n Nocturna en Balmaseda<\/strong>.<\/p>\n<p>&#8230;&#8230;&#8230;&#8230;&#8230;<\/p>\n<p><strong>A los 29 a\u00f1os, se decidi\u00f3 a dejarlo todo al tomar la decisi\u00f3n de ser sacerdote<\/strong>. Solo desde la experiencia de seguimiento y relaci\u00f3n profunda con Cristo en la oraci\u00f3n y en la actividad apost\u00f3lica se explica el paso de arquitecto reci\u00e9n estrenado y valorado por los resultados a aspirar a ser sacerdote diocesano.<\/p>\n<p>&#8230;&#8230;&#8230;&#8230;.<\/p>\n<p>Estudi\u00f3 lat\u00edn en la preceptor\u00eda de Gordejuela y en 1920 ingres\u00f3 en el Seminario de Vitoria. Ese mismo a\u00f1o se construyeron las Escuelas Mend\u00eda, en Balmaseda. Siendo todav\u00eda seminarista recibi\u00f3 el encargo de realizar los planos del Nuevo Seminario de Vitoria.<\/p>\n<p>&#8230;&#8230;..<\/p>\n<p>El 14 de junio de 1924 fue ordenado sacerdote. Durante doce a\u00f1os \u00a0(1924 \u2013 1936) fue sacerdote en Balmaseda, adem\u00e1s de arquitecto diocesano. La radicalidad con la que dio el paso a ser sacerdote le acompa\u00f1ar\u00e1 durante estos a\u00f1os. Se caracteriz\u00f3, al mismo tiempo, por una profunda contemplaci\u00f3n y una intensa y ampl\u00edsima actividad pastoral. Lleg\u00f3 a encarnar perfectamente la espiritualidad sacerdotal de \u00a0\u201cSolo sacerdote, sacerdote siempre y en todo sacerdote\u201d, presentada en aquel entonces por D. Rufino Aldabalde.<\/p>\n<p>,,,,,,,,,,,<\/p>\n<p>,,,,,,,,,<\/p>\n<p>Dirigi\u00f3 la construcci\u00f3n del Seminario de Vitoria entre 1926 y 1930.<\/p>\n<p>&#8230;&#8230;<\/p>\n<p>&#8230;.<\/p>\n<p><strong>En 1936 fue detenido y asesinado por ser sacerdote el 29 de agosto<\/strong>. La vida evang\u00e9lica de D. Pedro y el martirio van de la mano; no se extra\u00f1an, se conocen. D. Pedro m\u00e1rtir no se entiende sin su vida sacerdotal enteramente entregada. \u201cAcept\u00f3 la muerte como consecuencia de su opci\u00f3n por Cristo y por el sacerdocio\u201d.<\/p>\n<p>,,,,,<\/p>\n<p>,,,,,<\/p>\n<p><strong>Qu\u00e9 nos ense\u00f1a<\/strong><\/p>\n<p>&#8230;..<\/p>\n<p>&#8230;&#8230;<\/p>\n<p>Acaso no resulta llamativo e interpelador para todos los creyentes que un joven arquitecto de 29 a\u00f1os, con un comienzo profesional tan prometedor, lo deje todo s\u00f3lo por Jes\u00fas? La interpelaci\u00f3n para nosotros es doble: \u00bfqu\u00e9 fuerza tiene hoy la relaci\u00f3n con Cristo en m\u00ed? Y \u00bfcon qu\u00e9 capacidad de compromiso cristiano me muevo hoy?. Su decisi\u00f3n no tuvo nada que ver con ning\u00fan tipo de crisis, ni personal, ni familiar ni profesional; s\u00f3lo se entiende desde una relaci\u00f3n cada vez m\u00e1s fuerte y viva con Jesucristo, dentro de un contexto socio \u2013 hist\u00f3rico concreto<\/p>\n<p>&nbsp;<\/p>\n","protected":false},"excerpt":{"rendered":"<p>TweetPedro de As\u00faa, arquitecto, sacerdote, m\u00e1rtir y ahora\u00a0beato &#8230;. &nbsp; &nbsp; &nbsp; &nbsp; &nbsp; &nbsp; &nbsp; &#8230;.. &#8230;&#8230; El pr\u00f3ximo s\u00e1bado tendr\u00e1 lugar en Vitoria la Beatificaci\u00f3n de Pedro de As\u00faa, sacerdote guipuzcoano que fue asesinado durante la Guerra Civil Espa\u00f1ola por su opci\u00f3n por Cristo y su condici\u00f3n de sacerdote. El Cardenal Amato, prefecto [&hellip;]<\/p>\n","protected":false},"author":1,"featured_media":0,"comment_status":"open","ping_status":"open","sticky":false,"template":"","format":"standard","meta":{"footnotes":""},"categories":[1],"tags":[],"class_list":["post-57669","post","type-post","status-publish","format-standard","hentry","category-flora"],"_links":{"self":[{"href":"http:\/\/www.floracantabrica.com\/index.php?rest_route=\/wp\/v2\/posts\/57669","targetHints":{"allow":["GET"]}}],"collection":[{"href":"http:\/\/www.floracantabrica.com\/index.php?rest_route=\/wp\/v2\/posts"}],"about":[{"href":"http:\/\/www.floracantabrica.com\/index.php?rest_route=\/wp\/v2\/types\/post"}],"author":[{"embeddable":true,"href":"http:\/\/www.floracantabrica.com\/index.php?rest_route=\/wp\/v2\/users\/1"}],"replies":[{"embeddable":true,"href":"http:\/\/www.floracantabrica.com\/index.php?rest_route=%2Fwp%2Fv2%2Fcomments&post=57669"}],"version-history":[{"count":1,"href":"http:\/\/www.floracantabrica.com\/index.php?rest_route=\/wp\/v2\/posts\/57669\/revisions"}],"predecessor-version":[{"id":57670,"href":"http:\/\/www.floracantabrica.com\/index.php?rest_route=\/wp\/v2\/posts\/57669\/revisions\/57670"}],"wp:attachment":[{"href":"http:\/\/www.floracantabrica.com\/index.php?rest_route=%2Fwp%2Fv2%2Fmedia&parent=57669"}],"wp:term":[{"taxonomy":"category","embeddable":true,"href":"http:\/\/www.floracantabrica.com\/index.php?rest_route=%2Fwp%2Fv2%2Fcategories&post=57669"},{"taxonomy":"post_tag","embeddable":true,"href":"http:\/\/www.floracantabrica.com\/index.php?rest_route=%2Fwp%2Fv2%2Ftags&post=57669"}],"curies":[{"name":"wp","href":"https:\/\/api.w.org\/{rel}","templated":true}]}}