{"id":57440,"date":"2024-05-25T16:28:15","date_gmt":"2024-05-25T14:28:15","guid":{"rendered":"http:\/\/www.floracantabrica.com\/?p=57440"},"modified":"2025-01-06T12:54:20","modified_gmt":"2025-01-06T10:54:20","slug":"fatima-espanol-13historia-de-las-apariciones-25-524","status":"publish","type":"post","link":"http:\/\/www.floracantabrica.com\/?p=57440","title":{"rendered":"Fatima.Espa\u00f1ol.13,HISTORIA DE LAS APARICIONES.25.5,24"},"content":{"rendered":"<p><a href=\"http:\/\/twitter.com\/share?url=http%3A%2F%2Fwww.floracantabrica.com%2F%3Fp%3D57440&amp;count=none&amp;lang=es&amp;via=lorencincoreses&amp;related=Mujerverdosa&amp;text=Fatima.Espa\u00f1ol.13,HISTORIA DE LAS APARICIONES.25.5,24 - Flora Cant\u00e1brica\" class=\"twitter-share-button\">Tweet<\/a><\/p><ol>\n<li><span style=\"font-size: 14pt;\">HISTORIA DE LAS APARICIONES<\/span><\/li>\n<\/ol>\n<p>&nbsp;<\/p>\n<p><span style=\"font-size: 14pt;\">PR\u00d3LOGO<\/span><\/p>\n<p>&nbsp;<\/p>\n<p><span style=\"font-size: 14pt;\">Ahora, Exmo. y Rvmo. Se\u00f1or Obispo, ahora s\u00ed que ser\u00e1 la p\u00e1gina<\/span><\/p>\n<p><span style=\"font-size: 14pt;\">m\u00e1s costosa de cuantas V. Excia. Rvma. me ha mandado escribir.<\/span><\/p>\n<p><span style=\"font-size: 14pt;\">Porque, despu\u00e9s de haberme mandado escribir, en particular<\/span><\/p>\n<p><span style=\"font-size: 14pt;\">las apariciones del \u00c1ngel, con todos sus detalles y pormenores, y,<\/span><\/p>\n<p><span style=\"font-size: 14pt;\">en cuanto me fue posible, hasta con los efectos propios \u00edntimos, he<\/span><\/p>\n<p><span style=\"font-size: 14pt;\">aqu\u00ed al sr. Dr. Galamba que pide tambi\u00e9n a V. Excia. la orden de<\/span><\/p>\n<p><span style=\"font-size: 14pt;\">mandarme escribir las apariciones de Nuestra Se\u00f1ora.<\/span><\/p>\n<p>&nbsp;<\/p>\n<p><span style=\"font-size: 14pt;\">\u2013 M\u00e1ndele, Sr. Obispo, \u2013dec\u00eda, hace poco, en Valen\u00e7a Su Rvcia.<\/span><\/p>\n<p><span style=\"font-size: 14pt;\">M\u00e1ndele, Sr. Obispo que escriba todo, s\u00ed, todo. \u00a1Que ha de dar<\/span><\/p>\n<p><span style=\"font-size: 14pt;\">muchos vuelcos en el purgatorio por haber callado tanto!<\/span><\/p>\n<p><span style=\"font-size: 14pt;\">En cuanto a eso, no tengo el menor recelo del purgatorio. Siempre<\/span><\/p>\n<p><span style=\"font-size: 14pt;\">obedec\u00ed. Y la obediencia no merece ni pena ni castigo. Primero,<\/span><\/p>\n<p><span style=\"font-size: 14pt;\">obedec\u00ed a los movimientos \u00edntimas del Esp\u00edritu Santo; luego, a las<\/span><\/p>\n<p><span style=\"font-size: 14pt;\">\u00f3rdenes de aquellos que me hablaban en su nombre. Fue precisamente<\/span><\/p>\n<p><span style=\"font-size: 14pt;\">\u00e9sta la primera orden y consejo que, por medio de V. Excia.<\/span><\/p>\n<p><span style=\"font-size: 14pt;\">Rvma., el buen Dios se digna darme.<\/span><\/p>\n<p><span style=\"font-size: 14pt;\">Y, contenta y feliz, recordaba las palabras de los tiempos pasados,<\/span><\/p>\n<p><span style=\"font-size: 14pt;\">del venerable sacerdote, se\u00f1or Vicario de Torres Novas: \u00abEl<\/span><\/p>\n<p><span style=\"font-size: 14pt;\">secreto de la hija del Rey est\u00e1 todo en su interior\u00bb.<\/span><\/p>\n<p><span style=\"font-size: 14pt;\">Y, en cuanto comenc\u00e9 a penetrar en su sentido, dec\u00eda:<\/span><\/p>\n<p><span style=\"font-size: 14pt;\">\u2013 Mi secreto es para m\u00ed.<\/span><\/p>\n<p><span style=\"font-size: 14pt;\">\u00a1Pero ahora, ya no es as\u00ed! Inmolada en el altar de la obediencia,<\/span><\/p>\n<p><span style=\"font-size: 14pt;\">digo:<\/span><\/p>\n<p><span style=\"font-size: 14pt;\">\u2013 Mi secreto pertenece a Dios. Lo deposit\u00e9 en sus manos; que<\/span><\/p>\n<p><span style=\"font-size: 14pt;\">haga de \u00e9l lo que m\u00e1s le agrade.<\/span><\/p>\n<p><span style=\"font-size: 14pt;\">Dec\u00eda, pues, el sr. Dr. Galamba:<\/span><\/p>\n<p><span style=\"font-size: 14pt;\">\u2013 Se\u00f1or Obispo, m\u00e1ndele que diga todo, todo; que no oculte<\/span><\/p>\n<p><span style=\"font-size: 14pt;\">nada.<\/span><\/p>\n<p><span style=\"font-size: 14pt;\">Y V. Excia. Rvma., asistido ciertamente por el divino Esp\u00edritu<\/span><\/p>\n<p><span style=\"font-size: 14pt;\">Santo, pronunci\u00f3 la sentencia:<\/span><\/p>\n<p><span style=\"font-size: 14pt;\">\u2013 Eso no lo mando. En asuntos de secretos, no me meto (11).<\/span><\/p>\n<p><span style=\"font-size: 14pt;\">\u00a1Gracias a Dios! Cualquier otra orden me habr\u00eda sido una fuente<\/span><\/p>\n<p><span style=\"font-size: 14pt;\">de perplejidades y escr\u00fapulos. Con una orden contraria, me habr\u00eda<\/span><\/p>\n<p><span style=\"font-size: 14pt;\">de preguntar a mi misma, millares de veces, a qui\u00e9n deb\u00eda obedecer:<\/span><\/p>\n<p><span style=\"font-size: 14pt;\">a Dios o a su representante. Y, tal vez, sin encontrar la decisi\u00f3n,<\/span><\/p>\n<p><span style=\"font-size: 14pt;\">permanecer\u00eda en una verdadera tortura \u00edntima.<\/span><\/p>\n<p><span style=\"font-size: 14pt;\">Y luego V. Excia. Rvma. continu\u00f3 hablando en nombre de Dios:<\/span><\/p>\n<p><span style=\"font-size: 14pt;\">\u2013 La Hermana escriba las apariciones del \u00c1ngel y de Nuestra<\/span><\/p>\n<p><span style=\"font-size: 14pt;\">Se\u00f1ora; porque la Hermana est\u00e1 para gloria de Dios y de Nuestra<\/span><\/p>\n<p><span style=\"font-size: 14pt;\">Se\u00f1ora.<\/span><\/p>\n<p><span style=\"font-size: 14pt;\">\u00a1Qu\u00e9 bueno es Dios! \u00c9l es el Dios de la paz; y por ese camino<\/span><\/p>\n<p><span style=\"font-size: 14pt;\">conduce a los que en \u00c9l conf\u00eden.<\/span><\/p>\n<p><span style=\"font-size: 14pt;\">(11<\/span><\/p>\n<p><span style=\"font-size: 14pt;\">168<\/span><\/p>\n<p><span style=\"font-size: 14pt;\">Comienzo, pues, mi nuevo trabajo y cumplir\u00e9 las \u00f3rdenes de V.<\/span><\/p>\n<ol>\n<li><span style=\"font-size: 14pt;\">Rvma. y los deseos del sr. Dr. Galamba. Exceptuando la parte<\/span><\/li>\n<\/ol>\n<p><span style=\"font-size: 14pt;\">del secreto que, por ahora, no me es permitido revelar, dir\u00e9 todo.<\/span><\/p>\n<p><span style=\"font-size: 14pt;\">Advertidamente no dejar\u00e9 nada. Supongo que se me podr\u00e1n quedar<\/span><\/p>\n<p><span style=\"font-size: 14pt;\">en el tintero s\u00f3lo unos peque\u00f1os detalles de m\u00ednima importancia.<\/span><\/p>\n<p><span style=\"font-size: 14pt;\"><strong>\u00a0<\/strong><\/span><\/p>\n<ol>\n<li><span style=\"font-size: 14pt;\"><strong>Apariciones del \u00c1ngel<\/strong><\/span><\/li>\n<\/ol>\n<p>&nbsp;<\/p>\n<p><span style=\"font-size: 14pt;\">Por lo que puedo m\u00e1s o menos calcular, me parece que fue en<\/span><\/p>\n<p><span style=\"font-size: 14pt;\">1915 cuando se nos dio esa primera aparici\u00f3n que juzgo fue la del<\/span><\/p>\n<p><span style=\"font-size: 14pt;\">\u00c1ngel, que no se atrevi\u00f3 entonces a manifestarse del todo. Por el<\/span><\/p>\n<p><span style=\"font-size: 14pt;\">aspecto del tiempo pienso que debe haber sido entre los meses de<\/span><\/p>\n<p><span style=\"font-size: 14pt;\">abril y octubre de 1915.<\/span><\/p>\n<p><span style=\"font-size: 14pt;\">En la ladera del Cabezo que mira al Sur, al tiempo de rezar el<\/span><\/p>\n<p><span style=\"font-size: 14pt;\">Rosario en compa\u00f1\u00eda de tres amigas, de nombre Teresa Mat\u00edas,<\/span><\/p>\n<p><span style=\"font-size: 14pt;\">Mar\u00eda Rosa Mat\u00edas, hermana suya, y Mar\u00eda Justino, de Casa Velha,<\/span><\/p>\n<p><span style=\"font-size: 14pt;\">vi que sobre el arbolado del valle que se extend\u00eda a nuestros pies<\/span><\/p>\n<p><span style=\"font-size: 14pt;\">flotaba como una nube, m\u00e1s blanca que la nieve, algo transparente,<\/span><\/p>\n<p><span style=\"font-size: 14pt;\">con forma humana. Mis compa\u00f1eras me preguntaron qu\u00e9 era<\/span><\/p>\n<p><span style=\"font-size: 14pt;\">aquello. Respond\u00ed que no sab\u00eda. En d\u00edas diferentes, se repiti\u00f3 dos<\/span><\/p>\n<p><span style=\"font-size: 14pt;\">veces m\u00e1s.<\/span><\/p>\n<p><span style=\"font-size: 14pt;\">Esta aparici\u00f3n me dej\u00f3 en el alma una cierta impresi\u00f3n que no<\/span><\/p>\n<p><span style=\"font-size: 14pt;\">s\u00e9 explicar. Poco a poco esta impresi\u00f3n iba desvaneci\u00e9ndose; y<\/span><\/p>\n<p><span style=\"font-size: 14pt;\">creo que, si no es por los hechos que se siguieron, con el tiempo, la<\/span><\/p>\n<p><span style=\"font-size: 14pt;\">hubiera llegado a olvidar por completo.<\/span><\/p>\n<p><span style=\"font-size: 14pt;\">Estas fechas no puedo precisarlas con certeza, porque, en<\/span><\/p>\n<p><span style=\"font-size: 14pt;\">esa \u00e9poca, no sab\u00eda contar los a\u00f1os, ni los meses, ni los mismos<\/span><\/p>\n<p><span style=\"font-size: 14pt;\">d\u00edas de la semana. Me parece, no obstante, que deb\u00eda ser en la<\/span><\/p>\n<p><span style=\"font-size: 14pt;\">primavera de 1916 cuando el \u00c1ngel se nos apareci\u00f3 por primera<\/span><\/p>\n<p><span style=\"font-size: 14pt;\">vez en nuestra roca del Cabezo.<\/span><\/p>\n<p><span style=\"font-size: 14pt;\">Ya dije en el escrito sobre Jacinta, c\u00f3mo subimos la ladera en<\/span><\/p>\n<p><span style=\"font-size: 14pt;\">busca de un abrigo, y c\u00f3mo fue, despu\u00e9s de merendar y rezar all\u00ed,<\/span><\/p>\n<p><span style=\"font-size: 14pt;\">que empezamos viendo a cierta distancia, sobre los \u00e1rboles que<\/span><\/p>\n<p><span style=\"font-size: 14pt;\">se extend\u00edan en direcci\u00f3n al naciente, una luz m\u00e1s blanca que la<\/span><\/p>\n<p><span style=\"font-size: 14pt;\">nieve, con la forma de un joven, transparente, m\u00e1s brillante que un<\/span><\/p>\n<p><span style=\"font-size: 14pt;\">cristal atravesado por los rayos de sol. A medida que se aproximaba<\/span><\/p>\n<p><span style=\"font-size: 14pt;\">\u00edbamos distingui\u00e9ndole las facciones. Est\u00e1bamos sorprendidos<\/span><\/p>\n<p><span style=\"font-size: 14pt;\">y medio absortos. No dec\u00edamos ni palabra.<\/span><\/p>\n<p><span style=\"font-size: 14pt;\">Al llegar junto a nosotros, dijo:<\/span><\/p>\n<p><span style=\"font-size: 14pt;\">169<\/span><\/p>\n<p><span style=\"font-size: 14pt;\">\u2013 \u00a1No tem\u00e1is! Yo soy el \u00c1ngel de la Paz. Orad conmigo.<\/span><\/p>\n<p><span style=\"font-size: 14pt;\">Y arrodill\u00e1ndose en tierra, dobl\u00f3 la frente hasta el suelo. Transportados<\/span><\/p>\n<p><span style=\"font-size: 14pt;\">por un movimiento sobrenatural, le imitamos y repetimos<\/span><\/p>\n<p><span style=\"font-size: 14pt;\">las palabras que le o\u00edmos pronunciar:<\/span><\/p>\n<p><span style=\"font-size: 14pt;\">\u2013 Dios m\u00edo, yo creo, adoro, espero y os amo. Os pido perd\u00f3n<\/span><\/p>\n<p><span style=\"font-size: 14pt;\">por los que no creen, no adoran, no esperan y no os aman.<\/span><\/p>\n<p><span style=\"font-size: 14pt;\">Despu\u00e9s de repetir esto por tres veces, se levant\u00f3 y dijo:<\/span><\/p>\n<p><span style=\"font-size: 14pt;\">\u2013 \u00a1Orad as\u00ed! Los Corazones de Jes\u00fas y de Mar\u00eda est\u00e1n atentos<\/span><\/p>\n<p><span style=\"font-size: 14pt;\">a la voz de vuestras s\u00faplicas.<\/span><\/p>\n<p><span style=\"font-size: 14pt;\">Y desapareci\u00f3.<\/span><\/p>\n<p><span style=\"font-size: 14pt;\">La atm\u00f3sfera sobrenatural que nos envolv\u00eda era tan intensa,<\/span><\/p>\n<p><span style=\"font-size: 14pt;\">que casi no nos d\u00e1bamos cuenta de nuestra propia existencia, por<\/span><\/p>\n<p><span style=\"font-size: 14pt;\">un largo espacio de tiempo, permaneciendo en la posici\u00f3n que nos<\/span><\/p>\n<p><span style=\"font-size: 14pt;\">hab\u00eda dejado, repitiendo siempre la misma oraci\u00f3n. La presencia<\/span><\/p>\n<p><span style=\"font-size: 14pt;\">de Dios se sent\u00eda tan intensa e \u00edntima, que ni entre nosotros mismos<\/span><\/p>\n<p><span style=\"font-size: 14pt;\">nos atrev\u00edamos a hablar. Al d\u00eda siguiente todav\u00eda sent\u00edamos el<\/span><\/p>\n<p><span style=\"font-size: 14pt;\">alma envuelta en esa atm\u00f3sfera que solamente iba desapareciendo<\/span><\/p>\n<p><span style=\"font-size: 14pt;\">muy lentamente.<\/span><\/p>\n<p><span style=\"font-size: 14pt;\">En esta aparici\u00f3n, nadie pens\u00f3 en hablar ni en recomendar el<\/span><\/p>\n<p><span style=\"font-size: 14pt;\">secreto. Ella, por s\u00ed, lo impuso. Era tan \u00edntima que no era f\u00e1cil pronunciar<\/span><\/p>\n<p><span style=\"font-size: 14pt;\">sobre ella la menor palabra. Nos hizo tal vez mayor impresi\u00f3n<\/span><\/p>\n<p><span style=\"font-size: 14pt;\">por ser la primera tan manifesta.<\/span><\/p>\n<p><span style=\"font-size: 14pt;\">La segunda debi\u00f3 de ser en el medio del verano, en esos d\u00edas<\/span><\/p>\n<p><span style=\"font-size: 14pt;\">de mayor calor, en que \u00edbamos con el reba\u00f1o para casa, a media<\/span><\/p>\n<p><span style=\"font-size: 14pt;\">ma\u00f1ana, para volver a llevarlo ya a media tarde.<\/span><\/p>\n<p><span style=\"font-size: 14pt;\">Fuimos, pues, a pasar las horas de la siesta a la sombra de los<\/span><\/p>\n<p><span style=\"font-size: 14pt;\">\u00e1rboles que rodeaban el pozo, ya varias veces mencionado.<\/span><\/p>\n<p><span style=\"font-size: 14pt;\">De repente, vimos al mismo \u00c1ngel junto a nosotros.<\/span><\/p>\n<p><span style=\"font-size: 14pt;\">\u2013 \u00bfQu\u00e9 hac\u00e9is? \u00a1Orad! \u00a1Rezad mucho! Los Corazones de Jes\u00fas<\/span><\/p>\n<p><span style=\"font-size: 14pt;\">y de Mar\u00eda tienen sobre vosotros designios de misericordia.<\/span><\/p>\n<p><span style=\"font-size: 14pt;\">Ofreced constantemente al Alt\u00edsimo plegarias y sacrificios.<\/span><\/p>\n<p><span style=\"font-size: 14pt;\">\u2013 \u00bfC\u00f3mo nos hemos de mortificar? \u2013 pregunt\u00e9.<\/span><\/p>\n<p><span style=\"font-size: 14pt;\">\u2013 De todo lo que pod\u00e1is, ofreced un sacrificio, en acto de reparaci\u00f3n<\/span><\/p>\n<p><span style=\"font-size: 14pt;\">por los pecados con que \u00c9l es ofendido, y de s\u00faplica por la<\/span><\/p>\n<p><span style=\"font-size: 14pt;\">conversi\u00f3n de los pecadores. Atraed as\u00ed sobre vuestra Patria la<\/span><\/p>\n<p><span style=\"font-size: 14pt;\">paz. Yo soy el \u00c1ngel de su Guarda, el \u00c1ngel de Portugal. Sobre<\/span><\/p>\n<p><span style=\"font-size: 14pt;\">todo, aceptad y soportad con sumisi\u00f3n el sufrimiento que el Se\u00f1or<\/span><\/p>\n<p><span style=\"font-size: 14pt;\">os env\u00ede.<\/span><\/p>\n<p><span style=\"font-size: 14pt;\">170<\/span><\/p>\n<p><span style=\"font-size: 14pt;\">Estas palabras del \u00c1ngel se grabaron en nuestra alma, como<\/span><\/p>\n<p><span style=\"font-size: 14pt;\">una luz que nos hac\u00eda comprender qui\u00e9n era Dios, c\u00f3mo nos amaba<\/span><\/p>\n<p><span style=\"font-size: 14pt;\">y quer\u00eda ser amado, el valor del sacrificio y c\u00f3mo \u00e9ste le era<\/span><\/p>\n<p><span style=\"font-size: 14pt;\">agradable; c\u00f3mo por atenci\u00f3n a \u00e9l convert\u00eda a los pecadores. Por<\/span><\/p>\n<p><span style=\"font-size: 14pt;\">eso desde ese momento comenzamos a ofrecer al Se\u00f1or todo lo<\/span><\/p>\n<p><span style=\"font-size: 14pt;\">que nos mortificaba, pero sin pararnos a buscar otras mortificaciones<\/span><\/p>\n<p><span style=\"font-size: 14pt;\">o penitencias, excepto la de pasarnos horas seguidas<\/span><\/p>\n<p><span style=\"font-size: 14pt;\">postrados en tierra, repitiendo la oraci\u00f3n que el Angel nos hab\u00eda<\/span><\/p>\n<p><span style=\"font-size: 14pt;\">ense\u00f1ado.<\/span><\/p>\n<p><span style=\"font-size: 14pt;\">La tercera aparici\u00f3n me parece debi\u00f3 de ser en octubre o a<\/span><\/p>\n<p><span style=\"font-size: 14pt;\">finales de septiembre, porque ya no \u00edbamos a pasar las horas de la<\/span><\/p>\n<p><span style=\"font-size: 14pt;\">siesta a casa.<\/span><\/p>\n<p><span style=\"font-size: 14pt;\">Como ya dije en el escrito sobre Jacinta, pasamos de la<\/span><\/p>\n<p><span style=\"font-size: 14pt;\">Pregueira (es un peque\u00f1o olivar que pertenece a mis padres), a la<\/span><\/p>\n<p><span style=\"font-size: 14pt;\">Roca, dando la vuelta a la ladera del monte por el lado de Aljustrel<\/span><\/p>\n<p><span style=\"font-size: 14pt;\">y Casa Velha. Rezamos all\u00ed nuestro Rosario y la oraci\u00f3n que en la<\/span><\/p>\n<p><span style=\"font-size: 14pt;\">primera aparici\u00f3n nos hab\u00eda ense\u00f1ado. Estando, pues all\u00ed se nos<\/span><\/p>\n<p><span style=\"font-size: 14pt;\">apareci\u00f3 por tercera vez, portando en la mano un C\u00e1liz y sobre \u00e9l<\/span><\/p>\n<p><span style=\"font-size: 14pt;\">una Hostia, de la cual ca\u00edan dentro del C\u00e1liz, algunas gotas de<\/span><\/p>\n<p><span style=\"font-size: 14pt;\">sangre. Dejando el C\u00e1liz y la Hostia suspensos en el aire, se postr\u00f3<\/span><\/p>\n<p><span style=\"font-size: 14pt;\">en tierra y repiti\u00f3 tres veces la oraci\u00f3n:<\/span><\/p>\n<p><span style=\"font-size: 14pt;\">\u2013 Sant\u00edsima Trinidad, Padre, Hijo, Esp\u00edritu Santo, os adoro profundamente<\/span><\/p>\n<p><span style=\"font-size: 14pt;\">y os ofrezco el precios\u00edsimo Cuerpo, Sangre, Alma y<\/span><\/p>\n<p><span style=\"font-size: 14pt;\">Divinidad de Jesucristo, presente en todos los sagrarios de la tierra,<\/span><\/p>\n<p><span style=\"font-size: 14pt;\">en reparaci\u00f3n de los ultrajes, sacrilegios e indiferencias con<\/span><\/p>\n<p><span style=\"font-size: 14pt;\">que \u00c9l mismo es ofendido. Y por los m\u00e9ritos infinitos de su Sant\u00edsimo<\/span><\/p>\n<p><span style=\"font-size: 14pt;\">Coraz\u00f3n y del Coraz\u00f3n Inmaculado de Mar\u00eda, os pido la conversi\u00f3n<\/span><\/p>\n<p><span style=\"font-size: 14pt;\">de los pobres pecadores.<\/span><\/p>\n<p><span style=\"font-size: 14pt;\">Despu\u00e9s, levant\u00e1ndose, tom\u00f3 en la mano el C\u00e1liz y Hostia, y<\/span><\/p>\n<p><span style=\"font-size: 14pt;\">me dio la Hostia a m\u00ed; y lo que conten\u00eda el C\u00e1liz, lo dio a beber a<\/span><\/p>\n<p><span style=\"font-size: 14pt;\">Jacinta y a Francisco, diciendo al mismo tiempo:<\/span><\/p>\n<p><span style=\"font-size: 14pt;\">\u2013 Tomad y bebed el Cuerpo y la Sangre de Jesucristo, horriblemente<\/span><\/p>\n<p><span style=\"font-size: 14pt;\">ultrajado por los hombres ingratos. Reparad sus cr\u00edmenes<\/span><\/p>\n<p><span style=\"font-size: 14pt;\">y consolad a vuestro Dios.<\/span><\/p>\n<p><span style=\"font-size: 14pt;\">De nuevo se postr\u00f3 en tierra y repiti\u00f3 con nosotros, tres veces<\/span><\/p>\n<p><span style=\"font-size: 14pt;\">m\u00e1s, la misma oraci\u00f3n:<\/span><\/p>\n<p><span style=\"font-size: 14pt;\">\u2013 Sant\u00edsima Trinidad&#8230; etc.<\/span><\/p>\n<p><span style=\"font-size: 14pt;\">Y desapareci\u00f3.<\/span><\/p>\n<p><span style=\"font-size: 14pt;\">171<\/span><\/p>\n<p><span style=\"font-size: 14pt;\">Transportados por la fuerza de lo sobrenatural que nos envolv\u00eda,<\/span><\/p>\n<p><span style=\"font-size: 14pt;\">imit\u00e1bamos al \u00c1ngel en todo; es decir, postr\u00e1ndonos como<\/span><\/p>\n<p><span style=\"font-size: 14pt;\">\u00e9l y repitiendo las oraciones que \u00e9l dec\u00eda. La fuerza de la presencia<\/span><\/p>\n<p><span style=\"font-size: 14pt;\">de Dios era tan intensa, que nos absorb\u00eda y anonadaba casi del<\/span><\/p>\n<p><span style=\"font-size: 14pt;\">todo. Parec\u00eda privarnos hasta del uso de los sentidos corporales<\/span><\/p>\n<p><span style=\"font-size: 14pt;\">por un gran espacio de tiempo. En aquellos d\u00edas, hac\u00edamos las<\/span><\/p>\n<p><span style=\"font-size: 14pt;\">acciones materiales como transportados por ese mismo ser<\/span><\/p>\n<p><span style=\"font-size: 14pt;\">sobrenatural que a eso nos impulsaba. La paz y la felicidad que<\/span><\/p>\n<p><span style=\"font-size: 14pt;\">sent\u00edamos, era inmensa; pero s\u00f3lo interior, completamente<\/span><\/p>\n<p><span style=\"font-size: 14pt;\">concentrada el alma en Dios. El abatimiento f\u00edsico que nos postraba,<\/span><\/p>\n<p><span style=\"font-size: 14pt;\">tambi\u00e9n era grande.<\/span><\/p>\n<p>&nbsp;<\/p>\n<ol start=\"2\">\n<li><span style=\"font-size: 14pt;\"><strong>El silencio de Luc\u00eda<\/strong><\/span><\/li>\n<\/ol>\n<p><span style=\"font-size: 14pt;\"><strong>\u00a0<\/strong><\/span><\/p>\n<p><span style=\"font-size: 14pt;\">No s\u00e9 por qu\u00e9 las apariciones de Nuestra Se\u00f1ora produc\u00edan<\/span><\/p>\n<p><span style=\"font-size: 14pt;\">en nosotros efectos muy diferentes. La misma alegr\u00eda interior, la<\/span><\/p>\n<p><span style=\"font-size: 14pt;\">misma paz y felicidad, pero en vez de este abatimiento f\u00edsico, una<\/span><\/p>\n<p><span style=\"font-size: 14pt;\">cierta agilidad expansiva; en vez de este anonadamiento en la Divina<\/span><\/p>\n<p><span style=\"font-size: 14pt;\">presencia, un exultar de alegr\u00eda, en vez de esa dificultad en<\/span><\/p>\n<p><span style=\"font-size: 14pt;\">hablar, un cierto entusiasmo comunicativo. Pero a pesar de estos<\/span><\/p>\n<p><span style=\"font-size: 14pt;\">sentimientos, sent\u00eda la inspiraci\u00f3n de callar sobre todo algunas<\/span><\/p>\n<p><span style=\"font-size: 14pt;\">cosas.<\/span><\/p>\n<p><span style=\"font-size: 14pt;\">En los interrogatorios sent\u00eda la inspiraci\u00f3n \u00edntima que me indicaba<\/span><\/p>\n<p><span style=\"font-size: 14pt;\">las respuestas que, sin faltar a la verdad, no descubriesen lo<\/span><\/p>\n<p><span style=\"font-size: 14pt;\">que por entonces deb\u00eda ocultar. En este sentido me queda s\u00f3lo<\/span><\/p>\n<p><span style=\"font-size: 14pt;\">una duda: \u00abSi no deb\u00eda haber dicho todo en el interrogatorio can\u00f3nico<\/span><\/p>\n<p><span style=\"font-size: 14pt;\">\u00bb. Pero no siento escr\u00fapulos por haber callado, porque a esa<\/span><\/p>\n<p><span style=\"font-size: 14pt;\">edad no ten\u00eda a\u00fan conocimiento de la importancia de ese interrogatorio.<\/span><\/p>\n<p><span style=\"font-size: 14pt;\">Lo tom\u00e9, pues, por uno de tantos a que estaba habituada.<\/span><\/p>\n<p><span style=\"font-size: 14pt;\">S\u00f3lo me extra\u00f1\u00f3 la orden de jurar. Pero como era el confesor quien<\/span><\/p>\n<p><span style=\"font-size: 14pt;\">me lo mandaba y yo juraba la verdad, lo hice sin dificultad. No<\/span><\/p>\n<p><span style=\"font-size: 14pt;\">pod\u00eda sospechar, en ese momento, lo que el demonio iba a sacar<\/span><\/p>\n<p><span style=\"font-size: 14pt;\">de all\u00ed para atormentarme m\u00e1s tarde con un sin fin de escr\u00fapulos.<\/span><\/p>\n<p><span style=\"font-size: 14pt;\">Pero \u00a1gracias a Dios!, ya pas\u00f3 todo.<\/span><\/p>\n<p><span style=\"font-size: 14pt;\">Hay todav\u00eda otra raz\u00f3n que me confirma en la idea de que hice<\/span><\/p>\n<p><span style=\"font-size: 14pt;\">bien callando. En el trascurso de aquel interrogatorio can\u00f3nico, uno<\/span><\/p>\n<p><span style=\"font-size: 14pt;\">de los que me interrogaban, el sr. Dr. Marques dos Santos pens\u00f3<\/span><\/p>\n<p><span style=\"font-size: 14pt;\">que pod\u00eda ampliar la lista de sus preguntas, y comenz\u00f3 a profundizar<\/span><\/p>\n<p><span style=\"font-size: 14pt;\">un poco. Antes de contestar, con una simple mirada, pregunt\u00e9<\/span><\/p>\n<p><span style=\"font-size: 14pt;\">172<\/span><\/p>\n<p><span style=\"font-size: 14pt;\">al confesor. El me sac\u00f3 del apuro respondiendo por m\u00ed. Record\u00f3 al<\/span><\/p>\n<p><span style=\"font-size: 14pt;\">interlocutor que se pasaba de los derechos que le eran concedidos.<\/span><\/p>\n<p><span style=\"font-size: 14pt;\">Casi lo mismo me pas\u00f3 en el interrogatorio del sr. Dr. Fischer.<\/span><\/p>\n<p><span style=\"font-size: 14pt;\">Autorizado por V. Excia. Reverend\u00edsima y por la Rvda. Madre Provincial,<\/span><\/p>\n<p><span style=\"font-size: 14pt;\">parec\u00eda tener derecho a preguntarme todo. Pero gracias a<\/span><\/p>\n<p><span style=\"font-size: 14pt;\">Dios que ven\u00eda acompa\u00f1ado por el confesor. En un momento dado,<\/span><\/p>\n<p><span style=\"font-size: 14pt;\">sac\u00f3 una pregunta premeditada sobre el secreto. Me sent\u00ed perpleja,<\/span><\/p>\n<p><span style=\"font-size: 14pt;\">sin saber qu\u00e9 contestar. Una mirada; el confesor me entendi\u00f3 y<\/span><\/p>\n<p><span style=\"font-size: 14pt;\">respondi\u00f3 por m\u00ed. El interlocutor entendi\u00f3 tambi\u00e9n y se limit\u00f3 a taparme<\/span><\/p>\n<p><span style=\"font-size: 14pt;\">la cara con unas revistas que ten\u00eda delante.<\/span><\/p>\n<p><span style=\"font-size: 14pt;\">As\u00ed Dios me iba mostrando que a\u00fan no hab\u00eda llegado el momento<\/span><\/p>\n<p><span style=\"font-size: 14pt;\">por \u00c9l establecido.<\/span><\/p>\n<p><span style=\"font-size: 14pt;\">Paso, entonces, a escribir las apariciones de Nuestra Se\u00f1ora.<\/span><\/p>\n<p><span style=\"font-size: 14pt;\">No me paro a escribir las circunstancias que las preceden, ni las<\/span><\/p>\n<p><span style=\"font-size: 14pt;\">que las siguieron, habida cuenta que el sr. Dr. Galamba hizo el<\/span><\/p>\n<p><span style=\"font-size: 14pt;\">favor de dispensarme de ello.<\/span><\/p>\n<p>&nbsp;<\/p>\n<ol start=\"3\">\n<li><span style=\"font-size: 14pt;\"><strong>El trece de mayo<\/strong><\/span><\/li>\n<\/ol>\n<p>&nbsp;<\/p>\n<p><span style=\"font-size: 14pt;\">D\u00eda 13 de mayo de 1917. \u2013 Estando jugando con Jacinta y<\/span><\/p>\n<p><span style=\"font-size: 14pt;\">Francisco encima de la pendiente de Cova de Ir\u00eda, haciendo<\/span><\/p>\n<p><span style=\"font-size: 14pt;\">una pared alrededor de una mata, vimos, de repente, como un<\/span><\/p>\n<p><span style=\"font-size: 14pt;\">rel\u00e1mpago.<\/span><\/p>\n<p><span style=\"font-size: 14pt;\">\u2013 Es mejor irnos ahora para casa \u2013dije a mis primos\u2013, hay<\/span><\/p>\n<p><span style=\"font-size: 14pt;\">rel\u00e1mpagos; puede venir tormenta.<\/span><\/p>\n<p><span style=\"font-size: 14pt;\">\u2013 Pues s\u00ed.<\/span><\/p>\n<p><span style=\"font-size: 14pt;\">Y comenzamos a descender la ladera, llevando las ovejas en<\/span><\/p>\n<p><span style=\"font-size: 14pt;\">direcci\u00f3n del camino. Al llegar poco m\u00e1s o menos a la mitad de la<\/span><\/p>\n<p><span style=\"font-size: 14pt;\">ladera, muy cerca de una encina grande que all\u00ed hab\u00eda, vimos otro<\/span><\/p>\n<p><span style=\"font-size: 14pt;\">rel\u00e1mpago; y, dados algunos pasos m\u00e1s adelante, vimos sobre<\/span><\/p>\n<p><span style=\"font-size: 14pt;\">una carrasca una Se\u00f1ora, vestida toda de blanco, m\u00e1s brillante<\/span><\/p>\n<p><span style=\"font-size: 14pt;\">que el sol, irradiando una luz m\u00e1s clara e intensa que un vaso de<\/span><\/p>\n<p><span style=\"font-size: 14pt;\">cristal, lleno de agua cristalina, atravesado por los rayos del sol<\/span><\/p>\n<p><span style=\"font-size: 14pt;\">m\u00e1s ardiente. Nos detuvimos sorprendidos por la aparici\u00f3n. Est\u00e1bamos<\/span><\/p>\n<p><span style=\"font-size: 14pt;\">tan cerca que nos qued\u00e1bamos dentro de la luz que la<\/span><\/p>\n<p><span style=\"font-size: 14pt;\">cercaba, o que Ella irradiaba. Tal vez a metro y medio de distancia<\/span><\/p>\n<p><span style=\"font-size: 14pt;\">m\u00e1s o menos.<\/span><\/p>\n<p><span style=\"font-size: 14pt;\">Entonces Nuestra Se\u00f1ora nos dijo:<\/span><\/p>\n<p><span style=\"font-size: 14pt;\">\u2013 No teng\u00e1is miedo. No os voy a hacer da\u00f1o.<\/span><\/p>\n<p><span style=\"font-size: 14pt;\">173<\/span><\/p>\n<p><span style=\"font-size: 14pt;\">\u2013 \u00bfDe d\u00f3nde es Vd.? \u2013 le pregunt\u00e9.<\/span><\/p>\n<p><span style=\"font-size: 14pt;\">\u2013 Soy del Cielo.<\/span><\/p>\n<p><span style=\"font-size: 14pt;\">\u2013 \u00bfY qu\u00e9 es lo que Vd. quiere?<\/span><\/p>\n<p><span style=\"font-size: 14pt;\">\u2013 Vengo a pediros que veng\u00e1is aqu\u00ed seis meses seguidos, el<\/span><\/p>\n<p><span style=\"font-size: 14pt;\">d\u00eda 13 a esta misma hora. Despu\u00e9s os dir\u00e9 qui\u00e9n soy y lo que<\/span><\/p>\n<p><span style=\"font-size: 14pt;\">quiero. Despu\u00e9s volver\u00e9 aqu\u00ed a\u00fan una s\u00e9ptima vez (12).<\/span><\/p>\n<p><span style=\"font-size: 14pt;\">\u2013 Y yo, \u00bftambi\u00e9n voy al Cielo?<\/span><\/p>\n<p><span style=\"font-size: 14pt;\">\u2013 S\u00ed, vas.<\/span><\/p>\n<p><span style=\"font-size: 14pt;\">\u2013 Y, \u00bfJacinta?<\/span><\/p>\n<p><span style=\"font-size: 14pt;\">\u2013 Tambi\u00e9n.<\/span><\/p>\n<p><span style=\"font-size: 14pt;\">\u2013 Y \u00bfFrancisco?<\/span><\/p>\n<p><span style=\"font-size: 14pt;\">\u2013 Tambi\u00e9n; pero tiene que rezar muchos Rosarios.<\/span><\/p>\n<p><span style=\"font-size: 14pt;\">Entonces me acord\u00e9 de preguntar por dos muchachas que<\/span><\/p>\n<p><span style=\"font-size: 14pt;\">hab\u00edan muerto hac\u00eda poco. Eran amigas m\u00edas e iban a mi casa a<\/span><\/p>\n<p><span style=\"font-size: 14pt;\">aprender a tejer con mi hermana mayor.<\/span><\/p>\n<p><span style=\"font-size: 14pt;\">\u2013 \u00bfMar\u00eda de las Nieves ya est\u00e1 en el Cielo?<\/span><\/p>\n<p><span style=\"font-size: 14pt;\">\u2013 S\u00ed, est\u00e1. (Me parece que deb\u00eda de tener unos diecis\u00e9is a\u00f1os).<\/span><\/p>\n<p><span style=\"font-size: 14pt;\">\u2013 Y, \u00bfAmelia?<\/span><\/p>\n<p><span style=\"font-size: 14pt;\">\u2013 Estar\u00e1 en el Purgatorio hasta el fin del mundo (13). Me parece<\/span><\/p>\n<p><span style=\"font-size: 14pt;\">que deb\u00eda de tener de dieciocho a veinte a\u00f1os).<\/span><\/p>\n<p><span style=\"font-size: 14pt;\">\u2013\u00bfQuer\u00e9is ofreceros a Dios para soportar todos los sufrimientos<\/span><\/p>\n<p><span style=\"font-size: 14pt;\">que El quisiera enviaros, en acto de desagravio por los<\/span><\/p>\n<p><span style=\"font-size: 14pt;\">pecados con que es ofendido y de s\u00faplica por la conversi\u00f3n de los<\/span><\/p>\n<p><span style=\"font-size: 14pt;\">pecadores?<\/span><\/p>\n<p><span style=\"font-size: 14pt;\">\u2013 S\u00ed, queremos.<\/span><\/p>\n<p><span style=\"font-size: 14pt;\">\u2013 Tendr\u00e9is, pues, mucho que sufrir, pero la gracia de Dios ser\u00e1<\/span><\/p>\n<p><span style=\"font-size: 14pt;\">vuestra fortaleza.<\/span><\/p>\n<p><span style=\"font-size: 14pt;\">Fue al pronunciar estas \u00faltimas palabras (la gracia de Dios,<\/span><\/p>\n<p><span style=\"font-size: 14pt;\">etc&#8230;) cuando abri\u00f3 por primera vez las manos comunic\u00e1ndonos<\/span><\/p>\n<p><span style=\"font-size: 14pt;\">una luz tan intensa como un reflejo que de ellas se irradiaba, que<\/span><\/p>\n<p><span style=\"font-size: 14pt;\">nos penetraba en el pecho y en lo m\u00e1s \u00edntimo del alma, haci\u00e9ndonos<\/span><\/p>\n<p><span style=\"font-size: 14pt;\">ver a nosotros mismos en Dios que era esa luz, m\u00e1s claramente<\/span><\/p>\n<p><span style=\"font-size: 14pt;\">que nos vemos en el mejor de los espejos. Entonces por un<\/span><\/p>\n<p><span style=\"font-size: 14pt;\">(12) Esta \u00abs\u00e9ptima vez\u00bb ya aconteci\u00f3 la ma\u00f1anita del d\u00eda 16 de junio de 1921,<\/span><\/p>\n<p><span style=\"font-size: 14pt;\">cuando Luc\u00eda se desped\u00eda de la Cova de Ir\u00eda. Se trataba de una aparici\u00f3n<\/span><\/p>\n<p><span style=\"font-size: 14pt;\">particular y personal.<\/span><\/p>\n<p><span style=\"font-size: 14pt;\">(13) Puede significar: \u00abPor mucho tiempo\u00bb.<\/span><\/p>\n<p><span style=\"font-size: 14pt;\">174<\/span><\/p>\n<p><span style=\"font-size: 14pt;\">impulso \u00edntimo, tambi\u00e9n comunicado, ca\u00edmos de rodillas y repet\u00edamos<\/span><\/p>\n<p><span style=\"font-size: 14pt;\">\u00edntimamente: \u00abOh Sant\u00edsima Trinidad, yo Os adoro. Dios m\u00edo,<\/span><\/p>\n<p><span style=\"font-size: 14pt;\">Dios m\u00edo, yo Os amo en el Sant\u00edsimo Sacramento\u00bb.<\/span><\/p>\n<p><span style=\"font-size: 14pt;\">Pasados los primeros momentos, Nuestra Se\u00f1ora a\u00f1adi\u00f3:<\/span><\/p>\n<p><span style=\"font-size: 14pt;\">\u2013 Rezad el Rosario todos los d\u00edas, para alcanzar la paz para el<\/span><\/p>\n<p><span style=\"font-size: 14pt;\">mundo y el fin de la guerra.<\/span><\/p>\n<p><span style=\"font-size: 14pt;\">En seguida comenz\u00f3 a elevarse suavemente, subiendo en direcci\u00f3n<\/span><\/p>\n<p><span style=\"font-size: 14pt;\">al naciente, hasta desaparecer en la inmensidad de la lejan\u00eda.<\/span><\/p>\n<p><span style=\"font-size: 14pt;\">La luz que la rodeaba iba como abriendo camino en la b\u00f3veda<\/span><\/p>\n<p><span style=\"font-size: 14pt;\">de los astros, motivo por el cual alguna vez dijimos que hab\u00edamos<\/span><\/p>\n<p><span style=\"font-size: 14pt;\">visto abrirse el Cielo.<\/span><\/p>\n<p><span style=\"font-size: 14pt;\">Me parece que ya expuse en lo escrito sobre Jacinta o en una<\/span><\/p>\n<p><span style=\"font-size: 14pt;\">carta, que el miedo que sent\u00edamos, no fue propiamente de Nuestra<\/span><\/p>\n<p><span style=\"font-size: 14pt;\">Se\u00f1ora, sino de la tormenta que supusimos iba a venir, y de la cual<\/span><\/p>\n<p><span style=\"font-size: 14pt;\">quer\u00edamos huir. Las apariciones de Nuestra Se\u00f1ora no infunden<\/span><\/p>\n<p><span style=\"font-size: 14pt;\">miedo o temor, pero si sorpresa. Cuando preguntaban si hab\u00edamos<\/span><\/p>\n<p><span style=\"font-size: 14pt;\">sentido miedo, y dec\u00eda que s\u00ed, me refer\u00eda al miedo que hab\u00edamos<\/span><\/p>\n<p><span style=\"font-size: 14pt;\">tenido de los rel\u00e1mpagos y del trueno que supon\u00eda vendr\u00eda pr\u00f3ximo;<\/span><\/p>\n<p><span style=\"font-size: 14pt;\">y de eso fue de lo que quer\u00edamos huir, pues est\u00e1bamos habituados<\/span><\/p>\n<p><span style=\"font-size: 14pt;\">a ver rel\u00e1mpagos s\u00f3lo cuando tronaba.<\/span><\/p>\n<p><span style=\"font-size: 14pt;\">Los rel\u00e1mpagos tampoco eran propiamente rel\u00e1mpagos, sino<\/span><\/p>\n<p><span style=\"font-size: 14pt;\">el reflejo de una luz que se aproximaba. Por ver esta luz es por lo<\/span><\/p>\n<p><span style=\"font-size: 14pt;\">que dec\u00edamos a veces que ve\u00edamos venir a Nuestra Se\u00f1ora; pero a<\/span><\/p>\n<p><span style=\"font-size: 14pt;\">Nuestra Se\u00f1ora propiamente s\u00f3lo la distingu\u00edamos en esa luz cuando<\/span><\/p>\n<p><span style=\"font-size: 14pt;\">estaba ya sobre la encina. El no sabernos explicar o el querer<\/span><\/p>\n<p><span style=\"font-size: 14pt;\">evitar preguntas fue lo que dio lugar a que algunas veces dec\u00edamos<\/span><\/p>\n<p><span style=\"font-size: 14pt;\">que la ve\u00edamos venir; otras que no. Cuando dec\u00edamos que s\u00ed,<\/span><\/p>\n<p><span style=\"font-size: 14pt;\">que la ve\u00edamos venir, nos refer\u00edamos a que ve\u00edamos aproximarse<\/span><\/p>\n<p><span style=\"font-size: 14pt;\">esa luz que al final era Ella. Y cuando dec\u00edamos que no la ve\u00edamos<\/span><\/p>\n<p><span style=\"font-size: 14pt;\">venir, nos refer\u00edamos a que Nuestra Se\u00f1ora s\u00f3lo la ve\u00edamos propiamente<\/span><\/p>\n<p><span style=\"font-size: 14pt;\">cuando estaba ya sobre la encina.<\/span><\/p>\n<p>&nbsp;<\/p>\n<ol start=\"4\">\n<li><span style=\"font-size: 14pt;\"><strong>El trece de junio<\/strong><\/span><\/li>\n<\/ol>\n<p><span style=\"font-size: 14pt;\"><strong>\u00a0<\/strong><\/span><\/p>\n<p><span style=\"font-size: 14pt;\">D\u00eda 13 de junio de 1917. \u2013 Despu\u00e9s de rezar el Rosario con<\/span><\/p>\n<p><span style=\"font-size: 14pt;\">Jacinta y Francisco y algunas personas que estaban presentes,<\/span><\/p>\n<p><span style=\"font-size: 14pt;\">vimos de nuevo el reflejo de la luz que se acercaba (y que llam\u00e1bamos<\/span><\/p>\n<p><span style=\"font-size: 14pt;\">rel\u00e1mpago), y en seguida a Nuestra Se\u00f1ora sobre la encina,<\/span><\/p>\n<p><span style=\"font-size: 14pt;\">todo lo mismo que en Mayo.<\/span><\/p>\n<p><span style=\"font-size: 14pt;\">175<\/span><\/p>\n<p><span style=\"font-size: 14pt;\">\u2013 \u00bfQu\u00e9 quiere Usted de m\u00ed? \u2013 pregunt\u00e9.<\/span><\/p>\n<p><span style=\"font-size: 14pt;\">\u2013 Quiero que veng\u00e1is aqu\u00ed el d\u00eda 13 del mes que viene; que<\/span><\/p>\n<p><span style=\"font-size: 14pt;\">rec\u00e9is el Rosario todos los d\u00edas y que aprend\u00e1is a leer. Despu\u00e9s<\/span><\/p>\n<p><span style=\"font-size: 14pt;\">dir\u00e9 lo que quiero.<\/span><\/p>\n<p><span style=\"font-size: 14pt;\">Ped\u00ed la curaci\u00f3n de un enfermo.<\/span><\/p>\n<p><span style=\"font-size: 14pt;\">\u2013 Si se convierte, se curar\u00e1 durante el a\u00f1o.<\/span><\/p>\n<p><span style=\"font-size: 14pt;\">\u2013 Quer\u00eda pedirle que nos llevase al Cielo.<\/span><\/p>\n<p><span style=\"font-size: 14pt;\">\u2013 S\u00ed; a Jacinta y a Francisco los llevar\u00e9 pronto. Pero t\u00fa quedar\u00e1s<\/span><\/p>\n<p><span style=\"font-size: 14pt;\">aqu\u00ed alg\u00fan tiempo m\u00e1s. Jes\u00fas quiere servirse de ti para darme<\/span><\/p>\n<p><span style=\"font-size: 14pt;\">a conocer y amar. El quiere establecer en el mundo la devoci\u00f3n a<\/span><\/p>\n<p><span style=\"font-size: 14pt;\">mi Inmaculado Coraz\u00f3n (14).<\/span><\/p>\n<p><span style=\"font-size: 14pt;\">\u2013\u00bfMe quedo aqu\u00ed sola? \u2013 pregunt\u00e9, con pena.<\/span><\/p>\n<p><span style=\"font-size: 14pt;\">\u2013 No, hija. \u00bfY t\u00fa sufres mucho? No te desanimes. Yo nunca te<\/span><\/p>\n<p><span style=\"font-size: 14pt;\">dejar\u00e9. Mi Inmaculado Coraz\u00f3n ser\u00e1 tu refugio y el camino que te<\/span><\/p>\n<p><span style=\"font-size: 14pt;\">conducir\u00e1 hasta Dios.<\/span><\/p>\n<p><span style=\"font-size: 14pt;\">Fue en el momento en que dijo estas palabras, cuando abri\u00f3<\/span><\/p>\n<p><span style=\"font-size: 14pt;\">las manos y nos comunic\u00f3, por segunda vez, el reflejo de esa luz<\/span><\/p>\n<p><span style=\"font-size: 14pt;\">inmensa. En ella nos ve\u00edamos como sumergidos en Dios. Jacinta y<\/span><\/p>\n<p><span style=\"font-size: 14pt;\">Francisco parec\u00edan estar en la parte de la luz que se elevaba al<\/span><\/p>\n<p><span style=\"font-size: 14pt;\">Cielo y yo en la que esparc\u00eda sobre la tierra. Delante de la palma de<\/span><\/p>\n<p><span style=\"font-size: 14pt;\">la mano derecha de Nuestra Se\u00f1ora estaba un coraz\u00f3n, cercado<\/span><\/p>\n<p><span style=\"font-size: 14pt;\">de espinas, que parec\u00edan estar clavadas en \u00e9l. Comprendimos que<\/span><\/p>\n<p><span style=\"font-size: 14pt;\">era el Inmaculado Coraz\u00f3n de Mar\u00eda, ultrajado por los pecados de<\/span><\/p>\n<p><span style=\"font-size: 14pt;\">la Humanidad, que ped\u00eda reparaci\u00f3n.<\/span><\/p>\n<p><span style=\"font-size: 14pt;\">He aqu\u00ed, Exmo. y Reverend\u00edsimo Sr. Obispo, a lo que nos refer\u00edamos<\/span><\/p>\n<p><span style=\"font-size: 14pt;\">cuando dec\u00edamos que Nuestra Se\u00f1ora nos hab\u00eda revelado<\/span><\/p>\n<p><span style=\"font-size: 14pt;\">un secreto en el mes de junio. Nuestra Se\u00f1ora no nos mand\u00f3 a\u00fan,<\/span><\/p>\n<p><span style=\"font-size: 14pt;\">esta vez, guardar secreto; pero sent\u00edamos que Dios nos mov\u00eda a eso.<\/span><\/p>\n<p>&nbsp;<\/p>\n<ol start=\"5\">\n<li><span style=\"font-size: 14pt;\"><strong>El trece de julio<\/strong><\/span><\/li>\n<\/ol>\n<p>&nbsp;<\/p>\n<p><span style=\"font-size: 14pt;\">D\u00eda 13 de julio de 1917. \u2013 Momentos despu\u00e9s de haber llegado<\/span><\/p>\n<p><span style=\"font-size: 14pt;\">a Cova de Ir\u00eda, junto a la carrasca, entre una numerosa multitud<\/span><\/p>\n<p><span style=\"font-size: 14pt;\">del pueblo, estando rezando el Rosario, vimos el resplandor de la<\/span><\/p>\n<p><span style=\"font-size: 14pt;\">acostumbrada luz y, en seguida, a Nuestra Se\u00f1ora sobre la carrasca.<\/span><\/p>\n<p><span style=\"font-size: 14pt;\">(14) Aqu\u00ed Lucia, tal vez por la prisa omite el final del p\u00e1rrafo, que en otros documentos<\/span><\/p>\n<p><span style=\"font-size: 14pt;\">dice: A quien la abrazare, le prometo la salvaci\u00f3n; y estas almas ser\u00e1n<\/span><\/p>\n<p><span style=\"font-size: 14pt;\">amadas por Dios, como flores puestas por mi para adornar su trono.<\/span><\/p>\n<p><span style=\"font-size: 14pt;\">176<\/span><\/p>\n<p><span style=\"font-size: 14pt;\">\u2013 \u00bfQu\u00e9 quiere Usted de m\u00ed? \u2013 pregunt\u00e9.<\/span><\/p>\n<p><span style=\"font-size: 14pt;\">\u2013 Quiero que vengais aqu\u00ed el d\u00eda 13 del mes que viene; que<\/span><\/p>\n<p><span style=\"font-size: 14pt;\">continu\u00e9is rezando el Rosario todos los d\u00edas, en honor de Nuestra<\/span><\/p>\n<p><span style=\"font-size: 14pt;\">Se\u00f1ora del Rosario, para obtener la paz del mundo y el fin de la<\/span><\/p>\n<p><span style=\"font-size: 14pt;\">guerra, porque s\u00f3lo Ella lo puede conseguir.<\/span><\/p>\n<p><span style=\"font-size: 14pt;\">\u2013 Quer\u00eda pedirle que nos dijera qui\u00e9n es Vd., que haga un<\/span><\/p>\n<p><span style=\"font-size: 14pt;\">milagro para que todos crean que Vd. se nos aparece.<\/span><\/p>\n<p><span style=\"font-size: 14pt;\">\u2013 Continuad viniendo aqu\u00ed todos los meses. En octubre dir\u00e9<\/span><\/p>\n<p><span style=\"font-size: 14pt;\">qui\u00e9n soy, y lo que quiero y har\u00e9 un milagro que todos han de ver<\/span><\/p>\n<p><span style=\"font-size: 14pt;\">para creer.<\/span><\/p>\n<p><span style=\"font-size: 14pt;\">Aqu\u00ed hice algunas peticiones que no recuerdo bien cu\u00e1les fueron.<\/span><\/p>\n<p><span style=\"font-size: 14pt;\">Lo que s\u00ed recuerdo es que Nuestra Se\u00f1ora dijo que era preciso<\/span><\/p>\n<p><span style=\"font-size: 14pt;\">rezar el Rosario para alcanzar esas peticiones durante el a\u00f1o. Y<\/span><\/p>\n<p><span style=\"font-size: 14pt;\">continu\u00f3:<\/span><\/p>\n<p><span style=\"font-size: 14pt;\">\u2013 Sacrificaos por los pecadores, y decid muchas veces, en<\/span><\/p>\n<p><span style=\"font-size: 14pt;\">especial cuando hagais algun sacrificio: \u00abOh Jes\u00fas, es por tu amor,<\/span><\/p>\n<p><span style=\"font-size: 14pt;\">por la conversi\u00f3n de los pecadores y en desagravio por los pecados<\/span><\/p>\n<p><span style=\"font-size: 14pt;\">cometidos contra el Inmaculado Coraz\u00f3n de Mar\u00eda\u00bb.<\/span><\/p>\n<p><span style=\"font-size: 14pt;\">Al decir estas \u00faltimas palabras, abri\u00f3 de nuevo las manos como<\/span><\/p>\n<p><span style=\"font-size: 14pt;\">en los meses pasados.<\/span><\/p>\n<p><span style=\"font-size: 14pt;\">El reflejo parec\u00eda penetrar en la tierra y vimos como un mar de<\/span><\/p>\n<p><span style=\"font-size: 14pt;\">fuego. Sumergidos en ese fuego, los demonios y las almas, como<\/span><\/p>\n<p><span style=\"font-size: 14pt;\">si fuesen brasas transparentes y negras o bronceadas, con forma<\/span><\/p>\n<p><span style=\"font-size: 14pt;\">humana que fluctuaban en el incendio, llevadas de las llamas que<\/span><\/p>\n<p><span style=\"font-size: 14pt;\">de ellas mismas sal\u00edan, juntamente con nubes de humo cayendo<\/span><\/p>\n<p><span style=\"font-size: 14pt;\">por todos los lados, semejantes al caer de las pavesas en los grandes<\/span><\/p>\n<p><span style=\"font-size: 14pt;\">incendios, sin peso ni equilibrio, entre gritos y gemidos de dolor<\/span><\/p>\n<p><span style=\"font-size: 14pt;\">y desesperaci\u00f3n, que horrorizaban y hac\u00edan estremecer de pavor.<\/span><\/p>\n<p><span style=\"font-size: 14pt;\">(Debe de haber sido a la vista de esto cuando di aquel \u00ab\u00a1Ay!\u00bb,<\/span><\/p>\n<p><span style=\"font-size: 14pt;\">que dicen haberme o\u00eddo). Los demonios distingu\u00edanse por formas<\/span><\/p>\n<p><span style=\"font-size: 14pt;\">horribles y asquerosas de animales espantosos y desconocidos,<\/span><\/p>\n<p><span style=\"font-size: 14pt;\">pero transparentes como negros carbones en brasa.<\/span><\/p>\n<p><span style=\"font-size: 14pt;\">Asustados, y como para pedir socorro, levantamos la vista hacia<\/span><\/p>\n<p><span style=\"font-size: 14pt;\">Nuestra Se\u00f1ora que nos dijo entre bondadosa y triste:<\/span><\/p>\n<p><span style=\"font-size: 14pt;\">\u2013 Hab\u00e9is visto el infierno, a donde van las almas de los pobres<\/span><\/p>\n<p><span style=\"font-size: 14pt;\">pecadores; para salvarlas, Dios quiere establecer en el mundo<\/span><\/p>\n<p><span style=\"font-size: 14pt;\">la devoci\u00f3n a mi Inmaculado Coraz\u00f3n. Si hicieran lo que os voy<\/span><\/p>\n<p><span style=\"font-size: 14pt;\">a decir, se salvar\u00e1n muchas almas y tendr\u00e1n paz. La guerra va a<\/span><\/p>\n<p><span style=\"font-size: 14pt;\">177<\/span><\/p>\n<p><span style=\"font-size: 14pt;\">acabar. Pero si no dejan de ofender a Dios, en el reinado de P\u00edo XI<\/span><\/p>\n<p><span style=\"font-size: 14pt;\">comenzar\u00e1 otra peor. Cuando ve\u00e1is una noche alumbrada por una<\/span><\/p>\n<p><span style=\"font-size: 14pt;\">luz desconocida (15), sabed que es la grande se\u00f1al que Dios os da de<\/span><\/p>\n<p><span style=\"font-size: 14pt;\">que va a castigar al mundo por sus cr\u00edmenes por medio de la guerra,<\/span><\/p>\n<p><span style=\"font-size: 14pt;\">del hambre y de persecuciones a la Iglesia y al Santo Padre.<\/span><\/p>\n<p><span style=\"font-size: 14pt;\">Para impedirla, vendr\u00e9 a pedir la consagraci\u00f3n de Rusia a mi<\/span><\/p>\n<p><span style=\"font-size: 14pt;\">Inmaculado Coraz\u00f3n, y la Comuni\u00f3n reparadora de los primeros s\u00e1bados<\/span><\/p>\n<p><span style=\"font-size: 14pt;\">(16). Si atendieran mis peticiones, Rusia se convertir\u00e1 y habr\u00e1<\/span><\/p>\n<p><span style=\"font-size: 14pt;\">paz; si no, esparcir\u00e1 sus errores por el mundo, promoviendo guerras<\/span><\/p>\n<p><span style=\"font-size: 14pt;\">y persecuciones a la Iglesia. Los buenos ser\u00e1n martirizados, el Santo<\/span><\/p>\n<p><span style=\"font-size: 14pt;\">Padre tendr\u00e1 que sufrir mucho, varias naciones ser\u00e1n aniquiladas.<\/span><\/p>\n<p><span style=\"font-size: 14pt;\">Por fin, mi Inmaculado Coraz\u00f3n triunfar\u00e1. El Santo Padre me consagrar\u00e1<\/span><\/p>\n<p><span style=\"font-size: 14pt;\">Rusia, que se convertir\u00e1, y ser\u00e1 concedido al mundo alg\u00fan<\/span><\/p>\n<p><span style=\"font-size: 14pt;\">tiempo de paz (17). En Portugal se conservar\u00e1 siempre la doctrina de<\/span><\/p>\n<p><span style=\"font-size: 14pt;\">la Fe, etc. Esto no se lo dig\u00e1is a nadie. A Francisco, si pod\u00e9is dec\u00edrselo.<\/span><\/p>\n<p><span style=\"font-size: 14pt;\">Cuando rec\u00e9is el Rosario, dir\u00e9is, despu\u00e9s de cada misterio: \u00a1Oh<\/span><\/p>\n<p><span style=\"font-size: 14pt;\">Jesus m\u00edo, perd\u00f3nanos, l\u00edbranos del fuego del infierno, lleva todas<\/span><\/p>\n<p><span style=\"font-size: 14pt;\">las almas al cielo, principalmente las m\u00e1s necesitadas!<\/span><\/p>\n<p><span style=\"font-size: 14pt;\">Transcurrido un instante de silencio, pregunt\u00e9:<\/span><\/p>\n<p><span style=\"font-size: 14pt;\">\u2013 Usted \u00bfno quiere de m\u00ed nada m\u00e1s?<\/span><\/p>\n<p><span style=\"font-size: 14pt;\">\u2013 No. Hoy no quiero nada m\u00e1s de ti.<\/span><\/p>\n<p><span style=\"font-size: 14pt;\">Y, como de costumbre, comenz\u00f3 a elevarse en direcci\u00f3n al naciente,<\/span><\/p>\n<p><span style=\"font-size: 14pt;\">hasta desaparecer en la inmensa lejan\u00eda del firmamento.<\/span><\/p>\n<p>&nbsp;<\/p>\n<ol start=\"6\">\n<li><span style=\"font-size: 14pt;\">El trece de agosto<\/span><\/li>\n<\/ol>\n<p>&nbsp;<\/p>\n<p>&nbsp;<\/p>\n<p><span style=\"font-size: 14pt;\">Dia 13 de agosto de 1917. \u2013 Como ya est\u00e1 dicho lo que pas\u00f3<\/span><\/p>\n<p><span style=\"font-size: 14pt;\">en ese mes, no me detengo en eso, y paso a la Aparici\u00f3n, a mi<\/span><\/p>\n<p><span style=\"font-size: 14pt;\">entender el d\u00eda 15, al caer de la tarde. Como en aquella \u00e9poca a\u00fan no<\/span><\/p>\n<p><span style=\"font-size: 14pt;\">sab\u00eda contar los d\u00edas del mes, puede ser que sea yo la que est\u00e9<\/span><\/p>\n<p><span style=\"font-size: 14pt;\">equivocada, pero tengo la idea de que fue el mismo d\u00eda que llegamos<\/span><\/p>\n<p><span style=\"font-size: 14pt;\">de Vila Nova de Our\u00e9m.<\/span><\/p>\n<p><span style=\"font-size: 14pt;\">(15) Tr\u00e1tase de la aurora boreal que aconteci\u00f3 en la noche del 25-26 de enero de<\/span><\/p>\n<ol start=\"1938\">\n<li><span style=\"font-size: 14pt;\">Cf. notas 9 y 20 de la Tercera Memoria.<\/span><\/li>\n<\/ol>\n<p><span style=\"font-size: 14pt;\">(16) V\u00e9ase el Ap\u00e9ndice Primero.<\/span><\/p>\n<p><span style=\"font-size: 14pt;\">(17) V\u00e9ase el Ap\u00e9ndice Segundo.<\/span><\/p>\n<p><span style=\"font-size: 14pt;\">178<\/span><\/p>\n<p><span style=\"font-size: 14pt;\">Estando con las ovejas, en compa\u00f1\u00eda de Francisco y de su<\/span><\/p>\n<p><span style=\"font-size: 14pt;\">hermano Juan, en un lugar llamado Valinhos, y sintiendo que alguna<\/span><\/p>\n<p><span style=\"font-size: 14pt;\">cosa sobrenatural se aproximaba y nos envolv\u00eda, sospechando<\/span><\/p>\n<p><span style=\"font-size: 14pt;\">que Nuestra Se\u00f1ora viniese a aparec\u00e9rsenos, y d\u00e1ndome pena<\/span><\/p>\n<p><span style=\"font-size: 14pt;\">que Jacinta se quedase sin verla, pedimos a su hermano Juan que<\/span><\/p>\n<p><span style=\"font-size: 14pt;\">fuese a llamarla. Como no quer\u00eda, le ofrec\u00ed veinte centavos, y all\u00e1<\/span><\/p>\n<p><span style=\"font-size: 14pt;\">se fue corriendo.<\/span><\/p>\n<p><span style=\"font-size: 14pt;\">Entretanto vi, con Francisco, el reflejo de la luz que llam\u00e1bamos<\/span><\/p>\n<p><span style=\"font-size: 14pt;\">rel\u00e1mpago, y habiendo llegado Jacinta, un instante despu\u00e9s, vimos<\/span><\/p>\n<p><span style=\"font-size: 14pt;\">a Nuestra Se\u00f1ora sobre una carrasca.<\/span><\/p>\n<p><span style=\"font-size: 14pt;\">\u2013 \u00bfQu\u00e9 es lo que Vd. quiere de m\u00ed?<\/span><\/p>\n<p><span style=\"font-size: 14pt;\">\u2013 Quiero que sig\u00e1is yendo a Cova de Ir\u00eda el d\u00eda 13; que continu\u00e9is<\/span><\/p>\n<p><span style=\"font-size: 14pt;\">rezando el Rosario todos los d\u00edas. El \u00faltimo mes har\u00e9 un<\/span><\/p>\n<p><span style=\"font-size: 14pt;\">milagro para que todos crean.<\/span><\/p>\n<p><span style=\"font-size: 14pt;\">\u2013 \u00bfQu\u00e9 es lo que Vd. quiere que se haga con el dinero que la<\/span><\/p>\n<p><span style=\"font-size: 14pt;\">gente deja en Cova de Ir\u00eda?<\/span><\/p>\n<p><span style=\"font-size: 14pt;\">\u2013 Que hagan dos andas: una, ll\u00e9vala t\u00fa con Jacinta y dos ni\u00f1as<\/span><\/p>\n<p><span style=\"font-size: 14pt;\">m\u00e1s, vestidas de blanco; y otra, que la lleve Francisco y tres<\/span><\/p>\n<p><span style=\"font-size: 14pt;\">ni\u00f1os m\u00e1s. El dinero de las andas es para la fiesta de Nuestra Se\u00f1ora<\/span><\/p>\n<p><span style=\"font-size: 14pt;\">del Rosario; lo que sobre es para ayudar a una capilla que<\/span><\/p>\n<p><span style=\"font-size: 14pt;\">deben hacer.<\/span><\/p>\n<p><span style=\"font-size: 14pt;\">\u2013 Quer\u00eda pedirle la curaci\u00f3n de algunos enfermos.<\/span><\/p>\n<p><span style=\"font-size: 14pt;\">\u2013 S\u00ed; a algunos los curar\u00e9 durante el a\u00f1o.<\/span><\/p>\n<p><span style=\"font-size: 14pt;\">Y tomando un aspecto m\u00e1s serio dijo:<\/span><\/p>\n<p><span style=\"font-size: 14pt;\">\u2013 Rezad, rezad mucho, y haced sacrificios por los pecadores,<\/span><\/p>\n<p><span style=\"font-size: 14pt;\">pues van muchas almas al infierno, por no tener quien se sacrifique<\/span><\/p>\n<p><span style=\"font-size: 14pt;\">y pida por ellas.<\/span><\/p>\n<p><span style=\"font-size: 14pt;\">Y como de costumbre comenz\u00f3 a elevarse en direcci\u00f3n al<\/span><\/p>\n<p><span style=\"font-size: 14pt;\">naciente.<\/span><\/p>\n<p>&nbsp;<\/p>\n<ol start=\"7\">\n<li><span style=\"font-size: 14pt;\"><strong>El trece de septiembre<\/strong><\/span><\/li>\n<\/ol>\n<p><span style=\"font-size: 14pt;\"><strong>\u00a0<\/strong><\/span><\/p>\n<p><span style=\"font-size: 14pt;\">Dia 13 de septiembre de 1917. \u2013 Al aproximarse la hora, fui all\u00ed<\/span><\/p>\n<p><span style=\"font-size: 14pt;\">con Jacinta y Francisco, entre numerosas personas que apenas<\/span><\/p>\n<p><span style=\"font-size: 14pt;\">nos dejaban andar. Los caminos estaban api\u00f1ados de gente. Todos<\/span><\/p>\n<p><span style=\"font-size: 14pt;\">nos quer\u00edan ver y hablar. All\u00ed no hab\u00eda respetos humanos. Numerosas<\/span><\/p>\n<p><span style=\"font-size: 14pt;\">personas, y hasta se\u00f1oras y caballeros, consiguiendo romper<\/span><\/p>\n<p><span style=\"font-size: 14pt;\">por entre la multitud que alrededor nuestro se api\u00f1aba, ven\u00edan<\/span><\/p>\n<p><span style=\"font-size: 14pt;\">a postrarse de rodillas delante de nosotros, pidi\u00e9ndonos que pre179<\/span><\/p>\n<p><span style=\"font-size: 14pt;\">sent\u00e1semos a Nuestra Se\u00f1ora sus necesidades. Otros, no consiguiendo<\/span><\/p>\n<p><span style=\"font-size: 14pt;\">llegar hasta nosotros, clamaban desde lejos.<\/span><\/p>\n<p><span style=\"font-size: 14pt;\">\u2013\u00a1Por el amor de Dios! \u00a1Pidan a Nuestra Se\u00f1ora que me cure a<\/span><\/p>\n<p><span style=\"font-size: 14pt;\">mi hijo inv\u00e1lido!<\/span><\/p>\n<p><span style=\"font-size: 14pt;\">Otro:<\/span><\/p>\n<p><span style=\"font-size: 14pt;\">\u2013 \u00a1Que me cure el m\u00edo, que es ciego!<\/span><\/p>\n<p><span style=\"font-size: 14pt;\">Otro:<\/span><\/p>\n<p><span style=\"font-size: 14pt;\">\u2013 \u00a1El m\u00edo, que est\u00e1 sordo!<\/span><\/p>\n<p><span style=\"font-size: 14pt;\">\u2013 \u00a1Que me devuelva a mi marido&#8230;!<\/span><\/p>\n<p><span style=\"font-size: 14pt;\">\u2013 \u00a1&#8230;a mi hijo, que est\u00e1 en la guerra!<\/span><\/p>\n<p><span style=\"font-size: 14pt;\">\u2013 \u00a1Que convierta a un pecador!<\/span><\/p>\n<p><span style=\"font-size: 14pt;\">\u2013 \u00a1Que me d\u00e9 la salud, que estoy tuberculoso!<\/span><\/p>\n<p><span style=\"font-size: 14pt;\">Etc., etc&#8230;<\/span><\/p>\n<p><span style=\"font-size: 14pt;\">All\u00ed aparec\u00edan todas las miserias de la pobre humanidad. Y<\/span><\/p>\n<p><span style=\"font-size: 14pt;\">algunos gritaban desde lo alto de las \u00e1rboles y paredes, donde se<\/span><\/p>\n<p><span style=\"font-size: 14pt;\">sub\u00edan con el fin de vernos pasar. Diciendo a unos que s\u00ed, y dando<\/span><\/p>\n<p><span style=\"font-size: 14pt;\">la mano a otros para ayudarles a levantarse del polvo de la tierra,<\/span><\/p>\n<p><span style=\"font-size: 14pt;\">ah\u00ed \u00edbamos andando gracias a algunos caballeros que nos iban<\/span><\/p>\n<p><span style=\"font-size: 14pt;\">abriendo el paso por entre la multitud.<\/span><\/p>\n<p><span style=\"font-size: 14pt;\">Cuando ahora leo en el Nuevo Testamento esas escenas tan<\/span><\/p>\n<p><span style=\"font-size: 14pt;\">encantadoras del paso del Se\u00f1or por Palestina, recuerdo \u00e9stas que,<\/span><\/p>\n<p><span style=\"font-size: 14pt;\">tan ni\u00f1a todav\u00eda el Se\u00f1or me hizo presenciar en esos pobres caminos<\/span><\/p>\n<p><span style=\"font-size: 14pt;\">y carreteras de Aljustrel a F\u00e1tima y a Cova de Ir\u00eda. Y doy gracias<\/span><\/p>\n<p><span style=\"font-size: 14pt;\">a Dios, ofreci\u00e9ndole la fe de nuestro buen pueblo portugu\u00e9s. Y<\/span><\/p>\n<p><span style=\"font-size: 14pt;\">pienso: si esta gente se humilla as\u00ed delante de tres pobres ni\u00f1os,<\/span><\/p>\n<p><span style=\"font-size: 14pt;\">s\u00f3lo porque a ellos les es concedida misericordiosamente la gracia<\/span><\/p>\n<p><span style=\"font-size: 14pt;\">de hablar con la Madre de Dios, \u00bfqu\u00e9 no har\u00edan si viesen delante<\/span><\/p>\n<p><span style=\"font-size: 14pt;\">de si al propio Jesucristo?<\/span><\/p>\n<p><span style=\"font-size: 14pt;\">Bien, pero esto no pertenece aqu\u00ed. Fue m\u00e1s bien una distracci\u00f3n<\/span><\/p>\n<p><span style=\"font-size: 14pt;\">de la pluma que se me escap\u00f3 por donde yo no quer\u00eda.<\/span><\/p>\n<p><span style=\"font-size: 14pt;\">\u00a1Paciencia! Una cosa m\u00e1s de sobra; pero no la quito, por no inutilizar<\/span><\/p>\n<p><span style=\"font-size: 14pt;\">el cuaderno.<\/span><\/p>\n<p><span style=\"font-size: 14pt;\">Llegamos, por fin, a Cova de Ir\u00eda, junto a la carrasca, y comenzamos<\/span><\/p>\n<p><span style=\"font-size: 14pt;\">a rezar el rosario, con el pueblo. Poco despu\u00e9s, vimos<\/span><\/p>\n<p><span style=\"font-size: 14pt;\">el reflejo de la luz y, seguidamente, a Nuestra Se\u00f1ora sobre la<\/span><\/p>\n<p><span style=\"font-size: 14pt;\">encina.<\/span><\/p>\n<p><span style=\"font-size: 14pt;\">\u2013 Continuad rezando el Rosario, para alcanzar el fin de la guerra.<\/span><\/p>\n<p><span style=\"font-size: 14pt;\">En octubre vendr\u00e1 tambi\u00e9n Nuestro Se\u00f1or, Nuestra Se\u00f1ora de<\/span><\/p>\n<p><span style=\"font-size: 14pt;\">los Dolores y del Carmen y S. Jos\u00e9 con el Ni\u00f1o Jes\u00fas para bende180<\/span><\/p>\n<p><span style=\"font-size: 14pt;\">cir al mundo. Dios est\u00e1 contento con vuestros sacrificios pero no<\/span><\/p>\n<p><span style=\"font-size: 14pt;\">quiere que durm\u00e1is con la cuerda; llevadla s\u00f3lo durante el d\u00eda,<\/span><\/p>\n<p><span style=\"font-size: 14pt;\">\u2013 Me han solicitado para pedirle muchas cosas, la curaci\u00f3n de<\/span><\/p>\n<p><span style=\"font-size: 14pt;\">algunos enfermos, de un sordomudo.<\/span><\/p>\n<p><span style=\"font-size: 14pt;\">\u2013 S\u00ed, a algunos los curar\u00e9; a otros no. En octubre har\u00e9 el milagro<\/span><\/p>\n<p><span style=\"font-size: 14pt;\">para que todos crean.<\/span><\/p>\n<p><span style=\"font-size: 14pt;\">Y comenzando a elevarse, desapareci\u00f3 como de costumbre.<\/span><\/p>\n<p>&nbsp;<\/p>\n<ol start=\"8\">\n<li><span style=\"font-size: 14pt;\"><strong> El trece de octubre<\/strong><\/span><\/li>\n<\/ol>\n<p>&nbsp;<\/p>\n<p><span style=\"font-size: 14pt;\">D\u00eda 13 de octubre de 1917.<\/span><\/p>\n<p>&nbsp;<\/p>\n<p><span style=\"font-size: 14pt;\">\u2013 Salimos de casa bastante temprano,<\/span><\/p>\n<p><span style=\"font-size: 14pt;\">contando con las demoras del camino. El pueblo estaba en<\/span><\/p>\n<p><span style=\"font-size: 14pt;\">masa. Ca\u00eda una lluvia torrencial. Mi madre, temiendo que fuese el<\/span><\/p>\n<p><span style=\"font-size: 14pt;\">\u00faltimo d\u00eda de mi vida, con el coraz\u00f3n partido por la incertidumbre<\/span><\/p>\n<p><span style=\"font-size: 14pt;\">de lo que iba a suceder, quiso acompa\u00f1arme. Por el camino se<\/span><\/p>\n<p><span style=\"font-size: 14pt;\">suced\u00edan las escenas del mes pasado, m\u00e1s numerosas y conmovedoras.<\/span><\/p>\n<p><span style=\"font-size: 14pt;\">Ni el barro de los caminos imped\u00eda a esa gente arrodillarse<\/span><\/p>\n<p><span style=\"font-size: 14pt;\">en la actitud m\u00e1s humilde y suplicante. Llegados a Cova de Iria,<\/span><\/p>\n<p><span style=\"font-size: 14pt;\">junto a la carrasca, transportada por un movimiento interior, ped\u00ed al<\/span><\/p>\n<p><span style=\"font-size: 14pt;\">pueblo que cerrase los paraguas para rezar el Rosario. <strong>Poco despu\u00e9s,<\/strong><\/span><\/p>\n<p><span style=\"font-size: 14pt;\"><strong>vimos el reflejo de la luz y, seguidamente, a Nuestra Se\u00f1ora<\/strong><\/span><\/p>\n<p><span style=\"font-size: 14pt;\"><strong>sobre la encina.<\/strong><\/span><\/p>\n<p><span style=\"font-size: 14pt;\">\u2013 \u00bfQu\u00e9 es lo que quiere Vd. de m\u00ed?<\/span><\/p>\n<p><span style=\"font-size: 14pt;\">\u2013 Quiero decirte que hagan aqu\u00ed una capilla en mi honra; que<\/span><\/p>\n<p><span style=\"font-size: 14pt;\">soy la Se\u00f1ora del Rosario; que contin\u00faen rezando el Rosario todos<\/span><\/p>\n<p><span style=\"font-size: 14pt;\">los d\u00edas. La guerra va a acabar y los soldados volver\u00e1n con brevedad<\/span><\/p>\n<p><span style=\"font-size: 14pt;\">a sus casas.<\/span><\/p>\n<p><span style=\"font-size: 14pt;\">\u2013 Ten\u00eda muchas cosas que pedirle: si curaba a algunos enfermos<\/span><\/p>\n<p><span style=\"font-size: 14pt;\">y si convert\u00eda a algunos pecadores; etc&#8230;<\/span><\/p>\n<p><span style=\"font-size: 14pt;\">\u2013 Unos, s\u00ed; a otros no. Es preciso que se enmienden; que pidan<\/span><\/p>\n<p><span style=\"font-size: 14pt;\">perd\u00f3n por sus pecados.<\/span><\/p>\n<p><span style=\"font-size: 14pt;\">Y tomando un aspecto m\u00e1s triste:<\/span><\/p>\n<p><span style=\"font-size: 14pt;\">\u2013 No ofendan m\u00e1s a Dios Nuestro Se\u00f1or, que ya est\u00e1 muy<\/span><\/p>\n<p><span style=\"font-size: 14pt;\">ofendido.<\/span><\/p>\n<p><span style=\"font-size: 14pt;\">Y, abriendo sus manos, las hizo reflejarse en el sol. Y, mientras<\/span><\/p>\n<p><span style=\"font-size: 14pt;\">se elevaba, continuaba el reflejo de su propia luz proyect\u00e1ndose<\/span><\/p>\n<p><span style=\"font-size: 14pt;\">en el sol.<\/span><\/p>\n<p><span style=\"font-size: 14pt;\">He aqu\u00ed, Exmo. Se\u00f1or Obispo, el motivo por el cual exclam\u00e9<\/span><\/p>\n<p><span style=\"font-size: 14pt;\">que mirasen al sol. Mi fin no era llamar la atenci\u00f3n de la gente hacia<\/span><\/p>\n<p><span style=\"font-size: 14pt;\">181<\/span><\/p>\n<p><span style=\"font-size: 14pt;\">\u00e9l, pues ni siquiera me daba cuenta de su presencia. Lo hice s\u00f3lo<\/span><\/p>\n<p><span style=\"font-size: 14pt;\">llevada por un movimiento interior que me impulsaba a ello.<\/span><\/p>\n<p><span style=\"font-size: 14pt;\">Desaparecida Nuestra Se\u00f1ora en la inmensa lejan\u00eda del firmamento,<\/span><\/p>\n<p><span style=\"font-size: 14pt;\"><strong>vimos al lado del sol, a S. Jos\u00e9 con el Ni\u00f1o y a Nuestra<\/strong><\/span><\/p>\n<p><span style=\"font-size: 14pt;\"><strong>Se\u00f1ora vestida de blanco, con un manto azul. S. Jos\u00e9 con el Ni\u00f1o<\/strong><\/span><\/p>\n<p><span style=\"font-size: 14pt;\">parec\u00edan bendecir al Mundo, con unos gestos que hac\u00edan con la<\/span><\/p>\n<p><span style=\"font-size: 14pt;\">mano en forma de cruz.<\/span><\/p>\n<p><span style=\"font-size: 14pt;\">Poco despu\u00e9s desvanecida esta aparici\u00f3n, vimos a Nuestro<\/span><\/p>\n<p><span style=\"font-size: 14pt;\">Se\u00f1or y a Nuestra Se\u00f1ora, que me daba idea de ser Nuestra Se\u00f1ora<\/span><\/p>\n<p><span style=\"font-size: 14pt;\">de los Dolores. Nuestro Se\u00f1or parec\u00eda bendecir el Mundo de la<\/span><\/p>\n<p><span style=\"font-size: 14pt;\">misma forma que S. Jos\u00e9.<\/span><\/p>\n<p><span style=\"font-size: 14pt;\">Al desvanecerse esta aparici\u00f3n me pareci\u00f3 ver todav\u00eda a Nuestra<\/span><\/p>\n<p><span style=\"font-size: 14pt;\">Se\u00f1ora en forma parecida a Nuestra Se\u00f1ora del Carmen.<\/span><\/p>\n<p>&nbsp;<\/p>\n<p><span style=\"font-size: 14pt;\">EP\u00cdLOGO<\/span><\/p>\n<p>&nbsp;<\/p>\n<p><span style=\"font-size: 14pt;\">He aqu\u00ed, Exmo. y Rvmo. Se\u00f1or Obispo, la historia de las apariciones<\/span><\/p>\n<p><span style=\"font-size: 14pt;\">de Nuestra Se\u00f1ora en Cova de Ir\u00eda, en 1917. Siempre que,<\/span><\/p>\n<p><span style=\"font-size: 14pt;\">por alg\u00fan motivo, ten\u00eda que hablar de ellas, procuraba hacerlo con<\/span><\/p>\n<p><span style=\"font-size: 14pt;\">las m\u00ednimas palabras, con la intenci\u00f3n de guardar para m\u00ed esas<\/span><\/p>\n<p><span style=\"font-size: 14pt;\">partes m\u00e1s \u00edntimas que tanto me costaba manifestar. Pero como<\/span><\/p>\n<p><span style=\"font-size: 14pt;\">ellas son de Dios y no m\u00edas, y \u00c9l ahora por medio de V. E. Rvma.<\/span><\/p>\n<p><span style=\"font-size: 14pt;\">me las reclama, ah\u00ed van. Restituyo lo que no me pertenece.<\/span><\/p>\n<p><span style=\"font-size: 14pt;\">Advertidamente no me reservo nada. Me parece que deben faltar<\/span><\/p>\n<p><span style=\"font-size: 14pt;\">s\u00f3lo algunos peque\u00f1os detalles referente a peticiones que hice.<\/span><\/p>\n<p><span style=\"font-size: 14pt;\">Como eran cosas meramente materiales no les d\u00ed tanta importancia<\/span><\/p>\n<p><span style=\"font-size: 14pt;\">y tal vez por eso no se me grabaron tan vivamente en el alma. Y,<\/span><\/p>\n<p><span style=\"font-size: 14pt;\">adem\u00e1s eran tantas, tantas&#8230; Debido tal vez a preocuparme con el<\/span><\/p>\n<p><span style=\"font-size: 14pt;\">recuerdo de tan innumerables gracias que ten\u00eda que pedir a Nuestra<\/span><\/p>\n<p><span style=\"font-size: 14pt;\">Se\u00f1ora, ca\u00ed en el error de entender que la guerra acababa el<\/span><\/p>\n<p><span style=\"font-size: 14pt;\">mismo d\u00eda 13 (18).<\/span><\/p>\n<p><span style=\"font-size: 14pt;\">No pocas personas se han mostrado bastante sorprendidas<\/span><\/p>\n<p><span style=\"font-size: 14pt;\">por la memoria que Dios se dign\u00f3 darme. Por una bondad infinita,<\/span><\/p>\n<p><span style=\"font-size: 14pt;\">la tengo bastante privilegiada, en todos los sentidos. Pero en estas<\/span><\/p>\n<p><span style=\"font-size: 14pt;\">cosas sobrenaturales no es de admirar, porque ellas se graban en<\/span><\/p>\n<p><span style=\"font-size: 14pt;\">(18) Luc\u00eda parece que fue inducida a errar por las personas que se acercaban y le<\/span><\/p>\n<p><span style=\"font-size: 14pt;\">urg\u00edan sobre que la guerra acababa en aquel d\u00eda.<\/span><\/p>\n<p><span style=\"font-size: 14pt;\">182<\/span><\/p>\n<p><span style=\"font-size: 14pt;\">el alma de tal forma, que casi es imposible olvidarlas. Por lo menos<\/span><\/p>\n<p><span style=\"font-size: 14pt;\">el sentido de las cosas que indican, nunca se olvida, a no ser que<\/span><\/p>\n<p><span style=\"font-size: 14pt;\">Dios quiera tambi\u00e9n que se olvide.<\/span><\/p>\n<p>&nbsp;<\/p>\n<p>&nbsp;<\/p>\n","protected":false},"excerpt":{"rendered":"<p>Tweet HISTORIA DE LAS APARICIONES &nbsp; PR\u00d3LOGO &nbsp; Ahora, Exmo. y Rvmo. Se\u00f1or Obispo, ahora s\u00ed que ser\u00e1 la p\u00e1gina m\u00e1s costosa de cuantas V. Excia. Rvma. me ha mandado escribir. Porque, despu\u00e9s de haberme mandado escribir, en particular las apariciones del \u00c1ngel, con todos sus detalles y pormenores, y, en cuanto me fue posible, [&hellip;]<\/p>\n","protected":false},"author":1,"featured_media":0,"comment_status":"open","ping_status":"open","sticky":false,"template":"","format":"standard","meta":{"footnotes":""},"categories":[4],"tags":[],"class_list":["post-57440","post","type-post","status-publish","format-standard","hentry","category-divulgacion"],"_links":{"self":[{"href":"http:\/\/www.floracantabrica.com\/index.php?rest_route=\/wp\/v2\/posts\/57440","targetHints":{"allow":["GET"]}}],"collection":[{"href":"http:\/\/www.floracantabrica.com\/index.php?rest_route=\/wp\/v2\/posts"}],"about":[{"href":"http:\/\/www.floracantabrica.com\/index.php?rest_route=\/wp\/v2\/types\/post"}],"author":[{"embeddable":true,"href":"http:\/\/www.floracantabrica.com\/index.php?rest_route=\/wp\/v2\/users\/1"}],"replies":[{"embeddable":true,"href":"http:\/\/www.floracantabrica.com\/index.php?rest_route=%2Fwp%2Fv2%2Fcomments&post=57440"}],"version-history":[{"count":1,"href":"http:\/\/www.floracantabrica.com\/index.php?rest_route=\/wp\/v2\/posts\/57440\/revisions"}],"predecessor-version":[{"id":57441,"href":"http:\/\/www.floracantabrica.com\/index.php?rest_route=\/wp\/v2\/posts\/57440\/revisions\/57441"}],"wp:attachment":[{"href":"http:\/\/www.floracantabrica.com\/index.php?rest_route=%2Fwp%2Fv2%2Fmedia&parent=57440"}],"wp:term":[{"taxonomy":"category","embeddable":true,"href":"http:\/\/www.floracantabrica.com\/index.php?rest_route=%2Fwp%2Fv2%2Fcategories&post=57440"},{"taxonomy":"post_tag","embeddable":true,"href":"http:\/\/www.floracantabrica.com\/index.php?rest_route=%2Fwp%2Fv2%2Ftags&post=57440"}],"curies":[{"name":"wp","href":"https:\/\/api.w.org\/{rel}","templated":true}]}}