{"id":57371,"date":"2024-05-11T10:31:25","date_gmt":"2024-05-11T08:31:25","guid":{"rendered":"http:\/\/www.floracantabrica.com\/?p=57371"},"modified":"2024-05-13T10:59:28","modified_gmt":"2024-05-13T08:59:28","slug":"lourdes-espanol-17-una-conversion-11-524","status":"publish","type":"post","link":"http:\/\/www.floracantabrica.com\/?p=57371","title":{"rendered":"Lourdes.Espa\u00f1ol.17.UNA CONVERSI\u00d3N.11.524"},"content":{"rendered":"<p><a href=\"http:\/\/twitter.com\/share?url=http%3A%2F%2Fwww.floracantabrica.com%2F%3Fp%3D57371&amp;count=none&amp;lang=es&amp;via=lorencincoreses&amp;related=Mujerverdosa&amp;text=Lourdes.Espa\u00f1ol.17.UNA CONVERSI\u00d3N.11.524 - Flora Cant\u00e1brica\" class=\"twitter-share-button\">Tweet<\/a><\/p><p><span style=\"font-size: 14pt;\"><strong>UNA CONVERSI\u00d3N <\/strong><\/span><\/p>\n<p>&nbsp;<\/p>\n<p><span style=\"font-size: 14pt;\">La cuenta el mismo interesado, el conde Bruissard: <em>Me hallaba en Cauterets cuando tanto se hablaba de las apariciones de Lourdes. No cre\u00eda en la existencia de Dios; era un incr\u00e9dulo y, lo que es peor, un ateo. Hab\u00eda le\u00eddo en un peri\u00f3dico del pa\u00eds que Bernardita, el d\u00eda 16 de julio, hab\u00eda tenido una aparici\u00f3n y que la Virgen le hab\u00eda sonre\u00eddo. Determin\u00e9 ir a Lourdes como curioso y ver si pod\u00eda pillar a la peque\u00f1a en flagrante delito de mentira. <\/em><\/span><\/p>\n<p>&nbsp;<\/p>\n<p><span style=\"font-size: 14pt;\"><em>Fui a casa de los Soubirous y encontr\u00e9 a Bernardita en la puerta, ocupada en zurcir unas medias. Despu\u00e9s de un largo interrogatorio sobre las apariciones, le pregunt\u00e9: <\/em><\/span><\/p>\n<p><span style=\"font-size: 14pt;\">&#8211; <em>Vamos a ver, \u00bfc\u00f3mo sonre\u00eda esa hermosa Se\u00f1ora? <\/em><\/span><\/p>\n<p>&nbsp;<\/p>\n<p><span style=\"font-size: 14pt;\"><em>La pastorcilla me mir\u00f3 con extra\u00f1eza y, despu\u00e9s de haber guardado un corto silencio, me dijo: <\/em><\/span><\/p>\n<p>&nbsp;<\/p>\n<p><span style=\"font-size: 14pt;\">&#8211; <em>\u00a1Oh, se\u00f1or! Se tendr\u00eda que ser del cielo para poder sonre\u00edr de semejante modo. <\/em><\/span><\/p>\n<p>&nbsp;<\/p>\n<p><span style=\"font-size: 14pt;\">&#8211; <em>\u00bfNo podr\u00eda hacer algo semejante para m\u00ed? Soy un incr\u00e9dulo y no creo en sus apariciones. <\/em><\/span><\/p>\n<p>&nbsp;<\/p>\n<p>&nbsp;<\/p>\n<p><span style=\"font-size: 14pt;\"><em>El rostro de la ni\u00f1a se ensombreci\u00f3. <\/em><\/span><\/p>\n<p>&nbsp;<\/p>\n<p><span style=\"font-size: 14pt;\">&#8211; <em>Entonces, se\u00f1or, \u00bfcree usted que soy una embustera? <\/em><\/span><\/p>\n<p>&nbsp;<\/p>\n<p><span style=\"font-size: 14pt;\"><em>Me sent\u00ed desarmado. No, Bernardita no era una embustera, y casi estuve a punto de ponerme de rodillas para pedirle perd\u00f3n. <\/em><\/span><\/p>\n<p>&nbsp;<\/p>\n<p><span style=\"font-size: 14pt;\">&#8211; <em>Ya que usted es un pecador, dijo, voy a imitar la sonrisa de la Virgen <\/em><\/span><\/p>\n<p>&nbsp;<\/p>\n<p>&nbsp;<\/p>\n<p><span style=\"font-size: 14pt;\"><strong><em>La ni\u00f1a se levant\u00f3 muy lentamente, junt\u00f3 las manos y dibuj\u00f3 una sonrisa celestial como yo no hab\u00eda visto nunca en labios mortales<\/em><\/strong><em>. Su rostro qued\u00f3 lleno de un reflejo turbador. Segu\u00eda sonriendo, con los ojos mirando al cielo. Permanec\u00ed inm\u00f3vil delante de ella, persuadido de haber visto sonre\u00edr a la Virgen a trav\u00e9s del rostro de la vidente.<\/em><\/span><\/p>\n<p><span style=\"font-size: 14pt;\"><em>\u00a0<\/em><\/span><\/p>\n<p>&nbsp;<\/p>\n<p><span style=\"font-size: 14pt;\"><strong><em>Desde entonces, conservo en la intimidad de mi alma este divino recuerdo. He perdido a mi mujer y a mis dos hijas, pero me parece que no estoy solo en el mundo. Vivo con la sonrisa de la Virgen<\/em><\/strong><\/span><\/p>\n<p>&nbsp;<\/p>\n<p><span style=\"font-size: 14pt;\"><strong>ENFERMERA Y SACRISTANA<\/strong><\/span><\/p>\n<p><span style=\"font-size: 14pt;\">Durante el a\u00f1o 1871, se enferm\u00f3 gravemente la enfermera titular y Bernardita tom\u00f3 la direcci\u00f3n de la enfermer\u00eda en sus manos.<\/span><\/p>\n<p>&nbsp;<\/p>\n<p><span style=\"font-size: 14pt;\"><strong>CONTIN\u00daAN SUS MALES \u00b4<\/strong><\/span><\/p>\n<p>&nbsp;<\/p>\n<p><span style=\"font-size: 14pt;\">En octubre de 1875 ya estaba en muy mal estado de salud e incapaz de hacer ning\u00fan trabajo. Tuvo que quedarse en la enfermer\u00eda, dedicando su tiempo a la lectura y la oraci\u00f3n.\u00a0 En junio de 1876, Bernardita hab\u00eda perdido el uso de sus piernas y fue llevada a misa en una silla de ruedas. \u00c9l ten\u00eda un absceso cacgenoso severo en una rodilla. A pesar de los dolores que ten\u00eda y ofrec\u00eda por los pecadores, dijo: Soy m\u00e1s feliz en mi cama con mi crucifijo que una reina en su trono 142.<\/span><\/p>\n<p><span style=\"font-size: 14pt;\"><strong>LA MUERTE <\/strong><\/span><\/p>\n<p>&nbsp;<\/p>\n<p><span style=\"font-size: 14pt;\">Desde 1867 \u00f3 1868 padec\u00eda un tumor blanco en la rodilla derecha. Durante el invierno de 1877 se agrav\u00f3 el mal. Ahora el tumor hab\u00eda adquirido proporciones enormes, ocasion\u00e1ndole continuos dolores. Al propio tiempo, la caries se apoder\u00f3 de sus debilitados huesos<\/span><\/p>\n<p>&nbsp;<\/p>\n<p><span style=\"font-size: 14pt;\">Hacia las tres y cuarto tom\u00f3 el crucifijo entre las manos y bes\u00f3 lentamente las cinco llagas. Unos momentos antes hab\u00eda dicho: <em>Dios m\u00edo, te amo con todo mi coraz\u00f3n, con toda mi alma y con todas mis fuerzas <\/em><em>154<\/em><em>. Tres hermanas, que estaban a su lado, repet\u00edan sin cesar: \u201cJes\u00fas, Mar\u00eda y Jos\u00e9, tened piedad de ella y protegedla\u201d <\/em><em>155<\/em><em>. <\/em><\/span><\/p>\n<p>&nbsp;<\/p>\n<p><span style=\"font-size: 14pt;\"><em>\u00a0<\/em><\/span><\/p>\n<p><span style=\"font-size: 14pt;\">Sus \u00faltimas palabras fueron: <em>Santa Mar\u00eda, madre de Dios, ruega por m\u00ed, pobre pecadora&#8230; pobre pecadora<\/em><\/span><\/p>\n<p>&nbsp;<\/p>\n","protected":false},"excerpt":{"rendered":"<p>TweetUNA CONVERSI\u00d3N &nbsp; La cuenta el mismo interesado, el conde Bruissard: Me hallaba en Cauterets cuando tanto se hablaba de las apariciones de Lourdes. No cre\u00eda en la existencia de Dios; era un incr\u00e9dulo y, lo que es peor, un ateo. Hab\u00eda le\u00eddo en un peri\u00f3dico del pa\u00eds que Bernardita, el d\u00eda 16 de julio, [&hellip;]<\/p>\n","protected":false},"author":1,"featured_media":0,"comment_status":"open","ping_status":"open","sticky":false,"template":"","format":"standard","meta":{"footnotes":""},"categories":[1],"tags":[],"class_list":["post-57371","post","type-post","status-publish","format-standard","hentry","category-flora"],"_links":{"self":[{"href":"http:\/\/www.floracantabrica.com\/index.php?rest_route=\/wp\/v2\/posts\/57371","targetHints":{"allow":["GET"]}}],"collection":[{"href":"http:\/\/www.floracantabrica.com\/index.php?rest_route=\/wp\/v2\/posts"}],"about":[{"href":"http:\/\/www.floracantabrica.com\/index.php?rest_route=\/wp\/v2\/types\/post"}],"author":[{"embeddable":true,"href":"http:\/\/www.floracantabrica.com\/index.php?rest_route=\/wp\/v2\/users\/1"}],"replies":[{"embeddable":true,"href":"http:\/\/www.floracantabrica.com\/index.php?rest_route=%2Fwp%2Fv2%2Fcomments&post=57371"}],"version-history":[{"count":1,"href":"http:\/\/www.floracantabrica.com\/index.php?rest_route=\/wp\/v2\/posts\/57371\/revisions"}],"predecessor-version":[{"id":57372,"href":"http:\/\/www.floracantabrica.com\/index.php?rest_route=\/wp\/v2\/posts\/57371\/revisions\/57372"}],"wp:attachment":[{"href":"http:\/\/www.floracantabrica.com\/index.php?rest_route=%2Fwp%2Fv2%2Fmedia&parent=57371"}],"wp:term":[{"taxonomy":"category","embeddable":true,"href":"http:\/\/www.floracantabrica.com\/index.php?rest_route=%2Fwp%2Fv2%2Fcategories&post=57371"},{"taxonomy":"post_tag","embeddable":true,"href":"http:\/\/www.floracantabrica.com\/index.php?rest_route=%2Fwp%2Fv2%2Ftags&post=57371"}],"curies":[{"name":"wp","href":"https:\/\/api.w.org\/{rel}","templated":true}]}}