{"id":57006,"date":"2024-02-28T11:32:38","date_gmt":"2024-02-28T09:32:38","guid":{"rendered":"http:\/\/www.floracantabrica.com\/?p=57006"},"modified":"2025-01-30T11:51:51","modified_gmt":"2025-01-30T09:51:51","slug":"san-maximiliano-kolbe3a-espanol282-24","status":"publish","type":"post","link":"http:\/\/www.floracantabrica.com\/?p=57006","title":{"rendered":"San Maximiliano Kolbe3a.espa\u00f1ol,28,2.24"},"content":{"rendered":"<p><a href=\"http:\/\/twitter.com\/share?url=http%3A%2F%2Fwww.floracantabrica.com%2F%3Fp%3D57006&amp;count=none&amp;lang=es&amp;via=lorencincoreses&amp;related=Mujerverdosa&amp;text=San Maximiliano Kolbe3a.espa\u00f1ol,28,2.24 - Flora Cant\u00e1brica\" class=\"twitter-share-button\">Tweet<\/a><\/p><p><span style=\"font-size: 14pt;\"><strong>San Maximiliano Kolbe<\/strong><\/span><\/p>\n<p><span style=\"font-size: 14pt;\">Franciscano polaco. Dedicado al periodismo cat\u00f3lico, <strong>fue arrestado por la Gestapo en 1941, y se ofreci\u00f3 para morir en lugar de un compatriota polaco,<\/strong> casado y padre de familia, que hab\u00eda sido condenado al b\u00fanker del hambre.<\/span><\/p>\n<p><span style=\"font-size: 14pt;\">,,,,,,,,<\/span><\/p>\n<p><span style=\"font-size: 14pt;\">,,,,,<\/span><\/p>\n<p><span style=\"font-size: 14pt;\">Alrededor del 1906, sucede un acontecimiento que marca un jal\u00f3n fundamental en la vida de<\/span><\/p>\n<p>&nbsp;<\/p>\n<p><span style=\"font-size: 14pt;\"><strong>Maximiliano, deja preocupada y desconcertada a la madre. Ella misma lo relata, a los pocos meses del martirio del hijo<\/strong>. \u00ab<strong>Sabia yo de antemano, en base a un caso extraordinario que le sucedi\u00f3 en los a\u00f1os de la infancia, que Maximiliano morir\u00eda m\u00e1rtir<\/strong>. Solo no recuerdo si sucedi\u00f3 antes o despu\u00e9s de su primera confesi\u00f3n.<\/span><\/p>\n<p><span style=\"font-size: 14pt;\">&#8230;&#8230;.<\/span><\/p>\n<p><span style=\"font-size: 14pt;\">&#8230;&#8230;<\/span><\/p>\n<p><span style=\"font-size: 14pt;\">Una vez no me gusto nada una travesura, y se la reproche: Ni\u00f1o m\u00edo, \u00a1quien sabe lo que sera de ti!. Despu\u00e9s, yo no pens\u00e9 mas, pero observe que el muchacho hab\u00eda cambiado tan radicalmente, que no se pod\u00eda reconocer mas. Ten\u00edamos un peque\u00f1o altar escondido ente dos roperos, ante el cual el a menudo se retiraba sin hacerse notar y rezaba llorando. <strong>En general, tenia una conducta superior a su edad, siempre recogido y serio, y cuando rezaba, estallaba en lagrimas. Estuve preocupada, pensando en alguna enfermedad, y le pregunte: \u00bfte pasa algo? \u00a1Has de contar todo a tu mamita<\/strong><\/span><\/p>\n<p><span style=\"font-size: 14pt;\">&#8230;&#8230;.<\/span><\/p>\n<p><span style=\"font-size: 14pt;\">&#8230;&#8230;<\/span><\/p>\n<p><span style=\"font-size: 14pt;\">Temblando de emoci\u00f3n y con los ojos anegados en lagrimas, me cont\u00f3: \u00abMama, cuando me reprochaste, ped\u00ed <strong>mucho a la Virgen me dijera lo que seria de mi. Lo mismo en la iglesia, le volv\u00ed a rogar. Entonces se me apareci\u00f3 la Virgen, teniendo en las manos dos coronas: una blanca y otra roja. Me miro con cari\u00f1o y me pregunto si quer\u00eda esas dos coronas. La blanca significaba que perseverar\u00eda en la pureza y la roja que seria m\u00e1rtir. Conteste que las aceptaba&#8230; (las dos). Entonces la Virgen me miro con dulzura y desapareci\u00f3<\/strong>\u00ab.<\/span><\/p>\n<h3><span style=\"font-size: 14pt;\">,,,,,,<\/span><\/h3>\n<h3><span style=\"font-size: 14pt;\">,,,,<\/span><\/h3>\n<h3><span style=\"font-size: 14pt;\">UNA REVISTA<\/span><\/h3>\n<p><span style=\"font-size: 14pt;\">&#8230;&#8230;.<\/span><\/p>\n<p><span style=\"font-size: 14pt;\">&#8230;&#8230;&#8230;<\/span><\/p>\n<p><span style=\"font-size: 14pt;\">En enero de 1922 sal\u00eda a la calle un grupo de j\u00f3venes franciscanos conventuales del seminario de Cracovia con el primer n\u00famero del Rycerz Niepokalanej (el Caballero de la Inmacu1ada) bajo el brazo. La gente se sorprendi\u00f3. No era normal encontrar a un fraile vendiendo revistas por la calle<\/span><\/p>\n<p><span style=\"font-size: 14pt;\">&#8230;&#8230;.<\/span><\/p>\n<p><span style=\"font-size: 14pt;\">&#8230;.<\/span><\/p>\n<p><span style=\"font-size: 14pt;\"><strong>Quiere \u00abforrar el mundo entero con papel impreso para devolver a las almas la alegr\u00eda de vivir\u00bb. All\u00ed el crecimiento de la M.I. ser\u00e1 vertiginoso en las dos vertientes: editorial y vocacional<\/strong>. El padre Maximiliano emprendi\u00f3 esta nueva tarea editorial que llego a ser la obra quiz\u00e1s mas fecunda de apostolado en nombre de la Inmaculada. Como toda obra nueva conoci\u00f3 las dificultades iniciales. Le costo tiempo para ser conocida, apreciada e imponerse.<\/span><\/p>\n<p><span style=\"font-size: 14pt;\">,,<\/span><\/p>\n<p><span style=\"font-size: 14pt;\">,,,,,<\/span><\/p>\n<p><span style=\"font-size: 14pt;\">El P<strong>. Kolbe esta en la lista negra de la Polic\u00eda Secreta. \u00bfPor que? El Padre Kolbe es el superior de Niepokalanow, cuyas actividades marianas tienen tanta influencia<\/strong> en toda Polonia. Los nazis quieren destruir esa influencia y a la vez quieren vengarse de que de esos talleres sal\u00eda \u00abEl Peque\u00f1o Diario\u00bb cuya predica patriota y cat\u00f3lica tanto los hab\u00eda enfurecido. Peor mas aun, el P. Kolbe por su sacerdocio, cultura y posici\u00f3n era dirigente notable. En el programa de ocupaci\u00f3n estaba previsto el exterminio de los intelectuales y dirigentes. Adem\u00e1s, en Niepokalanow se brindaba asilo a los jud\u00edos. A los ojos antisemitas de los nazis, eso era un delito que merec\u00eda el castigo de los campos de concentraci\u00f3n<\/span><\/p>\n<p><span style=\"font-size: 14pt;\">,,,,,,,<\/span><\/p>\n<p><span style=\"font-size: 14pt;\">,,,,,,,<\/span><\/p>\n<p><span style=\"font-size: 14pt;\">.. El padre Maximiliano Kolbe, que aconsejaba siempre no hacer nada con precipitaci\u00f3n, sino solamente despu\u00e9s de haber adquirido la serenidad suficiente y de confiarse a la voluntad de Dios y de la Inmaculada, debi\u00f3 proceder as\u00ed aquella <strong>calurosa tarde de finales de julio de 1941, cuando se ofreci\u00f3 a morir en lugar de otro prisionero<\/strong>. Cuando dio el paso adelante, no pensaba solamente en aquel pobre padre de familia, sino en los nueve restantes, condenados injustamente a morir, lentamente, de hambre y de sed. Tambi\u00e9n ellos necesitaban ser salvados, sanados de tantas heridas y reconciliados antes de su muerte.<\/span><\/p>\n<p><span style=\"font-size: 14pt;\">,,,,,,,<\/span><\/p>\n<p><span style=\"font-size: 14pt;\">,,,,,,,,<\/span><\/p>\n<p><span style=\"font-size: 14pt;\"><strong>Durante dos semanas algo cambi\u00f3 en Auschwitz: por primera vez no hubo gritos de desesperaci\u00f3n, ni se oyeron blasfemias ni amenazas en los s\u00f3tanos del bunker del hambre. Lo ocurrido all\u00ed lo sabemos por un testigo de excepci\u00f3n, un polaco que serv\u00eda de int\u00e9rprete<\/strong> entre los condenados y los guardias alemanes. He aqu\u00ed parte de su relato:<\/span><\/p>\n<p><span style=\"font-size: 14pt;\">&#8212;&#8212;&#8211;<\/span><\/p>\n<p><span style=\"font-size: 14pt;\">&#8212;&#8212;<\/span><\/p>\n<p>&nbsp;<\/p>\n<p><span style=\"font-size: 14pt;\">De la celda donde estaban los infelices se escuchaban cada d\u00eda las oraciones recitadas en voz alta, el rosario y los cantos religiosos a los que se un\u00edan tambi\u00e9n los prisioneros de otras celdas<\/span><\/p>\n<p><span style=\"font-size: 14pt;\">&#8230;&#8230;.<\/span><\/p>\n<p><span style=\"font-size: 14pt;\">&#8230;&#8230;&#8230;.<\/span><\/p>\n<p><span style=\"font-size: 14pt;\"><strong>.. Es posible que en la mente del padre Maximiliano resonaran aquellas palabras escritas por \u00e9l mismo a\u00f1os atr\u00e1s: \u00abCu\u00e1nta paz y felicidad aut\u00e9ntica infunde en un religioso el convencimiento de que cumple seguro la voluntad de Dios, de ser con seguridad un instrumento en manos de la Inmaculada&#8230; En fin, qu\u00e9 dulce ser\u00e1 su muerte; de qu\u00e9 serenidad y de qu\u00e9 dulzura llenar\u00e1 su coraz\u00f3n la conciencia de que en todo ha cumplido \u00fanica y exclusivamente la voluntad de Dios y la voluntad de la Inmaculada&#8230;\u00bb<\/strong><\/span><\/p>\n<p><span style=\"font-size: 14pt;\"><strong>&#8230;&#8230;&#8230;<\/strong><\/span><\/p>\n<p><span style=\"font-size: 14pt;\"><strong>&#8230;&#8230;<\/strong><\/span><\/p>\n<p><span style=\"font-size: 14pt;\">.. El sacrificio se consum\u00f3 el 14 de agosto. Una inyecci\u00f3n de \u00e1cido f\u00e9nico puso fin a la penosa agon\u00eda de los cuatro prisioneros que a\u00fan permanec\u00edan con vida, entre ellos el padre Kolbe<\/span><\/p>\n<p><span style=\"font-size: 14pt;\">&#8230;&#8230;..<\/span><\/p>\n<p><span style=\"font-size: 14pt;\">&#8230;&#8230;..<\/span><\/p>\n<p><span style=\"font-size: 14pt;\">&#8230;<\/span><\/p>\n","protected":false},"excerpt":{"rendered":"<p>TweetSan Maximiliano Kolbe Franciscano polaco. Dedicado al periodismo cat\u00f3lico, fue arrestado por la Gestapo en 1941, y se ofreci\u00f3 para morir en lugar de un compatriota polaco, casado y padre de familia, que hab\u00eda sido condenado al b\u00fanker del hambre. ,,,,,,,, ,,,,, Alrededor del 1906, sucede un acontecimiento que marca un jal\u00f3n fundamental en la [&hellip;]<\/p>\n","protected":false},"author":1,"featured_media":0,"comment_status":"open","ping_status":"open","sticky":false,"template":"","format":"standard","meta":{"footnotes":""},"categories":[4],"tags":[],"class_list":["post-57006","post","type-post","status-publish","format-standard","hentry","category-divulgacion"],"_links":{"self":[{"href":"http:\/\/www.floracantabrica.com\/index.php?rest_route=\/wp\/v2\/posts\/57006","targetHints":{"allow":["GET"]}}],"collection":[{"href":"http:\/\/www.floracantabrica.com\/index.php?rest_route=\/wp\/v2\/posts"}],"about":[{"href":"http:\/\/www.floracantabrica.com\/index.php?rest_route=\/wp\/v2\/types\/post"}],"author":[{"embeddable":true,"href":"http:\/\/www.floracantabrica.com\/index.php?rest_route=\/wp\/v2\/users\/1"}],"replies":[{"embeddable":true,"href":"http:\/\/www.floracantabrica.com\/index.php?rest_route=%2Fwp%2Fv2%2Fcomments&post=57006"}],"version-history":[{"count":1,"href":"http:\/\/www.floracantabrica.com\/index.php?rest_route=\/wp\/v2\/posts\/57006\/revisions"}],"predecessor-version":[{"id":57007,"href":"http:\/\/www.floracantabrica.com\/index.php?rest_route=\/wp\/v2\/posts\/57006\/revisions\/57007"}],"wp:attachment":[{"href":"http:\/\/www.floracantabrica.com\/index.php?rest_route=%2Fwp%2Fv2%2Fmedia&parent=57006"}],"wp:term":[{"taxonomy":"category","embeddable":true,"href":"http:\/\/www.floracantabrica.com\/index.php?rest_route=%2Fwp%2Fv2%2Fcategories&post=57006"},{"taxonomy":"post_tag","embeddable":true,"href":"http:\/\/www.floracantabrica.com\/index.php?rest_route=%2Fwp%2Fv2%2Ftags&post=57006"}],"curies":[{"name":"wp","href":"https:\/\/api.w.org\/{rel}","templated":true}]}}