{"id":56987,"date":"2024-02-23T11:34:10","date_gmt":"2024-02-23T09:34:10","guid":{"rendered":"http:\/\/www.floracantabrica.com\/?p=56987"},"modified":"2025-01-26T13:35:44","modified_gmt":"2025-01-26T11:35:44","slug":"beata-ana-catalina-emmerick-y-su-angel-custodio-23-2-24","status":"publish","type":"post","link":"http:\/\/www.floracantabrica.com\/?p=56987","title":{"rendered":"BEATA ANA CATALINA EMMERICK.Y SU \u00c1NGEL CUSTODIO.23-2.24"},"content":{"rendered":"<p><a href=\"http:\/\/twitter.com\/share?url=http%3A%2F%2Fwww.floracantabrica.com%2F%3Fp%3D56987&amp;count=none&amp;lang=es&amp;via=lorencincoreses&amp;related=Mujerverdosa&amp;text=BEATA ANA CATALINA EMMERICK.Y SU \u00c1NGEL CUSTODIO.23-2.24 - Flora Cant\u00e1brica\" class=\"twitter-share-button\">Tweet<\/a><\/p><p><span style=\"font-size: 14pt;\"><strong>BEATA ANA CATALINA EMMERICK <\/strong><\/span><\/p>\n<p><span style=\"font-size: 14pt;\">&#8230;&#8230;&#8230;&#8230;&#8230;.<\/span><\/p>\n<p><span style=\"font-size: 14pt;\"><strong>Y SU \u00c1NGEL CUSTODIO<\/strong><\/span><\/p>\n<p><span style=\"font-size: 14pt;\"><strong>&#8230;&#8230;..<\/strong><\/span><\/p>\n<p><span style=\"font-size: 14pt;\"><strong>&#8230;&#8230;.<\/strong><\/span><\/p>\n<p>&nbsp;<\/p>\n<p>&nbsp;<\/p>\n<p><span style=\"font-size: 14pt;\"><img loading=\"lazy\" decoding=\"async\" class=\"aligncenter size-full wp-image-39575\" src=\"http:\/\/www.floracantabrica.com\/wp-content\/uploads\/2017\/08\/image002127.jpg\" alt=\"\" width=\"567\" height=\"802\" srcset=\"http:\/\/www.floracantabrica.com\/wp-content\/uploads\/2017\/08\/image002127.jpg 567w, http:\/\/www.floracantabrica.com\/wp-content\/uploads\/2017\/08\/image002127-212x300.jpg 212w\" sizes=\"auto, (max-width: 567px) 100vw, 567px\" \/><\/span><\/p>\n<p>&nbsp;<\/p>\n<p><span style=\"font-size: 14pt;\"><strong>&#8230;..<\/strong><\/span><\/p>\n<p><span style=\"font-size: 14pt;\">Una peculiaridad suya fue el vivir en permanente di\u00e1logo con su \u00e1ngel custodio.<\/span><\/p>\n<p><span style=\"font-size: 14pt;\">&#8230;&#8230;&#8230;&#8230;<\/span><\/p>\n<p><span style=\"font-size: 14pt;\">&#8230;&#8230;&#8230;<\/span><\/p>\n<p><span style=\"font-size: 14pt;\">Ana Catalina (1774-1824) vivi\u00f3 en una \u00e9poca de guerras y revoluciones.<\/span><\/p>\n<p><span style=\"font-size: 14pt;\">&#8230;&#8230;<\/span><\/p>\n<p><span style=\"font-size: 14pt;\">&#8230;&#8230;.<\/span><\/p>\n<p><span style=\"font-size: 14pt;\">Fue beatificada por el papa <a href=\"https:\/\/es.wikipedia.org\/wiki\/Juan_Pablo_II\">Juan Pablo II<\/a> el <a href=\"https:\/\/es.wikipedia.org\/wiki\/3_de_octubre\">3 de octubre<\/a> de <a href=\"https:\/\/es.wikipedia.org\/wiki\/2004\">2004<\/a>. Emmerick es el apellido consignado en Alemania.<\/span><\/p>\n<p><span style=\"font-size: 14pt;\">&#8230;&#8230;..<\/span><\/p>\n<p><span style=\"font-size: 14pt;\">&#8230;&#8230;.<\/span><\/p>\n<p><span style=\"font-size: 14pt;\">Desde peque\u00f1a dec\u00eda tener visiones en las que se le aparec\u00eda principalmente <a href=\"https:\/\/es.wikipedia.org\/wiki\/Jesucristo\">Jesucristo<\/a> cedi\u00e9ndole su cruz. Ingres\u00f3 en un convento de agustinas. Cuando ten\u00eda 24 a\u00f1os le empezaron a aparecer heridas sangrantes, <a href=\"https:\/\/es.wikipedia.org\/wiki\/Estigma_(milagro)\">estigmas<\/a> que se hac\u00edan visibles peri\u00f3dicamente en <a href=\"https:\/\/es.wikipedia.org\/wiki\/Navidad\">Navidad<\/a> y A\u00f1o Nuevo<\/span><\/p>\n<p><span style=\"font-size: 14pt;\">&#8230;&#8230;&#8230;..<\/span><\/p>\n<p><span style=\"font-size: 14pt;\">&#8230;&#8230;&#8230;..<\/span><\/p>\n<p>&nbsp;<\/p>\n<p><span style=\"font-size: 14pt;\">En <strong><a href=\"https:\/\/es.wikipedia.org\/wiki\/1813\">1813<\/a> estando ella enferma en cama, aparecieron los estigm<\/strong>as en su cuerpo. Una comisi\u00f3n episcopal fue la encargada de investigar su vida y examinar sus signos milagrosos. El Vicario general <a href=\"https:\/\/es.wikipedia.org\/w\/index.php?title=Orvergerg&amp;action=edit&amp;redlink=1\">Orvergerg<\/a> y tres m\u00e9dicos, uno de ellos <a href=\"https:\/\/es.wikipedia.org\/wiki\/Protestante\">protestante<\/a>, se encargaron de la investigaci\u00f3n. El procedimiento dur\u00f3 m\u00e1s de tres meses. Al parecer ellos se convencieron de su <a href=\"https:\/\/es.wikipedia.org\/wiki\/Santidad\">santidad<\/a> y la autenticidad de sus estigmas.<\/span><\/p>\n<p><span style=\"font-size: 14pt;\">&#8230;&#8230;&#8230;&#8230;<\/span><\/p>\n<p><span style=\"font-size: 14pt;\">&#8230;&#8230;&#8230;.<\/span><\/p>\n<p><span style=\"font-size: 14pt;\">A finales de 1818 Ana Catalina revela que <a href=\"https:\/\/es.wikipedia.org\/wiki\/Dios\">Dios<\/a> le concede a trav\u00e9s de la <a href=\"https:\/\/es.wikipedia.org\/wiki\/Oraci%C3%B3n_(religi%C3%B3n)\">oraci\u00f3n<\/a> el alivio de sus estigmas; y las heridas de sus manos y sus pies se cierran, pero los dem\u00e1s se mantienen, y el <a href=\"https:\/\/es.wikipedia.org\/wiki\/Viernes_Santo\">Viernes Santo<\/a> todos se vuelven a abrir<\/span><\/p>\n<p><span style=\"font-size: 14pt;\">&#8212;&#8211;<\/span><\/p>\n<p><span style=\"font-size: 14pt;\">&#8212;&#8212;<\/span><\/p>\n<p><span style=\"font-size: 14pt;\">Cuando se efectu\u00f3 la segunda investigaci\u00f3n eclesi\u00e1stica en <a href=\"https:\/\/es.wikipedia.org\/wiki\/1819\">1819<\/a>, indujeron al famoso poeta <a href=\"https:\/\/es.wikipedia.org\/wiki\/Clemens_Brentano\">Clemente Brentano<\/a>, a visitarla<strong>; para gran asombro de este, ella le dijo que le hab\u00eda sido se\u00f1alado por inspiraci\u00f3n divina como el hombre que escribir\u00eda sus revelaciones y permitir\u00eda cumplir con la voluntad de Dios, es decir, escribir para el bien de innumerables almas la revelaciones recibidas por ella<\/strong>.<\/span><\/p>\n<p>&nbsp;<\/p>\n<p><span style=\"font-size: 14pt;\">,,,,,,,,,,,,<\/span><\/p>\n<p><span style=\"font-size: 14pt;\">,,,,,,,,,<\/span><\/p>\n<p><span style=\"font-size: 14pt;\">Brentano ingres\u00f3 en el monasterio de D\u00fclmen (<a href=\"https:\/\/es.wikipedia.org\/wiki\/Westfalia\">Westfalia<\/a>), donde vivi\u00f3 en r\u00e9gimen de clausura como secretario de la beata <a href=\"https:\/\/es.wikipedia.org\/wiki\/Anna_Katharina_Emmerich\">Anna Katharina Emmerich<\/a> (1774-1824), religiosa agustina, <strong>de la que afirm\u00f3 que en doce a\u00f1os no se hab\u00eda alimentado m\u00e1s que de la Sagrada Forma (hostia consagrada), ni hab\u00eda bebido nada excepto agua<\/strong>. Brentano acudi\u00f3 durante cinco a\u00f1os junto a su lecho de enferma en D\u00fclmen, para escribir al dictado sus visiones, las cuales public\u00f3 despu\u00e9s de morir la religiosa,<\/span><\/p>\n<p><span style=\"font-size: 14pt;\">&#8230;&#8230;&#8230;..<\/span><\/p>\n<p><span style=\"font-size: 14pt;\">&#8230;&#8230;..<\/span><\/p>\n<p><span style=\"font-size: 14pt;\">Desde 1819 hasta la muerte de Ana Catalina en 1824, Brentano registr\u00f3 sus visiones, llenando cuarenta vol\u00famenes con detalladas escenas y pasajes del <a href=\"https:\/\/es.wikipedia.org\/wiki\/Nuevo_Testamento\">Nuevo Testamento<\/a> y la vida de la <a href=\"https:\/\/es.wikipedia.org\/wiki\/Virgen_Mar%C3%ADa\">Virgen Mar\u00eda<\/a>. Los detalles fueron recogidos con gran viveza, ya que mantienen el inter\u00e9s del lector como una escena gr\u00e1fica que sigue una a la otra en r\u00e1pida sucesi\u00f3n, como si fuese visible para el ojo humano. Brentano tom\u00f3 brevemente por escrito los puntos principales<\/span><\/p>\n<p><span style=\"font-size: 14pt;\">&#8211;<\/span><\/p>\n<p><span style=\"font-size: 14pt;\">&#8212;<\/span><\/p>\n<p>&nbsp;<\/p>\n<p><span style=\"font-size: 14pt;\">Despu\u00e9s de 1824, Brentano tuvo los escritos preparados para su publicaci\u00f3n y en <a href=\"https:\/\/es.wikipedia.org\/wiki\/1833\">1833<\/a> public\u00f3 su primer volumen, <em><a href=\"https:\/\/es.wikipedia.org\/w\/index.php?title=La_Dolorosa_Pasi%C3%B3n_de_Nuestro_Se%C3%B1or_Jesucristo&amp;action=edit&amp;redlink=1\">La Dolorosa Pasi\u00f3n de Nuestro Se\u00f1or Jesucristo<\/a><\/em>, de acuerdo a las visiones de Ana Catalina Emmerick. Brentano prepar\u00f3 entonces para su publicaci\u00f3n la <em>Vida de la Bienaventurada Virgen Mar\u00eda<\/em> de acuerdo a las visiones de Emmerick, pero \u00e9l muri\u00f3 en <a href=\"https:\/\/es.wikipedia.org\/wiki\/1842\">1842<\/a>. El libro fue publicado p\u00f3stumamente en <a href=\"https:\/\/es.wikipedia.org\/wiki\/1852\">1852<\/a> en <a href=\"https:\/\/es.wikipedia.org\/wiki\/M%C3%BAnich\">M\u00fanich<\/a><\/span><\/p>\n<p><span style=\"font-size: 14pt;\">&#8230;&#8230;&#8230;&#8230;.<\/span><\/p>\n<p><span style=\"font-size: 14pt;\">Visiones y Revelaciones de la Beata Anna Katharina Emmerick<\/span><\/p>\n<p><span style=\"font-size: 14pt;\">&#8212;&#8212;-<\/span><\/p>\n<p><span style=\"font-size: 14pt;\">&#8212;-<\/span><\/p>\n<p><span style=\"font-size: 14pt;\">7.Muerte de San Juan Evangelista. Tuve una hermosa visi\u00f3n de la muerte de San Juan. Era ya muy anciano; su rostro empero se conservaba siempre fresco, hermoso y juvenil. Lo he visto en \u00c9feso, en la iglesia, creo, durante tres d\u00edas, partiendo y repartiendo el pan(\/expresi\u00f3n antigua para significar la comuni\u00f3n ). Me pareci\u00f3 que Jes\u00fas se le apareci\u00f3 y le predijo su pr\u00f3xima muerte.<\/span><\/p>\n<p>&nbsp;<\/p>\n<p><span style=\"font-size: 14pt;\">&#8230;&#8230;&#8230;&#8230;&#8230;<\/span><\/p>\n<p>&nbsp;<\/p>\n<p>&nbsp;<\/p>\n","protected":false},"excerpt":{"rendered":"<p>TweetBEATA ANA CATALINA EMMERICK &#8230;&#8230;&#8230;&#8230;&#8230;. Y SU \u00c1NGEL CUSTODIO &#8230;&#8230;.. &#8230;&#8230;. &nbsp; &nbsp; &nbsp; &#8230;.. Una peculiaridad suya fue el vivir en permanente di\u00e1logo con su \u00e1ngel custodio. &#8230;&#8230;&#8230;&#8230; &#8230;&#8230;&#8230; Ana Catalina (1774-1824) vivi\u00f3 en una \u00e9poca de guerras y revoluciones. &#8230;&#8230; &#8230;&#8230;. Fue beatificada por el papa Juan Pablo II el 3 de octubre [&hellip;]<\/p>\n","protected":false},"author":1,"featured_media":0,"comment_status":"open","ping_status":"open","sticky":false,"template":"","format":"standard","meta":{"footnotes":""},"categories":[4],"tags":[],"class_list":["post-56987","post","type-post","status-publish","format-standard","hentry","category-divulgacion"],"_links":{"self":[{"href":"http:\/\/www.floracantabrica.com\/index.php?rest_route=\/wp\/v2\/posts\/56987","targetHints":{"allow":["GET"]}}],"collection":[{"href":"http:\/\/www.floracantabrica.com\/index.php?rest_route=\/wp\/v2\/posts"}],"about":[{"href":"http:\/\/www.floracantabrica.com\/index.php?rest_route=\/wp\/v2\/types\/post"}],"author":[{"embeddable":true,"href":"http:\/\/www.floracantabrica.com\/index.php?rest_route=\/wp\/v2\/users\/1"}],"replies":[{"embeddable":true,"href":"http:\/\/www.floracantabrica.com\/index.php?rest_route=%2Fwp%2Fv2%2Fcomments&post=56987"}],"version-history":[{"count":2,"href":"http:\/\/www.floracantabrica.com\/index.php?rest_route=\/wp\/v2\/posts\/56987\/revisions"}],"predecessor-version":[{"id":56989,"href":"http:\/\/www.floracantabrica.com\/index.php?rest_route=\/wp\/v2\/posts\/56987\/revisions\/56989"}],"wp:attachment":[{"href":"http:\/\/www.floracantabrica.com\/index.php?rest_route=%2Fwp%2Fv2%2Fmedia&parent=56987"}],"wp:term":[{"taxonomy":"category","embeddable":true,"href":"http:\/\/www.floracantabrica.com\/index.php?rest_route=%2Fwp%2Fv2%2Fcategories&post=56987"},{"taxonomy":"post_tag","embeddable":true,"href":"http:\/\/www.floracantabrica.com\/index.php?rest_route=%2Fwp%2Fv2%2Ftags&post=56987"}],"curies":[{"name":"wp","href":"https:\/\/api.w.org\/{rel}","templated":true}]}}