{"id":56958,"date":"2024-02-19T11:39:11","date_gmt":"2024-02-19T09:39:11","guid":{"rendered":"http:\/\/www.floracantabrica.com\/?p=56958"},"modified":"2024-07-22T11:56:13","modified_gmt":"2024-07-22T09:56:13","slug":"edith-stein-martir-2-espanol-19-2-24","status":"publish","type":"post","link":"http:\/\/www.floracantabrica.com\/?p=56958","title":{"rendered":"Edith. Stein.martir.2.ESPA\u00d1OL.19.2.24"},"content":{"rendered":"<p><a href=\"http:\/\/twitter.com\/share?url=http%3A%2F%2Fwww.floracantabrica.com%2F%3Fp%3D56958&amp;count=none&amp;lang=es&amp;via=lorencincoreses&amp;related=Mujerverdosa&amp;text=Edith. Stein.martir.2.ESPA\u00d1OL.19.2.24 - Flora Cant\u00e1brica\" class=\"twitter-share-button\">Tweet<\/a><\/p><p><span style=\"font-size: 14pt;\"><span style=\"font-size: 18pt;\"><strong>La conversi\u00f3n al catolicismo<\/strong> (1921<\/span>-1922).<\/span><\/p>\n<p>&nbsp;<\/p>\n<p><span style=\"font-size: 14pt;\">Los acontecimientos ocurridos entre los a\u00f1os 1918 y 1921 la llevan d<\/span><\/p>\n<p><span style=\"font-size: 14pt;\">efinitivamente a la conversi\u00f3n. En la conversi\u00f3n de Edith Stein hay tres hechos muy significativos.<\/span><\/p>\n<p><span style=\"font-size: 14pt;\">\u00a0El primero sucedi\u00f3 un d\u00eda que estaba de viaje tur\u00edstico, en la ciudad de Frankfurt. Entr\u00f3 en la Catedral y observ\u00f3 <strong>c\u00f3mo una mujer hortelana, con su cesto en la mano<\/strong>, <strong><em>entraba en la iglesia<\/em><\/strong> para rezar. <strong>Esto le llam\u00f3 mucho la atenci\u00f3n porque le pareci\u00f3 que esa se\u00f1ora hablaba con alguien, que parec\u00eda que estaba vivo<\/strong>. Y no solamente eso, sino el hecho de dejar el trabajo por unos minutos y acudir a la iglesia sin que hubiese una celebraci\u00f3n. Para ella era algo ins\u00f3lito, porque recordaba que s\u00f3lo iba a la sinagoga cuando hab\u00eda celebraciones religiosas.<\/span><\/p>\n<p>&nbsp;<\/p>\n<p><span style=\"font-size: 14pt;\">El siguiente sucedi\u00f3 cuando recibi\u00f3 la invitaci\u00f3n de Ana Reinach a su casa, porque hab\u00eda muerto su marido en la guerra, y necesitaba que Edith le ayudase a ordenar todos sus manuscritos. <strong>La muerte de Adolf Reinach afect\u00f3 mucho a nuestra autora, pero le sobrecogi\u00f3 m\u00e1s la paz con la que su viuda aceptaba la muerte de su marido<\/strong>. Stein lo recuerda en su biograf\u00eda: Este fue mi primer encuentro con la cruz. 158 Santa Teresa de Jes\u00fas (1515-1582) 158 Sancho Ferm\u00edn, F. J. (1998). Edith Stein. Pensamiento y paisaje, op, cit, p\u00e1g, 76. 105<\/span><\/p>\n<p>&nbsp;<\/p>\n<p><span style=\"font-size: 18pt;\"><span style=\"font-size: 14pt;\">El tercer suceso ocurri\u00f3 el mes de marzo de 1921, el <strong>definitivo en su conversi\u00f3n<\/strong>; fue la invitaci\u00f3n que recibi\u00f3 del matrimonio Conrad-Martius, para pasar unos d\u00edas en Bad Bergzabern, en el sur de Alemania. Este matrimonio era de religi\u00f3n protestante. Ella, Hedwig, fue la mejor amiga de Edith. Ten\u00edan muchas cosas en com\u00fan. Era fil\u00f3sofa y hab\u00eda sido alumna de Husserl. Realmente nuestra autora ya hab\u00eda le\u00eddo el Nuevo Testamento, por lo tanto, conoc\u00eda a Jesucristo. Pero su duda era si deb\u00eda elegir el protestantismo o el catolicismo. <strong>Hedwig le dio la vida de Santa Teresa de Jes\u00fas de Avila para leer. La ley\u00f3 en una noche y exclam\u00f3: Esta es la verdad.<\/strong> El 1 de enero<\/span> <span style=\"font-size: 14pt;\">de 1922, el padre Eugenio Breitling bautiz\u00f3<\/span><\/span><\/p>\n","protected":false},"excerpt":{"rendered":"<p>TweetLa conversi\u00f3n al catolicismo (1921-1922). &nbsp; Los acontecimientos ocurridos entre los a\u00f1os 1918 y 1921 la llevan d efinitivamente a la conversi\u00f3n. En la conversi\u00f3n de Edith Stein hay tres hechos muy significativos. \u00a0El primero sucedi\u00f3 un d\u00eda que estaba de viaje tur\u00edstico, en la ciudad de Frankfurt. Entr\u00f3 en la Catedral y observ\u00f3 c\u00f3mo [&hellip;]<\/p>\n","protected":false},"author":1,"featured_media":0,"comment_status":"open","ping_status":"open","sticky":false,"template":"","format":"standard","meta":{"footnotes":""},"categories":[4],"tags":[],"class_list":["post-56958","post","type-post","status-publish","format-standard","hentry","category-divulgacion"],"_links":{"self":[{"href":"http:\/\/www.floracantabrica.com\/index.php?rest_route=\/wp\/v2\/posts\/56958","targetHints":{"allow":["GET"]}}],"collection":[{"href":"http:\/\/www.floracantabrica.com\/index.php?rest_route=\/wp\/v2\/posts"}],"about":[{"href":"http:\/\/www.floracantabrica.com\/index.php?rest_route=\/wp\/v2\/types\/post"}],"author":[{"embeddable":true,"href":"http:\/\/www.floracantabrica.com\/index.php?rest_route=\/wp\/v2\/users\/1"}],"replies":[{"embeddable":true,"href":"http:\/\/www.floracantabrica.com\/index.php?rest_route=%2Fwp%2Fv2%2Fcomments&post=56958"}],"version-history":[{"count":1,"href":"http:\/\/www.floracantabrica.com\/index.php?rest_route=\/wp\/v2\/posts\/56958\/revisions"}],"predecessor-version":[{"id":56959,"href":"http:\/\/www.floracantabrica.com\/index.php?rest_route=\/wp\/v2\/posts\/56958\/revisions\/56959"}],"wp:attachment":[{"href":"http:\/\/www.floracantabrica.com\/index.php?rest_route=%2Fwp%2Fv2%2Fmedia&parent=56958"}],"wp:term":[{"taxonomy":"category","embeddable":true,"href":"http:\/\/www.floracantabrica.com\/index.php?rest_route=%2Fwp%2Fv2%2Fcategories&post=56958"},{"taxonomy":"post_tag","embeddable":true,"href":"http:\/\/www.floracantabrica.com\/index.php?rest_route=%2Fwp%2Fv2%2Ftags&post=56958"}],"curies":[{"name":"wp","href":"https:\/\/api.w.org\/{rel}","templated":true}]}}