{"id":56942,"date":"2024-02-16T11:46:05","date_gmt":"2024-02-16T09:46:05","guid":{"rendered":"http:\/\/www.floracantabrica.com\/?p=56942"},"modified":"2024-10-08T10:52:01","modified_gmt":"2024-10-08T08:52:01","slug":"santa-margarita-maria-de-alacoque1a-16224","status":"publish","type":"post","link":"http:\/\/www.floracantabrica.com\/?p=56942","title":{"rendered":"Santa Margarita Mar\u00eda de Alacoque1a.16,2,24"},"content":{"rendered":"<p><a href=\"http:\/\/twitter.com\/share?url=http%3A%2F%2Fwww.floracantabrica.com%2F%3Fp%3D56942&amp;count=none&amp;lang=es&amp;via=lorencincoreses&amp;related=Mujerverdosa&amp;text=Santa Margarita Mar\u00eda de Alacoque1a.16,2,24 - Flora Cant\u00e1brica\" class=\"twitter-share-button\">Tweet<\/a><\/p><p><strong><span style=\"font-size: 18pt;\">Santa Margarita Mar\u00eda de Alacoque<\/span><\/strong><\/p>\n<p>&nbsp;<\/p>\n<p><a href=\"http:\/\/www.floracantabrica.com\/wp-content\/uploads\/2016\/11\/image00232.jpg\"><img loading=\"lazy\" decoding=\"async\" class=\"aligncenter size-full wp-image-36728\" src=\"http:\/\/www.floracantabrica.com\/wp-content\/uploads\/2016\/11\/image00232.jpg\" alt=\"image002\" width=\"567\" height=\"387\" srcset=\"http:\/\/www.floracantabrica.com\/wp-content\/uploads\/2016\/11\/image00232.jpg 567w, http:\/\/www.floracantabrica.com\/wp-content\/uploads\/2016\/11\/image00232-300x204.jpg 300w\" sizes=\"auto, (max-width: 567px) 100vw, 567px\" \/><\/a><\/p>\n<p>&nbsp;<\/p>\n<p>&nbsp;<\/p>\n<p><span style=\"font-size: 14pt;\"><strong>\u00bfQui\u00e9n es Margarita Mar\u00eda de Alacoque?<\/strong><\/span><\/p>\n<p>&nbsp;<\/p>\n<p><span style=\"font-size: 14pt;\"><em>\u00a0\u201cS\u00f3lo por amor tuyo, Dios m\u00edo, me someto a escribir esto por obediencia, pidi\u00e9ndote perd\u00f3n de la resistencia que he puesto en ejecutarlo. Pero como T\u00fa conoces mejor que nadie la gran repugnancia que siento al hacerlo, T\u00fa eres el \u00fanico que puedes darme fuerza para vencerla, ya que recibo esta obediencia como venida de tu parte\u201d. <\/em>(Autobiograf\u00eda).<\/span><\/p>\n<p>&nbsp;<\/p>\n<p>&nbsp;<\/p>\n<p><span style=\"font-size: 14pt;\"><strong>Juventud: tiempo de preparaci\u00f3n<\/strong><\/span><\/p>\n<p><span style=\"font-size: 14pt;\">Margarita Mar\u00eda nace el 22 de julio de 1647 en V\u00e9rosvres, peque\u00f1a ciudad cercana a Paray-le-Monial. Recibe el bautismo el 25. Es la quinta entre siete hermanos.<\/span><\/p>\n<p>&nbsp;<\/p>\n<p><span style=\"font-size: 14pt;\">Su padre, Claudio Alacoque, notario real, muere en 1655, y la madre, Filiberta Lamyn, ante la imposibilidad de ocuparse de los cinco hijos que le quedan, tiene que resolverse a llevar a Margarita, de 8 a\u00f1os, al pensionado de las religiosas de Charolles. Pero permanece all\u00ed s\u00f3lo dos a\u00f1os.<\/span><\/p>\n<p>&nbsp;<\/p>\n<p>&nbsp;<\/p>\n<p><span style=\"font-size: 14pt;\">A consecuencia de una extra\u00f1a enfermedad que le impide todo movimiento, Margarita no permanece all\u00ed m\u00e1s que dos a\u00f1os. Pero la gracia ya la ha tocado:<\/span><\/p>\n<p>&nbsp;<\/p>\n<p>&nbsp;<\/p>\n<p>&nbsp;<\/p>\n<p><span style=\"font-size: 14pt;\"><em>\u201c\u00danico Amor m\u00edo, \u00a1cu\u00e1nto te debo por haberme prevenido desde mi m\u00e1s tierna edad, constituy\u00e9ndote due\u00f1o y poseedor de mi coraz\u00f3n, aunque conoc\u00edas bien la resistencia que hab\u00eda de hacerte!<\/em><\/span><\/p>\n<p>&nbsp;<\/p>\n<p>&nbsp;<\/p>\n<p><span style=\"font-size: 14pt;\"><em>No bien tuve conciencia de m\u00ed misma, hiciste ver a mi alma la fealdad del pecado.<\/em><\/span><\/p>\n<p>&nbsp;<\/p>\n<p>&nbsp;<\/p>\n<p>&nbsp;<\/p>\n<p><span style=\"font-size: 14pt;\"><em>La Sant\u00edsima Virgen tuvo siempre grand\u00edsimo cuidado de m\u00ed; yo recurr\u00eda a Ella en todas mis necesidades y me salvaba de grand\u00edsimos peligros. No me atrev\u00eda a dirigirme a su divino Hijo, sino siempre a Ella\u201d.<\/em><\/span><\/p>\n<p>&nbsp;<\/p>\n<p>&nbsp;<\/p>\n<p><span style=\"font-size: 14pt;\">Muy joven, Margarita se siente interiormente impulsada a entregarse a Dios en la vida religiosa. Y durante su enfermedad, al no encontrarse ning\u00fan remedio, se consagra a la Sant\u00edsima Virgen: <em>\u201cLe promet\u00ed que si me curaba, ser\u00eda un d\u00eda una de sus hijas. Apenas hice este voto, recib\u00ed la salud acompa\u00f1ada de una nueva protecci\u00f3n de la Virgen. Ella me reprend\u00eda mis faltas y me ense\u00f1aba a hacer la voluntad de Dios\u201d.<\/em><\/span><\/p>\n<p>&nbsp;<\/p>\n<p>&nbsp;<\/p>\n<p><span style=\"font-size: 14pt;\">Sin embargo, una vez recobrada la salud, Margarita confiesa que no pensaba m\u00e1s que en divertirse, preocup\u00e1ndose poco de su promesa. Pero la vida en la familia se hace dif\u00edcil. La adolescente va a sufrir y poco a poco va a volverse hacia Dios. Mientras tanto, los suyos pretenden casarla: se presentan buenos partidos. Tiene veinte a\u00f1os. Con todo, <em>\u201cel deseo de la vida religiosa se reaviv\u00f3 tan ardientemente en mi coraz\u00f3n <\/em>\u2013escribe\u2013 <em>que me resolv\u00ed a ser religiosa, al precio que fuera. Pero \u00a1ay! no pudo realizarse hasta cuatro a\u00f1os m\u00e1s tarde\u201d.<\/em><\/span><\/p>\n<p>&nbsp;<\/p>\n<p>&nbsp;<\/p>\n<p><span style=\"font-size: 14pt;\">El Se\u00f1or la impulsa interiormente. <em>\u201cEncontr\u00e1ndome un d\u00eda en un abismo de asombro, viendo que tantos defectos e infidelidades como en m\u00ed hallaba no eran capaces de causarle n\u00e1usea, me respondi\u00f3: \u00abEs que deseo hacer de ti como un compuesto de mi amor y de mis misericordias\u00bb\u201d.<\/em><\/span><\/p>\n<p>&nbsp;<\/p>\n<p>&nbsp;<\/p>\n<p><span style=\"font-size: 14pt;\">La familia termina por ceder. <em>\u201cMe propusieron muchos conventos sin poder decidirme por ninguno, pero apenas se nombr\u00f3 a Paray, se dilat\u00f3 de gozo mi coraz\u00f3n, y al instante consent\u00ed. Al entrar al locutorio, o\u00ed interiormente estas palabras: \u00abAqu\u00ed es donde te quiero\u00bb\u201d.<\/em> Era el 25 de mayo de 1671.<\/span><\/p>\n<p>&nbsp;<\/p>\n<p><span style=\"font-size: 14pt;\"><strong>Entrada al monasterio<\/strong><\/span><\/p>\n<p><span style=\"font-size: 14pt;\"><em>\u201cHabiendo llegado, finalmente, el d\u00eda tan deseado <\/em>\u201320 de junio de 1671\u2013 <em>de dar el adi\u00f3s al mundo, jam\u00e1s hab\u00eda sentido tanta alegr\u00eda y firmeza en mi coraz\u00f3n\u201d.<\/em> Sin embargo, en el momento de entrar en el Monasterio, siente violentamente un \u00faltimo asalto interior: <em>\u201cPero al instante se me mostr\u00f3 que el Se\u00f1or hab\u00eda roto el saco de mi cautiverio y me hab\u00eda revestido con su manto de j\u00fabilo\u201d<\/em>. El gozo la transporta de tal manera que exclama: \u201c<em>Aqu\u00ed es donde Dios me quiere\u201d.<\/em><\/span><\/p>\n<p>&nbsp;<\/p>\n<p><strong><span style=\"font-size: 14pt;\">La Orden de la Visitaci\u00f3n de Santa Mar\u00eda<\/span><\/strong><\/p>\n<p>&nbsp;<\/p>\n<p><span style=\"font-size: 14pt;\">E<strong>n 1610, san Francisco de Sales (1567-1622), Obispo de Ginebra, \u2013maestro consumado de espiritualidad, doctor de la Iglesia\u2013, hab\u00eda fundado en Annecy con santa Juana Francisca de Chantal una nueva comunidad femenina de vida religiosa accesible a toda clase de personas, en especial a quienes no se sent\u00edan llamadas al estilo de vida de los monasterios de su tiempo. \u00c9l quer\u00ed<\/strong>a dar a Dios \u201chijas de oraci\u00f3n\u201d que vivieran la alegr\u00eda de su entrega en el trato de coraz\u00f3n a coraz\u00f3n con el Se\u00f1or.<\/span><\/p>\n<p>&nbsp;<\/p>\n<p><span style=\"font-size: 14pt;\">El fundador escribe: \u201cNuestra peque\u00f1a congregaci\u00f3n es obra del Coraz\u00f3n de Jes\u00fas y de Mar\u00eda\u201d. \u201cEl Coraz\u00f3n de Jes\u00fas, su esposo crucificado, ser\u00e1 la morada y el descanso de las visitandinas en esta tierra\u2026 la dulzura y humildad, que son el fundamento de la Orden, les dan el privilegio de llevar el nombre de Hijas del Coraz\u00f3n de Jes\u00fas\u201d.<\/span><\/p>\n<p>&nbsp;<\/p>\n<p><span style=\"font-size: 14pt;\">El nuevo Instituto recibi\u00f3 el nombre de Visitaci\u00f3n de Santa Mar\u00eda, porque en este misterio de gozo resplandece la sencillez, la humildad, la dulzura y la alegr\u00eda de nuestra Se\u00f1ora.<\/span><\/p>\n<p>&nbsp;<\/p>\n<p><span style=\"font-size: 14pt;\">El Monasterio en el que entra Margarita Mar\u00eda hab\u00eda sido fundado en 1626 por el primer Monasterio de Lyon, y fue visitado por la Madre de Chantal.<\/span><\/p>\n<p>&nbsp;<\/p>\n<p><span style=\"font-size: 14pt;\"><strong>\u00a0Primeras comunicaciones del Se\u00f1or<\/strong><\/span><\/p>\n<p>&nbsp;<\/p>\n<p><span style=\"font-size: 14pt;\">Un d\u00eda, ya en el monasterio, Margarita Mar\u00eda pide a la maestra de novicias que le ense\u00f1e a hacer oraci\u00f3n, de la que sent\u00eda una gran hambre. Le responde: \u201cId a poneros ante nuestro Se\u00f1or como un lienzo delante de un pintor\u201d. <em>\u201cMi Soberano me hizo conocer que aquel lienzo era mi alma, sobre la cual quer\u00eda trazar todos los rasgos de su vida dolorosa, y que los imprimir\u00eda despu\u00e9s de haberla purificado de todas las manchas que le quedaban, ya de afici\u00f3n a las cosas terrenas, ya de amor a m\u00ed misma<\/em>\u201d.<\/span><\/p>\n<p>&nbsp;<\/p>\n<p><span style=\"font-size: 14pt;\">Despu\u00e9s de un tiempo de postulantado, el 25 de agosto de 1671, Margarita Mar\u00eda recibe el h\u00e1bito de la Visitaci\u00f3n. <em>\u201cMe dio a conocer mi divino Maestro que \u00e9ste era el tiempo de nuestros desposorios, que deb\u00eda amarle con amor de preferencia. En seguida me declar\u00f3 que, a la manera de los m\u00e1s <\/em><\/span><\/p>\n<p><span style=\"font-size: 14pt;\"><em>apasionados amantes, me har\u00eda gustar, durante este tiempo, cuanto hay de m\u00e1s dulce en la suavidad de su amor\u201d.<\/em><\/span><\/p>\n<p>&nbsp;<\/p>\n<p><span style=\"font-size: 14pt;\">La fecha de la profesi\u00f3n religiosa se acerca, pero las superioras dudan. Margarita Mar\u00eda se queja al Se\u00f1or que le responde: <em>\u201cDi a tu Superiora que no hay raz\u00f3n para temer el recibirte, pues Yo respondo de ti\u2026 Te har\u00e9 m\u00e1s \u00fatil a la religi\u00f3n de lo que ella piensa; pero de una manera que a\u00fan no es conocida sino por M\u00ed\u2026 Yo sabr\u00e9 hallar el medio de cumplir mis designios\u201d<\/em>. \u00a1Palabras misteriosas!<\/span><\/p>\n<p>&nbsp;<\/p>\n<p><span style=\"font-size: 14pt;\">El 6 de noviembre de 1672 es el d\u00eda de la profesi\u00f3n perpetua. <em>\u201cMi divino Maestro quiso recibirme por su esposa. Me dijo: \u00abEst\u00e1 siempre pronta y dispuesta a recibirme, porque quiero en adelante hacer en ti mi morada, para conversar y permanecer contigo\u00bb. Desde este momento me favoreci\u00f3 con su divina presencia\u201d.<\/em><\/span><\/p>\n<p>&nbsp;<\/p>\n<p><span style=\"font-size: 14pt;\">El Se\u00f1or le hace conocer tambi\u00e9n el misterio de su Pasi\u00f3n y Muerte, lo que le da, para siempre, un gran amor a la Cruz.<\/span><\/p>\n<p>&nbsp;<\/p>\n<p>&nbsp;<\/p>\n<p><span style=\"font-size: 14pt;\">De ahora en adelante, el Se\u00f1or se va a revelar m\u00e1s a Margarita Mar\u00eda. Le confiar\u00e1 los secretos de su Coraz\u00f3n. Las grandes manifestaciones van de diciembre de 1673 a junio de 1675.<\/span><\/p>\n<p><span style=\"font-size: 14pt;\"><strong>Las grandes revelaciones<\/strong><\/span><\/p>\n<p>&nbsp;<\/p>\n<p><span style=\"font-size: 14pt;\">La primera es el 27 de diciembre de 1673, fiesta de san Juan. Lo relata as\u00ed:<\/span><\/p>\n<p>&nbsp;<\/p>\n<p><span style=\"font-size: 14pt;\"><em>\u201cUn d\u00eda, estando delante del Sant\u00edsimo Sacramento, me encontr\u00e9 totalmente penetrada por esta divina presencia; pero tan fuertemente, que me olvid\u00e9 de m\u00ed misma y del lugar en que estaba, y me abandon\u00e9 a este Esp\u00edritu entregando mi coraz\u00f3n a la fuerza de su amor. Me hizo reposar largo tiempo sobre su pecho divino, en el cual me descubri\u00f3 todas las maravillas de su amor y los secretos inexplicables de su Coraz\u00f3n Sagrado, que hasta entonces me hab\u00eda tenido siempre ocultos. Aqu\u00ed me los descubri\u00f3 por primera vez. Me dijo: \u00ab<strong>Mi Divino Coraz\u00f3n est\u00e1 tan apasionado de amor por los hombres, y por ti en particular, que no pudiendo ya contener en s\u00ed mismo las llamas de su ardiente caridad, le es preciso comunicarlas por tu medio, y manifestarse a todos para enriquecerlos con los preciosos tesoros que te descubro, los cuales contienen las gracias santificant<\/strong>es y saludables necesarias para separarles del abismo de perdici\u00f3n. Te he elegido como un abismo de indignidad y de ignorancia, a fin de que sea todo obra m\u00eda.\u00bb\u201d.<\/em><\/span><\/p>\n<p>&nbsp;<\/p>\n<p>&nbsp;<\/p>\n<p><span style=\"font-size: 14pt;\">Despu\u00e9s, a comienzos de 1674, sin duda un viernes, tiene lugar esta manifestaci\u00f3n de la que hablar\u00e1 mucho tiempo despu\u00e9s: <em>\u201cSe me present\u00f3 este divino Coraz\u00f3n como en un trono de llamas, m\u00e1s brillante que un sol y transparente como un cristal. Estaba rodeado de una corona de espinas, simbolizando las heridas hechas por nuestros pecados, y con una cruz, que significaba que desde el primer instante de su Encarnaci\u00f3n, es decir, desde el primer momento en que fue formado este Sagrado Coraz\u00f3n, la cruz estuvo plantada en \u00e9l\u201d.<\/em><\/span><\/p>\n<p>&nbsp;<\/p>\n<p>&nbsp;<\/p>\n<p><span style=\"font-size: 14pt;\">Tambi\u00e9n en 1674, en el mes de junio, en torno a la fiesta del Corpus Christi: <em>\u201cOtra vez, estando expuesto el Sant\u00edsimo Sacramento, despu\u00e9s de sentirme completamente retirada al interior de m\u00ed misma por un recogimiento extraordinario de todos mis sentidos y potencias, se me present\u00f3 Jesucristo, mi divino Maestro, todo radiante de gloria, con sus cinco llagas, que brillaban como cinco soles, y por todas partes sal\u00edan llamas de su sagrada humanidad, especialmente de su adorable pecho, el cual parec\u00eda un horno. Y abri\u00e9ndoselo, me descubri\u00f3 su amante y amable Coraz\u00f3n, que era la fuente viva de semejantes llamas.<\/em><\/span><\/p>\n<p>&nbsp;<\/p>\n<p>&nbsp;<\/p>\n<p><span style=\"font-size: 14pt;\"><em>Entonces fue cuando me descubri\u00f3 las maravillas inexplicables de su amor, y el exceso a que le hab\u00eda conducido el amor a los hombres, de los cuales no recib\u00eda sino ingratitudes y desprecios.<\/em><\/span><\/p>\n<p><span style=\"font-size: 14pt;\"><em>Me dijo: \u00abEst\u00e1 atenta a mi voz, y a cuanto te pida para disponerte al cumplimiento de mis designios\u00bb\u201d.<\/em><\/span><\/p>\n<p><span style=\"font-size: 14pt;\"><strong>La conformidad con Cristo sufriente<\/strong><\/span><\/p>\n<p>&nbsp;<\/p>\n<p>&nbsp;<\/p>\n<p><span style=\"font-size: 14pt;\">Durante el per\u00edodo de las apariciones, se manifiesta la cruz del Se\u00f1or. Las pruebas de salud y las pruebas interiores se multiplican. Como escribi\u00f3 en 1990 el Papa Juan Pablo II, \u201csanta Margarita Mar\u00eda conoci\u00f3 la gracia de amar a trav\u00e9s de la cruz\u201d. Gracia de amar, gracia de conformarse a Cristo sufriente. Gracia de participar en la comuni\u00f3n de los santos, en la salvaci\u00f3n de sus hermanos y hermanas.<\/span><\/p>\n<p>&nbsp;<\/p>\n<p><span style=\"font-size: 14pt;\">Es la \u00e9poca del sufrimiento f\u00edsico, de la prueba, incluso de la tentaci\u00f3n. <em>\u201cEl Se\u00f1or me advirti\u00f3 que Satan\u00e1s hab\u00eda pedido permiso para probarme en el fuego de las contradicciones y humillaciones, de las tentaciones y abandonos, como el oro en el crisol\u2026 Me asegur\u00f3 que nada deb\u00eda temer, porque \u00c9l combatir\u00eda por m\u00ed\u2026 pero que yo deb\u00eda velar\u2026 No tard\u00e9 mucho en o\u00edr las amenazas de mi perseguidor. Nada de esto me preocupaba lo m\u00e1s m\u00ednimo; \u00a1tan fortalecida me sent\u00eda en el interior!\u201d<\/em><\/span><\/p>\n<p>&nbsp;<\/p>\n<p><span style=\"font-size: 14pt;\">En este camino de purificaci\u00f3n, de preparaci\u00f3n a la misi\u00f3n, la Sant\u00edsima Virgen Mar\u00eda la alienta: <em>\u201cTen \u00e1nimo, hija m\u00eda, pues a\u00fan tienes que andar un camino largo y penoso siempre sobre la cruz. No temas, no te abandonar\u00e9\u201d.<\/em><\/span><\/p>\n<p><span style=\"font-size: 14pt;\"><strong>La Gran Revelaci\u00f3n<\/strong><\/span><\/p>\n<p>&nbsp;<\/p>\n<p><span style=\"font-size: 14pt;\">Y llegamos a la manifestaci\u00f3n m\u00e1s decisiva en junio de 1675:<\/span><\/p>\n<p>&nbsp;<\/p>\n<p><span style=\"font-size: 14pt;\"><em>\u201cEstando una vez en presencia del Sant\u00edsimo Sacramento, un d\u00eda de su octava, recib\u00ed de Dios gracias excesivas de su amor\u2026 Entonces, descubriendo su Divino Coraz\u00f3n me dijo: \u00abHe aqu\u00ed este Coraz\u00f3n, que ha amado tanto a los hombres, que no se ha reservado nada hasta agotarse y consumirse para demostrarles su amor, y en respuesta no recibo de la mayor parte sino ingratitud, ya por sus irreverencias y sus sacrilegios, ya por la frialdad y desprecio con que me tratan en este Sacramento de Amor. Pero lo que me es a\u00fan mucho m\u00e1s sensible es que son corazones que me est\u00e1n consagrados los que as\u00ed me tratan.<\/em><\/span><\/p>\n<p>&nbsp;<\/p>\n<p>&nbsp;<\/p>\n<p><span style=\"font-size: 14pt;\"><em>Po<strong>r esto te pido que sea dedicado el primer viernes despu\u00e9s de la octava del Sant\u00edsimo Sacramento a una fiesta particular para honrar mi Coraz\u00f3n, comulgando ese d\u00eda y reparando su honor\u2026<\/strong> Te prometo tambi\u00e9n que mi Coraz\u00f3n se dilatar\u00e1 para derramar con abundancia las influencias de su divino amor sobre los que le rindan este honor y los que procuren que le sea tributado.\u00bb<\/em><\/span><\/p>\n<p>&nbsp;<\/p>\n<p>&nbsp;<\/p>\n<p><span style=\"font-size: 14pt;\"><em>Y respondiendo yo que no sab\u00eda c\u00f3mo poder cumplir cuanto de m\u00ed deseaba hac\u00eda tanto tiempo, me orden\u00f3 dirigirme a su siervo, pues le hab\u00eda enviado para el cumplimiento de este designio\u201d.<\/em><\/span><\/p>\n<p>&nbsp;<\/p>\n<p><span style=\"font-size: 14pt;\">S<strong>e trata del P. Claudio de la Colombi\u00e8re, de la Compa\u00f1\u00eda de Jes\u00fas, quien, efectivamente, deb\u00eda confirmar a Margarita Mar\u00eda en su camino, y trabajar con sus hermanos jesuitas en la difusi\u00f3n del Mensaje.<\/strong><\/span><\/p>\n<p><span style=\"font-size: 14pt;\"><strong>\u00a0<\/strong><\/span><\/p>\n<p><span style=\"font-size: 14pt;\">Han trascurrido solamente cuatro a\u00f1os desde la entrada de Margarita Mar\u00eda en la Visitaci\u00f3n de Paray. Durante otros quince, va a continuar su vida en el claustro. Ser\u00e1 durante dos a\u00f1os maestra de novicias. Dos Superioras la elegir\u00e1n como su Asistente (subpriora o vicaria). Adem\u00e1s, se ocupar\u00e1 en todos los trabajos al servicio de la comunidad, destacando por su humildad y caridad.<\/span><\/p>\n<p>&nbsp;<\/p>\n<p><span style=\"font-size: 14pt;\"><strong>Primera difusi\u00f3n del mensaje<\/strong><\/span><\/p>\n<p>&nbsp;<\/p>\n<p><span style=\"font-size: 14pt;\">El culto al Sagrado Coraz\u00f3n, considerado al principio en el Monasterio como una \u201cdevoci\u00f3n nueva\u201d, tarda en ser aceptado. Las novicias son las primeras que, el 20 de julio de 1685, honran al Coraz\u00f3n de Jes\u00fas, <em>\u201chaciendo un peque\u00f1o altar sobre el cual colocaron su imagen dibujada a plumilla, a la que rindieron los homenajes que este divino Coraz\u00f3n les sugiri\u00f3\u201d<\/em>. Algunas hermanas de la comunidad se muestran reticentes, hasta que el 21 de junio de 1686 todo el Monasterio celebra la fiesta del Coraz\u00f3n de Jes\u00fas.<\/span><\/p>\n<p>&nbsp;<\/p>\n<p><span style=\"font-size: 14pt;\">M\u00e1s tarde, escribiendo al P. Croiset, Margarita Mar\u00eda dir\u00e1: <em>\u201c\u00a1Ojal\u00e1 pudiera contar todo lo que s\u00e9 de esta devoci\u00f3n al Sagrado Coraz\u00f3n de Jes\u00fas, y descubrir a toda la tierra los tesoros de gracias que Jesucristo encierra en su Coraz\u00f3n adorable, y que quiere derramar con abundancia sobre todos los que la practiquen!\u201d<\/em>. Y continuaba con esta ardiente exhortaci\u00f3n: <em>\u201cSe lo suplico, no olvide nada para inspir\u00e1rsela a todo el mundo\u201d.<\/em><\/span><\/p>\n<p>&nbsp;<\/p>\n<p><span style=\"font-size: 14pt;\">Este ruego aparece una y otra vez en la mayor parte de sus cartas. Algunas se refieren a la publicaci\u00f3n de libros.<\/span><\/p>\n<p>&nbsp;<\/p>\n<p><span style=\"font-size: 14pt;\">La Madre de Saumaise que hab\u00eda sido superiora de la Visitaci\u00f3n de Paray entre 1672 y 1678, de vuelta a su monasterio de Dijon, transmite a su alrededor todo lo que hab\u00eda vivido junto a santa Margarita Mar\u00eda.<\/span><\/p>\n<p>&nbsp;<\/p>\n<p><span style=\"font-size: 14pt;\">La Hermana Joly entra con entusiasmo en esta corriente espiritual, la vive intensamente y quiere publicar en 1686 una especie de manual, conocido como el \u201clibrito de Dijon\u201d, en que se explica la devoci\u00f3n y se proponen pr\u00e1cticas, oraciones, un oficio, una Misa y unas letan\u00edas.<\/span><\/p>\n<p>&nbsp;<\/p>\n<p><span style=\"font-size: 14pt;\">Tambi\u00e9n se imprimen otros libros. Margarita Mar\u00eda expresa su gozo al ver estas publicaciones que contribuir\u00e1n a extender el Reinado de Jes\u00fas.<\/span><\/p>\n<p>&nbsp;<\/p>\n<p><span style=\"font-size: 14pt;\">En otras cartas pide con insistencia la impresi\u00f3n de una imagen, pues, seg\u00fan la promesa del Se\u00f1or, \u00e9l derramar\u00e1 con abundancia toda clase de bendiciones en los lugares donde sea honrada.<\/span><\/p>\n<p>&nbsp;<\/p>\n<p><span style=\"font-size: 14pt;\">Margarita Mar\u00eda se esfuerza especialmente por obtener de Roma la aprobaci\u00f3n de la Misa compuesta en Dijon. El Monasterio de esta ciudad la celebra en 1689 con autorizaci\u00f3n del obispo de Langres.<\/span><\/p>\n<p>&nbsp;<\/p>\n<p><span style=\"font-size: 14pt;\">La Santa tiene la gran alegr\u00eda de saber que la devoci\u00f3n se extiende incluso en el extranjero. <em>\u201cAhora morir\u00e9 contenta, pues el Sagrado Coraz\u00f3n de mi Salvador comienza a ser conocido\u201d.<\/em><\/span><\/p>\n<p><span style=\"font-size: 14pt;\"><strong>\u00a0Los \u00faltimos d\u00edas<\/strong><\/span><\/p>\n<p>&nbsp;<\/p>\n<p><span style=\"font-size: 14pt;\">Al fin de su vida escribe: <em>\u201cHe tenido tres deseos ardientes: amar perfectamente a Jesucristo; sufrir por su amor, morir en el ardor de este amor\u201d. <\/em>Parece haberlos colmado pues ya no desea nada, seg\u00fan dej\u00f3 escrito.<\/span><\/p>\n<p>&nbsp;<\/p>\n<p><span style=\"font-size: 14pt;\">Las contempor\u00e1neas nos relatan sus \u00faltimos d\u00edas: \u201cSe encontr\u00f3 mal la v\u00edspera del d\u00eda en que se dispon\u00eda a entrar en su retiro\u2026 Se acost\u00f3 nueve d\u00edas antes de su muerte, y los emple\u00f3 en prepararse a la venida del Esposo\u201d.<\/span><\/p>\n<p>&nbsp;<\/p>\n<p><span style=\"font-size: 14pt;\">Seg\u00fan el m\u00e9dico, la enfermedad era benigna, \u201cpero ella repet\u00eda con insistencia que morir\u00eda de ella\u201d.<\/span><\/p>\n<p><span style=\"font-size: 14pt;\">Pidi\u00f3 la comuni\u00f3n, sabiendo bien que era la \u00faltima que recibir\u00eda. \u201cTodas las hermanas que la visitaban admiraban la alegr\u00eda extraordinaria que le causaba el pensamiento de la muerte. Sin embargo, tuvo un momento de un temor extra\u00f1o \u2013\u00faltima purificaci\u00f3n\u2013, despu\u00e9s recobr\u00f3 una gran calma\u201d.<\/span><\/p>\n<p>&nbsp;<\/p>\n<p><span style=\"font-size: 14pt;\">\u201cEl 17 de octubre, una hora antes de su muerte, hizo llamar a su superiora y le rog\u00f3 que le administraran la unci\u00f3n de los enfermos. Dio las gracias por todo\u201d. Exhort\u00f3 a sus hermanas: \u201cAmad al Amor, pero amadle con perfecci\u00f3n\u201d. Es su \u00faltimo legado. \u201cY a\u00f1adi\u00f3 que ya no ten\u00eda nada que hacer en este mundo, sino ir a abismarse en el Sagrado Coraz\u00f3n de Jes\u00fas. Luego, tras pronunciar el santo nombre de Jes\u00fas, entreg\u00f3 dulcemente su esp\u00edritu\u201d.<\/span><\/p>\n<p>&nbsp;<\/p>\n<p><span style=\"font-size: 14pt;\">Han transcurrido los cuarenta y tres a\u00f1os de su vida, una vida marcada por la alegr\u00eda, la cruz, la identificaci\u00f3n con Jes\u00fas, su \u00fanico Amor; y el don de una misi\u00f3n: dar a conocer al mundo el Amor de Dios hecho carne en Jes\u00fas, Hombre-Dios.<\/span><\/p>\n<p>&nbsp;<\/p>\n<p><span style=\"font-size: 14pt;\">Margarita Mar\u00eda fue beatificada por P\u00edo IX 18 de septiembre de 1864 y canonizada por Benedicto XV el 13 de mayo de 1920.<\/span><\/p>\n","protected":false},"excerpt":{"rendered":"<p>TweetSanta Margarita Mar\u00eda de Alacoque &nbsp; &nbsp; &nbsp; \u00bfQui\u00e9n es Margarita Mar\u00eda de Alacoque? &nbsp; \u00a0\u201cS\u00f3lo por amor tuyo, Dios m\u00edo, me someto a escribir esto por obediencia, pidi\u00e9ndote perd\u00f3n de la resistencia que he puesto en ejecutarlo. Pero como T\u00fa conoces mejor que nadie la gran repugnancia que siento al hacerlo, T\u00fa eres el [&hellip;]<\/p>\n","protected":false},"author":1,"featured_media":0,"comment_status":"open","ping_status":"open","sticky":false,"template":"","format":"standard","meta":{"footnotes":""},"categories":[4],"tags":[],"class_list":["post-56942","post","type-post","status-publish","format-standard","hentry","category-divulgacion"],"_links":{"self":[{"href":"http:\/\/www.floracantabrica.com\/index.php?rest_route=\/wp\/v2\/posts\/56942","targetHints":{"allow":["GET"]}}],"collection":[{"href":"http:\/\/www.floracantabrica.com\/index.php?rest_route=\/wp\/v2\/posts"}],"about":[{"href":"http:\/\/www.floracantabrica.com\/index.php?rest_route=\/wp\/v2\/types\/post"}],"author":[{"embeddable":true,"href":"http:\/\/www.floracantabrica.com\/index.php?rest_route=\/wp\/v2\/users\/1"}],"replies":[{"embeddable":true,"href":"http:\/\/www.floracantabrica.com\/index.php?rest_route=%2Fwp%2Fv2%2Fcomments&post=56942"}],"version-history":[{"count":1,"href":"http:\/\/www.floracantabrica.com\/index.php?rest_route=\/wp\/v2\/posts\/56942\/revisions"}],"predecessor-version":[{"id":56943,"href":"http:\/\/www.floracantabrica.com\/index.php?rest_route=\/wp\/v2\/posts\/56942\/revisions\/56943"}],"wp:attachment":[{"href":"http:\/\/www.floracantabrica.com\/index.php?rest_route=%2Fwp%2Fv2%2Fmedia&parent=56942"}],"wp:term":[{"taxonomy":"category","embeddable":true,"href":"http:\/\/www.floracantabrica.com\/index.php?rest_route=%2Fwp%2Fv2%2Fcategories&post=56942"},{"taxonomy":"post_tag","embeddable":true,"href":"http:\/\/www.floracantabrica.com\/index.php?rest_route=%2Fwp%2Fv2%2Ftags&post=56942"}],"curies":[{"name":"wp","href":"https:\/\/api.w.org\/{rel}","templated":true}]}}