{"id":56203,"date":"2023-11-14T11:39:36","date_gmt":"2023-11-14T09:39:36","guid":{"rendered":"http:\/\/www.floracantabrica.com\/?p=56203"},"modified":"2024-11-01T11:52:48","modified_gmt":"2024-11-01T09:52:48","slug":"teresa-neumann-y-los-estigmas-141123","status":"publish","type":"post","link":"http:\/\/www.floracantabrica.com\/?p=56203","title":{"rendered":"TERESA NEUMANN, y LOS ESTIGMAS.14,11,23,"},"content":{"rendered":"<p><a href=\"http:\/\/twitter.com\/share?url=http%3A%2F%2Fwww.floracantabrica.com%2F%3Fp%3D56203&amp;count=none&amp;lang=es&amp;via=lorencincoreses&amp;related=Mujerverdosa&amp;text=TERESA NEUMANN, y LOS ESTIGMAS.14,11,23, - Flora Cant\u00e1brica\" class=\"twitter-share-button\">Tweet<\/a><\/p><p class=\"Default\"><span style=\"font-size: 14pt;\"><b>TERESA NEUMANN, y LOS ESTIGMAS<\/b><\/span><\/p>\n<p class=\"Default\"><span style=\"font-size: 14pt;\"><b>\u00a0<\/b><\/span><span style=\"font-size: 14pt;\"><b>\u00a0<\/b><\/span><\/p>\n<p class=\"Default\"><span style=\"font-size: 14pt;\"><b>LOS ESTIGMAS<\/b><\/span><\/p>\n<p class=\"Default\"><span style=\"font-size: 14pt;\">\u00a0<\/span><span style=\"font-size: 14pt;\">\u00a0<\/span><\/p>\n<p class=\"Default\"><span style=\"font-size: 14pt;\">En la noche del jueves al viernes, del 4 al 5 de marzo de 1926, vio Teresa a Cristo arrodillarse en el huerto de los Olivos y lo oy\u00f3 orar. Jes\u00fas la mir\u00f3 fijamente y en ese momento ella sinti\u00f3 en la regi\u00f3n del coraz\u00f3n un dolor tan vivo que crey\u00f3 morir. Al mismo tiempo fluy\u00f3 sangre caliente de esa zona que continu\u00f3 saliendo hasta el mediod\u00eda del viernes. Ella hab\u00eda sentido como si una espada puntiaguda le hubiera atravesado el coraz\u00f3n. <\/span><\/p>\n<p class=\"Default\"><span style=\"font-size: 14pt;\">\u00a0<\/span><span style=\"font-size: 14pt;\">\u00a0<\/span><\/p>\n<p class=\"Default\"><span style=\"font-size: 14pt;\">En la noche del Jueves santo al Viernes santo, del 1 al 2 de abril de ese a\u00f1o 1926, revivi\u00f3 la Pasi\u00f3n desde el huerto de los Olivos hasta la muerte de Jes\u00fas en la cruz. Ese d\u00eda aparecieron por primera vez las llagas de las manos y los pies, pero en la parte externa. Sus padres las vieron y se asustaron, llamando al padre Naber, que tambi\u00e9n qued\u00f3 impresionado. El d\u00eda de Pascua, Teresa estaba radiante de felicidad, viendo a Jes\u00fas resucitado. <\/span><\/p>\n<p class=\"Default\"><span style=\"font-size: 14pt;\">\u00a0<\/span><\/p>\n<p class=\"Default\"><span style=\"font-size: 14pt;\">\u00a0<\/span><span style=\"font-size: 14pt;\">El 15 de abril de 1927, las llagas se hicieron visibles tambi\u00e9n en la parte interna de manos y pies. Los m\u00e9dicos intentaron con todos los medios posibles tratar de curarlas, pero todo fue in\u00fatil. Cuanto m\u00e1s el doctor Seidl le pon\u00eda ung\u00fcentos y vendas, m\u00e1s dolor sent\u00eda y se le hinchaban m\u00e1s las manos y pies; de modo que terminaron por dejarla tranquila, pues, sin curaciones, las llagas no se hinchaban ni supuraban. Para evitar la curiosidad de la gente, se puso unos mitones o medio guantes para ocultar las llagas que ten\u00edan forma cuadrada. Estas llagas persistieron en ella hasta el fin de su vida y pudieron verse en su lecho de muerte. <\/span><\/p>\n<p>&nbsp;<\/p>\n<p class=\"Default\"><span style=\"font-size: 14pt;\">A lo largo de 1927 recibi\u00f3 en distintas ocasiones las llagas de la corona de espinas alrededor de su frente. <\/span><\/p>\n<p class=\"Default\"><span style=\"font-size: 14pt;\">\u00a0<\/span><\/p>\n<p class=\"Default\"><span style=\"font-size: 14pt;\">\u00a0<\/span><span style=\"font-size: 14pt;\">Durante la Cuaresma de 1928 recibi\u00f3 la llaga de la espalda derecha. El 29 de marzo de 1929 recibi\u00f3 por primera vez las llagas de la flagelaci\u00f3n, que se reproduc\u00edan cada a\u00f1o. A estas llagas hay que a\u00f1adir las l\u00e1grimas de sangre que vert\u00eda en los \u00e9xtasis de los viernes; especialmente de Cuaresma. Los ex\u00e1menes m\u00e9dicos no pod\u00edan reconocer ninguna causa justificada para estas l\u00e1grimas de sangre, pues no hab\u00eda ninguna erosi\u00f3n en sus ojos. <\/span><\/p>\n<p class=\"Default\"><span style=\"font-size: 14pt;\">\u00a0<\/span><span style=\"font-size: 14pt;\">\u00a0<\/span><\/p>\n<p class=\"Default\"><span style=\"font-size: 14pt;\">Para ver sus llagas llegaban a su casa muchos m\u00e9dicos y eclesi\u00e1sticos. Algunos llegaron a creer que eran producto de la histeria. En 1928 lleg\u00f3 a visitarla el padre Agostino Gemelli, franciscano, en calidad de enviado del Papa P\u00edo XI. Era profesor y rector de la universidad cat\u00f3lica de Mil\u00e1n. Su informe fue positivo: <i>He llevado a cabo mis investigaciones con todo cuidado y declaro del modo m\u00e1s firme que no hay rastro alguno de histeria y que esos estados no pueden explicarse cient\u00edficamente de modo natural<\/i><i>10<\/i><i>. <\/i><\/span><\/p>\n<p class=\"Default\"><span style=\"font-size: 14pt;\"><i>\u00a0<\/i><\/span><span style=\"font-size: 14pt;\">\u00a0<\/span><\/p>\n<p class=\"Default\"><span style=\"font-size: 14pt;\">El mismo padre Naber tuvo que salir al paso de algunas publicaciones negativas. En una oportunidad le escribi\u00f3 una carta abierta al doctor Joseph Eberle, redactor de la revista <i>Sch\u00f6nere Zukunft <\/i>de Viena, respondiendo a un art\u00edculo publicado, en el que se dec\u00eda que todo era pura histeria. El padre Naber escribi\u00f3: <i>Sin dudar un solo instante estar\u00eda dispuesto a dar mi vida por la veracidad de los fen\u00f3menos extraordinarios de Teresa Neumann tal como yo lo he observado y en especial por la ausencia de alimentaci\u00f3n<\/i><i>11<\/i><i>. <\/i><\/span><\/p>\n<p class=\"Default\"><span style=\"font-size: 14pt;\"><i>\u00a0<\/i><\/span><span style=\"font-size: 14pt;\"><i>\u00a0<\/i><\/span><\/p>\n<p class=\"Default\"><span style=\"font-size: 13.0pt;\">Teresa vivi\u00f3 los dolores de la Pasi\u00f3n unas 700 veces en su vida. Muchos viernes desfilaban ante su lecho miles de personas. Alg\u00fan Viernes santo llegaron hasta 10.000 personas. Pasaban de 10 en 10 y s\u00f3lo durante uno o dos minutos para verla en \u00e9xtasis. Despu\u00e9s de la segunda guerra mundial, muchos soldados norteamericanos, incluso no cat\u00f3licos, acud\u00edan a verla y muchos se convert\u00edan. <\/span><\/p>\n<p>&nbsp;<\/p>\n<p>&nbsp;<\/p>\n<p class=\"Default\"><span style=\"font-size: 13.0pt;\">Otros, que no pod\u00edan visitarla, le escrib\u00edan. Recib\u00eda cientos de cartas para pedirle oraciones o consejos y ella le\u00eda personalmente todas las que pod\u00eda, asegurando sus or<\/span><\/p>\n","protected":false},"excerpt":{"rendered":"<p>TweetTERESA NEUMANN, y LOS ESTIGMAS \u00a0\u00a0 LOS ESTIGMAS \u00a0\u00a0 En la noche del jueves al viernes, del 4 al 5 de marzo de 1926, vio Teresa a Cristo arrodillarse en el huerto de los Olivos y lo oy\u00f3 orar. Jes\u00fas la mir\u00f3 fijamente y en ese momento ella sinti\u00f3 en la regi\u00f3n del coraz\u00f3n un [&hellip;]<\/p>\n","protected":false},"author":1,"featured_media":0,"comment_status":"open","ping_status":"open","sticky":false,"template":"","format":"standard","meta":{"footnotes":""},"categories":[4],"tags":[],"class_list":["post-56203","post","type-post","status-publish","format-standard","hentry","category-divulgacion"],"_links":{"self":[{"href":"http:\/\/www.floracantabrica.com\/index.php?rest_route=\/wp\/v2\/posts\/56203","targetHints":{"allow":["GET"]}}],"collection":[{"href":"http:\/\/www.floracantabrica.com\/index.php?rest_route=\/wp\/v2\/posts"}],"about":[{"href":"http:\/\/www.floracantabrica.com\/index.php?rest_route=\/wp\/v2\/types\/post"}],"author":[{"embeddable":true,"href":"http:\/\/www.floracantabrica.com\/index.php?rest_route=\/wp\/v2\/users\/1"}],"replies":[{"embeddable":true,"href":"http:\/\/www.floracantabrica.com\/index.php?rest_route=%2Fwp%2Fv2%2Fcomments&post=56203"}],"version-history":[{"count":1,"href":"http:\/\/www.floracantabrica.com\/index.php?rest_route=\/wp\/v2\/posts\/56203\/revisions"}],"predecessor-version":[{"id":56204,"href":"http:\/\/www.floracantabrica.com\/index.php?rest_route=\/wp\/v2\/posts\/56203\/revisions\/56204"}],"wp:attachment":[{"href":"http:\/\/www.floracantabrica.com\/index.php?rest_route=%2Fwp%2Fv2%2Fmedia&parent=56203"}],"wp:term":[{"taxonomy":"category","embeddable":true,"href":"http:\/\/www.floracantabrica.com\/index.php?rest_route=%2Fwp%2Fv2%2Fcategories&post=56203"},{"taxonomy":"post_tag","embeddable":true,"href":"http:\/\/www.floracantabrica.com\/index.php?rest_route=%2Fwp%2Fv2%2Ftags&post=56203"}],"curies":[{"name":"wp","href":"https:\/\/api.w.org\/{rel}","templated":true}]}}