{"id":55887,"date":"2023-10-01T11:49:56","date_gmt":"2023-10-01T09:49:56","guid":{"rendered":"http:\/\/www.floracantabrica.com\/?p=55887"},"modified":"2023-10-01T11:50:59","modified_gmt":"2023-10-01T09:50:59","slug":"maria-faustina-kowalska-7-espanol-1-10-23","status":"publish","type":"post","link":"http:\/\/www.floracantabrica.com\/?p=55887","title":{"rendered":"Mar\u00eda Faustina Kowalska.7.Espa\u00f1ol.1.10.23."},"content":{"rendered":"<p><a href=\"http:\/\/twitter.com\/share?url=http%3A%2F%2Fwww.floracantabrica.com%2F%3Fp%3D55887&amp;count=none&amp;lang=es&amp;via=lorencincoreses&amp;related=Mujerverdosa&amp;text=Mar\u00eda Faustina Kowalska.7.Espa\u00f1ol.1.10.23. - Flora Cant\u00e1brica\" class=\"twitter-share-button\">Tweet<\/a><\/p><h3><strong>Mar\u00eda Faustina Kowalska<\/strong><\/h3>\n<h3><\/h3>\n<h3>.<span style=\"font-size: 14pt;\"> Los deseos cumplidos<\/span><\/h3>\n<p>&nbsp;<\/p>\n<p><span style=\"font-size: 14pt;\">Despu\u00e9s de los votos perpetuos Sor Faustina se qued\u00f3 en Cracovia todav\u00eda casi un mes, benefici\u00e1ndose de la asistencia espiritual del padre Jos\u00e9 Andrasz SJ que al igual que el padre Edmundo Elter, la afirm\u00f3 en lo referente a la veracidad de las revelaciones, le mand\u00f3 ser fiel a la gracia de Dios y la obediencia. A finales de mayo de 1933 fue enviada a Vilna. De camino se detuvo en Cz\u0119stochowa para confiarle a la Madre de Dios su vida y la misi\u00f3n que recibi\u00f3 de Dios.<\/span><\/p>\n<p>&nbsp;<\/p>\n<p><span style=\"font-size: 14pt;\">En Vilna Sor Faustina fue destinada al jard\u00edn, aunque nunca antes hab\u00eda trabajado como jardinera. Acogi\u00f3 la voluntad de Dios en esp\u00edritu de fe, confiando que el Se\u00f1or Jes\u00fas la ayudara, poniendo en su camino a personas que le aconsejar\u00edan: qu\u00e9 y cu\u00e1ndo deb\u00eda hacer para que en el jard\u00edn hubiera bellas flores, verduras y frutas. Sin embargo no era esa su mayor preocupaci\u00f3n, sino el cumplimiento de la misi\u00f3n que Jes\u00fas le hab\u00eda confiado. Esperaba al sacerdote prometido y la oportunidad de cumplir la voluntad de Dios referente a pintar la imagen de Jes\u00fas Misericordioso.\u00a0<em>Lleg\u00f3 la semana de la confesi\u00f3n \u2013\u00a0<\/em>relat\u00f3 en el Diario \u2013\u00a0<em>y con alegr\u00eda vi a aquel sacrdote al que hab\u00eda conocido antes de venir a Vilna. Le hab\u00eda conocido en una visi\u00f3n. En ese momento o\u00ed en el alma esas palabras: He aqu\u00ed mi fiel siervo, \u00e9l te ayudar\u00e1 a cumplir mi voluntad aqu\u00ed en la tierra<\/em>\u00a0(Diario 263). Ese sacerdote era el padre Miguel Sopo\u0107ko, profesor adjunto de teolog\u00eda pastoral en la facultad de Teolog\u00eda en la Universidad \u201eStefan Batory\u201d y de materias pedag\u00f3gicas en el Curso Superior de Profesores, director espiritual del seminario arquidiocesano, confesor de muchas congregaciones y tambi\u00e9n confesor semanal de las hermanas de la Congregaci\u00f3n de la Madre de Dios de la Misericordia.<\/span><\/p>\n<p>&nbsp;<\/p>\n<p><span style=\"font-size: 14pt;\">El padre Sopo\u0107ko era un confesor y director espiritual con experiencia, pues al principio trataba de conocer a su penitente para no dejarse llevar por ilusiones, alucinaciones, ni fantas\u00edas que pod\u00edan tener su fuente en la naturaleza humana. Se inform\u00f3, pues, por medio de la superiora, la madre Irene Krzy\u017canowska, sobre la vida de Sor Faustina en el convento y pidi\u00f3 examinar su salud f\u00edsica y ps\u00edquica. Al recibir opiniones favorables en todos los aspectos y teniendo la opini\u00f3n de la doctora Elena Maciejewska de que Sor Faustina gozaba de salud mental, el padre Sopo\u0107ko, durante alg\u00fan tiempo a\u00fan, tom\u00f3 una actitud de espera, no cre\u00eda del todo, reflexionaba, oraba y consultaba a sacerdotes ilustrados, guardando la discreci\u00f3n absoluta acerca del contenido de las revelaciones y de la misma penitente. Por fin confes\u00f3:\u00a0<em>Llevado m\u00e1s bien por la curiosidad por saber c\u00f3mo ser\u00eda la imagen, que por la fe en la veracidad de las visiones de Sor Faustina, decid\u00ed proceder a pintar esta imagen. Me comuniqu\u00e9 con Eugenio Kazimirowski, un pintor que viv\u00eda en la misma casa que yo y acept\u00f3 pintar el cuadro por cierta cuota. Habl\u00e9 tambi\u00e9n con la hermana Superiora que permiti\u00f3 a Sor Faustina visitar al pintor dos veces por semana para instruirlo sobre c\u00f3mo deb\u00eda ser la imagen<\/em>.<\/span><\/p>\n<p>&nbsp;<\/p>\n<p><span style=\"font-size: 14pt;\">La primera imagen de Jes\u00fas Misericordioso fue comenzada a principios de enero de 1934 con gran discreci\u00f3n.\u00a0<em>Para no llamar la atenci\u00f3n de las hermanas\u00a0<\/em>\u2013 escribi\u00f3 la superiora, la madre Irene Krzy\u017canowska \u2013\u00a0<em>sobre las vivencias interiores de Sor Faustina, cada s\u00e1bado iba con ella a la santa Misa a Ostra Brama y despu\u00e9s de la santa Misa pas\u00e1bamos por el taller del pintor a quien Sor Faustina daba detalladas instrucciones sobre c\u00f3mo deb\u00eda pintar la imagen del Se\u00f1or Jes\u00fas Misericordioso. El artista procuraba satisfacer todas las exigencias de Sor Faustina<\/em>.<\/span><\/p>\n<p>&nbsp;<\/p>\n<p><span style=\"font-size: 14pt;\">La reproducci\u00f3n pict\u00f3rica de la visi\u00f3n que Sor Faustina hab\u00eda tenido tres a\u00f1os antes en P\u0142ock, suscitaba preguntas que el padre Sopo\u0107ko hac\u00eda a Sor Faustina y ella, con sencillez de coraz\u00f3n presentaba a Jes\u00fas.\u00a0<em>Mi mirada en esta imagen es igual a la mirada desde la cruz<\/em>\u00a0(Diario 326) \u2013 explic\u00f3 Jes\u00fas \u2013\u00a0<em>Los dos rayos significan la Sangre y el Agua. El rayo p\u00e1lido simboliza el Agua que justifica a las almas. El rayo rojo simboliza la Sangre que es la vida de las almas\u2026 Bienaventurado quien viva a la sombra de ellos, porque no le alcanzar\u00e1 la mano justa de Dios<\/em>\u00a0(Diario 299). Despertaba dudas tambi\u00e9n la inscripci\u00f3n. El padre Sopo\u0107ko pidi\u00f3 a Sor Faustina que preguntara tambi\u00e9n por ella.\u00a0<em>Jes\u00fas me record\u00f3\u00a0<\/em>\u2013 apunt\u00f3 en el Diario \u2013\u00a0<em>lo que me hab\u00eda dicho la primera vez, es decir, que estas tres palabras<\/em>\u00a0(la inscripci\u00f3n en polaco tiene tres palabras: Jezu, ufam Tobie)\u00a0<em>deb\u00edan ser puestas en evidencia. Las palabras son \u00e9stas: \u201eJes\u00fas, en Ti conf\u00edo\u201d<\/em>\u00a0(Diario 327).<\/span><\/p>\n<p>&nbsp;<\/p>\n<p><span style=\"font-size: 14pt;\">Unos meses despu\u00e9s, en junio de 1934, la imagen fue terminada. Sin embargo Sor Faustina no estaba contenta, aunque el pintor y el padre Sopo\u0107ko trataron de hacer todo para reflejar fielmente la visi\u00f3n de Jes\u00fas. Al volver a la capilla del convento se quej\u00f3 al Se\u00f1or Jes\u00fas:\u00a0<em>\u00bfQui\u00e9n te pintar\u00e1 tan bello comoT\u00fa eres?<\/em>\u00a0(Diario 313). Como respuesta oy\u00f3:\u00a0<em>No en la belleza del color, ni en la del pincel, est\u00e1 la grandeza de esta imagen, sino en mi gracia<\/em>\u00a0(Diario 313).<\/span><\/p>\n<p>&nbsp;<\/p>\n<p><span style=\"font-size: 14pt;\">El padre Sopo\u0107ko coloc\u00f3 la imagen en un pasillo oscuro del convento de las hermanas benedictinas, adjunto a la iglesia de San Miguel, donde era rector.\u00a0<em>La imagen ten\u00eda un estilo nuevo\u00a0<\/em>\u2013 recordaba \u2013\u00a0<em>por eso no lo pude colgar en la iglesia sin el permiso del Arzobispo y me avergonzaba ped\u00edrselo y m\u00e1s a\u00fan hablarle del origen de esta imagen<\/em>. Sor Faustina apremiada por Jes\u00fas, reclamaba que la imagen fuera colgada en la iglesia. En la Semana Santa declar\u00f3 al padre Sopo\u0107ko que Jes\u00fas exig\u00eda decididamente colocar la imagen por tres d\u00edas en Ostra Brama, donde antes del Domingo Blanco (el primer domingo despu\u00e9s de la Pascua de Resurrecci\u00f3n) iba a celebrarse el triduo para la clausura del Jubileo de la Redenci\u00f3n del Mundo.\u00a0<em>Pronto supe<\/em>\u2013 escribi\u00f3 el padre Sopo\u0107ko \u2013\u00a0<em>que iba a celebrarse ese triduo y el p\u00e1rroco de Ostra Brama, can\u00f3nigo Estanislao Zawadzki, me pidi\u00f3 decir una homil\u00eda. Acept\u00e9 con tal de que la imagen fuera colocada como ornamento en el ventanal. All\u00ed se presentaba de modo imponente y llamaba la atenci\u00f3n de todos; m\u00e1s que la imagen de la Madre de Dios<\/em>.<\/span><\/p>\n<p>&nbsp;<\/p>\n<p><span style=\"font-size: 14pt;\">La alegr\u00eda que llen\u00f3 a Sor Faustina en esos d\u00edas se deb\u00eda, ante todo, a que se cumpli\u00f3 el deseo del Se\u00f1or Jes\u00fas: la imagen de la Misericordia fue expuesta para ser venerada en p\u00fablico, en el lugar m\u00e1s significativo de Vilnaen el Santuario de Nuestra Se\u00f1ora de Ostra Brama y adem\u00e1s el d\u00eda que Jes\u00fas eligi\u00f3 para la Fiesta de la Divina Misericordia. El padre Sopo\u0107ko dio un serm\u00f3n sobre la Divina Misericordia. Cuando hablaba, Sor Faustina vio como la imagen tom\u00f3 un aspecto vivo y los rayos penetraron en los corazones de las personas reunidas en la solemnidad, haci\u00e9ndolas felices. Y Jes\u00fas le dijo:\u00a0<em>T\u00fa eres testigo de mi misericordia, por los siglos estar\u00e1s delante de mi trono como un vivo testigo de mi misericordia<\/em>\u00a0(Diario 417).<\/span><\/p>\n<p>&nbsp;<\/p>\n","protected":false},"excerpt":{"rendered":"<p>TweetMar\u00eda Faustina Kowalska . Los deseos cumplidos &nbsp; Despu\u00e9s de los votos perpetuos Sor Faustina se qued\u00f3 en Cracovia todav\u00eda casi un mes, benefici\u00e1ndose de la asistencia espiritual del padre Jos\u00e9 Andrasz SJ que al igual que el padre Edmundo Elter, la afirm\u00f3 en lo referente a la veracidad de las revelaciones, le mand\u00f3 ser [&hellip;]<\/p>\n","protected":false},"author":1,"featured_media":0,"comment_status":"open","ping_status":"open","sticky":false,"template":"","format":"standard","meta":{"footnotes":""},"categories":[4],"tags":[],"class_list":["post-55887","post","type-post","status-publish","format-standard","hentry","category-divulgacion"],"_links":{"self":[{"href":"http:\/\/www.floracantabrica.com\/index.php?rest_route=\/wp\/v2\/posts\/55887","targetHints":{"allow":["GET"]}}],"collection":[{"href":"http:\/\/www.floracantabrica.com\/index.php?rest_route=\/wp\/v2\/posts"}],"about":[{"href":"http:\/\/www.floracantabrica.com\/index.php?rest_route=\/wp\/v2\/types\/post"}],"author":[{"embeddable":true,"href":"http:\/\/www.floracantabrica.com\/index.php?rest_route=\/wp\/v2\/users\/1"}],"replies":[{"embeddable":true,"href":"http:\/\/www.floracantabrica.com\/index.php?rest_route=%2Fwp%2Fv2%2Fcomments&post=55887"}],"version-history":[{"count":2,"href":"http:\/\/www.floracantabrica.com\/index.php?rest_route=\/wp\/v2\/posts\/55887\/revisions"}],"predecessor-version":[{"id":55890,"href":"http:\/\/www.floracantabrica.com\/index.php?rest_route=\/wp\/v2\/posts\/55887\/revisions\/55890"}],"wp:attachment":[{"href":"http:\/\/www.floracantabrica.com\/index.php?rest_route=%2Fwp%2Fv2%2Fmedia&parent=55887"}],"wp:term":[{"taxonomy":"category","embeddable":true,"href":"http:\/\/www.floracantabrica.com\/index.php?rest_route=%2Fwp%2Fv2%2Fcategories&post=55887"},{"taxonomy":"post_tag","embeddable":true,"href":"http:\/\/www.floracantabrica.com\/index.php?rest_route=%2Fwp%2Fv2%2Ftags&post=55887"}],"curies":[{"name":"wp","href":"https:\/\/api.w.org\/{rel}","templated":true}]}}