{"id":55833,"date":"2023-09-22T14:34:00","date_gmt":"2023-09-22T12:34:00","guid":{"rendered":"http:\/\/www.floracantabrica.com\/?p=55833"},"modified":"2023-09-22T14:34:00","modified_gmt":"2023-09-22T12:34:00","slug":"55833","status":"publish","type":"post","link":"http:\/\/www.floracantabrica.com\/?p=55833","title":{"rendered":""},"content":{"rendered":"<p><a href=\"http:\/\/twitter.com\/share?url=http%3A%2F%2Fwww.floracantabrica.com%2F%3Fp%3D55833&amp;count=none&amp;lang=es&amp;via=lorencincoreses&amp;related=Mujerverdosa&amp;text= - Flora Cant\u00e1brica\" class=\"twitter-share-button\">Tweet<\/a><\/p><p><a href=\"http:\/\/www.floracantabrica.com\/wp-content\/uploads\/2017\/05\/image0021.gif\"><img loading=\"lazy\" decoding=\"async\" class=\"aligncenter size-full wp-image-38863\" src=\"http:\/\/www.floracantabrica.com\/wp-content\/uploads\/2017\/05\/image0021.gif\" alt=\"image002\" width=\"480\" height=\"360\" \/><\/a>&#8230;&#8230;.<\/p>\n<div id=\"articleTitle\">\n<h3><span style=\"font-size: 14pt;\">Comportamiento ecol\u00f3gico de Festuca hystrix en la Pen\u00ednsula Ib\u00e9rica, con especial referencia a los montes c\u00e1ntabro &#8211; astures<\/span><\/h3>\n<p>&#8230;&#8230;&#8230;..<\/p>\n<p>&#8230;&#8230;.<\/p>\n<\/div>\n<div id=\"authorString\"><span style=\"font-size: 14pt;\"><em>M. Mayor, M. A. Fern\u00e1ndez Casado, H. S. Nava, J. R. Alonso Fern\u00e1ndez, J. J. Lastra, J. Homet<\/em><\/span><\/div>\n<div id=\"articleFullText\"><span style=\"font-size: 14pt;\"><strong>Texto completo: <\/strong><a class=\"file\" href=\"http:\/\/polired.upm.es\/index.php\/pastos\/article\/view\/758\/755\" target=\"_parent\" rel=\"noopener noreferrer\">PDF<\/a><\/span><\/div>\n","protected":false},"excerpt":{"rendered":"<p>Tweet&#8230;&#8230;. Comportamiento ecol\u00f3gico de Festuca hystrix en la Pen\u00ednsula Ib\u00e9rica, con especial referencia a los montes c\u00e1ntabro &#8211; astures &#8230;&#8230;&#8230;.. &#8230;&#8230;. M. Mayor, M. A. Fern\u00e1ndez Casado, H. S. Nava, J. R. Alonso Fern\u00e1ndez, J. J. Lastra, J. Homet Texto completo: PDF<\/p>\n","protected":false},"author":1,"featured_media":0,"comment_status":"open","ping_status":"open","sticky":false,"template":"","format":"standard","meta":{"footnotes":""},"categories":[1],"tags":[],"class_list":["post-55833","post","type-post","status-publish","format-standard","hentry","category-flora"],"_links":{"self":[{"href":"http:\/\/www.floracantabrica.com\/index.php?rest_route=\/wp\/v2\/posts\/55833","targetHints":{"allow":["GET"]}}],"collection":[{"href":"http:\/\/www.floracantabrica.com\/index.php?rest_route=\/wp\/v2\/posts"}],"about":[{"href":"http:\/\/www.floracantabrica.com\/index.php?rest_route=\/wp\/v2\/types\/post"}],"author":[{"embeddable":true,"href":"http:\/\/www.floracantabrica.com\/index.php?rest_route=\/wp\/v2\/users\/1"}],"replies":[{"embeddable":true,"href":"http:\/\/www.floracantabrica.com\/index.php?rest_route=%2Fwp%2Fv2%2Fcomments&post=55833"}],"version-history":[{"count":1,"href":"http:\/\/www.floracantabrica.com\/index.php?rest_route=\/wp\/v2\/posts\/55833\/revisions"}],"predecessor-version":[{"id":55834,"href":"http:\/\/www.floracantabrica.com\/index.php?rest_route=\/wp\/v2\/posts\/55833\/revisions\/55834"}],"wp:attachment":[{"href":"http:\/\/www.floracantabrica.com\/index.php?rest_route=%2Fwp%2Fv2%2Fmedia&parent=55833"}],"wp:term":[{"taxonomy":"category","embeddable":true,"href":"http:\/\/www.floracantabrica.com\/index.php?rest_route=%2Fwp%2Fv2%2Fcategories&post=55833"},{"taxonomy":"post_tag","embeddable":true,"href":"http:\/\/www.floracantabrica.com\/index.php?rest_route=%2Fwp%2Fv2%2Ftags&post=55833"}],"curies":[{"name":"wp","href":"https:\/\/api.w.org\/{rel}","templated":true}]}}