{"id":55424,"date":"2023-08-01T10:37:15","date_gmt":"2023-08-01T08:37:15","guid":{"rendered":"http:\/\/www.floracantabrica.com\/?p=55424"},"modified":"2024-05-15T12:50:01","modified_gmt":"2024-05-15T10:50:01","slug":"1-fatima-espanol16-retrato-de-francisco-1-8-23","status":"publish","type":"post","link":"http:\/\/www.floracantabrica.com\/?p=55424","title":{"rendered":"1.\tFatima.Espa\u00f1ol,16`.RETRATO DE FRANCISCO.1.8.23."},"content":{"rendered":"<p><a href=\"http:\/\/twitter.com\/share?url=http%3A%2F%2Fwww.floracantabrica.com%2F%3Fp%3D55424&amp;count=none&amp;lang=es&amp;via=lorencincoreses&amp;related=Mujerverdosa&amp;text=1.\tFatima.Espa\u00f1ol,16`.RETRATO DE FRANCISCO.1.8.23. - Flora Cant\u00e1brica\" class=\"twitter-share-button\">Tweet<\/a><\/p><ol>\n<li><span style=\"font-size: 14pt;\">RETRATO DE FRANCISCO<\/span><\/li>\n<li><span style=\"font-size: 14pt;\">Espiritualidad &#8230;.<\/span><\/li>\n<li><span style=\"font-size: 14pt;\">Inclinaciones naturales &#8230;<\/span><\/li>\n<li><span style=\"font-size: 14pt;\">Participaci\u00f3n en las Apariciones del \u00c1ngel &#8230;<\/span><\/li>\n<li><span style=\"font-size: 14pt;\">Influencia de la primera Aparici\u00f3n de N. Se\u00f1ora<\/span><\/li>\n<li><span style=\"font-size: 14pt;\">Influencia de la segunda Aparici\u00f3n ..<\/span><\/li>\n<li><span style=\"font-size: 14pt;\">Francisco anima a Luc\u00eda &#8230;<\/span><\/li>\n<li><span style=\"font-size: 14pt;\">Influencia de la tercera Aparici\u00f3n .<\/span><\/li>\n<li><span style=\"font-size: 14pt;\">Comportamiento en Our\u00e9m &#8230;..<\/span><\/li>\n<li><span style=\"font-size: 14pt;\">Influencia de las \u00faltimas apariciones..<\/span><\/li>\n<li><span style=\"font-size: 14pt;\">An\u00e9cdotas y canciones &#8230;<\/span><\/li>\n<li><span style=\"font-size: 14pt;\">Francisco, el peque\u00f1o moralista&#8230;<\/span><\/li>\n<li><span style=\"font-size: 14pt;\">Amor al recogimiento y a la oraci\u00f3n ..<\/span><\/li>\n<li><span style=\"font-size: 14pt;\">Visi\u00f3n del demonio ..<\/span><\/li>\n<li><span style=\"font-size: 14pt;\">Florecillas de F\u00e1tima ..<\/span><\/li>\n<li><span style=\"font-size: 14pt;\">Otros casos &#8230;.<\/span><\/li>\n<li><span style=\"font-size: 14pt;\">Muerte santa ..<\/span><\/li>\n<li><span style=\"font-size: 14pt;\">M\u00e1s canciones ..<\/span><\/li>\n<\/ol>\n<p>&nbsp;<\/p>\n<p>&nbsp;<\/p>\n<p>&nbsp;<\/p>\n<p>&nbsp;<\/p>\n<ol>\n<li><span style=\"font-size: 14pt;\"><strong> Espiritualidad<\/strong><\/span><\/li>\n<\/ol>\n<p>&nbsp;<\/p>\n<p><span style=\"font-size: 14pt;\">Comienzo, pues, Exmo. y Rvmo. Sr. Obispo, por escribir lo que<\/span><\/p>\n<p><span style=\"font-size: 14pt;\">el buen Dios me quiere hacer recordar de Francisco. Espero que<\/span><\/p>\n<p><span style=\"font-size: 14pt;\">Nuestro Se\u00f1or le comunique en el cielo lo que escribo en la tierra<\/span><\/p>\n<p><span style=\"font-size: 14pt;\">referente a \u00e9l, para que, especialmente en estos d\u00edas, interceda<\/span><\/p>\n<p><span style=\"font-size: 14pt;\">por m\u00ed junto a Jes\u00fas y Mar\u00eda.<\/span><\/p>\n<p><span style=\"font-size: 14pt;\">La amistad que me un\u00eda a Francisco era s\u00f3lo debido al parentesco<\/span><\/p>\n<p><span style=\"font-size: 14pt;\">(4) y la que tra\u00eda consigo las gracias que el Cielo se dignaba<\/span><\/p>\n<p><span style=\"font-size: 14pt;\">concedernos.<\/span><\/p>\n<p><span style=\"font-size: 14pt;\">Francisco no parec\u00eda hermano de Jacinta, sino en la fisonomia<\/span><\/p>\n<p><span style=\"font-size: 14pt;\">del rostro y en la pr\u00e1ctica de la virtud. No era tan caprichoso y vivo<\/span><\/p>\n<p><span style=\"font-size: 14pt;\">como ella. Al contrario, era de un natural pac\u00edfico y condescendiente.<\/span><\/p>\n<p><span style=\"font-size: 14pt;\">Cuando, en nuestros juegos, alguno se empe\u00f1aba en negarle<\/span><\/p>\n<p><span style=\"font-size: 14pt;\">sus derechos de ganador, ced\u00eda sin resistencia, limit\u00e1ndose a decir<\/span><\/p>\n<p><span style=\"font-size: 14pt;\">s\u00f3lo:<\/span><\/p>\n<p><span style=\"font-size: 14pt;\">\u2013 \u00bfPiensas que has ganado t\u00fa? Est\u00e1 bien. Eso no me importa.<\/span><\/p>\n<p><span style=\"font-size: 14pt;\">No manifestaba, como Jacinta, la pasi\u00f3n por la danza; gustaba<\/span><\/p>\n<p><span style=\"font-size: 14pt;\">m\u00e1s de tocar la flauta, mientras otros danzaban.<\/span><\/p>\n<p><span style=\"font-size: 14pt;\">En los juegos, era muy animado, pero a pocos les gustaba<\/span><\/p>\n<p><span style=\"font-size: 14pt;\">jugar con \u00e9l, porque perd\u00eda casi siempre. Yo misma confieso que<\/span><\/p>\n<p><span style=\"font-size: 14pt;\">simpatizaba poco con \u00e9l, porque su natural tranquilidad excitaba a<\/span><\/p>\n<p><span style=\"font-size: 14pt;\">veces los nervios de mi excesiva viveza. A veces, cogi\u00e9ndole por el<\/span><\/p>\n<p><span style=\"font-size: 14pt;\">brazo le obligaba a sentarse en el suelo, o en alguna piedra, mand\u00e1ndole<\/span><\/p>\n<p><span style=\"font-size: 14pt;\">que se estuviera quieto; y \u00e9l me obedec\u00eda como si yo tuviese<\/span><\/p>\n<p><span style=\"font-size: 14pt;\">una gran autoridad. Despu\u00e9s sent\u00eda pena e iba a buscarlo<\/span><\/p>\n<p><span style=\"font-size: 14pt;\">asi\u00e9ndole por la mano, y regresaba con el mismo buen humor como<\/span><\/p>\n<p><span style=\"font-size: 14pt;\">si nada hubiera acontecido. Si alguno de los otros ni\u00f1os porfiaba<\/span><\/p>\n<p><span style=\"font-size: 14pt;\">en quitarle alguna cosa que le era propia, dec\u00eda:<\/span><\/p>\n<p><span style=\"font-size: 14pt;\">\u2013 \u00a1Deja ya!, \u00bfa mi qu\u00e9 me importa?<\/span><\/p>\n<p><span style=\"font-size: 14pt;\">Recuerdo que un d\u00eda lleg\u00f3 a mi casa con un pa\u00f1uelo en el que<\/span><\/p>\n<p><span style=\"font-size: 14pt;\">estaba pintada Nuestra Se\u00f1ora de Nazar\u00e9 que le hab\u00edan tra\u00eddo de<\/span><\/p>\n<p><span style=\"font-size: 14pt;\">esa misma playa. Me lo ense\u00f1\u00f3 con una gran alegr\u00eda y toda aquella<\/span><\/p>\n<p><span style=\"font-size: 14pt;\">(4) Era primo carnal de Luc\u00eda porque la madre de Francisco y el padre de Luc\u00eda eran hermanos.<\/span><\/p>\n<p><span style=\"font-size: 14pt;\">chiquillada le admir\u00f3. Andando de mano en mano, al rato el pa\u00f1uelo<\/span><\/p>\n<p><span style=\"font-size: 14pt;\">desaparici\u00f3. Se busc\u00f3, pero no se encontr\u00f3. Poco despu\u00e9s lo<\/span><\/p>\n<p><span style=\"font-size: 14pt;\">descubr\u00ed en el bolsillo de otro peque\u00f1o. Intent\u00e9 quit\u00e1rselo, pero \u00e9l<\/span><\/p>\n<p><span style=\"font-size: 14pt;\">porfiaba que era suyo, que tambi\u00e9n se lo hab\u00edan tra\u00eddo de la playa.<\/span><\/p>\n<p><span style=\"font-size: 14pt;\">Entonces Francisco, para acabar con la contienda, se acerc\u00f3 diciendo:<\/span><\/p>\n<p><span style=\"font-size: 14pt;\">\u2013 \u00a1D\u00e9jalo ya!, \u00bfqu\u00e9 me importa a mi el pa\u00f1uelo?<\/span><\/p>\n<p><span style=\"font-size: 14pt;\">Me parece que si hubiera llegado a ser mayor, su defecto principal<\/span><\/p>\n<p><span style=\"font-size: 14pt;\">hubiera sido el de \u201ct\u00fa, Tranquilo\u201d.<\/span><\/p>\n<p><span style=\"font-size: 14pt;\">Cuando a los siete a\u00f1os comenc\u00e9 a pastorear mi reba\u00f1o, \u00e9l<\/span><\/p>\n<p><span style=\"font-size: 14pt;\">pareci\u00f3 estar indiferente. All\u00e1 iba por la noche a esperarme con su<\/span><\/p>\n<p><span style=\"font-size: 14pt;\">hermanita; pero parec\u00eda ir por complacerla y no por amistad. Iban a<\/span><\/p>\n<p><span style=\"font-size: 14pt;\">esperarme en el patio de mis padres. Y mientras Jacinta sal\u00eda a mi<\/span><\/p>\n<p><span style=\"font-size: 14pt;\">encuentro, corriendo, tan pronto sent\u00eda los balidos del reba\u00f1o, \u00e9l<\/span><\/p>\n<p><span style=\"font-size: 14pt;\">me esperaba sentado sobre las gradas de piedra que hab\u00eda delante<\/span><\/p>\n<p><span style=\"font-size: 14pt;\">de la entrada de la casa. Despu\u00e9s nos acompa\u00f1aba a la vieja<\/span><\/p>\n<p><span style=\"font-size: 14pt;\">era a jugar, mientras aguard\u00e1bamos que Nuestra Se\u00f1ora y los \u00e1ngeles<\/span><\/p>\n<p><span style=\"font-size: 14pt;\">encendiesen sus candelas. \u00c9l se animaba tambi\u00e9n a contarlas,<\/span><\/p>\n<p><span style=\"font-size: 14pt;\">pero nada le gustaba tanto como el bonito nacer y ponerse el<\/span><\/p>\n<p><span style=\"font-size: 14pt;\">sol. Mientras se viese alg\u00fan rayo de \u00e9ste, no investigaba si ya hab\u00eda<\/span><\/p>\n<p><span style=\"font-size: 14pt;\">alguna candela encendida.<\/span><\/p>\n<p><span style=\"font-size: 14pt;\">\u2013 Ninguna candela es tan bonita como la de Nuestro Se\u00f1or,<\/span><\/p>\n<p><span style=\"font-size: 14pt;\">decia \u00e9l a Jacinta, a la que le gustaba m\u00e1s la de Nuestra Se\u00f1ora;<\/span><\/p>\n<p><span style=\"font-size: 14pt;\">porque, seg\u00fan ella, no hace da\u00f1o a la vista.<\/span><\/p>\n<p><span style=\"font-size: 14pt;\">Y, entusiasmado, segu\u00eda con la vista a todos los rayos que<\/span><\/p>\n<p><span style=\"font-size: 14pt;\">centelleando en los cristales de las casas de las aldeas vecinas, o<\/span><\/p>\n<p><span style=\"font-size: 14pt;\">en las gotas de roc\u00edo esparcidas en los \u00e1rboles y matorrales de la<\/span><\/p>\n<p><span style=\"font-size: 14pt;\">sierra, los hac\u00edan brillar como otras tantas estrellas, a su manera<\/span><\/p>\n<p><span style=\"font-size: 14pt;\">de ver mil veces m\u00e1s bonitas que las de los \u00c1ngeles.<\/span><\/p>\n<p><span style=\"font-size: 14pt;\">Cuando con tanta insistencia ped\u00eda a su madre que le dejase<\/span><\/p>\n<p><span style=\"font-size: 14pt;\">ir con su reba\u00f1o para estar conmigo, era m\u00e1s bien por darle gusto<\/span><\/p>\n<p><span style=\"font-size: 14pt;\">a Jacinta que le quer\u00eda m\u00e1s que a su hermano Juan. Un d\u00eda que la<\/span><\/p>\n<p><span style=\"font-size: 14pt;\">madre, un poco enfadada, le negaba este permiso, contest\u00f3 con<\/span><\/p>\n<p><span style=\"font-size: 14pt;\">su paz natural:<\/span><\/p>\n<p><span style=\"font-size: 14pt;\">\u2013 A m\u00ed, madre, poco me interesa. Es Jacinta la que quiere que<\/span><\/p>\n<p><span style=\"font-size: 14pt;\">yo vaya.<\/span><\/p>\n<p><span style=\"font-size: 14pt;\">En otra ocasi\u00f3n, confirm\u00f3 esto mismo. Vino a mi casa una de<\/span><\/p>\n<p><span style=\"font-size: 14pt;\">mis antiguas compa\u00f1eras para invitarme a ir con ella, pues ten\u00eda<\/span><\/p>\n<p><span style=\"font-size: 14pt;\">para ese d\u00eda unos buenos pastos. Como el d\u00eda se presentaba un<\/span><\/p>\n<p><span style=\"font-size: 14pt;\">tanto feo, fui a casa de mi t\u00eda a preguntar si iba Francisco con Jacinta<\/span><\/p>\n<p><span style=\"font-size: 14pt;\">o iba su hermano Juan; porque, caso de que fuera este \u00faltimo,<\/span><\/p>\n<p><span style=\"font-size: 14pt;\">prefer\u00eda la compa\u00f1\u00eda de la otra antigua compa\u00f1era. Mi t\u00eda hab\u00eda<\/span><\/p>\n<p><span style=\"font-size: 14pt;\">decidido ya, que aquel d\u00eda, por estar lluvioso, ir\u00eda Juan. Francisco<\/span><\/p>\n<p><span style=\"font-size: 14pt;\">quiso todav\u00eda insistir nuevamente con su madre. Al recibir un no<\/span><\/p>\n<p><span style=\"font-size: 14pt;\">seco y rotundo, respondi\u00f3:<\/span><\/p>\n<p><span style=\"font-size: 14pt;\">\u2013 A m\u00ed, tanto me da. Es Jacinta la que tiene m\u00e1s pena.<\/span><\/p>\n<p><span style=\"font-size: 14pt;\"><strong>\u00a0<\/strong><\/span><\/p>\n<ol start=\"2\">\n<li><span style=\"font-size: 14pt;\"><strong> Inclinaciones naturales<\/strong><\/span><\/li>\n<\/ol>\n<p>&nbsp;<\/p>\n<p><span style=\"font-size: 14pt;\">Lo que m\u00e1s le entreten\u00eda, cuando and\u00e1bamos por los montes,<\/span><\/p>\n<p><span style=\"font-size: 14pt;\">era, sentarse en el pe\u00f1asco m\u00e1s elevado y tocar su flauta o cantar.<\/span><\/p>\n<p><span style=\"font-size: 14pt;\">Si su hermanita bajaba conmigo para echar algunas carreras, \u00e9l se<\/span><\/p>\n<p><span style=\"font-size: 14pt;\">quedaba entretenido all\u00ed con su m\u00fasica y sus cantos. Lo que cantaba<\/span><\/p>\n<p><span style=\"font-size: 14pt;\">con m\u00e1s frecuencia era:<\/span><\/p>\n<p><span style=\"font-size: 14pt;\">CORO<\/span><\/p>\n<p><span style=\"font-size: 14pt;\">Amo a Dios en el cielo.<\/span><\/p>\n<p><span style=\"font-size: 14pt;\">Tambi\u00e9n lo amo en la tierra.<\/span><\/p>\n<p><span style=\"font-size: 14pt;\">Amo el campo, las flores,<\/span><\/p>\n<p><span style=\"font-size: 14pt;\">Las ovejas en la sierra.<\/span><\/p>\n<p><span style=\"font-size: 14pt;\">Soy una pobre pastora,<\/span><\/p>\n<p><span style=\"font-size: 14pt;\">Rezo siempre a Mar\u00eda.<\/span><\/p>\n<p><span style=\"font-size: 14pt;\">En medio de mi reba\u00f1o,<\/span><\/p>\n<p><span style=\"font-size: 14pt;\">Soy el sol de mediod\u00eda.<\/span><\/p>\n<p><span style=\"font-size: 14pt;\">Con mis corderitos<\/span><\/p>\n<p><span style=\"font-size: 14pt;\">Aprend\u00ed a saltar.<\/span><\/p>\n<p><span style=\"font-size: 14pt;\">Soy la alegr\u00eda de la sierra,<\/span><\/p>\n<p><span style=\"font-size: 14pt;\">Soy el lirio del valle.<\/span><\/p>\n<p><span style=\"font-size: 14pt;\">En nuestros juegos, tomaba parte siempre que le invit\u00e1bamos,<\/span><\/p>\n<p><span style=\"font-size: 14pt;\">pero a veces manifestaba poco entusiasmo, diciendo:<\/span><\/p>\n<p><span style=\"font-size: 14pt;\">\u2013 Voy; pero s\u00e9 que perder\u00e9.<\/span><\/p>\n<p><span style=\"font-size: 14pt;\">Los juegos que sab\u00edamos y en los cuales nos entreten\u00edamos<\/span><\/p>\n<p><span style=\"font-size: 14pt;\">eran: el de las chinas, el de las prendas, pasar el aro, el del bot\u00f3n,<\/span><\/p>\n<p><span style=\"font-size: 14pt;\">el de la cuerda, la malla, la brisca, descubrir los reyes, los condes y<\/span><\/p>\n<p><span style=\"font-size: 14pt;\">las sotas, etc. Ten\u00edamos dos barajas: una m\u00eda y otra de ellos. El<\/span><\/p>\n<p><span style=\"font-size: 14pt;\">juego de cartas preferido de Francisco era la brisca.<\/span><\/p>\n<p>&nbsp;<\/p>\n<p><span style=\"font-size: 14pt;\">139<\/span><\/p>\n<ol start=\"3\">\n<li><span style=\"font-size: 14pt;\"><strong> Participaci\u00f3n en las Apariciones del \u00c1ngel<\/strong><\/span><\/li>\n<\/ol>\n<p>&nbsp;<\/p>\n<p><span style=\"font-size: 14pt;\">En la Aparici\u00f3n del \u00c1ngel, se postr\u00f3 al igual que su hermana y<\/span><\/p>\n<p><span style=\"font-size: 14pt;\">yo, llevado por una fuerza sobrenatural que a eso nos mov\u00eda; pero,<\/span><\/p>\n<p><span style=\"font-size: 14pt;\">sin embargo, la oraci\u00f3n la aprendi\u00f3 de tanto repetirla nosotras, pues<\/span><\/p>\n<p><span style=\"font-size: 14pt;\">dec\u00eda que no hab\u00eda o\u00eddo nada al \u00c1ngel.<\/span><\/p>\n<p><span style=\"font-size: 14pt;\">Cuando despu\u00e9s nos poni\u00e1mos de rodillas para rezar esta oraci\u00f3n,<\/span><\/p>\n<p><span style=\"font-size: 14pt;\">\u00e9l puesto en esta postura se cansaba el primero; pero permanec\u00eda<\/span><\/p>\n<p><span style=\"font-size: 14pt;\">de rodillas o sentado rezando tambi\u00e9n hasta acabar con nosotros.<\/span><\/p>\n<p><span style=\"font-size: 14pt;\">Despu\u00e9s dec\u00eda:<\/span><\/p>\n<p><span style=\"font-size: 14pt;\">\u2013 Yo no soy capaz de estar as\u00ed tanto tiempo como vosotras. Me<\/span><\/p>\n<p><span style=\"font-size: 14pt;\">duelen tanto las espaldas, que no puedo.<\/span><\/p>\n<p><span style=\"font-size: 14pt;\">En la segunda Aparici\u00f3n del \u00c1ngel, junto al pozo, pasados los<\/span><\/p>\n<p><span style=\"font-size: 14pt;\">primeros momentos siguientes, pregunt\u00f3:<\/span><\/p>\n<p><span style=\"font-size: 14pt;\">\u2013 T\u00fa hablaste con el \u00c1ngel; \u00bfqu\u00e9 fue lo que te dijo?<\/span><\/p>\n<p><span style=\"font-size: 14pt;\">\u2013 \u00bfNo o\u00edste?<\/span><\/p>\n<p><span style=\"font-size: 14pt;\">\u2013 No, vi que hablaba contigo; o\u00ed lo que t\u00fa le dec\u00edas; pero lo que<\/span><\/p>\n<p><span style=\"font-size: 14pt;\">\u00e9l te dijo no lo s\u00e9.<\/span><\/p>\n<p><span style=\"font-size: 14pt;\">Como el ambiente de lo sobrenatural en el que \u00e9l nos dejaba,<\/span><\/p>\n<p><span style=\"font-size: 14pt;\">no hab\u00eda pasado del todo, le dije que me lo preguntase al d\u00eda siguiente,<\/span><\/p>\n<p><span style=\"font-size: 14pt;\">o a Jacinta.<\/span><\/p>\n<p><span style=\"font-size: 14pt;\">\u2013 Jacinta, cu\u00e9ntame t\u00fa lo que te dijo el \u00c1ngel.<\/span><\/p>\n<p><span style=\"font-size: 14pt;\">\u2013 Te lo dir\u00e9 ma\u00f1ana. Hoy no puedo hablar.<\/span><\/p>\n<p><span style=\"font-size: 14pt;\">Al d\u00eda siguiente, tan pronto como lleg\u00f3 junto a m\u00ed, me pregunt\u00f3:<\/span><\/p>\n<p><span style=\"font-size: 14pt;\">\u2013 \u00bfDormiste esta noche? Yo pens\u00e9 siempre en el \u00c1ngel y en<\/span><\/p>\n<p><span style=\"font-size: 14pt;\">qu\u00e9 ser\u00eda lo que \u00e9l os dijo.<\/span><\/p>\n<p><span style=\"font-size: 14pt;\">Le cont\u00e9 entonces lo que el \u00c1ngel hab\u00eda dicho en la primera y<\/span><\/p>\n<p><span style=\"font-size: 14pt;\">segunda Apariciones. Pero \u00e9l parec\u00eda no haber comprendido lo que<\/span><\/p>\n<p><span style=\"font-size: 14pt;\">significaban las palabras, y preguntaba:<\/span><\/p>\n<p><span style=\"font-size: 14pt;\">\u2013 \u00bfQui\u00e9n es el Alt\u00edsimo?, \u00bfqu\u00e9 quiere decir los Corazones de<\/span><\/p>\n<p><span style=\"font-size: 14pt;\">Jes\u00fas y de Mar\u00eda est\u00e1n atentos a la voz de vuestras s\u00faplicas? Etc&#8230;<\/span><\/p>\n<p><span style=\"font-size: 14pt;\">Y obtenida la respuesta, se quedaba pensativo para luego<\/span><\/p>\n<p><span style=\"font-size: 14pt;\">hacer otra pregunta. Pero mi esp\u00edritu todav\u00eda no estaba del todo<\/span><\/p>\n<p><span style=\"font-size: 14pt;\">libre y le dije que aguardase hasta el d\u00eda siguiente. Que, en aquel<\/span><\/p>\n<p><span style=\"font-size: 14pt;\">d\u00eda a\u00fan no pod\u00eda hablar. Esper\u00f3 alegre, pero no dejaba perder las<\/span><\/p>\n<p><span style=\"font-size: 14pt;\">primeras oportunidades para otras preguntas, lo que impuls\u00f3 a<\/span><\/p>\n<p><span style=\"font-size: 14pt;\">Jacinta a decirle:<\/span><\/p>\n<p><span style=\"font-size: 14pt;\">\u2013 Atiende, \u00a1de estas cosas habla m\u00e1s bien poco!<\/span><\/p>\n<p><span style=\"font-size: 14pt;\">140<\/span><\/p>\n<p><span style=\"font-size: 14pt;\">Cuando habl\u00e1bamos del \u00c1ngel, no s\u00e9 lo que sent\u00edamos. Jacinta<\/span><\/p>\n<p><span style=\"font-size: 14pt;\">dec\u00eda:<\/span><\/p>\n<p><span style=\"font-size: 14pt;\">\u2013 No s\u00e9 lo que siento. Yo no puedo hablar, ni cantar, ni jugar, ni<\/span><\/p>\n<p><span style=\"font-size: 14pt;\">tengo fuerza para nada.<\/span><\/p>\n<p><span style=\"font-size: 14pt;\">\u2013 Yo tampoco \u2013respondi\u00f3 Francisco\u2013 mas \u00bfqu\u00e9 importa? El<\/span><\/p>\n<p><span style=\"font-size: 14pt;\">\u00c1ngel es m\u00e1s bello que todo esto. Pensemos en \u00e9l.<\/span><\/p>\n<p><span style=\"font-size: 14pt;\">En la tercera Aparici\u00f3n, la presencia de lo sobrenatural fue<\/span><\/p>\n<p><span style=\"font-size: 14pt;\">todav\u00eda mucho m\u00e1s intensa. En muchos d\u00edas, Francisco ni siquiera<\/span><\/p>\n<p><span style=\"font-size: 14pt;\">se atrev\u00eda a hablar. Dec\u00eda despu\u00e9s:<\/span><\/p>\n<p><span style=\"font-size: 14pt;\">\u2013 Me alegr\u00f3 mucho ver el \u00c1ngel; pero lo malo es que despu\u00e9s<\/span><\/p>\n<p><span style=\"font-size: 14pt;\">no somos capaces de nada. Yo ni andar pod\u00eda. No s\u00e9 lo que ten\u00eda.<\/span><\/p>\n<p><span style=\"font-size: 14pt;\">A pesar de todo fue \u00e9l quien se dio cuenta, una vez pasada la<\/span><\/p>\n<p><span style=\"font-size: 14pt;\">tercera Aparici\u00f3n del \u00c1ngel, de lo pr\u00f3xima que estaba la noche. El<\/span><\/p>\n<p><span style=\"font-size: 14pt;\">fue quien nos lo advirti\u00f3 y quien pens\u00f3 en conducir el reba\u00f1o a casa.<\/span><\/p>\n<p><span style=\"font-size: 14pt;\">Pasados los primeros d\u00edas, y recuperado el estado normal,<\/span><\/p>\n<p><span style=\"font-size: 14pt;\">Francisco pregunt\u00f3:<\/span><\/p>\n<p><span style=\"font-size: 14pt;\">\u2013 El \u00c1ngel, a ti te dio la Sagrada Comuni\u00f3n; pero a m\u00ed y a<\/span><\/p>\n<p><span style=\"font-size: 14pt;\">Jacinta, \u00bfqu\u00e9 fue lo que nos dio?<\/span><\/p>\n<p><span style=\"font-size: 14pt;\">\u2013 Fue tambi\u00e9n la Sagrada Comuni\u00f3n \u2013respondi\u00f3 Jacinta con<\/span><\/p>\n<p><span style=\"font-size: 14pt;\">una felicidad indecible. \u00bfNo ves que era la Sangre que ca\u00eda de la<\/span><\/p>\n<p><span style=\"font-size: 14pt;\">Hostia?<\/span><\/p>\n<p><span style=\"font-size: 14pt;\">\u2013 \u00a1Yo sent\u00eda que Dios estaba en m\u00ed, mas no sab\u00eda como era!<\/span><\/p>\n<p><span style=\"font-size: 14pt;\">Y arrodill\u00e1ndose permaneci\u00f3 por largo tiempo, con su hermana,<\/span><\/p>\n<p><span style=\"font-size: 14pt;\">repitiendo la oraci\u00f3n del \u00c1ngel: Sant\u00edsima Trinidad&#8230;<\/span><\/p>\n<p><span style=\"font-size: 14pt;\">Poco a poco fue pasando aquella atm\u00f3sfera y el d\u00eda 13 de<\/span><\/p>\n<p><span style=\"font-size: 14pt;\">mayo jug\u00e1bamos ya casi con el mismo gusto y con la misma libertad<\/span><\/p>\n<p><span style=\"font-size: 14pt;\">de esp\u00edritu.<\/span><\/p>\n<p>&nbsp;<\/p>\n<ol start=\"4\">\n<li><span style=\"font-size: 14pt;\"><strong> Influencia de la primera Aparici\u00f3n de Nuestra Se\u00f1ora<\/strong><\/span><\/li>\n<\/ol>\n<p><span style=\"font-size: 14pt;\"><strong>\u00a0<\/strong><\/span><\/p>\n<p><span style=\"font-size: 14pt;\">La Aparici\u00f3n de Nuestra Se\u00f1ora vino a concentrarnos una vez<\/span><\/p>\n<p><span style=\"font-size: 14pt;\">m\u00e1s en lo sobrenatural, pero de una manera m\u00e1s suave. En lugar<\/span><\/p>\n<p><span style=\"font-size: 14pt;\">de aquel aniquilamiento en la presencia divina que nos postraba,<\/span><\/p>\n<p><span style=\"font-size: 14pt;\">incluso f\u00edsicamente, nos qued\u00f3 una gran paz y alegr\u00eda expansiva,<\/span><\/p>\n<p><span style=\"font-size: 14pt;\">que no nos imped\u00eda hablar a continuaci\u00f3n de cuanto hab\u00eda pasado.<\/span><\/p>\n<p><span style=\"font-size: 14pt;\">Mientras tanto, con respecto al reflejo que nos hab\u00eda comunicado<\/span><\/p>\n<p><span style=\"font-size: 14pt;\">Nuestra Se\u00f1ora con las manos y de todo lo que con \u00e9l se relacionaba,<\/span><\/p>\n<p><span style=\"font-size: 14pt;\">sent\u00edamos un no s\u00e9 qu\u00e9 en el interior, que nos mov\u00eda a callarnos.<\/span><\/p>\n<p><span style=\"font-size: 14pt;\">141<\/span><\/p>\n<p><span style=\"font-size: 14pt;\">Inmediatamente contamos a Francisco, todo cuanto Nuestra<\/span><\/p>\n<p><span style=\"font-size: 14pt;\">Se\u00f1ora hab\u00eda dicho. Y \u00e9l, feliz, manifestando lo alegre que se sent\u00eda<\/span><\/p>\n<p><span style=\"font-size: 14pt;\">por la promesa de ir al Cielo, cruzando las manos sobre el pecho,<\/span><\/p>\n<p><span style=\"font-size: 14pt;\">dec\u00eda:<\/span><\/p>\n<p><span style=\"font-size: 14pt;\">\u2013 Querida Se\u00f1ora m\u00eda, rezar\u00e9 todos los rosarios que T\u00fa<\/span><\/p>\n<p><span style=\"font-size: 14pt;\">quieras.<\/span><\/p>\n<p><span style=\"font-size: 14pt;\">Y desde entonces tom\u00f3 la costumbre de separarse de nosotras<\/span><\/p>\n<p><span style=\"font-size: 14pt;\">como paseando; y, si alguna vez le llamaba y le preguntaba<\/span><\/p>\n<p><span style=\"font-size: 14pt;\">sobre lo que estaba haciendo, levantaba el brazo y me mostraba el<\/span><\/p>\n<p><span style=\"font-size: 14pt;\">rosario. Si le dec\u00eda que viniese a jugar, que despu\u00e9s rezar\u00edamos<\/span><\/p>\n<p><span style=\"font-size: 14pt;\">todos juntos, respond\u00eda:<\/span><\/p>\n<p><span style=\"font-size: 14pt;\">\u2013 Despu\u00e9s rezo tambi\u00e9n. \u00bfNo recuerdas que Nuestra Se\u00f1ora<\/span><\/p>\n<p><span style=\"font-size: 14pt;\">dijo que ten\u00eda que rezar muchos rosarios?<\/span><\/p>\n<p><span style=\"font-size: 14pt;\">Cierto d\u00eda, me dijo:<\/span><\/p>\n<p><span style=\"font-size: 14pt;\">\u2013 Goc\u00e9 mucho al ver el \u00c1ngel, pero m\u00e1s a\u00fan me gust\u00f3 Nuestra<\/span><\/p>\n<p><span style=\"font-size: 14pt;\">Se\u00f1ora. Con lo que m\u00e1s goc\u00e9, fue ver a Nuestro Se\u00f1or, en aquella<\/span><\/p>\n<p><span style=\"font-size: 14pt;\">luz que Nuestra Se\u00f1ora nos introdujo en el pecho. \u00a1Gozo tanto de<\/span><\/p>\n<p><span style=\"font-size: 14pt;\">Dios! \u00a1Pero \u00c9l est\u00e1 tan disgustado a causa de tantos pecados! Nunca<\/span><\/p>\n<p><span style=\"font-size: 14pt;\">debemos cometer ninguno.<\/span><\/p>\n<p><span style=\"font-size: 14pt;\">Ya dije, en el segundo escrito sobre Jacinta, c\u00f3mo fue \u00e9l quien<\/span><\/p>\n<p><span style=\"font-size: 14pt;\">me dio la noticia de que ella hab\u00eda faltado a nuestro acuerdo de no<\/span><\/p>\n<p><span style=\"font-size: 14pt;\">decir nada. Y como \u00e9l era de la misma forma de pensar sobre la<\/span><\/p>\n<p><span style=\"font-size: 14pt;\">guarda del secreto, a\u00f1adi\u00f3 con aire triste:<\/span><\/p>\n<p><span style=\"font-size: 14pt;\">\u2013 Yo, cuando mi madre me pregunt\u00f3 si era verdad, tuve que<\/span><\/p>\n<p><span style=\"font-size: 14pt;\">decir que s\u00ed, para no mentir.<\/span><\/p>\n<p><span style=\"font-size: 14pt;\">A veces dec\u00eda:<\/span><\/p>\n<p><span style=\"font-size: 14pt;\">\u2013 Nuestra Se\u00f1ora dijo que tendr\u00edamos que sufrir mucho. No<\/span><\/p>\n<p><span style=\"font-size: 14pt;\">me importa; sufro todo cuanto ella quiera. Lo que yo quiero es ir al<\/span><\/p>\n<p><span style=\"font-size: 14pt;\">Cielo.<\/span><\/p>\n<p><span style=\"font-size: 14pt;\">Cierto d\u00eda en que yo me mostraba descontenta con la persecuci\u00f3n,<\/span><\/p>\n<p><span style=\"font-size: 14pt;\">que tanto dentro como fuera de la familia comenzaba a<\/span><\/p>\n<p><span style=\"font-size: 14pt;\">levantarse, \u00e9l procur\u00f3 animarme, diciendo:<\/span><\/p>\n<p><span style=\"font-size: 14pt;\">\u2013 Deja ya. \u00bfNo dijo Nuestra Se\u00f1ora que \u00edbamos a tener que<\/span><\/p>\n<p><span style=\"font-size: 14pt;\">sufrir mucho, para reparar a Nuestro Se\u00f1or y a su Inmaculado Coraz\u00f3n<\/span><\/p>\n<p><span style=\"font-size: 14pt;\">de tantos pecados con que son ofendidos? \u00a1Ellos est\u00e1n tan<\/span><\/p>\n<p><span style=\"font-size: 14pt;\">tristes&#8230;! Si con estos sufrimientos podemos consolarlos, ya quedamos<\/span><\/p>\n<p><span style=\"font-size: 14pt;\">contentos.<\/span><\/p>\n<p><span style=\"font-size: 14pt;\">Pocos d\u00edas despu\u00e9s de la primera Aparici\u00f3n de Nuestra Se\u00f1ora,<\/span><\/p>\n<p><span style=\"font-size: 14pt;\">al llegar al sitio del pasto, subi\u00f3 a un elevado pe\u00f1asco y nos dijo:<\/span><\/p>\n<p><span style=\"font-size: 14pt;\">142<\/span><\/p>\n<p><span style=\"font-size: 14pt;\">\u2013 Vosotras no veng\u00e1is para ac\u00e1; dejadme estar solo.<\/span><\/p>\n<p><span style=\"font-size: 14pt;\">\u2013 Est\u00e1 bien. Y me puse con Jacinta a correr detr\u00e1s de las mariposas,<\/span><\/p>\n<p><span style=\"font-size: 14pt;\">que prend\u00edamos para despu\u00e9s dejarlas huir y as\u00ed hacer un<\/span><\/p>\n<p><span style=\"font-size: 14pt;\">sacrificio; sin acordarnos m\u00e1s de Francisco. Llegada la hora de la<\/span><\/p>\n<p><span style=\"font-size: 14pt;\">merienda nos dimos cuenta de su ausencia y all\u00e1 fui a llamarlo:<\/span><\/p>\n<p><span style=\"font-size: 14pt;\">\u2013 Francisco, \u00bfno quieres venir a merendar?<\/span><\/p>\n<p><span style=\"font-size: 14pt;\">\u2013 No; comed vosotras.<\/span><\/p>\n<p><span style=\"font-size: 14pt;\">\u2013 \u00bfY rezar el rosario?<\/span><\/p>\n<p><span style=\"font-size: 14pt;\">\u2013 A rezar, despu\u00e9s voy; vuelve a llamarme.<\/span><\/p>\n<p><span style=\"font-size: 14pt;\">Cuando volv\u00ed a llamarle, me dijo:<\/span><\/p>\n<p><span style=\"font-size: 14pt;\">\u2013 Venid a rezar aqu\u00ed, junto a m\u00ed.<\/span><\/p>\n<p><span style=\"font-size: 14pt;\">Subimos a lo alto del pe\u00f1asco, donde apenas cab\u00edamos los<\/span><\/p>\n<p><span style=\"font-size: 14pt;\">tres puestos de rodillas y le pregunt\u00e9:<\/span><\/p>\n<p><span style=\"font-size: 14pt;\">\u2013 Pero \u00bfqu\u00e9 est\u00e1s haciendo aqu\u00ed durante tanto tiempo?<\/span><\/p>\n<p><span style=\"font-size: 14pt;\">\u2013 Estoy pensando en Dios que est\u00e1 muy triste debido a tantos<\/span><\/p>\n<p><span style=\"font-size: 14pt;\">pecados. \u00a1Si yo fuera capaz de darle alegr\u00eda! (5).<\/span><\/p>\n<p><span style=\"font-size: 14pt;\">Un d\u00eda nos pusimos a cantar a coro, las alegr\u00edas de la sierra.<\/span><\/p>\n<p><span style=\"font-size: 14pt;\">CORO<\/span><\/p>\n<p><span style=\"font-size: 14pt;\">Ai, trai lai, lai, lai,<\/span><\/p>\n<p><span style=\"font-size: 14pt;\">trai lari, lai, lai,<\/span><\/p>\n<p><span style=\"font-size: 14pt;\">lai, lai, lai.<\/span><\/p>\n<p><span style=\"font-size: 14pt;\">1<\/span><\/p>\n<p><span style=\"font-size: 14pt;\">Todo canta en esta vida,<\/span><\/p>\n<p><span style=\"font-size: 14pt;\">conmigo, al desaf\u00edo:<\/span><\/p>\n<p><span style=\"font-size: 14pt;\">la pastora, all\u00e1 en la sierra,<\/span><\/p>\n<p><span style=\"font-size: 14pt;\">la lavandera, en el r\u00edo.<\/span><\/p>\n<p><span style=\"font-size: 14pt;\">2<\/span><\/p>\n<p><span style=\"font-size: 14pt;\">Es la voz del petirrojo<\/span><\/p>\n<p><span style=\"font-size: 14pt;\">que me viene a despertar,<\/span><\/p>\n<p><span style=\"font-size: 14pt;\">luego de nacer el sol<\/span><\/p>\n<p><span style=\"font-size: 14pt;\">cantando en el zarzal.<\/span><\/p>\n<p><span style=\"font-size: 14pt;\">(5) Se puede afirmar que Francisco fue el que goz\u00f3 de una gracia de contemplaci\u00f3n<\/span><\/p>\n<p><span style=\"font-size: 14pt;\">m\u00e1s alta.<\/span><\/p>\n<p><span style=\"font-size: 14pt;\">143<\/span><\/p>\n<p><span style=\"font-size: 14pt;\">3<\/span><\/p>\n<p><span style=\"font-size: 14pt;\">De noche, canta la lechuza<\/span><\/p>\n<p><span style=\"font-size: 14pt;\">que me quiere asustar<\/span><\/p>\n<p><span style=\"font-size: 14pt;\">y en la esfoyaza canta<\/span><\/p>\n<p><span style=\"font-size: 14pt;\">la ni\u00f1a al claror lunar.<\/span><\/p>\n<p><span style=\"font-size: 14pt;\">4<\/span><\/p>\n<p><span style=\"font-size: 14pt;\">El ruise\u00f1or en la campi\u00f1a,<\/span><\/p>\n<p><span style=\"font-size: 14pt;\">pasa el d\u00eda cantando;<\/span><\/p>\n<p><span style=\"font-size: 14pt;\">canta el mirlo en el bosque,<\/span><\/p>\n<p><span style=\"font-size: 14pt;\">canta el carro chirriando.<\/span><\/p>\n<p><span style=\"font-size: 14pt;\">5<\/span><\/p>\n<p><span style=\"font-size: 14pt;\">La sierra es un jard\u00edn,<\/span><\/p>\n<p><span style=\"font-size: 14pt;\">que sonr\u00ede todo el d\u00eda,<\/span><\/p>\n<p><span style=\"font-size: 14pt;\">son las gotas de roc\u00edo.<\/span><\/p>\n<p><span style=\"font-size: 14pt;\">que en las monta\u00f1as brillan.<\/span><\/p>\n<p><span style=\"font-size: 14pt;\">Terminada la primera vez, \u00edbamos a repetirla, pero Francisco<\/span><\/p>\n<p><span style=\"font-size: 14pt;\">interrumpi\u00f3:<\/span><\/p>\n<p><span style=\"font-size: 14pt;\">\u2013 No cantemos m\u00e1s. Desde que vino el \u00c1ngel y Nuestra Se\u00f1ora,<\/span><\/p>\n<p><span style=\"font-size: 14pt;\">ya no me apetece cantar.<\/span><\/p>\n<p><span style=\"font-size: 14pt;\"><strong>\u00a0<\/strong><\/span><\/p>\n<ol start=\"5\">\n<li><span style=\"font-size: 14pt;\"><strong> Influencia de la segunda Aparici\u00f3n<\/strong><\/span><\/li>\n<\/ol>\n<p>&nbsp;<\/p>\n<p><span style=\"font-size: 14pt;\">En la segunda Aparici\u00f3n, el d\u00eda 13 de junio de 1917, se impresion\u00f3<\/span><\/p>\n<p><span style=\"font-size: 14pt;\">mucho con la comunicaci\u00f3n del reflejo que, ya dije en el segundo<\/span><\/p>\n<p><span style=\"font-size: 14pt;\">escrito; fue en el momento en que Nuestra Sen\u00f5ra dijo:<\/span><\/p>\n<p><span style=\"font-size: 14pt;\">\u2013 Mi Inmaculado Coraz\u00f3n ser\u00e1 tu refugio y el camino que te<\/span><\/p>\n<p><span style=\"font-size: 14pt;\">llevar\u00e1 a Dios.<\/span><\/p>\n<p><span style=\"font-size: 14pt;\">El parec\u00eda no tener, por el momento, la comprensi\u00f3n de los<\/span><\/p>\n<p><span style=\"font-size: 14pt;\">hechos, tal vez por no haber o\u00eddo las palabras que los acompan\u00e3ban.<\/span><\/p>\n<p><span style=\"font-size: 14pt;\">Por eso preguntaba despu\u00e9s:<\/span><\/p>\n<p><span style=\"font-size: 14pt;\">\u2013 \u00bfPor qu\u00e9 Nuestra Se\u00f1ora estaba con el Coraz\u00f3n en la mano,<\/span><\/p>\n<p><span style=\"font-size: 14pt;\">esparciendo por el mundo esa luz tan grande que es Dios? T\u00fa<\/span><\/p>\n<p><span style=\"font-size: 14pt;\">estabas con Nuestra Se\u00f1ora en la luz que descend\u00eda a la tierra, y<\/span><\/p>\n<p><span style=\"font-size: 14pt;\">Jacinta conmigo en la que sub\u00eda para el Cielo.<\/span><\/p>\n<p><span style=\"font-size: 14pt;\">144<\/span><\/p>\n<p><span style=\"font-size: 14pt;\">\u2013 Es que \u2013le respond\u00ed\u2013 t\u00fa, con Jacinta, ir\u00e1s en breve al Cielo, y<\/span><\/p>\n<p><span style=\"font-size: 14pt;\">yo quedo alg\u00fan tiempo m\u00e1s en la tierra con el Coraz\u00f3n Inmaculado<\/span><\/p>\n<p><span style=\"font-size: 14pt;\">de Mar\u00eda.<\/span><\/p>\n<p><span style=\"font-size: 14pt;\">\u2013 \u00bfCu\u00e1ntos a\u00f1os quedar\u00e1s aqu\u00ed? \u2013 preguntaba.<\/span><\/p>\n<p><span style=\"font-size: 14pt;\">\u2013 No s\u00e9; bastantes.<\/span><\/p>\n<p><span style=\"font-size: 14pt;\">\u2013 \u00bfFue Nuestra Se\u00f1ora quien lo dijo?<\/span><\/p>\n<p><span style=\"font-size: 14pt;\">\u2013 Fue. Yo lo entend\u00ed en esa luz que nos introduc\u00eda en el pecho.<\/span><\/p>\n<p><span style=\"font-size: 14pt;\">Y Jacinta afirmaba esto diciendo:<\/span><\/p>\n<p><span style=\"font-size: 14pt;\">\u2013 Es as\u00ed. Yo igualmente lo entend\u00ed as\u00ed.<\/span><\/p>\n<p><span style=\"font-size: 14pt;\">A veces, dec\u00eda:<\/span><\/p>\n<p><span style=\"font-size: 14pt;\">\u2013 Estas gentes quedan tan felices solamente porque nosotros<\/span><\/p>\n<p><span style=\"font-size: 14pt;\">les decimos que Nuestra Se\u00f1ora nos mand\u00f3 rezar el rosario y que<\/span><\/p>\n<p><span style=\"font-size: 14pt;\">aprendamos a leer. \u00bfQu\u00e9 ser\u00eda si supiesen lo que Ella nos mostr\u00f3<\/span><\/p>\n<p><span style=\"font-size: 14pt;\">en Dios, en su Coraz\u00f3n Inmaculado, en esa luz tan grande? Pero<\/span><\/p>\n<p><span style=\"font-size: 14pt;\">eso es secreto; no se le dice. Es mejor que nadie lo sepa.<\/span><\/p>\n<p><span style=\"font-size: 14pt;\">Desde esta aparici\u00f3n, comenzamos a decir, cuando nos preguntaban<\/span><\/p>\n<p><span style=\"font-size: 14pt;\">si Nuestra Se\u00f1ora no nos hab\u00eda dicho nada m\u00e1s:<\/span><\/p>\n<p><span style=\"font-size: 14pt;\">\u2013 Si que dijo; pero es secreto.<\/span><\/p>\n<p><span style=\"font-size: 14pt;\">Si nos preguntaban el motivo por el cual era secreto, nos encog\u00edamos<\/span><\/p>\n<p><span style=\"font-size: 14pt;\">de hombros y, bajando la cabeza, guard\u00e1bamos silencio.<\/span><\/p>\n<p><span style=\"font-size: 14pt;\">Pero pasado el d\u00eda 13 de julio, dec\u00edamos:<\/span><\/p>\n<p><span style=\"font-size: 14pt;\">\u2013 Nuestra Se\u00f1ora nos dijo que no se lo dij\u00e9ramos a nadie \u2013<\/span><\/p>\n<p><span style=\"font-size: 14pt;\">refiri\u00e9ndonos entonces al secreto impuesto por Nuestra Se\u00f1ora.<\/span><\/p>\n<p><span style=\"font-size: 14pt;\"><strong>\u00a0<\/strong><\/span><\/p>\n<ol start=\"6\">\n<li><span style=\"font-size: 14pt;\"><strong> Francisco anima a Luc\u00eda<\/strong><\/span><\/li>\n<\/ol>\n<p>&nbsp;<\/p>\n<p><span style=\"font-size: 14pt;\">En el transcurso de este mes, aument\u00f3 la afluencia de gente<\/span><\/p>\n<p><span style=\"font-size: 14pt;\">de una manera considerable; y tambi\u00e9n los cont\u00ednuos interrogatorios<\/span><\/p>\n<p><span style=\"font-size: 14pt;\">y censuras. Francisco sufr\u00eda bastante con esto y se lamentaba diciendo<\/span><\/p>\n<p><span style=\"font-size: 14pt;\">a su hermana:<\/span><\/p>\n<p><span style=\"font-size: 14pt;\">\u2013 \u00a1Qu\u00e9 pena! Si t\u00fa te hubieras callado, nadie lo sabr\u00eda. Si no<\/span><\/p>\n<p><span style=\"font-size: 14pt;\">fuese por ser mentira, dir\u00edamos a toda la gente que no vimos nada,<\/span><\/p>\n<p><span style=\"font-size: 14pt;\">y todo acababa. Pero eso no puede ser.<\/span><\/p>\n<p><span style=\"font-size: 14pt;\">Cuando me ve\u00eda perpleja con la duda, echaba a llorar diciendo:<\/span><\/p>\n<p><span style=\"font-size: 14pt;\">\u2013 \u00bfPero, c\u00f3mo es que t\u00fa puedes pensar que es el demonio?<\/span><\/p>\n<p><span style=\"font-size: 14pt;\">\u00bfNo viste a Nuestra Se\u00f1ora y a Dios en aquella luz tan grande?<\/span><\/p>\n<p><span style=\"font-size: 14pt;\">\u00bfC\u00f3mo es que vamos a ir sin ti, si t\u00fa eres quien tiene que hablar?<\/span><\/p>\n<p><span style=\"font-size: 14pt;\">Ya de noche, despu\u00e9s de la cena, volvi\u00f3 otra vez a mi casa. Me<\/span><\/p>\n<p><span style=\"font-size: 14pt;\">llam\u00f3 a la vieja era y me dijo:<\/span><\/p>\n<p><span style=\"font-size: 14pt;\">\u2013 Escucha, \u00bft\u00fa vas ma\u00f1ana?<\/span><\/p>\n<p><span style=\"font-size: 14pt;\">145<\/span><\/p>\n<p><span style=\"font-size: 14pt;\">\u2013 No voy; ya dije que no vuelvo m\u00e1s.<\/span><\/p>\n<p><span style=\"font-size: 14pt;\">\u2013 \u00a1Pero, qu\u00e9 tristeza! \u00bfPor qu\u00e9 t\u00fa piensas ahora as\u00ed? \u00bfNo ves<\/span><\/p>\n<p><span style=\"font-size: 14pt;\">que no puede ser el demonio? Dios ya est\u00e1 tan triste con tantos pecados<\/span><\/p>\n<p><span style=\"font-size: 14pt;\">y ahora, si t\u00fa no vas, estar\u00e1 todav\u00eda m\u00e1s triste. Anda, ven.<\/span><\/p>\n<p><span style=\"font-size: 14pt;\">\u2013 Ya te dije que no voy m\u00e1s; es in\u00fatil insistir.<\/span><\/p>\n<p><span style=\"font-size: 14pt;\">Y bruscamente entr\u00e9 en casa.<\/span><\/p>\n<p><span style=\"font-size: 14pt;\">Pasados algunos d\u00edas, me dec\u00eda:<\/span><\/p>\n<p><span style=\"font-size: 14pt;\">\u2013 \u00a1Dios m\u00edo! Aquella noche no dorm\u00ed nada; pas\u00e9 toda la noche<\/span><\/p>\n<p><span style=\"font-size: 14pt;\">rezando y llorando, para que Nuestra Se\u00f1ora te hiciese ir.<\/span><\/p>\n<p><span style=\"font-size: 14pt;\"><strong>\u00a0<\/strong><\/span><\/p>\n<ol start=\"7\">\n<li><span style=\"font-size: 14pt;\"><strong> Influencia de la tercera Aparici\u00f3n<\/strong><\/span><\/li>\n<\/ol>\n<p>&nbsp;<\/p>\n<p><span style=\"font-size: 14pt;\">En la tercera Aparici\u00f3n, Francisco parece que fue el que menos<\/span><\/p>\n<p><span style=\"font-size: 14pt;\">se impresion\u00f3 con la vista del infierno, a pesar de que tambi\u00e9n<\/span><\/p>\n<p><span style=\"font-size: 14pt;\">le causase una sensaci\u00f3n grande.<\/span><\/p>\n<p><span style=\"font-size: 14pt;\">Lo que m\u00e1s le impresion\u00f3 y absorbi\u00f3 era Dios, la Sant\u00edsima<\/span><\/p>\n<p><span style=\"font-size: 14pt;\">Trinidad, en esa luz inmensa que nos penetraba hasta en lo m\u00e1s<\/span><\/p>\n<p><span style=\"font-size: 14pt;\">\u00edntimo del alma. Despu\u00e9s dec\u00eda:<\/span><\/p>\n<p><span style=\"font-size: 14pt;\">\u2013 Est\u00e1bamos ardiendo en aquella luz y no nos quem\u00e1bamos.<\/span><\/p>\n<p><span style=\"font-size: 14pt;\">\u00a1C\u00f3mo es Dios! \u00a1No se puede decir! Esto s\u00ed que nadie lo puede<\/span><\/p>\n<p><span style=\"font-size: 14pt;\">decir. Da pena que est\u00e9 tan triste. \u00a1si yo le pudiese consolar!<\/span><\/p>\n<p><span style=\"font-size: 14pt;\">Cierto d\u00eda me preguntaron si Nuestra Se\u00f1ora nos hab\u00eda mandado<\/span><\/p>\n<p><span style=\"font-size: 14pt;\">rezar por los pecadores. Yo respond\u00ed que no. Luego cuando<\/span><\/p>\n<p><span style=\"font-size: 14pt;\">pudo, mientras interrogaban a Jacinta, me llam\u00f3 y me dijo:<\/span><\/p>\n<p><span style=\"font-size: 14pt;\">\u2013 T\u00fa ahora mentiste. \u00bfComo es que dijiste que Nuestra Se\u00f1ora<\/span><\/p>\n<p><span style=\"font-size: 14pt;\">no nos mand\u00f3 rezar por los pecadores?<\/span><\/p>\n<p><span style=\"font-size: 14pt;\">\u2013 Por los pecadores, \u00a1no! Nos mand\u00f3 rezar por la paz, para<\/span><\/p>\n<p><span style=\"font-size: 14pt;\">que terminara la guerra. Por los pecadores nos orden\u00f3 hacer sacrificios.<\/span><\/p>\n<p><span style=\"font-size: 14pt;\">\u2013 \u00a1Ah!, es verdad. Ya estaba pensando que hab\u00edas mentido.<\/span><\/p>\n<p><span style=\"font-size: 14pt;\"><strong>\u00a0<\/strong><\/span><\/p>\n<ol start=\"8\">\n<li><span style=\"font-size: 14pt;\"><strong> Comportamiento en Our\u00e9m<\/strong><\/span><\/li>\n<\/ol>\n<p>&nbsp;<\/p>\n<p><span style=\"font-size: 14pt;\">Ya dije anteriormente c\u00f3mo pas\u00f3 el d\u00eda llorando y rezando con<\/span><\/p>\n<p><span style=\"font-size: 14pt;\">una aflicci\u00f3n en cierto modo mucho mayor que la m\u00eda, cuando mi<\/span><\/p>\n<p><span style=\"font-size: 14pt;\">padre fue intimado a llevarme a Vila Nova de Our\u00e9m (6).<\/span><\/p>\n<p><span style=\"font-size: 14pt;\">(<\/span><\/p>\n<p><span style=\"font-size: 14pt;\">146<\/span><\/p>\n<p><span style=\"font-size: 14pt;\">En la prisi\u00f3n mostr\u00f3se muy animado, y procuraba animar a<\/span><\/p>\n<p><span style=\"font-size: 14pt;\">Jacinta en las horas de mayor tristeza.<\/span><\/p>\n<p><span style=\"font-size: 14pt;\">Cuando rez\u00e1bamos el rosario en la prisi\u00f3n, \u00e9l vio que uno de<\/span><\/p>\n<p><span style=\"font-size: 14pt;\">los presos estaba puesto de rodillas con la boina en la cabeza. Se<\/span><\/p>\n<p><span style=\"font-size: 14pt;\">fue junto a \u00e9l y le dijo:<\/span><\/p>\n<p><span style=\"font-size: 14pt;\">\u2013 Se\u00f1or, si quiere rezar, haga el favor de quitarse la boina.<\/span><\/p>\n<p><span style=\"font-size: 14pt;\">Y el pobre hombre sin m\u00e1s se la entrega, y \u00e9l la pone encima<\/span><\/p>\n<p><span style=\"font-size: 14pt;\">de su caperuza sobre un banco.<\/span><\/p>\n<p><span style=\"font-size: 14pt;\">Mientras interrogaban a Jacinta, \u00e9l me dec\u00eda con inmensa paz<\/span><\/p>\n<p><span style=\"font-size: 14pt;\">y alegr\u00eda:<\/span><\/p>\n<p><span style=\"font-size: 14pt;\">\u2013 Si nos matan como dicen, dentro de poco tiempo estamos<\/span><\/p>\n<p><span style=\"font-size: 14pt;\">en el Cielo. Pero, \u00a1qu\u00e9 bien! No me importa nada.<\/span><\/p>\n<p><span style=\"font-size: 14pt;\">Y pasado un momento de silencio, dec\u00eda:<\/span><\/p>\n<p><span style=\"font-size: 14pt;\">\u2013 Dios quiera que Jacinta no tenga miedo. Voy a rezar un<\/span><\/p>\n<p><span style=\"font-size: 14pt;\">Avemar\u00eda por ella.<\/span><\/p>\n<p><span style=\"font-size: 14pt;\">Sin m\u00e1s, se quita la caperuza y reza. El guardia, al verlo en<\/span><\/p>\n<p><span style=\"font-size: 14pt;\">actitud de oraci\u00f3n, le pregunta:<\/span><\/p>\n<p><span style=\"font-size: 14pt;\">\u2013 \u00bfQu\u00e9 est\u00e1s diciendo?<\/span><\/p>\n<p><span style=\"font-size: 14pt;\">\u2013 Estoy rezando un Avemar\u00eda para que Jacinta no tenga miedo.<\/span><\/p>\n<p><span style=\"font-size: 14pt;\">El guardia hizo un gesto de desprecio y le dej\u00f3 actuar.<\/span><\/p>\n<p><span style=\"font-size: 14pt;\">Cuando despu\u00e9s del regreso de Vila Nova de Our\u00e9m, comenzamos<\/span><\/p>\n<p><span style=\"font-size: 14pt;\">a sentir que la presencia de lo sobrenatural nos envolv\u00eda,<\/span><\/p>\n<p><span style=\"font-size: 14pt;\">sintiendo que alguna comunicaci\u00f3n del Cielo se aproximaba,<\/span><\/p>\n<p><span style=\"font-size: 14pt;\">Francisco se mostraba preocupado por no estar presente Jacinta.<\/span><\/p>\n<p><span style=\"font-size: 14pt;\">\u2013 Qu\u00e9 pena \u2013dec\u00eda\u2013, si Jacinta no llega a tiempo.<\/span><\/p>\n<p><span style=\"font-size: 14pt;\">Y ped\u00eda al hermano que fuese corriendo:<\/span><\/p>\n<p><span style=\"font-size: 14pt;\">\u2013 Dile que venga deprisa.<\/span><\/p>\n<p><span style=\"font-size: 14pt;\">Despu\u00e9s que parti\u00f3 el hermano, me dec\u00eda:<\/span><\/p>\n<p><span style=\"font-size: 14pt;\">\u2013 Jacinta, si no llega a tiempo, se va a quedar muy triste.<\/span><\/p>\n<p><span style=\"font-size: 14pt;\">Despu\u00e9s de la Aparici\u00f3n dijo a la hermana, que quer\u00eda quedarse<\/span><\/p>\n<p><span style=\"font-size: 14pt;\">all\u00ed por todo el resto de la tarde:<\/span><\/p>\n<p><span style=\"font-size: 14pt;\">\u2013 No. T\u00fa tienes que marcharte, porque madre hoy no te ha<\/span><\/p>\n<p><span style=\"font-size: 14pt;\">dejado venir con las ovejas.<\/span><\/p>\n<p><span style=\"font-size: 14pt;\">Y, para animarla, iba acompa\u00f1\u00e1ndola a casa.<\/span><\/p>\n<p><span style=\"font-size: 14pt;\">Cuando en la prisi\u00f3n vimos que se pasaba la hora del mediod\u00eda<\/span><\/p>\n<p><span style=\"font-size: 14pt;\">y que no nos dejaban ir a Cova de Ir\u00eda, Francisco dijo:<\/span><\/p>\n<p><span style=\"font-size: 14pt;\">\u2013Tal vez Nuestra Se\u00f1ora se nos aparezca aqu\u00ed.<\/span><\/p>\n<p><span style=\"font-size: 14pt;\">147<\/span><\/p>\n<p><span style=\"font-size: 14pt;\">Pero, al d\u00eda siguiente, manifestaba una gran pena y dec\u00eda casi<\/span><\/p>\n<p><span style=\"font-size: 14pt;\">llorando:<\/span><\/p>\n<p><span style=\"font-size: 14pt;\">\u2013 Nuestra Se\u00f1ora puede haberse quedado triste porque no<\/span><\/p>\n<p><span style=\"font-size: 14pt;\">hemos ido a Cova de Ir\u00eda, y no volver\u00e1 m\u00e1s a aparec\u00e9rsenos. Y \u00a1me<\/span><\/p>\n<p><span style=\"font-size: 14pt;\">gustaba tanto verla!<\/span><\/p>\n<p><span style=\"font-size: 14pt;\">Cuando Jacinta lloraba en la prisi\u00f3n con la a\u00f1oranza de su<\/span><\/p>\n<p><span style=\"font-size: 14pt;\">madre y de la familia, \u00e9l procuraba animarla, dici\u00e9ndole:<\/span><\/p>\n<p><span style=\"font-size: 14pt;\">\u2013 A madre, si no la volvemos a ver, paciencia. Lo ofreceremos<\/span><\/p>\n<p><span style=\"font-size: 14pt;\">por la conversi\u00f3n de los pecadores. Lo peor es que Nuestra Se\u00f1ora<\/span><\/p>\n<p><span style=\"font-size: 14pt;\">no vuelva m\u00e1s. Esto es lo que m\u00e1s me cuesta, pero tambi\u00e9n<\/span><\/p>\n<p><span style=\"font-size: 14pt;\">esto lo ofrezco por los pecadores.<\/span><\/p>\n<p><span style=\"font-size: 14pt;\">Despu\u00e9s, me preguntaba:<\/span><\/p>\n<p><span style=\"font-size: 14pt;\">\u2013 \u00a1Oye!: \u00bfNuestra Se\u00f1ora no volver\u00e1 m\u00e1s a aparec\u00e9rsenos?<\/span><\/p>\n<p><span style=\"font-size: 14pt;\">\u2013 No lo s\u00e9. Pienso que s\u00ed.<\/span><\/p>\n<p><span style=\"font-size: 14pt;\">\u2013 Tengo tanta a\u00f1oranza de Ella&#8230;<\/span><\/p>\n<p><span style=\"font-size: 14pt;\">La Aparici\u00f3n en los Valinhos fue, pues, para \u00e9l de doble alegr\u00eda.<\/span><\/p>\n<p><span style=\"font-size: 14pt;\">Se sent\u00eda con angustia por el recelo de que Ella no volviese,<\/span><\/p>\n<p><span style=\"font-size: 14pt;\">Despu\u00e9s dec\u00eda:<\/span><\/p>\n<p><span style=\"font-size: 14pt;\">\u2013 Ciertamente, no se nos apareci\u00f3 el d\u00eda 13 para no ir a casa<\/span><\/p>\n<p><span style=\"font-size: 14pt;\">del se\u00f1or Administrador, tal vez porque \u00e9l es tan malo.<\/span><\/p>\n<p><span style=\"font-size: 14pt;\"><strong>\u00a0<\/strong><\/span><\/p>\n<ol start=\"9\">\n<li><span style=\"font-size: 14pt;\"><strong> Influencia de las \u00faltimas Apariciones<\/strong><\/span><\/li>\n<\/ol>\n<p>&nbsp;<\/p>\n<p><span style=\"font-size: 14pt;\">Cuando, despu\u00e9s del d\u00eda 13 de septiembre, le dije que tambi\u00e9n<\/span><\/p>\n<p><span style=\"font-size: 14pt;\">en octubre vendr\u00eda Nuestro Se\u00f1or, \u00e9l manifest\u00f3 una gran alegr\u00eda:<\/span><\/p>\n<p><span style=\"font-size: 14pt;\">\u2013 Ay \u00a1qu\u00e9 bien! S\u00f3lo lo hemos visto dos veces (7), y a m\u00ed me<\/span><\/p>\n<p><span style=\"font-size: 14pt;\">gusta tanto ver a Nuestro Se\u00f1or&#8230;<\/span><\/p>\n<p><span style=\"font-size: 14pt;\">De vez en cuando, preguntaba:<\/span><\/p>\n<p><span style=\"font-size: 14pt;\">\u2013 \u00bfTodav\u00eda faltan muchos d\u00edas para el d\u00eda 13? Estoy ansioso<\/span><\/p>\n<p><span style=\"font-size: 14pt;\">de que llegue, para ver otra vez a Nuestro Se\u00f1or.<\/span><\/p>\n<p><span style=\"font-size: 14pt;\">Despu\u00e9s pensaba un poco y dec\u00eda:<\/span><\/p>\n<p><span style=\"font-size: 14pt;\">\u2013 Pero, \u00a1oye!: \u00bfestar\u00e1 \u00c9l todav\u00eda tan triste? Tengo tanta pena de<\/span><\/p>\n<p><span style=\"font-size: 14pt;\">que est\u00e9 as\u00ed tan triste. Le ofrezco todos los sacrificios que puedo<\/span><\/p>\n<p><span style=\"font-size: 14pt;\">hacer. A veces, ya no huyo de esa gente, para hacer sacrificios.<\/span><\/p>\n<p><span style=\"font-size: 14pt;\">(7) Francisco est\u00e1 refiri\u00e9ndose a la Luz que les comunicaba la Virgen, en junio y<\/span><\/p>\n<p><span style=\"font-size: 14pt;\">julio. De ella dice Luc\u00eda que \u00abera el mismo Dios\u00bb.<\/span><\/p>\n<p><span style=\"font-size: 14pt;\">148<\/span><\/p>\n<p><span style=\"font-size: 14pt;\">Despu\u00e9s del d\u00eda 13 de octubre, dec\u00eda:<\/span><\/p>\n<p><span style=\"font-size: 14pt;\">\u2013 Goc\u00e9 mucho al ver a Nuestro Se\u00f1or. Pero me gust\u00f3 m\u00e1s<\/span><\/p>\n<p><span style=\"font-size: 14pt;\">verle en aquella luz donde tambi\u00e9n est\u00e1bamos nosotros. De aqu\u00ed a<\/span><\/p>\n<p><span style=\"font-size: 14pt;\">poco tiempo, el Se\u00f1or me llevar\u00e1 junto a \u00c9l, y entonces s\u00ed que le<\/span><\/p>\n<p><span style=\"font-size: 14pt;\">ver\u00e9 para siempre.<\/span><\/p>\n<p><span style=\"font-size: 14pt;\">Cierto d\u00eda le pregunt\u00e9:<\/span><\/p>\n<p><span style=\"font-size: 14pt;\">\u2013 \u00bfPor qu\u00e9 cuando te interrogan sobre alguna cosa, bajas la<\/span><\/p>\n<p><span style=\"font-size: 14pt;\">cabeza y no quieres responder?<\/span><\/p>\n<p><span style=\"font-size: 14pt;\">\u2013 Porque deseo mejor que lo digas t\u00fa o Jacinta. Yo no o\u00ed nada.<\/span><\/p>\n<p><span style=\"font-size: 14pt;\">Solamente puedo decir que s\u00ed, que vi. Y despu\u00e9s, \u00bfsi digo alguna<\/span><\/p>\n<p><span style=\"font-size: 14pt;\">de esas cosas que t\u00fa no quieres?<\/span><\/p>\n<p><span style=\"font-size: 14pt;\">De vez en cuando, se alejaba de nosotros de una manera<\/span><\/p>\n<p><span style=\"font-size: 14pt;\">disimulada; y, cuando le ech\u00e1bamos de menos, nos pon\u00edamos a<\/span><\/p>\n<p><span style=\"font-size: 14pt;\">buscarlo, llam\u00e1ndole. Entonces nos contestaba desde alguna tapia,<\/span><\/p>\n<p><span style=\"font-size: 14pt;\">o de una mata o \u00e1rbol, donde rezaba postrado de rodillas.<\/span><\/p>\n<p><span style=\"font-size: 14pt;\">\u2013 \u00bfPor qu\u00e9 no nos avisas para que recemos contigo? \u2013le pregunt\u00e1bamos<\/span><\/p>\n<p><span style=\"font-size: 14pt;\">a veces.<\/span><\/p>\n<p><span style=\"font-size: 14pt;\">\u2013 Porque prefiero rezar solo.<\/span><\/p>\n<p><span style=\"font-size: 14pt;\">Ya escrib\u00ed en las notas para el libro \u00abJacinta\u00bb, lo que ocurri\u00f3<\/span><\/p>\n<p><span style=\"font-size: 14pt;\">en una propiedad llamada V\u00e1rzea. Me parece que no es preciso<\/span><\/p>\n<p><span style=\"font-size: 14pt;\">repetirlo aqu\u00ed.<\/span><\/p>\n<p><span style=\"font-size: 14pt;\">Un d\u00eda, pas\u00e1bamos camino de casa por delante de la vivienda<\/span><\/p>\n<p><span style=\"font-size: 14pt;\">de mi madrina de Bautismo. Ella acababa de hacer aguamiel y nos<\/span><\/p>\n<p><span style=\"font-size: 14pt;\">llam\u00f3 para darnos un vaso. Entramos; y Francisco fue el primero a<\/span><\/p>\n<p><span style=\"font-size: 14pt;\">quien le dio el vaso para que bebiese. El lo tom\u00f3 y, sin beber, lo<\/span><\/p>\n<p><span style=\"font-size: 14pt;\">pas\u00f3 a Jacinta para que bebiese primero conmigo, y entretanto,<\/span><\/p>\n<p><span style=\"font-size: 14pt;\">dando un rodeo, desapareci\u00f3.<\/span><\/p>\n<p><span style=\"font-size: 14pt;\">\u2013 \u00bfD\u00f3nde est\u00e1 Francisco? \u2013 pregunt\u00f3 la madrina.<\/span><\/p>\n<p><span style=\"font-size: 14pt;\">\u2013 No lo s\u00e9. Hace un rato todav\u00eda estaba aqu\u00ed.<\/span><\/p>\n<p><span style=\"font-size: 14pt;\">No apareci\u00f3, y Jacinta y yo fuimos a buscarle, no dudando ni<\/span><\/p>\n<p><span style=\"font-size: 14pt;\">un momento que estar\u00eda sentado junto al pozo ya tantas veces<\/span><\/p>\n<p><span style=\"font-size: 14pt;\">mencionado.<\/span><\/p>\n<p><span style=\"font-size: 14pt;\">\u2013 Francisco, no bebiste el aguamiel. La madrina te llam\u00f3 much\u00edsimas<\/span><\/p>\n<p><span style=\"font-size: 14pt;\">veces, pero no apareciste.<\/span><\/p>\n<p><span style=\"font-size: 14pt;\">\u2013 Cuando tom\u00e9 la copa, record\u00e9 de pronto hacer ese sacrificio<\/span><\/p>\n<p><span style=\"font-size: 14pt;\">para consolar a Nuestro Se\u00f1or; y mientras beb\u00edais, me escap\u00e9<\/span><\/p>\n<p><span style=\"font-size: 14pt;\">aqu\u00ed.<\/span><\/p>\n<p><span style=\"font-size: 14pt;\">149<\/span><\/p>\n<ol start=\"10\">\n<li><span style=\"font-size: 14pt;\"><strong> An\u00e9cdotas y canciones<\/strong><\/span><\/li>\n<\/ol>\n<p>&nbsp;<\/p>\n<p><span style=\"font-size: 14pt;\">Entre mi casa y la de Francisco viv\u00eda mi padrino Anastasio,<\/span><\/p>\n<p><span style=\"font-size: 14pt;\">casado con una mujer de bastante edad a quien el Se\u00f1or no hab\u00eda<\/span><\/p>\n<p><span style=\"font-size: 14pt;\">dado descendencia. Labradores muy ricos, no necesitaban trabajar.<\/span><\/p>\n<p><span style=\"font-size: 14pt;\">Mi padre le llevaba las cuentas y se hac\u00eda cargo de la labor y<\/span><\/p>\n<p><span style=\"font-size: 14pt;\">de los jornaleros. En agradecimiento por eso, ten\u00edan especial predilecci\u00f3n<\/span><\/p>\n<p><span style=\"font-size: 14pt;\">para conmigo, sobre todo la due\u00f1a de la casa a quien<\/span><\/p>\n<p><span style=\"font-size: 14pt;\">llamaba madrina Teresa. Si no iba a su casa durante el d\u00eda, ten\u00eda<\/span><\/p>\n<p><span style=\"font-size: 14pt;\">que ir a dormir durante la noche, pues ella dec\u00eda que no pod\u00eda<\/span><\/p>\n<p><span style=\"font-size: 14pt;\">pasar sin su \u00abterroncito de carne\u00bb \u2013 as\u00ed me llamaba.<\/span><\/p>\n<p><span style=\"font-size: 14pt;\">En los d\u00edas de fiesta, gustaba de adornarme con su cadena<\/span><\/p>\n<p><span style=\"font-size: 14pt;\">de oro y grandes pendientes que me ca\u00edan hasta los hombros, y<\/span><\/p>\n<p><span style=\"font-size: 14pt;\">un precioso sombrerito en la cabeza, cubierto de bolas de oro que<\/span><\/p>\n<p><span style=\"font-size: 14pt;\">sujetaban grandes plumas de diversos colores.<\/span><\/p>\n<p><span style=\"font-size: 14pt;\">Nunca aparec\u00eda otra m\u00e1s adornada; y mis hermanas y la<\/span><\/p>\n<p><span style=\"font-size: 14pt;\">madrina Teresa estaban orgullosas de m\u00ed. Para decir verdad, a m\u00ed<\/span><\/p>\n<p><span style=\"font-size: 14pt;\">tambi\u00e9n me gustaban mucho las fiestas; y la vanidad era mi peor<\/span><\/p>\n<p><span style=\"font-size: 14pt;\">adorno.<\/span><\/p>\n<p><span style=\"font-size: 14pt;\">Todos mostraban hacia m\u00ed simpat\u00eda y estima, menos una hu\u00e9rfana<\/span><\/p>\n<p><span style=\"font-size: 14pt;\">de la que se hab\u00eda encargado la madrina Teresa, al morir su<\/span><\/p>\n<p><span style=\"font-size: 14pt;\">madre. Ella parec\u00eda temer que viniese a quitar algo de la herencia<\/span><\/p>\n<p><span style=\"font-size: 14pt;\">que ella esperaba, y por cierto no se habr\u00eda equivocado si el buen<\/span><\/p>\n<p><span style=\"font-size: 14pt;\">Dios no me hubiese destinado otra herencia mucho m\u00e1s preciosa.<\/span><\/p>\n<p><span style=\"font-size: 14pt;\">Cuando se estaba difundiendo la noticia de las apariciones,<\/span><\/p>\n<p><span style=\"font-size: 14pt;\">el padrino se mostr\u00f3 indiferente y la madrina totalmente contrariada.<\/span><\/p>\n<p><span style=\"font-size: 14pt;\">Se mostr\u00f3 descontenta por semejantes invenciones, como ella<\/span><\/p>\n<p><span style=\"font-size: 14pt;\">misma dec\u00eda. Comenc\u00e9 por esto a escaparme de su casa cuando<\/span><\/p>\n<p><span style=\"font-size: 14pt;\">pod\u00eda; y tambi\u00e9n conmigo empezaron a desaparecer esos grupos<\/span><\/p>\n<p><span style=\"font-size: 14pt;\">de ni\u00f1os que all\u00ed con mucha frecuencia se juntaban; y que la madrina<\/span><\/p>\n<p><span style=\"font-size: 14pt;\">tanto gustaba de ver danzar y cantar, d\u00e1ndoles higos pasos,<\/span><\/p>\n<p><span style=\"font-size: 14pt;\">nueces, almendras, casta\u00f1as, frutas, etc&#8230;<\/span><\/p>\n<p><span style=\"font-size: 14pt;\">Pasando, pues, una de las tardes de domingo, por delante de<\/span><\/p>\n<p><span style=\"font-size: 14pt;\">su casa, con Francisco y Jacinta, nos llam\u00f3 diciendo:<\/span><\/p>\n<p><span style=\"font-size: 14pt;\">\u2013 Venid ac\u00e1, peque\u00f1os embusteros, venid ac\u00e1. Ya hace mucho<\/span><\/p>\n<p><span style=\"font-size: 14pt;\">tiempo que no pas\u00e1is por aqu\u00ed.<\/span><\/p>\n<p><span style=\"font-size: 14pt;\">Y, de nuevo, nos hizo muchos mimos.<\/span><\/p>\n<p><span style=\"font-size: 14pt;\">Pareciendo haber adivinado nuestra llegada, los otros ni\u00f1os<\/span><\/p>\n<p><span style=\"font-size: 14pt;\">empezaron a llegar. La buena madrina, contenta de ver otra vez en<\/span><\/p>\n<p><span style=\"font-size: 14pt;\">150<\/span><\/p>\n<p><span style=\"font-size: 14pt;\">su casa la reuni\u00f3n que hac\u00eda tanto tiempo se hab\u00eda dispersado,<\/span><\/p>\n<p><span style=\"font-size: 14pt;\">despu\u00e9s de mimarnos con muchas cosas, quiso una vez m\u00e1s vernos<\/span><\/p>\n<p><span style=\"font-size: 14pt;\">cantar y bailar.<\/span><\/p>\n<p><span style=\"font-size: 14pt;\">\u2013 \u00a1Vamos ya! \u00bfQu\u00e9 ha de ser?, \u00bfqu\u00e9 no ha de ser?<\/span><\/p>\n<p><span style=\"font-size: 14pt;\">Escogi\u00f3 ella por fin:<\/span><\/p>\n<p><span style=\"font-size: 14pt;\">\u2013 Los parabienes desenga\u00f1ados. Un desaf\u00edo: los peque\u00f1os a<\/span><\/p>\n<p><span style=\"font-size: 14pt;\">un lado, las peque\u00f1as a otro.<\/span><\/p>\n<p><span style=\"font-size: 14pt;\">I \u2013 CORO<\/span><\/p>\n<p><span style=\"font-size: 14pt;\">T\u00fa eres el sol de esta esfera,<\/span><\/p>\n<p><span style=\"font-size: 14pt;\">no le niegues tus rayos;<\/span><\/p>\n<p><span style=\"font-size: 14pt;\">sonrisas de primavera \u2013 \u00a1ah!<\/span><\/p>\n<p><span style=\"font-size: 14pt;\">no conviertas en desmayos.<\/span><\/p>\n<p><span style=\"font-size: 14pt;\">1<\/span><\/p>\n<p><span style=\"font-size: 14pt;\">Parabienes a la ni\u00f1a,<\/span><\/p>\n<p><span style=\"font-size: 14pt;\">con fragancia al nuevo sol,<\/span><\/p>\n<p><span style=\"font-size: 14pt;\">porque risue\u00f1a adivina<\/span><\/p>\n<p><span style=\"font-size: 14pt;\">los mimos de otro arrebol.<\/span><\/p>\n<p><span style=\"font-size: 14pt;\">2<\/span><\/p>\n<p><span style=\"font-size: 14pt;\">Es a\u00f1o rico de flores,<\/span><\/p>\n<p><span style=\"font-size: 14pt;\">rico de frutas y bienes,<\/span><\/p>\n<p><span style=\"font-size: 14pt;\">y uno nuevo, en albores,<\/span><\/p>\n<p><span style=\"font-size: 14pt;\">rico de esperanzas viene.<\/span><\/p>\n<p><span style=\"font-size: 14pt;\">3<\/span><\/p>\n<p><span style=\"font-size: 14pt;\">Son tus mejores presentes,<\/span><\/p>\n<p><span style=\"font-size: 14pt;\">tus mejores parabienes,<\/span><\/p>\n<p><span style=\"font-size: 14pt;\">ci\u00f1e con ellos la frente,<\/span><\/p>\n<p><span style=\"font-size: 14pt;\">mejor corona no tienes.<\/span><\/p>\n<p><span style=\"font-size: 14pt;\">4<\/span><\/p>\n<p><span style=\"font-size: 14pt;\">Si el pasado te fue lindo,<\/span><\/p>\n<p><span style=\"font-size: 14pt;\">futuro m\u00e1s lindo tienes;<\/span><\/p>\n<p><span style=\"font-size: 14pt;\">\u00a1parabienes al pasado,<\/span><\/p>\n<p><span style=\"font-size: 14pt;\">para el que entra, parabienes!<\/span><\/p>\n<p><span style=\"font-size: 14pt;\">151<\/span><\/p>\n<p><span style=\"font-size: 14pt;\">5<\/span><\/p>\n<p><span style=\"font-size: 14pt;\">En esta vida, flor del Atl\u00e1ntico,<\/span><\/p>\n<p><span style=\"font-size: 14pt;\">en este amigable fest\u00edn,<\/span><\/p>\n<p><span style=\"font-size: 14pt;\">cel\u00e9brese alegre c\u00e1ntico,<\/span><\/p>\n<p><span style=\"font-size: 14pt;\">al jardinero y jard\u00edn.<\/span><\/p>\n<p><span style=\"font-size: 14pt;\">6<\/span><\/p>\n<p><span style=\"font-size: 14pt;\">Compad\u00e9cente las flores<\/span><\/p>\n<p><span style=\"font-size: 14pt;\">de tu paterno solar,<\/span><\/p>\n<p><span style=\"font-size: 14pt;\">tu lar de castos amores,<\/span><\/p>\n<p><span style=\"font-size: 14pt;\">lazos de tu bien amar.<\/span><\/p>\n<p><span style=\"font-size: 14pt;\">II \u2013 CORO<\/span><\/p>\n<p><span style=\"font-size: 14pt;\">\u00bfDas por hecho, caballero,<\/span><\/p>\n<p><span style=\"font-size: 14pt;\">que al ver asomar las naves,<\/span><\/p>\n<p><span style=\"font-size: 14pt;\">por Berlenga y Carvoeiro (8) \u2013 \u00a1ah!<\/span><\/p>\n<p><span style=\"font-size: 14pt;\">las luces del faro apagues?<\/span><\/p>\n<p><span style=\"font-size: 14pt;\">1<\/span><\/p>\n<p><span style=\"font-size: 14pt;\">El mar de furia revienta,<\/span><\/p>\n<p><span style=\"font-size: 14pt;\">remolino, eterno fulcro.<\/span><\/p>\n<p><span style=\"font-size: 14pt;\">Cada norte es una tormenta.<\/span><\/p>\n<p><span style=\"font-size: 14pt;\">Cada tormenta un sepulcro.<\/span><\/p>\n<p><span style=\"font-size: 14pt;\">2<\/span><\/p>\n<p><span style=\"font-size: 14pt;\">Tristes morros de Papoa,<\/span><\/p>\n<p><span style=\"font-size: 14pt;\">Estelas y Farilh\u00f5es (9).<\/span><\/p>\n<p><span style=\"font-size: 14pt;\">\u00a1Qu\u00e9 tragedia no resuenan<\/span><\/p>\n<p><span style=\"font-size: 14pt;\">tus agitados hervores!<\/span><\/p>\n<p><span style=\"font-size: 14pt;\">3<\/span><\/p>\n<p><span style=\"font-size: 14pt;\">Cada escollo en estas aguas,<\/span><\/p>\n<p><span style=\"font-size: 14pt;\">es de muerte un presagio.<\/span><\/p>\n<p><span style=\"font-size: 14pt;\">Cada ola canta penas,<\/span><\/p>\n<p><span style=\"font-size: 14pt;\">cada cruz muestra un naufragio.<\/span><\/p>\n<p><span style=\"font-size: 14pt;\">( 8) La Berlenga es una peque\u00f1a isla del Atl\u00e1ntico, junto al Cabo Carvoeiro, en<\/span><\/p>\n<p><span style=\"font-size: 14pt;\">Peniche.<\/span><\/p>\n<p><span style=\"font-size: 14pt;\">( 9) Son islitas pr\u00f3ximas a las Berlengas.<\/span><\/p>\n<p><span style=\"font-size: 14pt;\">152<\/span><\/p>\n<p><span style=\"font-size: 14pt;\">4<\/span><\/p>\n<p><span style=\"font-size: 14pt;\">T\u00fa quieres, pues, ser m\u00e1s duro,<\/span><\/p>\n<p><span style=\"font-size: 14pt;\">\u00bfQuieres huir, siendo luz,<\/span><\/p>\n<p><span style=\"font-size: 14pt;\">que a la vida en mar oscuro<\/span><\/p>\n<p><span style=\"font-size: 14pt;\">tantos barcos conduce?<\/span><\/p>\n<p><span style=\"font-size: 14pt;\">III \u2013 CORO<\/span><\/p>\n<p><span style=\"font-size: 14pt;\">Mis ojos quedan enjutos<\/span><\/p>\n<p><span style=\"font-size: 14pt;\">al hablar de despedida.<\/span><\/p>\n<p><span style=\"font-size: 14pt;\">El dudar fue de minutos \u2013 \u00a1ah!<\/span><\/p>\n<p><span style=\"font-size: 14pt;\">inmolarse es de toda la vida.<\/span><\/p>\n<p><span style=\"font-size: 14pt;\">1<\/span><\/p>\n<p><span style=\"font-size: 14pt;\">Vete, di al Cielo, que corte<\/span><\/p>\n<p><span style=\"font-size: 14pt;\">de su gracia el raudal,<\/span><\/p>\n<p><span style=\"font-size: 14pt;\">y seque de muerte las flores,<\/span><\/p>\n<p><span style=\"font-size: 14pt;\">que no sea m\u00e1s su canal.<\/span><\/p>\n<p><span style=\"font-size: 14pt;\">2<\/span><\/p>\n<p><span style=\"font-size: 14pt;\">Vete, que desconfortado quedo,<\/span><\/p>\n<p><span style=\"font-size: 14pt;\">enlutado el santuario,<\/span><\/p>\n<p><span style=\"font-size: 14pt;\">el bronce dobla la muerte<\/span><\/p>\n<p><span style=\"font-size: 14pt;\">desde el alto campanario.<\/span><\/p>\n<p><span style=\"font-size: 14pt;\">3<\/span><\/p>\n<p><span style=\"font-size: 14pt;\">Pero apenas me dejas<\/span><\/p>\n<p><span style=\"font-size: 14pt;\">en el atrio de la iglesia,<\/span><\/p>\n<p><span style=\"font-size: 14pt;\">voy a dejar eternas quejas<\/span><\/p>\n<p><span style=\"font-size: 14pt;\">escritas en piedra negra.<\/span><\/p>\n<p><span style=\"font-size: 14pt;\">4<\/span><\/p>\n<p><span style=\"font-size: 14pt;\">Fue jard\u00edn risue\u00f1o y bello<\/span><\/p>\n<p><span style=\"font-size: 14pt;\">este suelo hoy sin flor,<\/span><\/p>\n<p><span style=\"font-size: 14pt;\">no le faltaron desvelos<\/span><\/p>\n<p><span style=\"font-size: 14pt;\">si falt\u00f3 el cultivador.<\/span><\/p>\n<p><span style=\"font-size: 14pt;\">153<\/span><\/p>\n<p><span style=\"font-size: 14pt;\">5<\/span><\/p>\n<p><span style=\"font-size: 14pt;\">Espero en la Providencia<\/span><\/p>\n<p><span style=\"font-size: 14pt;\">prometedores cari\u00f1os;<\/span><\/p>\n<p><span style=\"font-size: 14pt;\">esperan con preferencia<\/span><\/p>\n<p><span style=\"font-size: 14pt;\">quienes dejan patrios nidos.<\/span><\/p>\n<p><span style=\"font-size: 14pt;\"><strong>\u00a0<\/strong><\/span><\/p>\n<ol start=\"11\">\n<li><span style=\"font-size: 14pt;\"><strong> Francisco, el peque\u00f1o moralista<\/strong><\/span><\/li>\n<\/ol>\n<p>&nbsp;<\/p>\n<p><span style=\"font-size: 14pt;\">Al comp\u00e1s del animoso cante iban junt\u00e1ndose las vecinas; y al<\/span><\/p>\n<p><span style=\"font-size: 14pt;\">terminar, pidieron se repitiera nuevamente. Pero Francisco se me<\/span><\/p>\n<p><span style=\"font-size: 14pt;\">aproxim\u00f3 y me dijo:<\/span><\/p>\n<p><span style=\"font-size: 14pt;\">\u2013 No cantemos m\u00e1s eso. Ciertamente no gusta a Nuestro Se\u00f1or<\/span><\/p>\n<p><span style=\"font-size: 14pt;\">que ahora cantemos estas cosas.<\/span><\/p>\n<p><span style=\"font-size: 14pt;\">Y nos escapamos como pudimos por en medio de esta chiquillada<\/span><\/p>\n<p><span style=\"font-size: 14pt;\">hacia nuestro pozo predilecto.<\/span><\/p>\n<p><span style=\"font-size: 14pt;\">Verdaderamente, yo ahora que por obediencia acabo de escribir<\/span><\/p>\n<p><span style=\"font-size: 14pt;\">eso, me tapo la cara de verg\u00fcenza. Pero V. E. Rvma., a petici\u00f3n<\/span><\/p>\n<p><span style=\"font-size: 14pt;\">del se\u00f1or Dr. Galamba, tuvo a bien mandarme escribir los cantares<\/span><\/p>\n<p><span style=\"font-size: 14pt;\">profanos que sab\u00edamos. \u00a1All\u00e1 van! No s\u00e9 para qu\u00e9, pero me<\/span><\/p>\n<p><span style=\"font-size: 14pt;\">es suficiente saber que es para cumplir la voluntad de Dios.<\/span><\/p>\n<p><span style=\"font-size: 14pt;\">Entretanto, se aproxim\u00f3 el carnaval de 1918. Chicas y chicos<\/span><\/p>\n<p><span style=\"font-size: 14pt;\">volvieron a reunirse una vez m\u00e1s ese a\u00f1o en las acostumbradas<\/span><\/p>\n<p><span style=\"font-size: 14pt;\">comilonas y jolgorios de esos d\u00edas. Cada cual llevaba de su casa<\/span><\/p>\n<p><span style=\"font-size: 14pt;\">alguna cosa: unos aceite; otros harina; otros carne, etc., y reunido<\/span><\/p>\n<p><span style=\"font-size: 14pt;\">todo en una casa para ello preparada, las muchachas fueron poco<\/span><\/p>\n<p><span style=\"font-size: 14pt;\">a poco cocinando un gran banquete. Y en esos d\u00edas todo era cuesti\u00f3n<\/span><\/p>\n<p><span style=\"font-size: 14pt;\">de comer y bailar hasta la m\u00e1s avanzada hora de la noche,<\/span><\/p>\n<p><span style=\"font-size: 14pt;\">sobre todo en el \u00faltimo dia.<\/span><\/p>\n<p><span style=\"font-size: 14pt;\">Las muchachas de catorce a\u00f1os para abajo ten\u00edan su fiesta<\/span><\/p>\n<p><span style=\"font-size: 14pt;\">en otra casa aparte. Vinieron pues, varias de ellas a invitarme a<\/span><\/p>\n<p><span style=\"font-size: 14pt;\">organizar con ellas la fiesta. No quise en un principio; pero, llevada<\/span><\/p>\n<p><span style=\"font-size: 14pt;\">por una cobarde condescendencia, ced\u00ed a las peticiones de \u00e9stas,<\/span><\/p>\n<p><span style=\"font-size: 14pt;\">especialmente de una hija y dos hijos de un hombre de Casa Velha,<\/span><\/p>\n<p><span style=\"font-size: 14pt;\">Jos\u00e9 Carreira, que puso su casa a nuestra disposici\u00f3n. \u00c9l mismo,<\/span><\/p>\n<p><span style=\"font-size: 14pt;\">junto con su mujer, insistieron para que fuese. Transig\u00ed y all\u00e1 me fui<\/span><\/p>\n<p><span style=\"font-size: 14pt;\">con un buen grupo a ver el local: una buena sala o casi un sal\u00f3n<\/span><\/p>\n<p><span style=\"font-size: 14pt;\">para los juegos y un buen patio para la comida. Se combin\u00f3 todo, y<\/span><\/p>\n<p><span style=\"font-size: 14pt;\">de ah\u00ed me vine, exteriormente, de una gran fiesta, pero en lo \u00edntimo,<\/span><\/p>\n<p><span style=\"font-size: 14pt;\">con la conciencia d\u00e1ndome gritos de reprobaci\u00f3n.<\/span><\/p>\n<p><span style=\"font-size: 14pt;\">154<\/span><\/p>\n<p><span style=\"font-size: 14pt;\">Al llegar junto a Francisco y Jacinta, les dije lo que hab\u00eda pasado.<\/span><\/p>\n<p><span style=\"font-size: 14pt;\">\u2013 Y \u00bfhas vuelto a esas cocinadas y esos jaleos? \u2013me pregunt\u00f3<\/span><\/p>\n<p><span style=\"font-size: 14pt;\">Francisco con mucha seriedad\u2013 \u00bfYa te olvidaste que hicimos el<\/span><\/p>\n<p><span style=\"font-size: 14pt;\">prop\u00f3sito de no volver nunca m\u00e1s a esas fiestas?<\/span><\/p>\n<p><span style=\"font-size: 14pt;\">\u2013 Yo no quer\u00eda ir. Pero como te dar\u00e1s cuenta, no dejan de pedirme<\/span><\/p>\n<p><span style=\"font-size: 14pt;\">que vaya. Yo no s\u00e9 c\u00f3mo hacerlo.<\/span><\/p>\n<p><span style=\"font-size: 14pt;\">Ciertamente las insistencias eran bastantes, y las amigas que<\/span><\/p>\n<p><span style=\"font-size: 14pt;\">se reun\u00edan para jugar conmigo tambi\u00e9n eran muchas.<\/span><\/p>\n<p><span style=\"font-size: 14pt;\">Ven\u00edan incluso de algunas aldeas distantes: de Moita, Rosa y<\/span><\/p>\n<p><span style=\"font-size: 14pt;\">Ana Caetano y Ana Brogueira; de F\u00e1tima, dos hijas de Manuel Caracol;<\/span><\/p>\n<p><span style=\"font-size: 14pt;\">de Boleiros (Montelo), dos hijas de Manuel de Ramira y dos de<\/span><\/p>\n<p><span style=\"font-size: 14pt;\">Joaqu\u00edn Chapeleta; de Amoreira, dos de Silva; de Currais, una,<\/span><\/p>\n<p><span style=\"font-size: 14pt;\">Laura Gato, Josefa Valinho y varias otras de Lomba; de Pederneira,<\/span><\/p>\n<p><span style=\"font-size: 14pt;\">etc., etc., y esto sin contar las que se juntaban de Eira da Pedra,<\/span><\/p>\n<p><span style=\"font-size: 14pt;\">Casa Velha y Aljustrel. \u00bfC\u00f3mo, as\u00ed de repente, desenga\u00f1ar a tanta<\/span><\/p>\n<p><span style=\"font-size: 14pt;\">gente, que parec\u00edan no saber divertirse sin m\u00ed, y hacerles comprender<\/span><\/p>\n<p><span style=\"font-size: 14pt;\">que era necesario terminar para siempre con todas estas<\/span><\/p>\n<p><span style=\"font-size: 14pt;\">reuniones? Dios se lo inspir\u00f3 a Francisco:<\/span><\/p>\n<p><span style=\"font-size: 14pt;\">\u2013 \u00bfSabes c\u00f3mo vas a hacerlo? Toda la gente sabe que Nuestra<\/span><\/p>\n<p><span style=\"font-size: 14pt;\">Se\u00f1ora se te apareci\u00f3. Por eso dices que le prometiste no volver<\/span><\/p>\n<p><span style=\"font-size: 14pt;\">m\u00e1s a bailar y que \u00e9sa es la causa por la que no vas. Despu\u00e9s,<\/span><\/p>\n<p><span style=\"font-size: 14pt;\">en estos d\u00edas, nos escapamos para el roquedal del Cabezo. All\u00ed<\/span><\/p>\n<p><span style=\"font-size: 14pt;\">nadie nos encuentra.<\/span><\/p>\n<p><span style=\"font-size: 14pt;\">Acept\u00e9 la referida propuesta; y una vez que di mi decisi\u00f3n,<\/span><\/p>\n<p><span style=\"font-size: 14pt;\">nadie pens\u00f3 en organizar tal reuni\u00f3n. Dios lo hizo. Esas amigas<\/span><\/p>\n<p><span style=\"font-size: 14pt;\">que antes me buscaban para divertirse, ahora me segu\u00edan e iban a<\/span><\/p>\n<p><span style=\"font-size: 14pt;\">casa a buscarme los domingos por la tarde, para ir con ellas a<\/span><\/p>\n<p><span style=\"font-size: 14pt;\">rezar el rosario a Cova de Ir\u00eda.<\/span><\/p>\n<p><span style=\"font-size: 14pt;\"><strong>\u00a0<\/strong><\/span><\/p>\n<ol start=\"12\">\n<li><span style=\"font-size: 14pt;\"><strong> Amor al recogimiento y a la oraci\u00f3n<\/strong><\/span><\/li>\n<\/ol>\n<p>&nbsp;<\/p>\n<p><span style=\"font-size: 14pt;\">Francisco era de pocas palabras; y para hacer su oraci\u00f3n y<\/span><\/p>\n<p><span style=\"font-size: 14pt;\">ofrecer sus sacrificios, le gustaba ocultarse hasta de Jacinta y de<\/span><\/p>\n<p><span style=\"font-size: 14pt;\">m\u00ed. No pocas veces le sorprend\u00edamos detr\u00e1s de una pared o de un<\/span><\/p>\n<p><span style=\"font-size: 14pt;\">matorral, donde, de una manera disimulada, se hab\u00eda escapado de<\/span><\/p>\n<p><span style=\"font-size: 14pt;\">los juegos para de rodillas, rezar o pensar, como \u00e9l dec\u00eda, en Nuestro<\/span><\/p>\n<p><span style=\"font-size: 14pt;\">Se\u00f1or, que estaba triste por causa de tantos pecados.<\/span><\/p>\n<p><span style=\"font-size: 14pt;\">Si le preguntaba:<\/span><\/p>\n<p><span style=\"font-size: 14pt;\">155<\/span><\/p>\n<p><span style=\"font-size: 14pt;\">\u2013 Francisco, \u00bfpor qu\u00e9 no me llamas para rezar contigo y tambi\u00e9n<\/span><\/p>\n<p><span style=\"font-size: 14pt;\">a Jacinta?<\/span><\/p>\n<p><span style=\"font-size: 14pt;\">\u2013 Me gusta m\u00e1s \u2013respondi\u00f3\u2013 rezar solo, para as\u00ed poder pensar<\/span><\/p>\n<p><span style=\"font-size: 14pt;\">y consolar a Nuestro Se\u00f1or, que est\u00e1 muy triste.<\/span><\/p>\n<p><span style=\"font-size: 14pt;\">Un d\u00eda le pregunt\u00e9:<\/span><\/p>\n<p><span style=\"font-size: 14pt;\">\u2013 Francisco, a ti, \u00bfqu\u00e9 te gusta m\u00e1s: consolar a Nuestro Se\u00f1or,<\/span><\/p>\n<p><span style=\"font-size: 14pt;\">o convertir a los pecadores para que no vayan m\u00e1s almas al<\/span><\/p>\n<p><span style=\"font-size: 14pt;\">infierno?<\/span><\/p>\n<p><span style=\"font-size: 14pt;\">\u2013 Me gusta mucho m\u00e1s consolar a Nuestro Se\u00f1or. \u00bfNo te fijaste<\/span><\/p>\n<p><span style=\"font-size: 14pt;\">como Nuestra Se\u00f1ora, en el \u00faltimo mes, se puso tan triste cuando<\/span><\/p>\n<p><span style=\"font-size: 14pt;\">dijo que no se ofendiese m\u00e1s a Dios Nuestro Se\u00f1or, que ya est\u00e1<\/span><\/p>\n<p><span style=\"font-size: 14pt;\">muy ofendido? Yo deseo consolar a Nuestro Se\u00f1or, y despu\u00e9s convertir<\/span><\/p>\n<p><span style=\"font-size: 14pt;\">a los pecadores para que nunca m\u00e1s lo vuelvan a ofender.<\/span><\/p>\n<p><span style=\"font-size: 14pt;\">Cuando \u00edbamos a la escuela, a veces, al llegar a F\u00e1tima, me<\/span><\/p>\n<p><span style=\"font-size: 14pt;\">dec\u00eda:<\/span><\/p>\n<p><span style=\"font-size: 14pt;\">\u2013 Ahora, t\u00fa vas a la escuela. Yo quedo aqu\u00ed en la iglesia, junto<\/span><\/p>\n<p><span style=\"font-size: 14pt;\">a Jes\u00fas escondido. No vale la pena aprender a leer, pues dentro de<\/span><\/p>\n<p><span style=\"font-size: 14pt;\">muy poco me marcho al Cielo. Cuando regres\u00e9is, pasad por aqu\u00ed a<\/span><\/p>\n<p><span style=\"font-size: 14pt;\">llamarme.<\/span><\/p>\n<p><span style=\"font-size: 14pt;\">El Sant\u00edsimo estaba, entonces, a la entrada de la iglesia al<\/span><\/p>\n<p><span style=\"font-size: 14pt;\">lado izquierdo. El se met\u00eda entre la pila bautismal y el altar; y all\u00ed le<\/span><\/p>\n<p><span style=\"font-size: 14pt;\">encontraba cuando regresaba. (El Sant\u00edsimo estaba all\u00ed porque la<\/span><\/p>\n<p><span style=\"font-size: 14pt;\">iglesia estaba en obras).<\/span><\/p>\n<p><span style=\"font-size: 14pt;\">Despu\u00e9s de enfermar, con frecuencia me dec\u00eda cuando, camino<\/span><\/p>\n<p><span style=\"font-size: 14pt;\">de la escuela, pasaba por su casa:<\/span><\/p>\n<p><span style=\"font-size: 14pt;\">\u2013 Atiende, ve a la iglesia y saluda de mi parte a Jes\u00fas escondido.<\/span><\/p>\n<p><span style=\"font-size: 14pt;\">De lo que m\u00e1s pena tengo es de no poder ir ya a estar alg\u00fan<\/span><\/p>\n<p><span style=\"font-size: 14pt;\">rato con Jes\u00fas escondido.<\/span><\/p>\n<p><span style=\"font-size: 14pt;\">Cierto d\u00eda, al estar cerca de su casa, me desped\u00ed de un grupo<\/span><\/p>\n<p><span style=\"font-size: 14pt;\">de la escuela que ven\u00eda conmigo, para hacerle una visita a \u00e9l y a su<\/span><\/p>\n<p><span style=\"font-size: 14pt;\">hermana. Como hab\u00eda sentido el barullo me pregunt\u00f3:<\/span><\/p>\n<p><span style=\"font-size: 14pt;\">\u2013 \u00bfT\u00fa ven\u00edas con todos esos?<\/span><\/p>\n<p><span style=\"font-size: 14pt;\">\u2013 S\u00ed.<\/span><\/p>\n<p><span style=\"font-size: 14pt;\">\u2013 No andes con ellos que puedes aprender a hacer pecados.<\/span><\/p>\n<p><span style=\"font-size: 14pt;\">Cuando salgas de la escuela, vete un rato junto a Jes\u00fas escondido<\/span><\/p>\n<p><span style=\"font-size: 14pt;\">y despu\u00e9s vente sola.<\/span><\/p>\n<p><span style=\"font-size: 14pt;\">Un d\u00eda le pregunt\u00e9:<\/span><\/p>\n<p><span style=\"font-size: 14pt;\">\u2013 Francisco, \u00bfte encuentras muy mal?<\/span><\/p>\n<p><span style=\"font-size: 14pt;\">\u2013 S\u00ed, pero sufro para consolar a Nuestro Se\u00f1or.<\/span><\/p>\n<p><span style=\"font-size: 14pt;\">156<\/span><\/p>\n<p><span style=\"font-size: 14pt;\">Al entrar un d\u00eda con Jacinta en su cuarto nos dijo:<\/span><\/p>\n<p><span style=\"font-size: 14pt;\">\u2013 Hoy hablad poco que me duele mucho la cabeza.<\/span><\/p>\n<p><span style=\"font-size: 14pt;\">\u2013 No te olvides de ofrecerlo por los pecadores \u2013 le dijo Jacinta.<\/span><\/p>\n<p><span style=\"font-size: 14pt;\">\u2013 S\u00ed, pero en primer lugar lo ofrezco para as\u00ed poder consolar a<\/span><\/p>\n<p><span style=\"font-size: 14pt;\">Nuestro Se\u00f1or y a Nuestra Se\u00f1ora; y s\u00f3lo despu\u00e9s lo ofrezco por<\/span><\/p>\n<p><span style=\"font-size: 14pt;\">los pecadores y por el Santo Padre.<\/span><\/p>\n<p><span style=\"font-size: 14pt;\">Otro d\u00eda, al llegar lo encontr\u00e9 muy contento:<\/span><\/p>\n<p><span style=\"font-size: 14pt;\">\u2013 \u00bfEst\u00e1s mejor?<\/span><\/p>\n<p><span style=\"font-size: 14pt;\">\u2013 No; me siento mucho peor; ya me falta poco para ir al Cielo.<\/span><\/p>\n<p><span style=\"font-size: 14pt;\">All\u00ed voy a consolar mucho a Nuestro Se\u00f1or y a Nuestra Se\u00f1ora.<\/span><\/p>\n<p><span style=\"font-size: 14pt;\">Jacinta va a pedir mucho por los pecadores, por el Santo Padre y<\/span><\/p>\n<p><span style=\"font-size: 14pt;\">por ti; y t\u00fa te quedas ac\u00e1, porque Nuestra Se\u00f1ora as\u00ed lo quiere.<\/span><\/p>\n<p><span style=\"font-size: 14pt;\">Escucha: haz todo lo que Ella te diga.<\/span><\/p>\n<p><span style=\"font-size: 14pt;\">Mientras que Jacinta parec\u00eda preocupada con el \u00fanico pensamiento<\/span><\/p>\n<p><span style=\"font-size: 14pt;\">de convertir a los pecadores y salvar almas del infierno, \u00e9l<\/span><\/p>\n<p><span style=\"font-size: 14pt;\">parec\u00eda s\u00f3lo pensar en consolar a Nuestro Se\u00f1or y a Nuestra Se\u00f1ora,<\/span><\/p>\n<p><span style=\"font-size: 14pt;\">que le hab\u00edan parecido estar tan tristes.<\/span><\/p>\n<p><span style=\"font-size: 14pt;\"><strong>\u00a0<\/strong><\/span><\/p>\n<ol start=\"13\">\n<li><span style=\"font-size: 14pt;\"><strong> Visi\u00f3n del demonio<\/strong><\/span><\/li>\n<\/ol>\n<p>&nbsp;<\/p>\n<p><span style=\"font-size: 14pt;\">Bastante diferente es el hecho que ahora se me viene a mi<\/span><\/p>\n<p><span style=\"font-size: 14pt;\">memoria. Estuvimos cierto d\u00eda en un lugar llamado la Pedreira, y<\/span><\/p>\n<p><span style=\"font-size: 14pt;\">mientras que las ovejas pastaban, nosotros salt\u00e1bamos de roca en<\/span><\/p>\n<p><span style=\"font-size: 14pt;\">roca, haciendo eco con la voz en el fondo de esos grandes barrancos.<\/span><\/p>\n<p><span style=\"font-size: 14pt;\">Francisco, como era su costumbre, se retir\u00f3 a la cavidad de<\/span><\/p>\n<p><span style=\"font-size: 14pt;\">una roca. Cuando pas\u00f3 un buen rato, le o\u00edmos gritar llam\u00e1ndonos a<\/span><\/p>\n<p><span style=\"font-size: 14pt;\">nosotras y a Nuestra Se\u00f1ora. Asustados por lo que pudiera haberle<\/span><\/p>\n<p><span style=\"font-size: 14pt;\">pasado, nosotras comenzamos a buscarlo llam\u00e1ndole.<\/span><\/p>\n<p><span style=\"font-size: 14pt;\">\u2013 \u00bfD\u00f3nde est\u00e1s?<\/span><\/p>\n<p><span style=\"font-size: 14pt;\">\u2013 \u00a1Aqu\u00ed, aqu\u00ed!<\/span><\/p>\n<p><span style=\"font-size: 14pt;\">Pero todav\u00eda tardamos mucho tiempo en encontrarlo, por fin<\/span><\/p>\n<p><span style=\"font-size: 14pt;\">dimos con \u00e9l temblando de miedo; a\u00fan estaba de rodillas,<\/span><\/p>\n<p><span style=\"font-size: 14pt;\">conmocionado de tal forma que no hab\u00eda sido capaz de ponerse<\/span><\/p>\n<p><span style=\"font-size: 14pt;\">de pie.<\/span><\/p>\n<p><span style=\"font-size: 14pt;\">\u2013 \u00bfQu\u00e9 tienes? \u00bfqu\u00e9 fue?<\/span><\/p>\n<p><span style=\"font-size: 14pt;\">Con la voz medio sofocada por el susto, dijo:<\/span><\/p>\n<p><span style=\"font-size: 14pt;\">\u2013 Era uno de aquellos bichos grandes que estaban en el infierno,<\/span><\/p>\n<p><span style=\"font-size: 14pt;\">que estaba aqu\u00ed arrojando fuego.<\/span><\/p>\n<p><span style=\"font-size: 14pt;\">157<\/span><\/p>\n<p><span style=\"font-size: 14pt;\">No vi nada, ni Jacinta; y por eso me sonre\u00ed y le dije:<\/span><\/p>\n<p><span style=\"font-size: 14pt;\">\u2013 T\u00fa no quieres pensar nunca sobre el infierno, para no pasar<\/span><\/p>\n<p><span style=\"font-size: 14pt;\">miedo, y ahora eres el primero en tenerlo.<\/span><\/p>\n<p><span style=\"font-size: 14pt;\">\u00c9l, cuando Jacinta se mostraba muy impresionada con el recuerdo<\/span><\/p>\n<p><span style=\"font-size: 14pt;\">del infierno, acostumbraba a decirle:<\/span><\/p>\n<p><span style=\"font-size: 14pt;\">\u2013 No pienses tanto en el infierno. Piensa en Nuestro Se\u00f1or y<\/span><\/p>\n<p><span style=\"font-size: 14pt;\">en Nuestra Se\u00f1ora. Yo no pienso en el infierno para as\u00ed no pasar<\/span><\/p>\n<p><span style=\"font-size: 14pt;\">miedo.<\/span><\/p>\n<p><span style=\"font-size: 14pt;\">Y manifestaba no ser nada miedoso. Iba de noche solo a cualquier<\/span><\/p>\n<p><span style=\"font-size: 14pt;\">lugar oscuro, sin dificultad; jugaba con los lagartos; las culebras<\/span><\/p>\n<p><span style=\"font-size: 14pt;\">que se encontraba las hac\u00eda enrollarse alrededor de un palo.<\/span><\/p>\n<p><span style=\"font-size: 14pt;\">Echaba en las piedras de las cuevas leche de oveja para que la<\/span><\/p>\n<p><span style=\"font-size: 14pt;\">bebiesen. Se met\u00eda en dichas guaridas en busca de la cr\u00eda de las<\/span><\/p>\n<p><span style=\"font-size: 14pt;\">raposas, de conejos, de ginetas, etc&#8230;<\/span><\/p>\n<p><span style=\"font-size: 14pt;\"><strong>\u00a0<\/strong><\/span><\/p>\n<ol start=\"14\">\n<li><span style=\"font-size: 14pt;\"><strong> Florecillas de F\u00e1tima<\/strong><\/span><\/li>\n<\/ol>\n<p>&nbsp;<\/p>\n<p><span style=\"font-size: 14pt;\">Los pajarillos le gustaban mucho; no pod\u00eda ver que les robasen<\/span><\/p>\n<p><span style=\"font-size: 14pt;\">los nidos. Hac\u00eda migas siempre con una parte del pan que llevaba<\/span><\/p>\n<p><span style=\"font-size: 14pt;\">de merienda en lo alto de las piedras, para que ellos se lo comiesen;<\/span><\/p>\n<p><span style=\"font-size: 14pt;\">y apart\u00e1ndose, los llamaba, como si lo entendiesen; no quer\u00eda<\/span><\/p>\n<p><span style=\"font-size: 14pt;\">que nadie se acercase para no meterles miedo.<\/span><\/p>\n<p><span style=\"font-size: 14pt;\">\u2013 \u00a1Pobrecitos!, est\u00e1n muertos de hambre \u2013dec\u00eda hablando con<\/span><\/p>\n<p><span style=\"font-size: 14pt;\">ellos\u2013; \u00a1venid a comer, venid a comer!<\/span><\/p>\n<p><span style=\"font-size: 14pt;\">Y ellos, con el ojo vivo que tienen, no se hac\u00edan de rogar e iban<\/span><\/p>\n<p><span style=\"font-size: 14pt;\">en grandes bandadas. El se alegraba mucho al verlos volar a lo<\/span><\/p>\n<p><span style=\"font-size: 14pt;\">alto de los \u00e1rboles con el buche lleno, a cantar sus alegres trinos; \u00e9l<\/span><\/p>\n<p><span style=\"font-size: 14pt;\">los imitaba con arte haciendo coro con ellos.<\/span><\/p>\n<p><span style=\"font-size: 14pt;\">Cierto d\u00eda encontramos a un peque\u00f1o que tra\u00eda en su mano<\/span><\/p>\n<p><span style=\"font-size: 14pt;\">un pajarito que hab\u00eda cazado. Lleno de pena Francisco le prometi\u00f3<\/span><\/p>\n<p><span style=\"font-size: 14pt;\">dos monedas si lo dejaba volar. El ni\u00f1o acept\u00f3 el trato, pero antes<\/span><\/p>\n<p><span style=\"font-size: 14pt;\">quer\u00eda ver el dinero en la mano. Francisco volvi\u00f3 entonces a casa,<\/span><\/p>\n<p><span style=\"font-size: 14pt;\">desde la Lagoa da Carreira, que est\u00e1 un poco m\u00e1s abajo de Cova<\/span><\/p>\n<p><span style=\"font-size: 14pt;\">de Ir\u00eda, a buscar las dos monedas para dar la liberdad al prisionero.<\/span><\/p>\n<p><span style=\"font-size: 14pt;\">Cuando un poco despu\u00e9s, lo vio volar, bat\u00eda las palmas de contento<\/span><\/p>\n<p><span style=\"font-size: 14pt;\">y dec\u00eda:<\/span><\/p>\n<p><span style=\"font-size: 14pt;\">\u2013 Ten cuidado, no te vuelvan a cazar.<\/span><\/p>\n<p><span style=\"font-size: 14pt;\">Hab\u00eda all\u00ed una viejecita a quien llam\u00e1bamos t\u00eda Mar\u00eda Carreira,<\/span><\/p>\n<p><span style=\"font-size: 14pt;\">a la que los hijos a veces mandaban pastorear un reba\u00f1o de ca158<\/span><\/p>\n<p><span style=\"font-size: 14pt;\">bras y ovejas. \u00c9stas, poco domadas, se le dispersaban cada una<\/span><\/p>\n<p><span style=\"font-size: 14pt;\">por su lado. Cuando la encontr\u00e1bamos, Francisco era el primero<\/span><\/p>\n<p><span style=\"font-size: 14pt;\">en correr en su auxilio. Le ayudaba a llevar el reba\u00f1o al pasto junt\u00e1ndole<\/span><\/p>\n<p><span style=\"font-size: 14pt;\">las que se hab\u00edan escapado. La pobre viejecita se deshac\u00eda<\/span><\/p>\n<p><span style=\"font-size: 14pt;\">en mil agradecimientos y le llamaba su \u00e1ngel de la guarda.<\/span><\/p>\n<p><span style=\"font-size: 14pt;\">Cuando ve\u00eda por ah\u00ed a alg\u00fan enfermo sent\u00eda mucha pena y<\/span><\/p>\n<p><span style=\"font-size: 14pt;\">dec\u00eda:<\/span><\/p>\n<p><span style=\"font-size: 14pt;\">\u2013 No puedo ver a esta gente as\u00ed; me da mucha pena.<\/span><\/p>\n<p><span style=\"font-size: 14pt;\">Cuando nos llamaban para hablar con algunas personas que<\/span><\/p>\n<p><span style=\"font-size: 14pt;\">nos buscaban, preguntaba si estaban enfermos y dec\u00eda:<\/span><\/p>\n<p><span style=\"font-size: 14pt;\">\u2013 Si est\u00e1n enfermos, no voy. No los puedo ver as\u00ed; me da mucha<\/span><\/p>\n<p><span style=\"font-size: 14pt;\">pena. D\u00edganles que rezo por ellos.<\/span><\/p>\n<p><span style=\"font-size: 14pt;\">Un d\u00eda quer\u00edan llevarnos a Montelo, a casa de un hombre llamado<\/span><\/p>\n<p><span style=\"font-size: 14pt;\">Joaqu\u00edn Chapeleta. Francisco no quiso ir.<\/span><\/p>\n<p><span style=\"font-size: 14pt;\">\u2013 Yo no voy. No puedo ver esa gente que quiere hablar y no<\/span><\/p>\n<p><span style=\"font-size: 14pt;\">puede. (Este hombre ten\u00eda la madre muda).<\/span><\/p>\n<p><span style=\"font-size: 14pt;\">Cuando volv\u00ed por la noche con Jacinta, pregunt\u00e9 a mi t\u00eda por \u00e9l.<\/span><\/p>\n<p><span style=\"font-size: 14pt;\">\u2013 No lo s\u00e9. Me cans\u00e9 busc\u00e1ndole esta tarde. Vinieron aqu\u00ed dos<\/span><\/p>\n<p><span style=\"font-size: 14pt;\">se\u00f1oras que os quer\u00edan ver. Vosotras no estabais. El se escondi\u00f3 y<\/span><\/p>\n<p><span style=\"font-size: 14pt;\">no apareci\u00f3. Ahora, a ver si lo encontr\u00e1is vosotras.<\/span><\/p>\n<p><span style=\"font-size: 14pt;\">Nos sentamos un poco en un banco del camino, pensando ir<\/span><\/p>\n<p><span style=\"font-size: 14pt;\">despu\u00e9s a la Loca do Cabezo, no dudando que ah\u00ed estar\u00eda. Pero<\/span><\/p>\n<p><span style=\"font-size: 14pt;\">apenas mi t\u00eda sali\u00f3 de su casa, nos habl\u00f3 desde un agujero que<\/span><\/p>\n<p><span style=\"font-size: 14pt;\">hab\u00eda en el desv\u00e1n, donde estaba el granero. Hab\u00eda subido all\u00e1<\/span><\/p>\n<p><span style=\"font-size: 14pt;\">cuando sent\u00eda que ven\u00eda gente. Desde all\u00ed mismo hab\u00eda visto todo<\/span><\/p>\n<p><span style=\"font-size: 14pt;\">lo que pas\u00f3, y nos dec\u00eda despu\u00e9s:<\/span><\/p>\n<p><span style=\"font-size: 14pt;\">\u2013 \u00a1Era tanta gente! \u00a1Dios me libre que me cojan aqu\u00ed solo!<\/span><\/p>\n<p><span style=\"font-size: 14pt;\">\u00bfQu\u00e9 les pod\u00eda yo decir?<\/span><\/p>\n<p><span style=\"font-size: 14pt;\">(Hab\u00eda en la cocina una puerta falsa por donde, desde lo alto<\/span><\/p>\n<p><span style=\"font-size: 14pt;\">de una mesa y encima una silla, era f\u00e1cil subir al desv\u00e1n).<\/span><\/p>\n<p>&nbsp;<\/p>\n<ol start=\"15\">\n<li><span style=\"font-size: 14pt;\"><strong> Otros casos<\/strong><\/span><\/li>\n<\/ol>\n<p>&nbsp;<\/p>\n<p><span style=\"font-size: 14pt;\">Como ya dije, mi t\u00eda vendi\u00f3 su reba\u00f1o antes que mi madre.<\/span><\/p>\n<p><span style=\"font-size: 14pt;\">Desde entonces, por la ma\u00f1ana y antes de salir, ense\u00f1aba a Jacinta<\/span><\/p>\n<p><span style=\"font-size: 14pt;\">y a Francisco el lugar donde ten\u00edan que pastar los animales; y ellos<\/span><\/p>\n<p><span style=\"font-size: 14pt;\">tan pronto como pod\u00edan escaparse, me iban a buscar all\u00ed.<\/span><\/p>\n<p><span style=\"font-size: 14pt;\">Un d\u00eda, al llegar, los encontr\u00e9 all\u00ed esper\u00e1ndome.<\/span><\/p>\n<p><span style=\"font-size: 14pt;\">\u2013 \u00bfC\u00f3mo hab\u00e9is venido tan pronto?<\/span><\/p>\n<p><span style=\"font-size: 14pt;\">159<\/span><\/p>\n<p><span style=\"font-size: 14pt;\">\u2013 He venido \u2013respondi\u00f3 Francisco\u2013, pero no s\u00e9 por qu\u00e9; antes<\/span><\/p>\n<p><span style=\"font-size: 14pt;\">no me importabas mucho; ven\u00eda a causa de Jacinta; pero ahora<\/span><\/p>\n<p><span style=\"font-size: 14pt;\">por las ma\u00f1anas ya no puedo dormir con tanta prisa como tengo<\/span><\/p>\n<p><span style=\"font-size: 14pt;\">de estar contigo.<\/span><\/p>\n<p><span style=\"font-size: 14pt;\">Pasados los d\u00edas 13 de las apariciones, en v\u00edsperas de otros<\/span><\/p>\n<p><span style=\"font-size: 14pt;\">d\u00edas 13, nos dec\u00eda:<\/span><\/p>\n<p><span style=\"font-size: 14pt;\">\u2013 Atended: ma\u00f1ana me escapo al roquedal del Cabezo, y vosotras<\/span><\/p>\n<p><span style=\"font-size: 14pt;\">lo m\u00e1s pronto posible os vais all\u00e1.<\/span><\/p>\n<p><span style=\"font-size: 14pt;\">\u00a1Ay Dios m\u00edo!, yo estaba ya escribiendo las cosas de su enfermedad,<\/span><\/p>\n<p><span style=\"font-size: 14pt;\">ya muy cerca de la muerte; y ahora mismo veo que vuelvo<\/span><\/p>\n<p><span style=\"font-size: 14pt;\">a los tiempos alegres cuando est\u00e1bamos en la sierra, entre el suave<\/span><\/p>\n<p><span style=\"font-size: 14pt;\">trinar de los p\u00e1jaros. Pido perd\u00f3n. Anoto aqu\u00ed todo lo que voy<\/span><\/p>\n<p><span style=\"font-size: 14pt;\">recordando al igual que un cangrejo que anda para atr\u00e1s y para<\/span><\/p>\n<p><span style=\"font-size: 14pt;\">adelante, sin preocuparse de la meta que tiene que alcanzar. El<\/span><\/p>\n<p><span style=\"font-size: 14pt;\">trabajo lo dejo al Se\u00f1or Dr. Galamba, si acaso quiere aprovechar<\/span><\/p>\n<p><span style=\"font-size: 14pt;\">algo de aqu\u00ed. Supongo que poco o nada ser\u00e1.<\/span><\/p>\n<p><span style=\"font-size: 14pt;\">Vuelvo, pues, a su enfermedad. Pero a\u00fan pongo otra cosa de<\/span><\/p>\n<p><span style=\"font-size: 14pt;\">su breve tiempo escolar: cierto d\u00eda sal\u00eda de casa y me encontr\u00e9 con<\/span><\/p>\n<p><span style=\"font-size: 14pt;\">mi hermana Teresa, casada desde hac\u00eda poco tiempo en Lomba.<\/span><\/p>\n<p><span style=\"font-size: 14pt;\">Ven\u00eda a petici\u00f3n de otra mujer de un lugarejo vecino, a quien hab\u00edan<\/span><\/p>\n<p><span style=\"font-size: 14pt;\">cogido preso un hijo, acus\u00e1ndole, no s\u00e9 de qu\u00e9 crimen, por el<\/span><\/p>\n<p><span style=\"font-size: 14pt;\">cual, si no se justificaba que era inocente, ser\u00eda condenado al destierro,<\/span><\/p>\n<p><span style=\"font-size: 14pt;\">o al menos a un n\u00famero considerable de a\u00f1os de encarcelamiento.<\/span><\/p>\n<p><span style=\"font-size: 14pt;\">Ella me ped\u00eda con insistencia, en nombre de la pobre mujer,<\/span><\/p>\n<p><span style=\"font-size: 14pt;\">a quien ella deseaba complacer, que le alcanzase esta gracia<\/span><\/p>\n<p><span style=\"font-size: 14pt;\">de Nuestra Se\u00f1ora. Recibido el recado, me march\u00e9 a la escuela; y<\/span><\/p>\n<p><span style=\"font-size: 14pt;\">por el camino cont\u00e9 a mis primos lo que pasaba. Al llegar a F\u00e1tima,<\/span><\/p>\n<p><span style=\"font-size: 14pt;\">me dice Francisco:<\/span><\/p>\n<p><span style=\"font-size: 14pt;\">\u2013 \u00a1Oye!, mientras vas a la escuela, yo quedo con Jes\u00fas escondido,<\/span><\/p>\n<p><span style=\"font-size: 14pt;\">y le pido eso.<\/span><\/p>\n<p><span style=\"font-size: 14pt;\">Al salir de la escuela fui a llamarle y le pregunt\u00e9:<\/span><\/p>\n<p><span style=\"font-size: 14pt;\">\u2013\u00bfHas pedido aquella gracia a Nuestro Se\u00f1or?<\/span><\/p>\n<p><span style=\"font-size: 14pt;\">\u2013 S\u00ed, la he pedido. Dile a tu hermana Teresa que dentro de<\/span><\/p>\n<p><span style=\"font-size: 14pt;\">pocos d\u00edas \u00e9l regresar\u00e1 a casa.<\/span><\/p>\n<p><span style=\"font-size: 14pt;\">Efectivamente, de all\u00ed a algunos d\u00edas el pobre rapaz estaba en<\/span><\/p>\n<p><span style=\"font-size: 14pt;\">casa, y el d\u00eda 13 fue con toda la familia a agradecer a Nuestra<\/span><\/p>\n<p><span style=\"font-size: 14pt;\">Se\u00f1ora la gracia que hab\u00eda recibido.<\/span><\/p>\n<p><span style=\"font-size: 14pt;\">Otro d\u00eda, al salir de casa not\u00e9 que Francisco andaba muy despacio.<\/span><\/p>\n<p><span style=\"font-size: 14pt;\">160<\/span><\/p>\n<p><span style=\"font-size: 14pt;\">\u2013 \u00bfQu\u00e9 tienes? \u2013le pregunt\u00e9\u2013. Parece que no puedes andar.<\/span><\/p>\n<p><span style=\"font-size: 14pt;\">\u2013 Me duele mucho la cabeza y me parece que me voy a caer.<\/span><\/p>\n<p><span style=\"font-size: 14pt;\">\u2013 Entonces no vengas; qu\u00e9date en casa.<\/span><\/p>\n<p><span style=\"font-size: 14pt;\">\u2013 No me quedo. Prefiero quedarme en la iglesia con Jes\u00fas<\/span><\/p>\n<p><span style=\"font-size: 14pt;\">escondido, mientras t\u00fa te vas a la escuela.<\/span><\/p>\n<p><span style=\"font-size: 14pt;\">Uno de aquellos d\u00edas, cuando Francisco, ya estando enfermo,<\/span><\/p>\n<p><span style=\"font-size: 14pt;\">consegu\u00eda todav\u00eda dar sus paseos, fui con el a la roca del Cabezo,<\/span><\/p>\n<p><span style=\"font-size: 14pt;\">y a los Valinhos. Al volver a casa, la encontramos llena de gente, y<\/span><\/p>\n<p><span style=\"font-size: 14pt;\">a una pobrecita mujer que junto a una mesa, fing\u00eda que daba la<\/span><\/p>\n<p><span style=\"font-size: 14pt;\">bendici\u00f3n a numerosos objetos de piedad, rosarios, medallas, crucifijos,<\/span><\/p>\n<p><span style=\"font-size: 14pt;\">etc. Jacinta y yo fuimos en seguida rodeados de much\u00edsimas<\/span><\/p>\n<p><span style=\"font-size: 14pt;\">personas que nos quer\u00edan hacer preguntas. Francisco fue<\/span><\/p>\n<p><span style=\"font-size: 14pt;\">llamado por esta mujer de las bendiciones que le invit\u00f3 a ayudarle.<\/span><\/p>\n<p><span style=\"font-size: 14pt;\">\u2013 Yo no puedo bendecir \u2013respondi\u00f3 muy serio\u2013; y usted tampoco.<\/span><\/p>\n<p><span style=\"font-size: 14pt;\">S\u00f3lo lo pueden hacer los sacerdotes.<\/span><\/p>\n<p><span style=\"font-size: 14pt;\">Las palabras del peque\u00f1o se extendieron inmediatamente por<\/span><\/p>\n<p><span style=\"font-size: 14pt;\">entre la gente como por medio de alg\u00fan altavoz y la pobre mujer<\/span><\/p>\n<p><span style=\"font-size: 14pt;\">tuvo que marcharse inmediatamente entre los insultos de los que<\/span><\/p>\n<p><span style=\"font-size: 14pt;\">le exig\u00edan los objetos que acababan de entregarle.<\/span><\/p>\n<p><span style=\"font-size: 14pt;\">Ya dije en el escrito sobre Jacinta, c\u00f3mo \u00e9l pudo ir alguna vez<\/span><\/p>\n<p><span style=\"font-size: 14pt;\">m\u00e1s a Cova de Ir\u00eda; c\u00f3mo us\u00f3 y entreg\u00f3 la cuerda; c\u00f3mo en un d\u00eda<\/span><\/p>\n<p><span style=\"font-size: 14pt;\">de tanto calor sofocante fue el primero en ofrecer el no beber, y<\/span><\/p>\n<p><span style=\"font-size: 14pt;\">tambi\u00e9n c\u00f3mo a veces recordaba a su hermana la idea de sufrir<\/span><\/p>\n<p><span style=\"font-size: 14pt;\">por los pecadores, etc. Supongo por eso que no es necesario repetirlo<\/span><\/p>\n<p><span style=\"font-size: 14pt;\">aqu\u00ed.<\/span><\/p>\n<p><span style=\"font-size: 14pt;\">Un d\u00eda, estaba haci\u00e9ndole un poco de compa\u00f1\u00eda junto a su<\/span><\/p>\n<p><span style=\"font-size: 14pt;\">cama con Jacinta que se hab\u00eda levantado un poco. De pronto, viene<\/span><\/p>\n<p><span style=\"font-size: 14pt;\">su hermana Teresa a avisar que por la calle ven\u00eda una gran<\/span><\/p>\n<p><span style=\"font-size: 14pt;\">multitud de personas sin lugar a dudas para hablar con ellos. Apenas<\/span><\/p>\n<p><span style=\"font-size: 14pt;\">hab\u00eda salido, les dije:<\/span><\/p>\n<p><span style=\"font-size: 14pt;\">\u2013 Bien, vosotros esperaos aqu\u00ed, yo voy a esconderme.<\/span><\/p>\n<p><span style=\"font-size: 14pt;\">Jacinta consigui\u00f3 a\u00fan correr detr\u00e1s de m\u00ed, y nos fuimos a meter<\/span><\/p>\n<p><span style=\"font-size: 14pt;\">en una cuba que estaba junto a la puerta que da al huerto. No<\/span><\/p>\n<p><span style=\"font-size: 14pt;\">tardamos en escuchar el ruido de las personas que visitaban la<\/span><\/p>\n<p><span style=\"font-size: 14pt;\">casa y salieron al huerto, y estuvieron recostados en la misma cuba<\/span><\/p>\n<p><span style=\"font-size: 14pt;\">que nos salv\u00f3 por tener la boca hacia el lado opuesto.<\/span><\/p>\n<p><span style=\"font-size: 14pt;\">Cuando notamos que se hab\u00edan marchado, salimos de nuestro<\/span><\/p>\n<p><span style=\"font-size: 14pt;\">escondrijo y fuimos a ver a Francisco que nos inform\u00f3 de todo lo<\/span><\/p>\n<p><span style=\"font-size: 14pt;\">que hab\u00eda pasado.<\/span><\/p>\n<p><span style=\"font-size: 14pt;\">161<\/span><\/p>\n<p><span style=\"font-size: 14pt;\">\u2013 Era much\u00edsima gente y quer\u00edan que yo les dijese d\u00f3nde estabais<\/span><\/p>\n<p><span style=\"font-size: 14pt;\">vosotras; pero yo tampoco lo sab\u00eda. Quer\u00edan vernos y pedirnos<\/span><\/p>\n<p><span style=\"font-size: 14pt;\">muchas cosas. Hab\u00eda tambi\u00e9n una se\u00f1ora de Alqueid\u00e3o que<\/span><\/p>\n<p><span style=\"font-size: 14pt;\">deseaba la curaci\u00f3n de un enfermo y la conversi\u00f3n de un pecador.<\/span><\/p>\n<p><span style=\"font-size: 14pt;\">Yo pido por esta mujer; vosotras pedid por todos los dem\u00e1s que<\/span><\/p>\n<p><span style=\"font-size: 14pt;\">son muchos.<\/span><\/p>\n<p><span style=\"font-size: 14pt;\">Esta mujer apareci\u00f3, poco despu\u00e9s de haber muerto Francisco,<\/span><\/p>\n<p><span style=\"font-size: 14pt;\">y me pidi\u00f3 que le dijese cu\u00e1l era su sepultura pues deseaba ir a<\/span><\/p>\n<p><span style=\"font-size: 14pt;\">agradecerle las dos gracias que le hab\u00eda concedido. \u00cdbamos un d\u00eda<\/span><\/p>\n<p><span style=\"font-size: 14pt;\">camino de Cova de Ir\u00eda y a la salida de Aljustrel fuimos sorprendidos<\/span><\/p>\n<p><span style=\"font-size: 14pt;\">por un grupo de gente en una curva de la carretera, que, para<\/span><\/p>\n<p><span style=\"font-size: 14pt;\">vernos y o\u00edrnos mejor, pusieron a Jacinta junto conmigo encima de<\/span><\/p>\n<p><span style=\"font-size: 14pt;\">un muro. Francisco no quiso dejarse colocar encima. Despu\u00e9s fue<\/span><\/p>\n<p><span style=\"font-size: 14pt;\">escap\u00e1ndose poco a poco y se arrim\u00f3 a un muro viejo que hab\u00eda<\/span><\/p>\n<p><span style=\"font-size: 14pt;\">enfrente.<\/span><\/p>\n<p><span style=\"font-size: 14pt;\">Una pobre mujer y un ni\u00f1o al ver que no consegu\u00edan hablarnos<\/span><\/p>\n<p><span style=\"font-size: 14pt;\">en particular como deseaban, fueron a arrodillarse delante de<\/span><\/p>\n<p><span style=\"font-size: 14pt;\">\u00e9l para pedirle que les consiguiera de Nuestra Se\u00f1ora la cura del<\/span><\/p>\n<p><span style=\"font-size: 14pt;\">padre y la gracia de no ir a la guerra (eran madre e hijo). Francisco<\/span><\/p>\n<p><span style=\"font-size: 14pt;\">se arrodilla tambi\u00e9n, se quita la caperuza y pregunta si quieren<\/span><\/p>\n<p><span style=\"font-size: 14pt;\">rezar con \u00e9l el Rosario. Ellos dicen que s\u00ed; y empiezan a rezar; al<\/span><\/p>\n<p><span style=\"font-size: 14pt;\">poco tiempo toda aquella gente, dej\u00e1ndose de interrogantes curiosos,<\/span><\/p>\n<p><span style=\"font-size: 14pt;\">est\u00e1n tambi\u00e9n de rodillas rezando. M\u00e1s tarde nos acompa\u00f1an<\/span><\/p>\n<p><span style=\"font-size: 14pt;\">a Cova de Ir\u00eda. Durante el camino rezan con nosotros otro Rosario;<\/span><\/p>\n<p><span style=\"font-size: 14pt;\">y, all\u00e1 en el lugar de las apariciones, otro; y se despiden satisfechos.<\/span><\/p>\n<p><span style=\"font-size: 14pt;\">La pobre mujer promete volver all\u00ed para agradecer a Nuestra<\/span><\/p>\n<p><span style=\"font-size: 14pt;\">Se\u00f1ora las gracias que piden, si las alcanzan, Y volvi\u00f3 varias veces,<\/span><\/p>\n<p><span style=\"font-size: 14pt;\">en uni\u00f3n no s\u00f3lo del hijo, sino tambi\u00e9n del marido ya curado.<\/span><\/p>\n<p><span style=\"font-size: 14pt;\">(Eran de la feligres\u00eda de San Mamede, y les llam\u00e1bamos los<\/span><\/p>\n<p><span style=\"font-size: 14pt;\">Casaleiros).<\/span><\/p>\n<p>&nbsp;<\/p>\n<ol start=\"16\">\n<li><span style=\"font-size: 14pt;\"><strong> Francisco enferma<\/strong><\/span><\/li>\n<\/ol>\n<p>&nbsp;<\/p>\n<p><span style=\"font-size: 14pt;\">Durante la enfermedad, Francisco se mostr\u00f3 siempre alegre y<\/span><\/p>\n<p><span style=\"font-size: 14pt;\">contento. A veces le preguntaba:<\/span><\/p>\n<p><span style=\"font-size: 14pt;\">\u2013 Francisco, \u00bfsufres mucho?<\/span><\/p>\n<p><span style=\"font-size: 14pt;\">\u2013 Bastante; pero no importa. Sufro para consolar a Nuestro<\/span><\/p>\n<p><span style=\"font-size: 14pt;\">Se\u00f1or; y despu\u00e9s, de aqu\u00ed a poco ir\u00e9 al Cielo.<\/span><\/p>\n<p><span style=\"font-size: 14pt;\">162<\/span><\/p>\n<p><span style=\"font-size: 14pt;\">\u2013 All\u00ed no te olvides de pedir a Nuestra Se\u00f1ora que me lleve<\/span><\/p>\n<p><span style=\"font-size: 14pt;\">tambi\u00e9n pronto all\u00e1.<\/span><\/p>\n<p><span style=\"font-size: 14pt;\">\u2013 Eso no lo pido. Bien sabes t\u00fa que Ella no te quiere all\u00ed a\u00fan.<\/span><\/p>\n<p><span style=\"font-size: 14pt;\">En v\u00edsperas de morir me dijo:<\/span><\/p>\n<p><span style=\"font-size: 14pt;\">\u2013 \u00a1Escucha!, estoy muy mal, ya me falta poco para ir al Cielo.<\/span><\/p>\n<p><span style=\"font-size: 14pt;\">\u2013 \u00a1Entonces mira! All\u00ed no te olvides de pedir mucho por los<\/span><\/p>\n<p><span style=\"font-size: 14pt;\">pecadores, por el Santo Padre, por m\u00ed y Jacinta.<\/span><\/p>\n<p><span style=\"font-size: 14pt;\">\u2013 S\u00ed, lo pedir\u00e9; pero escucha: esas cosas p\u00eddelas antes a<\/span><\/p>\n<p><span style=\"font-size: 14pt;\">Jacinta, que yo tengo miedo de olvidarme cuando llegue junto al<\/span><\/p>\n<p><span style=\"font-size: 14pt;\">Se\u00f1or. Y despu\u00e9s, ante todo, lo quiero consolar.<\/span><\/p>\n<p><span style=\"font-size: 14pt;\">Un d\u00eda, de madrugada, temprano, su hermana Teresa viene a<\/span><\/p>\n<p><span style=\"font-size: 14pt;\">llamarme:<\/span><\/p>\n<p><span style=\"font-size: 14pt;\">\u2013 Ven deprisa, Francisco est\u00e1 muy grave y dice que te quiere<\/span><\/p>\n<p><span style=\"font-size: 14pt;\">decir una cosa.<\/span><\/p>\n<p><span style=\"font-size: 14pt;\">Me vest\u00ed corriendo y all\u00e1 fui. Pidi\u00f3 a la madre y a los hermanos<\/span><\/p>\n<p><span style=\"font-size: 14pt;\">que saliesen del cuarto, puesto que era secreto lo que me quer\u00eda<\/span><\/p>\n<p><span style=\"font-size: 14pt;\">comunicar. Salieron y entonces \u00e9l me dijo:<\/span><\/p>\n<p><span style=\"font-size: 14pt;\">\u2013 Es que me voy a confesar para comulgar y morir despu\u00e9s.<\/span><\/p>\n<p><span style=\"font-size: 14pt;\">Quer\u00eda que me dijeses si me viste hacer alg\u00fan pecado y que fueses<\/span><\/p>\n<p><span style=\"font-size: 14pt;\">a interrogar a Jacinta si ella me vio hacer alguno.<\/span><\/p>\n<p><span style=\"font-size: 14pt;\">\u2013 Desobedeciste alguna vez a tu madre \u2013le dije\u2013, cuando ella<\/span><\/p>\n<p><span style=\"font-size: 14pt;\">te dec\u00eda que te quedases en casa y t\u00fa te escapabas para estar<\/span><\/p>\n<p><span style=\"font-size: 14pt;\">conmigo o para irte a esconder.<\/span><\/p>\n<p><span style=\"font-size: 14pt;\">\u2013 Ciertamente, tengo \u00e9ste. Ahora vete a preguntar a Jacinta, si<\/span><\/p>\n<p><span style=\"font-size: 14pt;\">ella se acuerda de alguno m\u00e1s.<\/span><\/p>\n<p><span style=\"font-size: 14pt;\">March\u00e9, y Jacinta, despu\u00e9s de pensar un poco, me dijo:<\/span><\/p>\n<p><span style=\"font-size: 14pt;\">\u2013 Escucha: dile que, todav\u00eda antes de aparec\u00e9rsenos Nuestra<\/span><\/p>\n<p><span style=\"font-size: 14pt;\">Se\u00f1ora, rob\u00f3 10 centavos a nuestro padre para comprarle una<\/span><\/p>\n<p><span style=\"font-size: 14pt;\">arm\u00f3nica a Jos\u00e9 Marto de Casa Velha; que, cuando los muchachos<\/span><\/p>\n<p><span style=\"font-size: 14pt;\">de Aljustrel tiraron piedras a los de Boleiros, \u00e9l tambi\u00e9n tir\u00f3<\/span><\/p>\n<p><span style=\"font-size: 14pt;\">algunas.<\/span><\/p>\n<p><span style=\"font-size: 14pt;\">Cuando le di este recado de su hermana, respondi\u00f3:<\/span><\/p>\n<p><span style=\"font-size: 14pt;\">\u2014 Estos ya los confes\u00e9; pero vuelvo a confesarlos. Tal vez es a<\/span><\/p>\n<p><span style=\"font-size: 14pt;\">causa de estos pecados que yo hice, por los que Nuestro Se\u00f1or<\/span><\/p>\n<p><span style=\"font-size: 14pt;\">est\u00e1 triste. Pero yo aunque no muriese, nunca m\u00e1s los volver\u00eda a<\/span><\/p>\n<p><span style=\"font-size: 14pt;\">cometer. Y poniendo las manos juntas, rez\u00f3 la oraci\u00f3n:<\/span><\/p>\n<p><span style=\"font-size: 14pt;\">\u2013 \u00a1Oh Jes\u00fas m\u00edo, perd\u00f3nanos, l\u00edbranos del fuego del infiemo,<\/span><\/p>\n<p><span style=\"font-size: 14pt;\">lleva a todas las almas al Cielo, especialmente a las que m\u00e1s lo<\/span><\/p>\n<p><span style=\"font-size: 14pt;\">necesitan&#8230;!<\/span><\/p>\n<p><span style=\"font-size: 14pt;\">163<\/span><\/p>\n<p><span style=\"font-size: 14pt;\">\u2013 Escucha, pide t\u00fa tambi\u00e9n al Se\u00f1or que me perdone mis pecados.<\/span><\/p>\n<p><span style=\"font-size: 14pt;\">\u2013 S\u00ed, pido, qu\u00e9date tranquilo. Si el Se\u00f1or no te los hubiese<\/span><\/p>\n<p><span style=\"font-size: 14pt;\">perdonado ya, la Virgen no hubiera dicho a\u00fan el otro d\u00eda a Jacinta<\/span><\/p>\n<p><span style=\"font-size: 14pt;\">que te ven\u00eda a buscar muy en breve para el Cielo. Y ahora voy a<\/span><\/p>\n<p><span style=\"font-size: 14pt;\">Misa y ah\u00ed pido a Jes\u00fas escondido por ti.<\/span><\/p>\n<p><span style=\"font-size: 14pt;\">\u2013 Escucha; p\u00eddele para que el se\u00f1or Cura me d\u00e9 la Sagrada<\/span><\/p>\n<p><span style=\"font-size: 14pt;\">Comuni\u00f3n.<\/span><\/p>\n<p><span style=\"font-size: 14pt;\">\u2013 De acuerdo.<\/span><\/p>\n<p><span style=\"font-size: 14pt;\">Cuando regres\u00e9 de la iglesia ya Jacinta se hab\u00eda levantado y<\/span><\/p>\n<p><span style=\"font-size: 14pt;\">estaba sentada al lado de su cama. Al verme me pregunt\u00f3:<\/span><\/p>\n<p><span style=\"font-size: 14pt;\">\u2013 \u00bfPediste al Se\u00f1or escondido para que el se\u00f1or cura me d\u00e9 la<\/span><\/p>\n<p><span style=\"font-size: 14pt;\">Sagrada Comuni\u00f3n?<\/span><\/p>\n<p><span style=\"font-size: 14pt;\">\u2013 Lo ped\u00ed.<\/span><\/p>\n<p><span style=\"font-size: 14pt;\">\u2013 Despu\u00e9s en el Cielo pedir\u00e9 por ti.<\/span><\/p>\n<p><span style=\"font-size: 14pt;\">\u2013 \u00bfVas a pedir? pues el otro d\u00eda me dijiste que no ibas a pedir.<\/span><\/p>\n<p><span style=\"font-size: 14pt;\">\u2013 Eso era para llevarte all\u00e1 en breve. Pero si t\u00fa lo deseas, yo<\/span><\/p>\n<p><span style=\"font-size: 14pt;\">pido, y despu\u00e9s que Nuestra Se\u00f1ora haga lo que Ella quiera.<\/span><\/p>\n<p><span style=\"font-size: 14pt;\">\u2013 Pues quiero; t\u00fa pide.<\/span><\/p>\n<p><span style=\"font-size: 14pt;\">\u2013 Pues s\u00ed, qu\u00e9date tranquila, que yo pido.<\/span><\/p>\n<p><span style=\"font-size: 14pt;\">Los dej\u00e9 all\u00ed y me march\u00e9 para hacer mis ocupaciones diarias<\/span><\/p>\n<p><span style=\"font-size: 14pt;\">de trabajo y escuela.<\/span><\/p>\n<p><span style=\"font-size: 14pt;\">Cuando volv\u00ed al anochecer ya estaba radiante de alegr\u00eda. Se<\/span><\/p>\n<p><span style=\"font-size: 14pt;\">hab\u00eda confesado y el Cura hab\u00eda prometido llevarle al d\u00eda siguiente<\/span><\/p>\n<p><span style=\"font-size: 14pt;\">la Sagrada Comuni\u00f3n. Despu\u00e9s de comulgar al d\u00eda siguiente, dec\u00eda<\/span><\/p>\n<p><span style=\"font-size: 14pt;\">a su hermanita:<\/span><\/p>\n<p><span style=\"font-size: 14pt;\">\u2013 Hoy soy m\u00e1s feliz que t\u00fa, porque tengo dentro de mi pecho a<\/span><\/p>\n<p><span style=\"font-size: 14pt;\">Jes\u00fas escondido. Yo me voy al cielo; pero desde all\u00ed voy a pedir<\/span><\/p>\n<p><span style=\"font-size: 14pt;\">mucho al Se\u00f1or y a la Virgen para que pronto os lleve tambi\u00e9n all\u00ed.<\/span><\/p>\n<p><span style=\"font-size: 14pt;\">Ese d\u00eda, casi todo lo pas\u00e9 con Jacinta junto a su cama. Como<\/span><\/p>\n<p><span style=\"font-size: 14pt;\">ya no pod\u00eda rezar, nos ped\u00eda que rez\u00e1semos nosotros el Rosario<\/span><\/p>\n<p><span style=\"font-size: 14pt;\">por \u00e9l. Despu\u00e9s me dijo:<\/span><\/p>\n<p><span style=\"font-size: 14pt;\">\u2013 Sin lugar a dudas, en el Cielo voy a tener muchas a\u00f1oronzas<\/span><\/p>\n<p><span style=\"font-size: 14pt;\">de t\u00ed. \u00a1Qui\u00e9n diera que Nuestra Se\u00f1ora te llevase tambi\u00e9n para all\u00e1<\/span><\/p>\n<p><span style=\"font-size: 14pt;\">muy pronto!<\/span><\/p>\n<p><span style=\"font-size: 14pt;\">\u2013 No las tendr\u00e1s, no; \u00a1f\u00edjate! \u00a1Al pie del Se\u00f1or y de la Virgen,<\/span><\/p>\n<p><span style=\"font-size: 14pt;\">que son tan buenos!<\/span><\/p>\n<p><span style=\"font-size: 14pt;\">\u2013 Pues es cierto. Tal vez ni me acuerde.<\/span><\/p>\n<p><span style=\"font-size: 14pt;\">Y ahora a\u00f1ado yo: tal vez no se acord\u00f3 m\u00e1s. \u00a1\u00a1\u00a1Paciencia!!!<\/span><\/p>\n<p>&nbsp;<\/p>\n<ol start=\"17\">\n<li><span style=\"font-size: 14pt;\"><strong> Muerte santa<\/strong><\/span><\/li>\n<\/ol>\n<p>&nbsp;<\/p>\n<p><span style=\"font-size: 14pt;\">Cuando era de noche, me desped\u00ed de \u00e9l.<\/span><\/p>\n<p><span style=\"font-size: 14pt;\">\u2013 Francisco, adi\u00f3s. Si fueras esta misma noche al Cielo, no te<\/span><\/p>\n<p><span style=\"font-size: 14pt;\">olvides de m\u00ed. \u00bfHas escuchado?<\/span><\/p>\n<p><span style=\"font-size: 14pt;\">\u2013 No me olvido, no. Qu\u00e9date tranquila.<\/span><\/p>\n<p><span style=\"font-size: 14pt;\">Y agarr\u00e1ndome la mano derecha, la apret\u00f3 con mucha fuerza<\/span><\/p>\n<p><span style=\"font-size: 14pt;\">durante un buen rato, mir\u00e1ndome con l\u00e1grimas en los ojos.<\/span><\/p>\n<p><span style=\"font-size: 14pt;\">\u2013 \u00bfDeseas alguna cosa m\u00e1s? \u2013le pregunt\u00e9 con l\u00e1grimas que<\/span><\/p>\n<p><span style=\"font-size: 14pt;\">tambi\u00e9n me corr\u00edan por las mejillas.<\/span><\/p>\n<p><span style=\"font-size: 14pt;\">\u2013 No \u2013me respondi\u00f3 con voz apagada.<\/span><\/p>\n<p><span style=\"font-size: 14pt;\">Como la escena estaba poni\u00e9ndose demasiado conmovedora,<\/span><\/p>\n<p><span style=\"font-size: 14pt;\">mi t\u00eda me pidi\u00f3 que saliese del dormitorio.<\/span><\/p>\n<p><span style=\"font-size: 14pt;\">\u2013 Entonces, adi\u00f3s, Francisco, hasta el Cielo.<\/span><\/p>\n<p><span style=\"font-size: 14pt;\">\u2013 Adi\u00f3s, hasta el Cielo.<\/span><\/p>\n<p><span style=\"font-size: 14pt;\">Y el Cielo se aproximaba. All\u00e1 vol\u00f3 al d\u00eda siguiente (10) a los<\/span><\/p>\n<p><span style=\"font-size: 14pt;\">brazos de la Madre Celestial.<\/span><\/p>\n<p><span style=\"font-size: 14pt;\">No se puede describir mi nostalgia. Es una espina triste que<\/span><\/p>\n<p><span style=\"font-size: 14pt;\">atraviesa mi coraz\u00f3n a lo largo de los a\u00f1os. Es el recuerdo del<\/span><\/p>\n<p><span style=\"font-size: 14pt;\">pasado que siempre resuena en la eternidad.<\/span><\/p>\n<p><span style=\"font-size: 14pt;\">Era de noche, y yo pl\u00e1cida so\u00f1aba<\/span><\/p>\n<p><span style=\"font-size: 14pt;\">que en tan festivo, suspirado d\u00eda<\/span><\/p>\n<p><span style=\"font-size: 14pt;\">celestial enlace en gran porf\u00eda,<\/span><\/p>\n<p><span style=\"font-size: 14pt;\">entre nosotros y los \u00c1ngeles se daba.<\/span><\/p>\n<p><span style=\"font-size: 14pt;\">\u00a1Qu\u00e9 \u00e1urea corona \u2013ninguno imaginaba\u2013<\/span><\/p>\n<p><span style=\"font-size: 14pt;\">de flores que la tierra produc\u00eda,<\/span><\/p>\n<p><span style=\"font-size: 14pt;\">que igualase a la que el Cielo ofrec\u00eda<\/span><\/p>\n<p><span style=\"font-size: 14pt;\">en ang\u00e9lico primor que el cari\u00f1o dejaba!<\/span><\/p>\n<p><span style=\"font-size: 14pt;\">De labios maternos&#8230; gozos, sonrisas,<\/span><\/p>\n<p><span style=\"font-size: 14pt;\">en el celeste para\u00edso&#8230; vive en Dios,<\/span><\/p>\n<p><span style=\"font-size: 14pt;\">de amor encantado, de gozos soberanos,<\/span><\/p>\n<p><span style=\"font-size: 14pt;\">pas\u00f3 estos a\u00f1os&#8230; tan breves&#8230; \u00a1\u00a1\u00a1Adi\u00f3s!!!<\/span><\/p>\n<p><span style=\"font-size: 14pt;\"><strong>\u00a0<\/strong><\/span><\/p>\n<ol start=\"18\">\n<li><span style=\"font-size: 14pt;\"><strong> M\u00e1s canciones<\/strong><\/span><\/li>\n<\/ol>\n<p>&nbsp;<\/p>\n<p><span style=\"font-size: 14pt;\">Como el Se\u00f1or Dr. Galamba desea los versos profanos, y ya<\/span><\/p>\n<p><span style=\"font-size: 14pt;\">escrib\u00ed algunos en el transcurso de la historia de Francisco, antes<\/span><\/p>\n<p><span style=\"font-size: 14pt;\">de comenzar con otro asunto, pongo algunos m\u00e1s, para que su<\/span><\/p>\n<p><span style=\"font-size: 14pt;\">Reverencia pueda escoger, por si acaso alguno le puede ser \u00fatil<\/span><\/p>\n<p><span style=\"font-size: 14pt;\">para alguna cosa.<\/span><\/p>\n<p><span style=\"font-size: 14pt;\">LA SERRANA<\/span><\/p>\n<p><span style=\"font-size: 14pt;\">Serrana, serrana,<\/span><\/p>\n<p><span style=\"font-size: 14pt;\">\u00a1De ojos casta\u00f1os!<\/span><\/p>\n<p><span style=\"font-size: 14pt;\">\u00bfQui\u00e9n te dio, serrana,<\/span><\/p>\n<p><span style=\"font-size: 14pt;\">Encantos tama\u00f1os&#8230;?<\/span><\/p>\n<p><span style=\"font-size: 14pt;\">\u00a1Encantos tama\u00f1os!<\/span><\/p>\n<p><span style=\"font-size: 14pt;\">\u00a1\u00a1\u00a1Nunca vi as\u00ed!!!<\/span><\/p>\n<p><span style=\"font-size: 14pt;\">Serrana, serrana,<\/span><\/p>\n<p><span style=\"font-size: 14pt;\">Ten pena de m\u00ed.<\/span><\/p>\n<p><span style=\"font-size: 14pt;\">\u00a1\u00a1\u00a1Serrana, serrana,<\/span><\/p>\n<p><span style=\"font-size: 14pt;\">Ten pena de mi!!!<\/span><\/p>\n<p><span style=\"font-size: 14pt;\">Serrana, serrana,<\/span><\/p>\n<p><span style=\"font-size: 14pt;\">De saya volante,<\/span><\/p>\n<p><span style=\"font-size: 14pt;\">\u00bfQui\u00e9n te di\u00f3, serrana,<\/span><\/p>\n<p><span style=\"font-size: 14pt;\">Ser tan elegante?<\/span><\/p>\n<p><span style=\"font-size: 14pt;\">\u00a1Ser tan elegante!<\/span><\/p>\n<p><span style=\"font-size: 14pt;\">\u00a1\u00a1\u00a1Nunca vi as\u00ed!!!, etc.<\/span><\/p>\n<p><span style=\"font-size: 14pt;\">(el final de todos, como el primero)<\/span><\/p>\n<p><span style=\"font-size: 14pt;\">Serrana, serrana,<\/span><\/p>\n<p><span style=\"font-size: 14pt;\">Del pecho de rosa<\/span><\/p>\n<p><span style=\"font-size: 14pt;\">\u00bfQui\u00e9n te di\u00f3, Serrana,<\/span><\/p>\n<p>Color tan mimosa?<\/p>\n<p>\u00a1Color tan mimosa!<\/p>\n<p>\u00a1\u00a1\u00a1Nunca vi as\u00ed!!!, etc.<\/p>\n<p>Serrana, serrana,<\/p>\n<p>\u00a1De oro adornada!<\/p>\n<p>\u00bfQui\u00e9n te dio, Serrana,<\/p>\n<p>166<\/p>\n<p>Saya tan rodada?<\/p>\n<p>\u00a1Saya tan rodada!<\/p>\n<p>\u00a1\u00a1\u00a1Nunca vi as\u00ed!!!, etc.<\/p>\n<p>TEN CUIDADO<\/p>\n<p>Si fueres a la Sierra<\/p>\n<p>vete despacito,<\/p>\n<p>mira que no caigas<\/p>\n<p>en un barranquito.<\/p>\n<p>\u00a1En un barranquito!<\/p>\n<p>En un barranquito<\/p>\n<p>no he de caer,<\/p>\n<p>que las serranitas<\/p>\n<p>me han de sostener.<\/p>\n<p>Quieran o no,<\/p>\n<p>\u00a1\u00a1\u00a1Serranitas, mi coraz\u00f3n!!!<\/p>\n<p>Me han de sostener,<\/p>\n<p>me han de bien tratar.<\/p>\n<p>\u00a1Son las serranitas<\/p>\n<p>buenas para amar!<\/p>\n<p>Buenas para amar.<\/p>\n<p>Quieran o no,<\/p>\n<p>\u00a1\u00a1\u00a1Serranitas, mi coraz\u00f3n!!!<\/p>\n<p>&nbsp;<\/p>\n<p>&nbsp;<\/p>\n","protected":false},"excerpt":{"rendered":"<p>Tweet RETRATO DE FRANCISCO Espiritualidad &#8230;. Inclinaciones naturales &#8230; Participaci\u00f3n en las Apariciones del \u00c1ngel &#8230; Influencia de la primera Aparici\u00f3n de N. Se\u00f1ora Influencia de la segunda Aparici\u00f3n .. Francisco anima a Luc\u00eda &#8230; Influencia de la tercera Aparici\u00f3n . Comportamiento en Our\u00e9m &#8230;.. Influencia de las \u00faltimas apariciones.. An\u00e9cdotas y canciones &#8230; Francisco, [&hellip;]<\/p>\n","protected":false},"author":1,"featured_media":0,"comment_status":"open","ping_status":"open","sticky":false,"template":"","format":"standard","meta":{"footnotes":""},"categories":[4],"tags":[],"class_list":["post-55424","post","type-post","status-publish","format-standard","hentry","category-divulgacion"],"_links":{"self":[{"href":"http:\/\/www.floracantabrica.com\/index.php?rest_route=\/wp\/v2\/posts\/55424","targetHints":{"allow":["GET"]}}],"collection":[{"href":"http:\/\/www.floracantabrica.com\/index.php?rest_route=\/wp\/v2\/posts"}],"about":[{"href":"http:\/\/www.floracantabrica.com\/index.php?rest_route=\/wp\/v2\/types\/post"}],"author":[{"embeddable":true,"href":"http:\/\/www.floracantabrica.com\/index.php?rest_route=\/wp\/v2\/users\/1"}],"replies":[{"embeddable":true,"href":"http:\/\/www.floracantabrica.com\/index.php?rest_route=%2Fwp%2Fv2%2Fcomments&post=55424"}],"version-history":[{"count":1,"href":"http:\/\/www.floracantabrica.com\/index.php?rest_route=\/wp\/v2\/posts\/55424\/revisions"}],"predecessor-version":[{"id":55425,"href":"http:\/\/www.floracantabrica.com\/index.php?rest_route=\/wp\/v2\/posts\/55424\/revisions\/55425"}],"wp:attachment":[{"href":"http:\/\/www.floracantabrica.com\/index.php?rest_route=%2Fwp%2Fv2%2Fmedia&parent=55424"}],"wp:term":[{"taxonomy":"category","embeddable":true,"href":"http:\/\/www.floracantabrica.com\/index.php?rest_route=%2Fwp%2Fv2%2Fcategories&post=55424"},{"taxonomy":"post_tag","embeddable":true,"href":"http:\/\/www.floracantabrica.com\/index.php?rest_route=%2Fwp%2Fv2%2Ftags&post=55424"}],"curies":[{"name":"wp","href":"https:\/\/api.w.org\/{rel}","templated":true}]}}