{"id":55285,"date":"2023-07-14T11:15:37","date_gmt":"2023-07-14T09:15:37","guid":{"rendered":"http:\/\/www.floracantabrica.com\/?p=55285"},"modified":"2023-09-08T14:12:47","modified_gmt":"2023-09-08T12:12:47","slug":"fatima-espanol-9-14-7-23","status":"publish","type":"post","link":"http:\/\/www.floracantabrica.com\/?p=55285","title":{"rendered":"Fatima.Espa\u00f1ol.9.14.7.23."},"content":{"rendered":"<p><a href=\"http:\/\/twitter.com\/share?url=http%3A%2F%2Fwww.floracantabrica.com%2F%3Fp%3D55285&amp;count=none&amp;lang=es&amp;via=lorencincoreses&amp;related=Mujerverdosa&amp;text=Fatima.Espa\u00f1ol.9.14.7.23. - Flora Cant\u00e1brica\" class=\"twitter-share-button\">Tweet<\/a><\/p><table width=\"720\">\n<tbody>\n<tr>\n<td><span style=\"font-size: 14pt;\"><strong>Sexta aparici\u00f3n de Nuestra Se\u00f1ora<\/strong><\/span><\/p>\n<p><span style=\"font-size: 14pt;\">Ubicaci\u00f3n: Cova da Iria<\/span><\/p>\n<p>&nbsp;<\/p>\n<p><span style=\"font-size: 14pt;\">Fecha: 13 de octubre de 1917<\/span><\/p>\n<p>&nbsp;<\/p>\n<p><span style=\"font-size: 14pt;\">Personas presentes: 50000 a 70000<\/span><\/p>\n<p>&nbsp;<\/p>\n<p><span style=\"font-size: 14pt;\">\u00ab- \u00bfQu\u00e9 quieres de m\u00ed?\u00bb<\/span><\/p>\n<p><span style=\"font-size: 14pt;\">&#8211; <strong>Quiero decirles que aqu\u00ed se va a construir una capilla en mi honor. Soy la Se\u00f1ora del Rosario<\/strong>. Contin\u00faen rezando siempre el Rosario todos los d\u00edas. La guerra va a terminar, y los soldados pronto regresar\u00e1n a su hogares.<\/span><\/p>\n<p><span style=\"font-size: 14pt;\">&#8211; tengo muchas cosas que preguntar usted: la curaci\u00f3n de algunos enfermos, la conversi\u00f3n de los pecadores, y otras cosas &#8230;<\/span><\/p>\n<p><span style=\"font-size: 14pt;\">.. &#8211; algunos s\u00ed, pero no en otras deben modificar sus vidas y pedir perd\u00f3n por sus pecados<\/span><\/p>\n<p><span style=\"font-size: 14pt;\">Buscando muy triste<strong>, Nuestra Se\u00f1ora dijo<\/strong>:<\/span><\/p>\n<p><span style=\"font-size: 14pt;\">&#8211; \u00a1<strong>No ofendas m\u00e1s al Se\u00f1or nuestro Dios, porque \u00c9l ya est\u00e1 muy ofendido<\/strong>! {Si el pueblo se enmienda, la guerra terminar\u00e1, y si no enmendan sus caminos, el mundo llegar a su fin.}<\/span><\/p>\n<p><span style=\"font-size: 14pt;\">[- \u00bfHay algo m\u00e1s que quieras de m\u00ed?<\/span><\/p>\n<p><span style=\"font-size: 14pt;\">&#8211; No, no quiero nada m\u00e1s de ti.]<\/span><\/p>\n<p><span style=\"font-size: 14pt;\">Luego, abriendo las manos, las hizo reflejarse en el sol, y mientras ascend\u00eda, el reflejo de su propia luz segu\u00eda proyect\u00e1ndose sobre el mismo sol.<\/span><br \/>\n<span style=\"font-size: 14pt;\"> [\u2026]<\/span><br \/>\n<span style=\"font-size: 14pt;\"> <strong>Despu\u00e9s de que Nuestra Se\u00f1ora desapareci\u00f3 en la inmensa distancia del firmamento, contemplamos a San Jos\u00e9 con el Ni\u00f1o Jes\u00fas y Nuestra Se\u00f1ora vestida de blanco con un manto azul, junto al sol.\u00a0San Jos\u00e9 y el Ni\u00f1o Jes\u00fas aparecieron para bendecir al mundo, pues trazaron la Se\u00f1al de la Cruz con las manos<\/strong>.<\/span><\/p>\n<p>&nbsp;<\/p>\n<p><span style=\"font-size: 14pt;\"><strong>Cuando, un poco m\u00e1s tarde, esta aparici\u00f3n desapareci\u00f3, vi a Nuestro Se\u00f1or ya Nuestra Se\u00f1ora;\u00a0me pareci\u00f3 que era Nuestra Se\u00f1ora de los Dolores.<\/strong>\u00a0Nuestro Se\u00f1or apareci\u00f3 para bendecir al mundo de la misma manera que lo hab\u00eda hecho San Jos\u00e9.\u00a0Esta aparici\u00f3n tambi\u00e9n se desvaneci\u00f3, y vi a Nuestra Se\u00f1ora una vez m\u00e1s, esta vez parecida a Nuestra Se\u00f1ora del Carmelo.<\/span><\/p>\n<p>&nbsp;<\/p>\n<p>&nbsp;<\/p>\n<p><span style=\"font-size: 14pt;\"><strong><em>F\u00e1tima en las propias palabras de Luc\u00eda, F\u00e1tima,<\/em><\/strong><strong>\u00a0p.\u00a0182-183 (IV Memorias);\u00a0la secci\u00f3n entre corchetes proviene del interrogatorio del p\u00e1rroco del 16 de octubre de 1917 en la\u00a0<em>Documenta\u00e7\u00e3o Cr\u00edtica de F\u00e1tima.\u00a0Yo<\/em>\u00a0, p.\u00a024;\u00a0y la secci\u00f3n entre llaves est\u00e1 tomada del interrogatorio del Dr. Formig\u00e3o en la\u00a0<em>Documenta\u00e7\u00e3o Cr\u00edtica de F\u00e1tima.\u00a0Yo, p.\u00a0142.<\/em><\/strong><\/span><\/td>\n<\/tr>\n<\/tbody>\n<\/table>\n<p>&nbsp;<\/p>\n","protected":false},"excerpt":{"rendered":"<p>Tweet Sexta aparici\u00f3n de Nuestra Se\u00f1ora Ubicaci\u00f3n: Cova da Iria &nbsp; Fecha: 13 de octubre de 1917 &nbsp; Personas presentes: 50000 a 70000 &nbsp; \u00ab- \u00bfQu\u00e9 quieres de m\u00ed?\u00bb &#8211; Quiero decirles que aqu\u00ed se va a construir una capilla en mi honor. Soy la Se\u00f1ora del Rosario. Contin\u00faen rezando siempre el Rosario todos los [&hellip;]<\/p>\n","protected":false},"author":1,"featured_media":0,"comment_status":"open","ping_status":"open","sticky":false,"template":"","format":"standard","meta":{"footnotes":""},"categories":[4],"tags":[],"class_list":["post-55285","post","type-post","status-publish","format-standard","hentry","category-divulgacion"],"_links":{"self":[{"href":"http:\/\/www.floracantabrica.com\/index.php?rest_route=\/wp\/v2\/posts\/55285","targetHints":{"allow":["GET"]}}],"collection":[{"href":"http:\/\/www.floracantabrica.com\/index.php?rest_route=\/wp\/v2\/posts"}],"about":[{"href":"http:\/\/www.floracantabrica.com\/index.php?rest_route=\/wp\/v2\/types\/post"}],"author":[{"embeddable":true,"href":"http:\/\/www.floracantabrica.com\/index.php?rest_route=\/wp\/v2\/users\/1"}],"replies":[{"embeddable":true,"href":"http:\/\/www.floracantabrica.com\/index.php?rest_route=%2Fwp%2Fv2%2Fcomments&post=55285"}],"version-history":[{"count":2,"href":"http:\/\/www.floracantabrica.com\/index.php?rest_route=\/wp\/v2\/posts\/55285\/revisions"}],"predecessor-version":[{"id":55288,"href":"http:\/\/www.floracantabrica.com\/index.php?rest_route=\/wp\/v2\/posts\/55285\/revisions\/55288"}],"wp:attachment":[{"href":"http:\/\/www.floracantabrica.com\/index.php?rest_route=%2Fwp%2Fv2%2Fmedia&parent=55285"}],"wp:term":[{"taxonomy":"category","embeddable":true,"href":"http:\/\/www.floracantabrica.com\/index.php?rest_route=%2Fwp%2Fv2%2Fcategories&post=55285"},{"taxonomy":"post_tag","embeddable":true,"href":"http:\/\/www.floracantabrica.com\/index.php?rest_route=%2Fwp%2Fv2%2Ftags&post=55285"}],"curies":[{"name":"wp","href":"https:\/\/api.w.org\/{rel}","templated":true}]}}