{"id":55273,"date":"2023-07-12T10:27:09","date_gmt":"2023-07-12T08:27:09","guid":{"rendered":"http:\/\/www.floracantabrica.com\/?p=55273"},"modified":"2024-05-26T13:08:19","modified_gmt":"2024-05-26T11:08:19","slug":"fatimaespanol-8-7-2-3","status":"publish","type":"post","link":"http:\/\/www.floracantabrica.com\/?p=55273","title":{"rendered":"Fatima,Espa\u00f1ol.8..7 2.3Quinta aparici\u00f3n de Nuestra Se\u00f1ora."},"content":{"rendered":"<p><a href=\"http:\/\/twitter.com\/share?url=http%3A%2F%2Fwww.floracantabrica.com%2F%3Fp%3D55273&amp;count=none&amp;lang=es&amp;via=lorencincoreses&amp;related=Mujerverdosa&amp;text=Fatima,Espa\u00f1ol.8..7 2.3Quinta aparici\u00f3n de Nuestra Se\u00f1ora. - Flora Cant\u00e1brica\" class=\"twitter-share-button\">Tweet<\/a><\/p><p><span style=\"font-size: 14pt;\"><strong>Quinta aparici\u00f3n de Nuestra Se\u00f1ora<\/strong><\/span><\/p>\n<p><span style=\"font-size: 14pt;\">Ubicaci\u00f3n: Cova da Iria<\/span><\/p>\n<p>&nbsp;<\/p>\n<p><span style=\"font-size: 14pt;\">Fecha: 13 de septiembre de 1917<\/span><\/p>\n<p>&nbsp;<\/p>\n<p><span style=\"font-size: 14pt;\">Personas presentes: 20000 a 30000<\/span><\/p>\n<p>&nbsp;<\/p>\n<p><span style=\"font-size: 14pt;\"><strong>\u00ab- Continuar rezando el Rosario para lograr el fin de la guerra. En octubre vendr\u00e1 Nuestro Se\u00f1or, as\u00ed como Nuestra Se\u00f1ora de los Dolores y Nuestra Se\u00f1ora del Carmelo. San Jos\u00e9 aparecer\u00e1 con el Ni\u00f1o Jes\u00fas para bendecir al mundo<\/strong>. Dios est\u00e1 complacido con tus sacrificios. No quiere que duermas con la cuerda puesta, sino que solo la uses durante el d\u00eda.<\/span><\/p>\n<p>&nbsp;<\/p>\n<p><span style=\"font-size: 14pt;\">&#8211; Me dijeron que te preguntara muchas cosas, la cura de algunos enfermos, de un sordomudo. .<\/span><\/p>\n<p><span style=\"font-size: 14pt;\"><strong>&#8211;<\/strong><\/span><\/p>\n<p><span style=\"font-size: 14pt;\"><strong>\u00a0S\u00ed, a unos curar\u00e9, pero a otros no. [Porque Nuestro Se\u00f1or no quiere creerles]. En octubre har\u00e9 un milagro para que todos crean.<\/strong><\/span><\/p>\n<p><span style=\"font-size: 14pt;\"><strong>\u00a0<\/strong><\/span><\/p>\n<p><span style=\"font-size: 14pt;\"><strong>[- La gente quisiera tener aqu\u00ed una capillita<\/strong>.<\/span><\/p>\n<p>&nbsp;<\/p>\n<p>&nbsp;<\/p>\n<p><span style=\"font-size: 14pt;\">&#8211; [Desde] la mitad del dinero recaudado hasta hoy hacen dos literas para Nuestra Se\u00f1ora del Rosario;\u00a0la otra mitad es para ayudar a construir la peque\u00f1a capilla.\u00a0 <\/span><br \/>\n<span style=\"font-size: 14pt;\"> &#8211; Me dieron esto, si los quieres.<\/span><\/p>\n<p>&nbsp;<\/p>\n<p>&nbsp;<\/p>\n<p><span style=\"font-size: 14pt;\"><strong><em>F\u00e1tima en las propias palabras de Luc\u00eda, F\u00e1tima,<\/em><\/strong><strong>\u00a0p.\u00a0181-182 (IV Memorias);<\/strong>\u00a0la secci\u00f3n entre corchetes proviene del interrogatorio del p\u00e1rroco del 15 de septiembre de 1917,\u00a0<em>Documenta\u00e7\u00e3o Cr\u00edtica de F\u00e1tima,<\/em>\u00a0I, pp. 21-22<\/span><\/p>\n","protected":false},"excerpt":{"rendered":"<p>TweetQuinta aparici\u00f3n de Nuestra Se\u00f1ora Ubicaci\u00f3n: Cova da Iria &nbsp; Fecha: 13 de septiembre de 1917 &nbsp; Personas presentes: 20000 a 30000 &nbsp; \u00ab- Continuar rezando el Rosario para lograr el fin de la guerra. En octubre vendr\u00e1 Nuestro Se\u00f1or, as\u00ed como Nuestra Se\u00f1ora de los Dolores y Nuestra Se\u00f1ora del Carmelo. San Jos\u00e9 aparecer\u00e1 [&hellip;]<\/p>\n","protected":false},"author":1,"featured_media":0,"comment_status":"open","ping_status":"open","sticky":false,"template":"","format":"standard","meta":{"footnotes":""},"categories":[1],"tags":[],"class_list":["post-55273","post","type-post","status-publish","format-standard","hentry","category-flora"],"_links":{"self":[{"href":"http:\/\/www.floracantabrica.com\/index.php?rest_route=\/wp\/v2\/posts\/55273","targetHints":{"allow":["GET"]}}],"collection":[{"href":"http:\/\/www.floracantabrica.com\/index.php?rest_route=\/wp\/v2\/posts"}],"about":[{"href":"http:\/\/www.floracantabrica.com\/index.php?rest_route=\/wp\/v2\/types\/post"}],"author":[{"embeddable":true,"href":"http:\/\/www.floracantabrica.com\/index.php?rest_route=\/wp\/v2\/users\/1"}],"replies":[{"embeddable":true,"href":"http:\/\/www.floracantabrica.com\/index.php?rest_route=%2Fwp%2Fv2%2Fcomments&post=55273"}],"version-history":[{"count":2,"href":"http:\/\/www.floracantabrica.com\/index.php?rest_route=\/wp\/v2\/posts\/55273\/revisions"}],"predecessor-version":[{"id":57242,"href":"http:\/\/www.floracantabrica.com\/index.php?rest_route=\/wp\/v2\/posts\/55273\/revisions\/57242"}],"wp:attachment":[{"href":"http:\/\/www.floracantabrica.com\/index.php?rest_route=%2Fwp%2Fv2%2Fmedia&parent=55273"}],"wp:term":[{"taxonomy":"category","embeddable":true,"href":"http:\/\/www.floracantabrica.com\/index.php?rest_route=%2Fwp%2Fv2%2Fcategories&post=55273"},{"taxonomy":"post_tag","embeddable":true,"href":"http:\/\/www.floracantabrica.com\/index.php?rest_route=%2Fwp%2Fv2%2Ftags&post=55273"}],"curies":[{"name":"wp","href":"https:\/\/api.w.org\/{rel}","templated":true}]}}