{"id":55241,"date":"2023-07-08T10:21:21","date_gmt":"2023-07-08T08:21:21","guid":{"rendered":"http:\/\/www.floracantabrica.com\/?p=55241"},"modified":"2024-01-11T18:15:15","modified_gmt":"2024-01-11T16:15:15","slug":"fatimaespanol-6-87-23","status":"publish","type":"post","link":"http:\/\/www.floracantabrica.com\/?p=55241","title":{"rendered":"Fatima,Espa\u00f1ol.6.8,7.23.Tercera aparici\u00f3n de Nuestra Se\u00f1ora"},"content":{"rendered":"<p><a href=\"http:\/\/twitter.com\/share?url=http%3A%2F%2Fwww.floracantabrica.com%2F%3Fp%3D55241&amp;count=none&amp;lang=es&amp;via=lorencincoreses&amp;related=Mujerverdosa&amp;text=Fatima,Espa\u00f1ol.6.8,7.23.Tercera aparici\u00f3n de Nuestra Se\u00f1ora - Flora Cant\u00e1brica\" class=\"twitter-share-button\">Tweet<\/a><\/p><table>\n<tbody>\n<tr>\n<td><span style=\"font-size: 14pt;\"><strong>Tercera aparici\u00f3n de Nuestra Se\u00f1ora<\/strong><\/span><\/p>\n<p><span style=\"font-size: 14pt;\">Lugar: Cova da Iria<\/span><\/p>\n<p>&nbsp;<\/p>\n<p><span style=\"font-size: 14pt;\">Fecha: 13 de Julio de 1917<\/span><\/p>\n<p>&nbsp;<\/p>\n<p>&nbsp;<\/p>\n<p><span style=\"font-size: 14pt;\">Personas presentes: entre 4.000-5.000 \u00f3 2.000-3.000<\/span><\/p>\n<p><span style=\"font-size: 14pt;\"><strong>\u00ab\u2013\u00a0\u00bfUsted que es lo que me quiere<\/strong>?<\/span><\/p>\n<p><span style=\"font-size: 14pt;\"><strong>\u2013\u00a0Quiero que vengan aqu\u00ed el d\u00eda 13 del mes que viene<\/strong>, que contin\u00faen rezando el rosario todos los d\u00edas, en honor de Nuestra Se\u00f1ora del Rosario, para obtener la paz del mundo y el fin de la guerra, porque solo Ella os puede ayudar.<\/span><\/p>\n<p><span style=\"font-size: 14pt;\"><strong>\u2013\u00a0Quer\u00eda pedirle que nos dijera qui\u00e9n es, y que haga un milagro para que todos crean que usted se nos aparece.<\/strong><\/span><\/p>\n<p>&nbsp;<\/p>\n<p><span style=\"font-size: 14pt;\"><strong>\u2013\u00a0Contin\u00faen viniendo aqu\u00ed todos los meses. En octubre dir\u00e9 qui\u00e9n soy, lo qu\u00e9 \u00b4quiero, y har\u00e9 un milagro que todos podr\u00e1n ver, para creer.<\/strong><\/span><\/p>\n<p><span style=\"font-size: 14pt;\">[\u2013\u00a0Tengo aqu\u00ed una petici\u00f3n para que usted convierta a una mujer de Pedr\u00f3g\u00e3o y una de F\u00e1tima y mejore a un ni\u00f1o de Moita.<\/span><br \/>\n<span style=\"font-size: 14pt;\"> Ella dijo que las convert\u00eda y mejoraba en un a\u00f1o.]<\/span><\/p>\n<p><span style=\"font-size: 14pt;\">\u2013\u00a0Santific\u00e1os por los pecadores y decid muchas veces y en especial cuando hag\u00e1is alg\u00fan sacrificio: \u00abOh Jes\u00fas, es por tu amor, por la conversi\u00f3n de los pecadores y en reparaci\u00f3n por los pecados cometidos contra el Inmaculado Coraz\u00f3n de Mar\u00eda\u00bb.<\/span><br \/>\n<span style=\"font-size: 14pt;\"> Al decir estas \u00faltimas palabras, abri\u00f3 de nuevo las manos, como en los dos meses anteriores.<\/span><\/p>\n<p><span style=\"font-size: 14pt;\"><strong>El reflejo pareci\u00f3 penetar en la tierra y vimos como un gran mar de fuego. Sumergidos en ese fuego, los demonios y las almas, como si fueses brasas transparentes y negras o bronceadas, con forma humana, que fluctuaban en el incendio<\/strong>, llevadas por las llamas que de ellas mismas sal\u00edan junto con nubes de humo, cayendo por todos los lados, semejante al caer de las chispas en los grandes (incendios), sin peso ni equilibiro, entre giros y gemidos de dolor y deseperanza que horrorizaba y hac\u00eda estremecer de pavor (\u00a1debi\u00f3 ser al enfrentarme con esta imagen que di ese grito ahi! Dicen haberme oido). Los demonios se distingu\u00edan por formas horribles y asquerosas de animales espantosos y desconocidos, pero transparentes como carbones negros en la brasa.<strong> Asustados y como pidiendo socorro, levantamos las vista hacia Nuestra Se\u00f1ora, que nos dijo con bondad y tristeza:<\/strong><\/span><\/p>\n<p>&nbsp;<\/p>\n<p><span style=\"font-size: 14pt;\"><strong><em>\u2013\u00a0V\u00edsteis el infierno, a donde van las almas de los pobres pecadores;<\/em><\/strong> para salvarlas, Dios quiere establecer en el mundo la devoci\u00f3n a mi Inmaculado Coraz\u00f3n. Si hacen lo que yo os diga, se salvar\u00e1n muchas almas y tendr\u00e1n paz. La guerra va a acabar. Pero, si no dejan de ofender a Dios, en el reinado de P\u00edo XI comenzar\u00e1 otra peor. Cuando ve\u00e1is una noche iluminada por una luz desconocida, sabed que es la gran se\u00f1al que Dios os da de que va a castigar al mundo de sus cr\u00edmenes, por medio de la guerra, de hambre y de persecuciones a la Iglesia y al Santo Padre.<\/span><br \/>\n<span style=\"font-size: 14pt;\"> Para impedirla vendr\u00e9 a pedir la consagraci\u00f3n de Rusia a mi Inmaculado Coraz\u00f3n y la comuni\u00f3n reparadora en los primeros s\u00e1bados. <strong>Si atienden mis peticiones, Rusia se convertir\u00e1 y tendr\u00e1n paz; si no, esparcir\u00e1 sus errores por el mundo<\/strong>, promoviendo guerras y persecuciones a la Iglesia. Los buenos ser\u00e1n martirizados, el Santo Padre tendr\u00e1 mucho que sufrir, varias naciones ser\u00e1n aniquiladas. Por fin Mi Inmaculado Coraz\u00f3n triunfar\u00e1. El Santo Padre me consagrar\u00e1 a Rusia, que se convertir\u00e1, y ser\u00e1 concedido al mundo alg\u00fan tiempo de paz. En Portugal se conservar\u00e1 siempre el dogma de la Fe.<\/span><\/p>\n<p>&nbsp;<\/p>\n<p>&nbsp;<\/p>\n<p><span style=\"font-size: 14pt;\">Esto no se lo dig\u00e1is a nadie. A Fracisco, s\u00ed, pod\u00e9is dec\u00edrselo.<\/span><br \/>\n<span style=\"font-size: 14pt;\"> <strong>Cuando rez\u00e1is el rosario, decid despu\u00e9s de cada misterio: \u00abOh Jes\u00fas m\u00edo, perd\u00f3nanos, l\u00edbranos del fuego del infierno, lleva al cielo a todas las almas, especialmente a las m\u00e1s necesitadas<\/strong>\u00ab.<\/span><br \/>\n<span style=\"font-size: 14pt;\"> Se sigui\u00f3 un instante de silencio y pregunt\u00e9:<\/span><\/p>\n<p><span style=\"font-size: 14pt;\">\u2013\u00a0\u00bfUsted no me quiere nada m\u00e1s?<\/span><\/p>\n<p><span style=\"font-size: 14pt;\">\u2013\u00a0No. Hoy no quiero nada m\u00e1s.\u00bb<\/span><\/p>\n<p><span style=\"font-size: 14pt;\"><em>Mem\u00f3rias da Irm\u00e3 L\u00facia I<\/em>. 14.\u00aa ed. F\u00e1tima: Secretariado dos Pastorinhos, 2010, p. 176-177 (IV Mem\u00f3ria); a sec\u00e7\u00e3o entre par\u00eanteses retos consta do interrogat\u00f3rio do p\u00e1roco, de 14 de julho de 1917, em <em>Documenta\u00e7\u00e3o Cr\u00edtica de F\u00e1tima<\/em>, vol. I. F\u00e1tima: Santu\u00e1rio de F\u00e1tima, 1992,\u00a0p 13-15; a sec\u00e7\u00e3o entre chavetas constitui a c\u00e9lebre terceira parte do segredo de F\u00e1tima (<em>Mem\u00f3rias da Irm\u00e3 L\u00facia I<\/em>, p. 213).<\/span><\/td>\n<\/tr>\n<\/tbody>\n<\/table>\n<p>&nbsp;<\/p>\n<p>&nbsp;<\/p>\n","protected":false},"excerpt":{"rendered":"<p>Tweet Tercera aparici\u00f3n de Nuestra Se\u00f1ora Lugar: Cova da Iria &nbsp; Fecha: 13 de Julio de 1917 &nbsp; &nbsp; Personas presentes: entre 4.000-5.000 \u00f3 2.000-3.000 \u00ab\u2013\u00a0\u00bfUsted que es lo que me quiere? \u2013\u00a0Quiero que vengan aqu\u00ed el d\u00eda 13 del mes que viene, que contin\u00faen rezando el rosario todos los d\u00edas, en honor de Nuestra [&hellip;]<\/p>\n","protected":false},"author":1,"featured_media":0,"comment_status":"open","ping_status":"open","sticky":false,"template":"","format":"standard","meta":{"footnotes":""},"categories":[1],"tags":[],"class_list":["post-55241","post","type-post","status-publish","format-standard","hentry","category-flora"],"_links":{"self":[{"href":"http:\/\/www.floracantabrica.com\/index.php?rest_route=\/wp\/v2\/posts\/55241","targetHints":{"allow":["GET"]}}],"collection":[{"href":"http:\/\/www.floracantabrica.com\/index.php?rest_route=\/wp\/v2\/posts"}],"about":[{"href":"http:\/\/www.floracantabrica.com\/index.php?rest_route=\/wp\/v2\/types\/post"}],"author":[{"embeddable":true,"href":"http:\/\/www.floracantabrica.com\/index.php?rest_route=\/wp\/v2\/users\/1"}],"replies":[{"embeddable":true,"href":"http:\/\/www.floracantabrica.com\/index.php?rest_route=%2Fwp%2Fv2%2Fcomments&post=55241"}],"version-history":[{"count":3,"href":"http:\/\/www.floracantabrica.com\/index.php?rest_route=\/wp\/v2\/posts\/55241\/revisions"}],"predecessor-version":[{"id":56689,"href":"http:\/\/www.floracantabrica.com\/index.php?rest_route=\/wp\/v2\/posts\/55241\/revisions\/56689"}],"wp:attachment":[{"href":"http:\/\/www.floracantabrica.com\/index.php?rest_route=%2Fwp%2Fv2%2Fmedia&parent=55241"}],"wp:term":[{"taxonomy":"category","embeddable":true,"href":"http:\/\/www.floracantabrica.com\/index.php?rest_route=%2Fwp%2Fv2%2Fcategories&post=55241"},{"taxonomy":"post_tag","embeddable":true,"href":"http:\/\/www.floracantabrica.com\/index.php?rest_route=%2Fwp%2Fv2%2Ftags&post=55241"}],"curies":[{"name":"wp","href":"https:\/\/api.w.org\/{rel}","templated":true}]}}