{"id":55213,"date":"2023-07-05T10:41:27","date_gmt":"2023-07-05T08:41:27","guid":{"rendered":"http:\/\/www.floracantabrica.com\/?p=55213"},"modified":"2024-11-05T11:20:43","modified_gmt":"2024-11-05T09:20:43","slug":"fatima-espanol-5-5-7-23","status":"publish","type":"post","link":"http:\/\/www.floracantabrica.com\/?p=55213","title":{"rendered":"Fatima.Espa\u00f1ol.5..5.7.23.Segunda aparici\u00f3n de Nuestra Se\u00f1ora,"},"content":{"rendered":"<p><a href=\"http:\/\/twitter.com\/share?url=http%3A%2F%2Fwww.floracantabrica.com%2F%3Fp%3D55213&amp;count=none&amp;lang=es&amp;via=lorencincoreses&amp;related=Mujerverdosa&amp;text=Fatima.Espa\u00f1ol.5..5.7.23.Segunda aparici\u00f3n de Nuestra Se\u00f1ora, - Flora Cant\u00e1brica\" class=\"twitter-share-button\">Tweet<\/a><\/p><table>\n<tbody>\n<tr>\n<td><span style=\"font-size: 14pt;\"><strong>Segunda aparici\u00f3n de Nuestra Se\u00f1ora<\/strong><\/span><\/p>\n<p><span style=\"font-size: 14pt;\">Lugar: Cova da Iria,<\/span><\/p>\n<p>&nbsp;<\/p>\n<p><span style=\"font-size: 14pt;\">Fecha: 13 de Junio de 1917<\/span><\/p>\n<p>&nbsp;<\/p>\n<p><span style=\"font-size: 14pt;\">Personas presentes: 50 a 60 personas<\/span><\/p>\n<p>&nbsp;<\/p>\n<p><span style=\"font-size: 14pt;\">\u00ab\u2013\u00a0\u00bf<strong>Usted qu\u00e9 es lo que me quiere? \u2013 pregunt\u00e9.<br \/>\n\u2013\u00a0Quiero que veng\u00e1is aqu\u00ed el d\u00eda 13 del mes que viene, que rec\u00e9is el rosario y que aprendan a leer<\/strong>. Despu\u00e9s dir\u00e9 lo que quiero.<\/span><\/p>\n<p><span style=\"font-size: 14pt;\">Ped\u00ed la cura para un enfermo.<\/span><\/p>\n<p><span style=\"font-size: 14pt;\">\u2013\u00a0Si se convierte, se curar\u00e1 durante el a\u00f1o.<\/span><br \/>\n<span style=\"font-size: 14pt;\"> \u2013\u00a0Quer\u00eda pedirle que nos llevara para el Cielo.<\/span><\/p>\n<p><span style=\"font-size: 14pt;\">\u2013\u00a0<strong>S\u00ed; Jacinta y Francisco me los llevo en breve<\/strong>. <strong>Pero t\u00fa quedas aqu\u00ed alg\u00fan tiempo m\u00e1s<\/strong>. Jes\u00fas quiere servirse de ti para hacerme conocer y amar. El quiere establecer en el mundo la devoci\u00f3n a mi Inmaculado Coraz\u00f3n. [A quien la abrace, promete la salvaci\u00f3n; y ser\u00e1n queridas de Dios estas almas, como flores puestas por Mi adornando su Trono].<\/span><\/p>\n<p><span style=\"font-size: 14pt;\">\u2013\u00a0\u00bf<strong>Quedo aqu\u00ed solita? \u2013 pregunt\u00e9, con pena<\/strong>.<\/span><\/p>\n<p><span style=\"font-size: 14pt;\"><strong>\u2013\u00a0No, hija. \u00bfY t\u00fa sufres mucho? No desanimes. Yo nunca te dejar\u00e9. Mi Inmaculado Coraz\u00f3n ser\u00e1 tu refugio<\/strong> y el camino que te conducir\u00e1 hasta Dios.<\/span><\/p>\n<p><span style=\"font-size: 14pt;\">Fue en el momento en el que dijo estas \u00faltimas palabras cuando abri\u00f3 las manos y nos comunic\u00f3, por segunda vez, el reflejo de esa luz inmensa. En ella nos ve\u00edamos como sumergidos en Dios. Jacinta y Francisco parec\u00edan estar en la parte de esa luz que se elevaba hacia el Cielo y yo en la que se esparc\u00eda sobre la tierra. Enfrente de la palma de la mano derecha de Nuestra Se\u00f1ora, estaba un coraz\u00f3n rodeado de espinas que parec\u00edan estar clavados. Comprendimos que era el Inmaculado Coraz\u00f3n de Mar\u00eda, ultrajado por los pecados de la humanidad, que quer\u00eda reparaci\u00f3n.\u00bb<\/span><\/p>\n<p>&nbsp;<\/p>\n<p><span style=\"font-size: 14pt;\"><em>Mem\u00f3rias da Irm\u00e3 L\u00facia I<\/em>. 14.\u00aa ed. F\u00e1tima: Secretariado dos Pastorinhos, 2010, p. 175-176 (IV Mem\u00f3ria); a sec\u00e7\u00e3o entre par\u00eanteses retos inclui o acr\u00e9scimo indicado pela Irm\u00e3 L\u00facia na sua carta de Tuy de 17 de dezembro de 1927: cf. <em>Mem\u00f3rias da Irm\u00e3 L\u00facia I<\/em>, p. 175, nota 14.<\/span><\/td>\n<\/tr>\n<\/tbody>\n<\/table>\n<p>&nbsp;<\/p>\n<p>&nbsp;<\/p>\n","protected":false},"excerpt":{"rendered":"<p>Tweet Segunda aparici\u00f3n de Nuestra Se\u00f1ora Lugar: Cova da Iria, &nbsp; Fecha: 13 de Junio de 1917 &nbsp; Personas presentes: 50 a 60 personas &nbsp; \u00ab\u2013\u00a0\u00bfUsted qu\u00e9 es lo que me quiere? \u2013 pregunt\u00e9. \u2013\u00a0Quiero que veng\u00e1is aqu\u00ed el d\u00eda 13 del mes que viene, que rec\u00e9is el rosario y que aprendan a leer. Despu\u00e9s [&hellip;]<\/p>\n","protected":false},"author":1,"featured_media":0,"comment_status":"open","ping_status":"open","sticky":false,"template":"","format":"standard","meta":{"footnotes":""},"categories":[1],"tags":[],"class_list":["post-55213","post","type-post","status-publish","format-standard","hentry","category-flora"],"_links":{"self":[{"href":"http:\/\/www.floracantabrica.com\/index.php?rest_route=\/wp\/v2\/posts\/55213","targetHints":{"allow":["GET"]}}],"collection":[{"href":"http:\/\/www.floracantabrica.com\/index.php?rest_route=\/wp\/v2\/posts"}],"about":[{"href":"http:\/\/www.floracantabrica.com\/index.php?rest_route=\/wp\/v2\/types\/post"}],"author":[{"embeddable":true,"href":"http:\/\/www.floracantabrica.com\/index.php?rest_route=\/wp\/v2\/users\/1"}],"replies":[{"embeddable":true,"href":"http:\/\/www.floracantabrica.com\/index.php?rest_route=%2Fwp%2Fv2%2Fcomments&post=55213"}],"version-history":[{"count":3,"href":"http:\/\/www.floracantabrica.com\/index.php?rest_route=\/wp\/v2\/posts\/55213\/revisions"}],"predecessor-version":[{"id":56801,"href":"http:\/\/www.floracantabrica.com\/index.php?rest_route=\/wp\/v2\/posts\/55213\/revisions\/56801"}],"wp:attachment":[{"href":"http:\/\/www.floracantabrica.com\/index.php?rest_route=%2Fwp%2Fv2%2Fmedia&parent=55213"}],"wp:term":[{"taxonomy":"category","embeddable":true,"href":"http:\/\/www.floracantabrica.com\/index.php?rest_route=%2Fwp%2Fv2%2Fcategories&post=55213"},{"taxonomy":"post_tag","embeddable":true,"href":"http:\/\/www.floracantabrica.com\/index.php?rest_route=%2Fwp%2Fv2%2Ftags&post=55213"}],"curies":[{"name":"wp","href":"https:\/\/api.w.org\/{rel}","templated":true}]}}