{"id":55197,"date":"2023-07-04T10:19:22","date_gmt":"2023-07-04T08:19:22","guid":{"rendered":"http:\/\/www.floracantabrica.com\/?p=55197"},"modified":"2025-02-16T13:13:43","modified_gmt":"2025-02-16T11:13:43","slug":"fatima-4-english-3-4-7-23","status":"publish","type":"post","link":"http:\/\/www.floracantabrica.com\/?p=55197","title":{"rendered":"First apparition of Our LadyFatima.4. English.3.4.7.23."},"content":{"rendered":"<p><a href=\"http:\/\/twitter.com\/share?url=http%3A%2F%2Fwww.floracantabrica.com%2F%3Fp%3D55197&amp;count=none&amp;lang=es&amp;via=lorencincoreses&amp;related=Mujerverdosa&amp;text=First apparition of Our LadyFatima.4. English.3.4.7.23. - Flora Cant\u00e1brica\" class=\"twitter-share-button\">Tweet<\/a><\/p><p><span style=\"font-size: 14pt;\"><strong>First apparition of Our Lady<\/strong><\/span><\/p>\n<p>&nbsp;<\/p>\n<p><span style=\"font-size: 14pt;\">Location: Cova da Iria<\/span><\/p>\n<p><span style=\"font-size: 14pt;\">Date: May 13, 1917<\/span><\/p>\n<p>&nbsp;<\/p>\n<p><span style=\"font-size: 14pt;\">&#8211; <strong>\u00abDo not be afraid. I will do you no harm<\/strong>!<\/span><br \/>\n<span style=\"font-size: 14pt;\"> &#8211; Where are you from?<\/span><br \/>\n<span style=\"font-size: 14pt;\"> &#8211; I am from Heaven.<\/span><br \/>\n<span style=\"font-size: 14pt;\"> &#8211; What do you want of me?<\/span><br \/>\n<span style=\"font-size: 14pt;\"> <strong>&#8211; I have come to ask you to come here for six months<\/strong> in succession, on the 13th day, at this same hour. Later on, I will tell youwho I am and what I want. Afterwards, I will return here yet a seventh time.<\/span><\/p>\n<p>&nbsp;<\/p>\n<p><span style=\"font-size: 14pt;\">[- Can you tell me if the war will still last too long or it will be over soon?- I cannot yet tell you until I say what I want of you.]<\/span><br \/>\n<span style=\"font-size: 14pt;\"> <strong>&#8211; Shall I go to Heaven too?<\/strong><\/span><\/p>\n<p>&nbsp;<\/p>\n<p><span style=\"font-size: 14pt;\"><strong>&#8211; Yes, you will<\/strong>.<\/span><br \/>\n<span style=\"font-size: 14pt;\"> \u00a0&#8211; And Jacinta?<\/span><br \/>\n<span style=\"font-size: 14pt;\"> &#8211; She will go also.<\/span><br \/>\n<span style=\"font-size: 14pt;\"> &#8211; And Francisco?<\/span><br \/>\n<span style=\"font-size: 14pt;\"> &#8211; He will go there too, but he must say many Rosaries.<\/span><br \/>\n<span style=\"font-size: 14pt;\"> [\u2026]<\/span><br \/>\n<span style=\"font-size: 14pt;\"> &#8211; Is Maria das Neves in Heaven?<\/span><br \/>\n<span style=\"font-size: 14pt;\"> &#8211; Yes, she is.\u201d (I think she was about 16 years old).<\/span><br \/>\n<span style=\"font-size: 14pt;\"> &#8211; And Am\u00e9lia?<\/span><br \/>\n<span style=\"font-size: 14pt;\"> &#8211; She will be in purgatory until the end of the world.<\/span><br \/>\n<span style=\"font-size: 14pt;\"> [\u2026]<\/span><br \/>\n<span style=\"font-size: 14pt;\"> <strong>&#8211; Are you willing to offer yourselves to God<\/strong> and bear all the sufferings He wills to send you, as an act of reparation for the sins by which He is offended, and of supplication for the conversion of sinners?\u201d<\/span><br \/>\n<span style=\"font-size: 14pt;\"> &#8211;<\/span><\/p>\n<p>&nbsp;<\/p>\n<p><span style=\"font-size: 14pt;\">\u00a0<strong>Yes, we are willing<\/strong>.\u201d<\/span><br \/>\n<span style=\"font-size: 14pt;\"> &#8211; Then you are going to have much to suffer, but the grace of God will be your comfort.<\/span><br \/>\n<span style=\"font-size: 14pt;\"> As she pronounced these last words \u201c&#8230;the grace of God will be your comfort\u201d, Our Lady opened her hands for the first time, communicating to us a light so intense that, as it streamed from her hands, its rays penetrated our hearts and the innermost depths of our souls, making us see ourselves in God, Who was that light, more clearly than we see ourselves in the best of mirrors. Then, moved by an interior impulse that was also communicated to us, we fell on our knees, repeating in our hearts:<\/span><\/p>\n<p><span style=\"font-size: 14pt;\">&#8211; O most Holy Trinity, I adore You! My God, my God, I love You in the most Blessed Sacrament!\u201d<\/span><\/p>\n<p><span style=\"font-size: 14pt;\">After a few moments, Our Lady spoke again:<\/span><\/p>\n<p><span style=\"font-size: 14pt;\">&#8211; <strong>Pray the Rosary every day, in order to obtain peace for the world, and the end of the war.\u00bb<\/strong><\/span><\/p>\n<p>&nbsp;<\/p>\n<p><span style=\"font-size: 14pt;\"><strong><em>Fatima in Lucia&#8217;s\u00a0own words, F\u00e1tima, <\/em><\/strong><strong>pp<\/strong>.174-177 (IV Memoir); the section between square brackets belongs to the inquiries the parish priest made to the seers, on May 27, 1917, the section between brackets belongs to the interrogation of the priest to the seers, on May 27, 1917, <em>Documenta\u00e7\u00e3o Cr\u00edtica de F\u00e1tima. <\/em>I, Fatima Shrine 1992, p. <em>9<\/em><\/span><\/p>\n<p>&nbsp;<\/p>\n","protected":false},"excerpt":{"rendered":"<p>TweetFirst apparition of Our Lady &nbsp; Location: Cova da Iria Date: May 13, 1917 &nbsp; &#8211; \u00abDo not be afraid. I will do you no harm! &#8211; Where are you from? &#8211; I am from Heaven. &#8211; What do you want of me? &#8211; I have come to ask you to come here for six [&hellip;]<\/p>\n","protected":false},"author":1,"featured_media":0,"comment_status":"open","ping_status":"open","sticky":false,"template":"","format":"standard","meta":{"footnotes":""},"categories":[4],"tags":[],"class_list":["post-55197","post","type-post","status-publish","format-standard","hentry","category-divulgacion"],"_links":{"self":[{"href":"http:\/\/www.floracantabrica.com\/index.php?rest_route=\/wp\/v2\/posts\/55197","targetHints":{"allow":["GET"]}}],"collection":[{"href":"http:\/\/www.floracantabrica.com\/index.php?rest_route=\/wp\/v2\/posts"}],"about":[{"href":"http:\/\/www.floracantabrica.com\/index.php?rest_route=\/wp\/v2\/types\/post"}],"author":[{"embeddable":true,"href":"http:\/\/www.floracantabrica.com\/index.php?rest_route=\/wp\/v2\/users\/1"}],"replies":[{"embeddable":true,"href":"http:\/\/www.floracantabrica.com\/index.php?rest_route=%2Fwp%2Fv2%2Fcomments&post=55197"}],"version-history":[{"count":2,"href":"http:\/\/www.floracantabrica.com\/index.php?rest_route=\/wp\/v2\/posts\/55197\/revisions"}],"predecessor-version":[{"id":58769,"href":"http:\/\/www.floracantabrica.com\/index.php?rest_route=\/wp\/v2\/posts\/55197\/revisions\/58769"}],"wp:attachment":[{"href":"http:\/\/www.floracantabrica.com\/index.php?rest_route=%2Fwp%2Fv2%2Fmedia&parent=55197"}],"wp:term":[{"taxonomy":"category","embeddable":true,"href":"http:\/\/www.floracantabrica.com\/index.php?rest_route=%2Fwp%2Fv2%2Fcategories&post=55197"},{"taxonomy":"post_tag","embeddable":true,"href":"http:\/\/www.floracantabrica.com\/index.php?rest_route=%2Fwp%2Fv2%2Ftags&post=55197"}],"curies":[{"name":"wp","href":"https:\/\/api.w.org\/{rel}","templated":true}]}}