{"id":55148,"date":"2023-06-26T10:38:47","date_gmt":"2023-06-26T08:38:47","guid":{"rendered":"http:\/\/www.floracantabrica.com\/?p=55148"},"modified":"2024-07-23T19:57:33","modified_gmt":"2024-07-23T17:57:33","slug":"fatima-espanol1-266-23","status":"publish","type":"post","link":"http:\/\/www.floracantabrica.com\/?p=55148","title":{"rendered":"Fatima. Espa\u00f1ol,1.Primera aparici\u00f3n del \u00e1ngel"},"content":{"rendered":"<p><a href=\"http:\/\/twitter.com\/share?url=http%3A%2F%2Fwww.floracantabrica.com%2F%3Fp%3D55148&amp;count=none&amp;lang=es&amp;via=lorencincoreses&amp;related=Mujerverdosa&amp;text=Fatima. Espa\u00f1ol,1.Primera aparici\u00f3n del \u00e1ngel - Flora Cant\u00e1brica\" class=\"twitter-share-button\">Tweet<\/a><\/p><table width=\"720\">\n<tbody>\n<tr>\n<td><span style=\"font-size: 14pt;\"><strong>Primera aparici\u00f3n del \u00e1ngel<\/strong><\/span><\/p>\n<p><span style=\"font-size: 14pt;\"><strong>\u00a0<\/strong><\/span><\/p>\n<p><span style=\"font-size: 14pt;\"><strong>\u00a0<\/strong><\/span><\/p>\n<p><span style=\"font-size: 14pt;\">Ubicaci\u00f3n: Loca do Cabe\u00e7o, Pregueira in Valinhos<\/span><\/p>\n<p>&nbsp;<\/p>\n<p><span style=\"font-size: 14pt;\">Fecha: Primavera de 1916<\/span><\/p>\n<p>&nbsp;<\/p>\n<p><span style=\"font-size: 14pt;\">\u00abNo tengas miedo.\u00a0<strong>Yo soy el Angel<\/strong> de la Paz.\u00a0Reza conmigo \u00ab.<\/span><br \/>\n<span style=\"font-size: 14pt;\"> Arrodillado en el suelo, se inclin\u00f3 hasta que su frente toc\u00f3 la tierra.\u00a0Guiados por un impulso sobrenatural, hicimos lo mismo y repetimos las palabras que le o\u00edmos decir:<\/span><\/p>\n<p>&nbsp;<\/p>\n<p><span style=\"font-size: 14pt;\">\u201c\u00a1<strong>Dios m\u00edo, creo, adoro, espero y te amo!\u00a0Te pido perd\u00f3n por los que no creen, no adoran, no esperan y no te aman<\/strong> \u201d.<\/span><\/p>\n<p>&nbsp;<\/p>\n<p><span style=\"font-size: 14pt;\">Habiendo repetido estas palabras tres veces, se levant\u00f3 y dijo:<\/span><br \/>\n<span style=\"font-size: 14pt;\"> \u201cOren as\u00ed.\u00a0Los Corazones de Jes\u00fas y Mar\u00eda est\u00e1n atentos a la voz de tus s\u00faplicas \u00ab.<\/span><\/p>\n<p><span style=\"font-size: 14pt;\"><strong><em>\u00a0<\/em><\/strong><\/span><\/p>\n<p><span style=\"font-size: 14pt;\"><strong><em>F\u00e1tima, en palabras de la propia Luc\u00eda, \u00a0<\/em><\/strong><strong>\u00a0p.170-171<\/strong><\/span><\/td>\n<\/tr>\n<\/tbody>\n<\/table>\n<p>&nbsp;<\/p>\n","protected":false},"excerpt":{"rendered":"<p>Tweet Primera aparici\u00f3n del \u00e1ngel \u00a0 \u00a0 Ubicaci\u00f3n: Loca do Cabe\u00e7o, Pregueira in Valinhos &nbsp; Fecha: Primavera de 1916 &nbsp; \u00abNo tengas miedo.\u00a0Yo soy el Angel de la Paz.\u00a0Reza conmigo \u00ab. Arrodillado en el suelo, se inclin\u00f3 hasta que su frente toc\u00f3 la tierra.\u00a0Guiados por un impulso sobrenatural, hicimos lo mismo y repetimos las palabras [&hellip;]<\/p>\n","protected":false},"author":1,"featured_media":0,"comment_status":"open","ping_status":"open","sticky":false,"template":"","format":"standard","meta":{"footnotes":""},"categories":[4],"tags":[],"class_list":["post-55148","post","type-post","status-publish","format-standard","hentry","category-divulgacion"],"_links":{"self":[{"href":"http:\/\/www.floracantabrica.com\/index.php?rest_route=\/wp\/v2\/posts\/55148","targetHints":{"allow":["GET"]}}],"collection":[{"href":"http:\/\/www.floracantabrica.com\/index.php?rest_route=\/wp\/v2\/posts"}],"about":[{"href":"http:\/\/www.floracantabrica.com\/index.php?rest_route=\/wp\/v2\/types\/post"}],"author":[{"embeddable":true,"href":"http:\/\/www.floracantabrica.com\/index.php?rest_route=\/wp\/v2\/users\/1"}],"replies":[{"embeddable":true,"href":"http:\/\/www.floracantabrica.com\/index.php?rest_route=%2Fwp%2Fv2%2Fcomments&post=55148"}],"version-history":[{"count":2,"href":"http:\/\/www.floracantabrica.com\/index.php?rest_route=\/wp\/v2\/posts\/55148\/revisions"}],"predecessor-version":[{"id":58258,"href":"http:\/\/www.floracantabrica.com\/index.php?rest_route=\/wp\/v2\/posts\/55148\/revisions\/58258"}],"wp:attachment":[{"href":"http:\/\/www.floracantabrica.com\/index.php?rest_route=%2Fwp%2Fv2%2Fmedia&parent=55148"}],"wp:term":[{"taxonomy":"category","embeddable":true,"href":"http:\/\/www.floracantabrica.com\/index.php?rest_route=%2Fwp%2Fv2%2Fcategories&post=55148"},{"taxonomy":"post_tag","embeddable":true,"href":"http:\/\/www.floracantabrica.com\/index.php?rest_route=%2Fwp%2Fv2%2Ftags&post=55148"}],"curies":[{"name":"wp","href":"https:\/\/api.w.org\/{rel}","templated":true}]}}