{"id":54611,"date":"2023-03-29T10:30:10","date_gmt":"2023-03-29T08:30:10","guid":{"rendered":"http:\/\/www.floracantabrica.com\/?p=54611"},"modified":"2024-01-05T14:51:09","modified_gmt":"2024-01-05T12:51:09","slug":"las-conversaciones-de-jose-maria-escriva-de-balaguer-29-3-23","status":"publish","type":"post","link":"http:\/\/www.floracantabrica.com\/?p=54611","title":{"rendered":"las conversaciones de Jos\u00e9 Mar\u00eda Escriva de Balaguer.29.3.23"},"content":{"rendered":"<p><a href=\"http:\/\/twitter.com\/share?url=http%3A%2F%2Fwww.floracantabrica.com%2F%3Fp%3D54611&amp;count=none&amp;lang=es&amp;via=lorencincoreses&amp;related=Mujerverdosa&amp;text=las conversaciones de Jos\u00e9 Mar\u00eda Escriva de Balaguer.29.3.23 - Flora Cant\u00e1brica\" class=\"twitter-share-button\">Tweet<\/a><\/p><h4><span style=\"font-size: 14pt;\">\u00bfNos podr\u00eda explicar cu\u00e1l es esa influencia?<\/span><\/h4>\n<p>&nbsp;<\/p>\n<p><span style=\"font-size: 14pt;\">. Me molesta profundamente todo lo que pueda sonar a autobombo. Pero pienso que no ser\u00eda humildad, sino ceguera e ingratitud con el Se\u00f1or \u2013que tan generosamente bendice nuestro trabajo\u2013, no reconocer que el Opus Dei influye realmente en la sociedad espa\u00f1ola. En el ambiente de los pa\u00edses donde la Obra lleva ya trabajando bastantes a\u00f1os \u2013en Espa\u00f1a, concretamente, treinta y nueve, porque aqu\u00ed fue voluntad de Dios que nuestra Asociaci\u00f3n naciera a la vida de la Iglesia\u2013 es l\u00f3gico que ese influjo ya tenga notable relevancia social, de forma paralela al progresivo desarrollo de la labor.<\/span><\/p>\n<p>&nbsp;<\/p>\n<p><span style=\"font-size: 14pt;\">\u00bfDe qu\u00e9 naturaleza es esa influencia? Es evidente que, siendo el Opus Dei una Asociaci\u00f3n de fines espirituales, apost\u00f3licos, la naturaleza de su influjo \u2013en Espa\u00f1a, como en las dem\u00e1s naciones de los cinco continentes donde trabajamos\u2013 no puede ser sino de ese tipo: una influencia espiritual, apost\u00f3lica. Lo mismo que la totalidad de la Iglesia \u2013alma del mundo\u2013, el influjo del Opus Dei en la sociedad civil no es de car\u00e1cter temporal \u2013social, pol\u00edtico, econ\u00f3mico, etc.\u2013, aunque s\u00ed repercuta en los aspectos \u00e9ticos de todas las actividades humanas, sino un influjo de orden diverso y superior, que se expresa con un verbo preciso: santificar.<\/span><\/p>\n<p>&nbsp;<\/p>\n<p><span style=\"font-size: 14pt;\">Y esto nos lleva al tema de las personas del Opus Dei que usted llama influyentes. Para una Asociaci\u00f3n cuyo fin sea hacer pol\u00edtica, ser\u00e1n influyentes aquellos de sus miembros que ocupen un lugar en el parlamento o en el consejo de ministros. Si la Asociaci\u00f3n es cultural, considerar\u00e1 influyentes a aquellos de sus miembros que sean fil\u00f3sofos de clara fama, o premios nacionales de literatura, etc\u00e9tera. Si la Asociaci\u00f3n, en cambio, lo que se propone es \u2013como en el caso del Opus Dei\u2013 santificar el trabajo ordinario de los hombres, sea material o intelectual, es evidente que deber\u00e1n considerarse influyentes todos sus miembros: porque todos trabajan \u2013el general deber humano de trabajar tiene en la Obra especiales resonancias disciplinares y asc\u00e9ticas\u2013, y porque todos procuran realizar esa labor suya \u2013cualquiera que sea santamente, cristianamente, con deseo de perfecci\u00f3n. Por eso, para m\u00ed, tan influyente \u2013tan importante, tan necesario\u2013 es el testimonio de un hijo m\u00edo minero entre sus compa\u00f1eros de trabajo como el de un rector de universidad entre los dem\u00e1s profesores del claustro acad\u00e9mico.<\/span><\/p>\n<p>&nbsp;<\/p>\n<p><span style=\"font-size: 14pt;\">\u00bfDe d\u00f3nde viene, pues, la influencia del Opus Dei? Lo indica la simple consideraci\u00f3n de esta realidad sociol\u00f3gica: a nuestra Asociaci\u00f3n pertenecen personas de todas las condiciones sociales, profesiones, edades y estados de vida: mujeres y hombres, cl\u00e9rigos y laicos, viejos y j\u00f3venes, c\u00e9libes y casados, universitarios, obreros, campesinos, empleados, personas que ejercen profesiones liberales o que trabajan en instituciones oficiales, etc\u00e9tera. \u00bfHa pensado en el poder de irradiaci\u00f3n cristiana que representa una gama tan amplia y tan variada de personas, sobre todo si se cuentan por decenas de millares y est\u00e1n animadas de un mismo esp\u00edritu apost\u00f3lico: santificar su profesi\u00f3n u oficio \u2013en cualquier ambiente social en el que se muevan\u2013, santificarse en ese trabajo y santificar con ese trabajo?<\/span><\/p>\n<p>&nbsp;<\/p>\n<p><span style=\"font-size: 14pt;\">A esas labores apost\u00f3licas personales debe a\u00f1adirse el crecimiento de nuestras obras corporativas de apostolado: Residencias de estudiantes, Casas de retiro, la Universidad de Navarra, Centros de formaci\u00f3n para obreros y campesinos, Institutos t\u00e9cnicos, Colegios, Escuelas de formaci\u00f3n para la mujer, etc\u00e9tera. Estas obras han sido y son indudablemente focos de irradiaci\u00f3n del esp\u00edritu cristiano que, promovidos por laicos, dirigidos como un trabajo profesional por ciudadanos laicos, iguales a sus compa\u00f1eros que ejercitan la misma tarea u oficio y abiertos a personas de toda clase y condici\u00f3n, han sensibilizado vastos estratos de la sociedad sobre la necesidad de dar una respuesta cristiana a las cuestiones que les plantea el ejercicio de su profesi\u00f3n o empleo.<\/span><\/p>\n<p>&nbsp;<\/p>\n<p><span style=\"font-size: 14pt;\">Todo esto es lo que da relieve y trascendencia social al Opus Dei. No el hecho de que algunos de sus miembros ocupen cargos de influencia humana \u2013cosa que no nos interesa lo m\u00e1s m\u00ednimo, y se deja por eso a la libre decisi\u00f3n y responsabilidad de cada uno\u2013, sino el hecho de que todos, y la bondad de Dios hace que sean muchos, realicen labores \u2013desde los m\u00e1s humildes oficios\u2013 divinamente influyentes.<\/span><\/p>\n<p>&nbsp;<\/p>\n<p><span style=\"font-size: 14pt;\">Y esto es l\u00f3gico: \u00bfqui\u00e9n puede pensar que la influencia de la Iglesia en los Estados Unidos comenz\u00f3 el d\u00eda en que fue elegido presidente el cat\u00f3lico John Kennedy?<\/span><\/p>\n<p>&nbsp;<\/p>\n","protected":false},"excerpt":{"rendered":"<p>Tweet\u00bfNos podr\u00eda explicar cu\u00e1l es esa influencia? &nbsp; . Me molesta profundamente todo lo que pueda sonar a autobombo. Pero pienso que no ser\u00eda humildad, sino ceguera e ingratitud con el Se\u00f1or \u2013que tan generosamente bendice nuestro trabajo\u2013, no reconocer que el Opus Dei influye realmente en la sociedad espa\u00f1ola. En el ambiente de los [&hellip;]<\/p>\n","protected":false},"author":1,"featured_media":0,"comment_status":"open","ping_status":"open","sticky":false,"template":"","format":"standard","meta":{"footnotes":""},"categories":[4],"tags":[],"class_list":["post-54611","post","type-post","status-publish","format-standard","hentry","category-divulgacion"],"_links":{"self":[{"href":"http:\/\/www.floracantabrica.com\/index.php?rest_route=\/wp\/v2\/posts\/54611","targetHints":{"allow":["GET"]}}],"collection":[{"href":"http:\/\/www.floracantabrica.com\/index.php?rest_route=\/wp\/v2\/posts"}],"about":[{"href":"http:\/\/www.floracantabrica.com\/index.php?rest_route=\/wp\/v2\/types\/post"}],"author":[{"embeddable":true,"href":"http:\/\/www.floracantabrica.com\/index.php?rest_route=\/wp\/v2\/users\/1"}],"replies":[{"embeddable":true,"href":"http:\/\/www.floracantabrica.com\/index.php?rest_route=%2Fwp%2Fv2%2Fcomments&post=54611"}],"version-history":[{"count":4,"href":"http:\/\/www.floracantabrica.com\/index.php?rest_route=\/wp\/v2\/posts\/54611\/revisions"}],"predecessor-version":[{"id":54617,"href":"http:\/\/www.floracantabrica.com\/index.php?rest_route=\/wp\/v2\/posts\/54611\/revisions\/54617"}],"wp:attachment":[{"href":"http:\/\/www.floracantabrica.com\/index.php?rest_route=%2Fwp%2Fv2%2Fmedia&parent=54611"}],"wp:term":[{"taxonomy":"category","embeddable":true,"href":"http:\/\/www.floracantabrica.com\/index.php?rest_route=%2Fwp%2Fv2%2Fcategories&post=54611"},{"taxonomy":"post_tag","embeddable":true,"href":"http:\/\/www.floracantabrica.com\/index.php?rest_route=%2Fwp%2Fv2%2Ftags&post=54611"}],"curies":[{"name":"wp","href":"https:\/\/api.w.org\/{rel}","templated":true}]}}