{"id":54286,"date":"2023-06-24T10:25:50","date_gmt":"2023-06-24T08:25:50","guid":{"rendered":"http:\/\/www.floracantabrica.com\/?p=54286"},"modified":"2025-02-09T12:39:38","modified_gmt":"2025-02-09T10:39:38","slug":"josefina-bakhitaesclava-africana-24-623","status":"publish","type":"post","link":"http:\/\/www.floracantabrica.com\/?p=54286","title":{"rendered":"Josefina Bakhita,esclava africana.24.6,23"},"content":{"rendered":"<p><a href=\"http:\/\/twitter.com\/share?url=http%3A%2F%2Fwww.floracantabrica.com%2F%3Fp%3D54286&amp;count=none&amp;lang=es&amp;via=lorencincoreses&amp;related=Mujerverdosa&amp;text=Josefina Bakhita,esclava africana.24.6,23 - Flora Cant\u00e1brica\" class=\"twitter-share-button\">Tweet<\/a><\/p><p><strong><span style=\"font-size: 18pt;\">Josefina Bakhita,esclava africana<br \/>\n<\/span><\/strong><\/p>\n<p>&nbsp;<\/p>\n<p><span style=\"font-size: 14pt;\"><strong>Martirologio Romano:<\/strong>\u00a0Virgen, nacida en la regi\u00f3n de Darfur, en Sud\u00e1n, que, siendo a\u00fan ni\u00f1a, fue raptada y vendida en diversos mercados africanos de esclavos, sufriendo dura cautividad. Al obtener la libertad, abraz\u00f3 la fe cristiana e ingres\u00f3 en el Instituto de Hijas de la Caridad (Canosianas), y pas\u00f3 el resto de su vida en Schio, en el territorio italiano de Vicenza, entregada a Cristo y al servicio del pr\u00f3jimo (\u2020 1947<\/span><\/p>\n<p>&nbsp;<\/p>\n<p><span style=\"font-size: 14pt;\">Su vida fue profundamente marcada cuando unos negreros llegaron a Olgossa y capturaron a su hermana. En su biograf\u00eda escribi\u00f3: \u00abRecuerdo cu\u00e1nto llor\u00f3 mam\u00e1 y cu\u00e1nto lloramos todos\u00bb. Tambi\u00e9n cuento su propia experiencia al encontrarse con los buscadores de esclavos.<\/span><\/p>\n<p><span style=\"font-size: 14pt;\">Cuando aproximadamente ten\u00eda nueve a\u00f1os, paseaba con una amiga por el campo y vimos de pronto aparecer a dos extranjeros, de los cuales uno le dijo a mi amiga: \u00b4Deja a la ni\u00f1a peque\u00f1a ir al bosque a buscarme alguna fruta. Mientras, t\u00fa puedes continuar tu camino, te alcanzaremos dentro de poco\u00b4. El objetivo de ellos era capturarme, por lo que ten\u00edan que alejar a mi amiga para que no pudiera dar la alarma.<\/span><\/p>\n<p><span style=\"font-size: 14pt;\">Sin sospechar nada obedec\u00ed, como siempre hacia. Cuando estaba en el bosque, me percat\u00e9 que las dos personas estaban detr\u00e1s de m\u00ed, y fue cuando uno de ellos me agarr\u00f3 fuertemente y el otro sac\u00f3 un cuchillo con el cual me amenaz\u00f3 dici\u00e9ndome: \u00b4Si gritas, morir\u00e1s! S\u00edguenos!\u00b4\u00bb.<\/span><\/p>\n<p><span style=\"font-size: 14pt;\">Fueron esos hombres quienes le pusieron el nombre Bakhita sin comprender a donde ella llegar\u00eda. Llevaron a Bakhita a El Obeid donde fue vendida a cinco distintos amos en el mercado de esclavos. Intent\u00f3 escapar, pero sin \u00e9xito. Su cuarto amo fue el peor en sus humillaciones y torturas. Cuando ten\u00eda unos 13 a\u00f1os fue tatuada, le realizaron 114 incisiones y para evitar infecciones le colocaron sal durante un mes. Ella cuenta en su biograf\u00eda: \u00abSent\u00eda que iba a morir en cualquier momento, en especial cuando me colocaban la sal\u00bb.<\/span><\/p>\n<p><span style=\"font-size: 14pt;\">El comerciante italiano Calixto Leganini compr\u00f3 a Bakhita en 1882. Era el quinto amo. Ella escribe: \u00abEsta vez fui realmente afortunada porque el nuevo patr\u00f3n era un hombre bueno y me gustaba. No fui maltratada ni humillada, algo que me parec\u00eda completamente irreal, pudiendo llegar incluso a sentirme en paz y tranquilidad\u00bb.<\/span><\/p>\n<p><span style=\"font-size: 14pt;\">En 1884 Leganini se vio en la obligaci\u00f3n de dejar Jartum, tras la llegada de tropas Mahdis. Bakhita quiso seguir con su amo cuando este se fue a Italia con su amigo Augusto Michieli. La esposa de Michieli los esperaba en Italia y quiso quedarse con uno de los esclavos que tra\u00edan por lo que se le di\u00f3 a Bakhita. Con su nueva familia, Bakhita trabajo de ni\u00f1era y amiga de Minnina, hija de los Michieli.<\/span><\/p>\n<p><span style=\"font-size: 14pt;\">En 1888 la familia Michieli compr\u00f3 un hotel y se trasladaron a Suakin pero Bakhita decidi\u00f3 quedarse en Italia. Bakhita y Minnina ingresaron al noviciado del Instituto de las Hermanas de la Caridad en Venecia. Esta congregaci\u00f3n, fundada en 1808, es mas conocida como Hermanas de Canossa.<\/span><\/p>\n<p><span style=\"font-size: 14pt;\">Fue en el Instituto que Bakhita conoci\u00f3 de verdad a Cristo y que \u00abDios hab\u00eda permanecido en su coraz\u00f3n\u00bb, por lo que le hab\u00eda dado fuerzas para poder soportar la esclavitud, \u00abpero reci\u00e9n en ese momento sab\u00eda quien era\u00bb. Recibi\u00f3 al mismo tiempo el bautismo, la primera comuni\u00f3n y la confirmaci\u00f3n, el 9 de enero de 1890, por manos del Cardenal de Venecia. Tom\u00f3 el nombre cristiano de Josefina Margarita Afortunada.<\/span><\/p>\n<p><span style=\"font-size: 14pt;\">Al ser bautizada expres\u00f3: \u00ab\u00a1Aqu\u00ed llegu\u00e9 a convertirme en una de las hijas de Dios!\u00bb. Se dice que no sab\u00eda como expresar su gozo y en su biograf\u00eda cuenta que en el Instituto conoci\u00f3 cada d\u00eda m\u00e1s a Dios, \u00abque me ha tra\u00eddo hasta aqu\u00ed de esta extra\u00f1a forma\u00bb.<\/span><\/p>\n<p><span style=\"font-size: 14pt;\">La Se\u00f1ora de Michieli volvi\u00f3 del Sud\u00e1n a llevarse a su hija y a Bakhita, pero con gran valent\u00eda Bakhita se neg\u00f3 a ir y prefiri\u00f3 quedarse con las Hermanas de Canossa. Bakhita pudo prevalecer porque la esclavitud era ilegal en Italia. El 7 de diciembre de 1893, a los 38 a\u00f1os de edad profes\u00f3 en la vida religiosa.<\/span><\/p>\n<p><span style=\"font-size: 14pt;\">Bakhita fue trasladada a Venecia en 1902, donde trabaj\u00f3 limpiando, cocinando y cuidando a los m\u00e1s pobres. Nunca realiz\u00f3 milagros ni fen\u00f3menos sobrenaturales, pero ten\u00eda fama de santidad. Siempre fue modesta y humilde, mantuvo una fe firme en su interior y cumpli\u00f3 siempre sus obligaciones diarias.<\/span><\/p>\n<p><span style=\"font-size: 14pt;\">Mucho le cost\u00f3 escribir su autobiograf\u00eda en 1910, la cual fue publicada en 1930. En 1929 se le ordena ir a Venecia a contar la historia de su vida. Luego de la publicaci\u00f3n de sus memorias, se hizo muy conocida y viajaba por toda Italia dando conferencias y recogiendo fondos para su congregaci\u00f3n.<\/span><\/p>\n<p><span style=\"font-size: 14pt;\">Aunque la salud de Bakhita se fue debilitando hacia sus \u00faltimos a\u00f1os y qued\u00f3 con mucho dolor en silla de ruedas, no dej\u00f3 de viajar. Falleci\u00f3 el 8 de febrero de 1947 en Schio, siendo sus \u00faltimas palabras: \u00abMadonna! Madonna!\u00bb<\/span><\/p>\n<p><span style=\"font-size: 14pt;\">Miles de personas fueron a darle el \u00faltimo adi\u00f3s, expresando as\u00ed el respeto y admiraci\u00f3n que sent\u00edan hacia ella. Fue velada por tres d\u00edas, durante los cuales, seg\u00fan cuenta la gente, sus articulaciones a\u00fan permanec\u00edan calientes y las madres cog\u00edan su mano para colocarla sobre la cabeza de sus hijos. Josefina se recuerda con veneraci\u00f3n en Schio como \u00abNostra Madre Moretta<\/span><\/p>\n<p>&nbsp;<\/p>\n","protected":false},"excerpt":{"rendered":"<p>TweetJosefina Bakhita,esclava africana &nbsp; Martirologio Romano:\u00a0Virgen, nacida en la regi\u00f3n de Darfur, en Sud\u00e1n, que, siendo a\u00fan ni\u00f1a, fue raptada y vendida en diversos mercados africanos de esclavos, sufriendo dura cautividad. Al obtener la libertad, abraz\u00f3 la fe cristiana e ingres\u00f3 en el Instituto de Hijas de la Caridad (Canosianas), y pas\u00f3 el resto de [&hellip;]<\/p>\n","protected":false},"author":1,"featured_media":0,"comment_status":"open","ping_status":"open","sticky":false,"template":"","format":"standard","meta":{"footnotes":""},"categories":[4],"tags":[],"class_list":["post-54286","post","type-post","status-publish","format-standard","hentry","category-divulgacion"],"_links":{"self":[{"href":"http:\/\/www.floracantabrica.com\/index.php?rest_route=\/wp\/v2\/posts\/54286","targetHints":{"allow":["GET"]}}],"collection":[{"href":"http:\/\/www.floracantabrica.com\/index.php?rest_route=\/wp\/v2\/posts"}],"about":[{"href":"http:\/\/www.floracantabrica.com\/index.php?rest_route=\/wp\/v2\/types\/post"}],"author":[{"embeddable":true,"href":"http:\/\/www.floracantabrica.com\/index.php?rest_route=\/wp\/v2\/users\/1"}],"replies":[{"embeddable":true,"href":"http:\/\/www.floracantabrica.com\/index.php?rest_route=%2Fwp%2Fv2%2Fcomments&post=54286"}],"version-history":[{"count":2,"href":"http:\/\/www.floracantabrica.com\/index.php?rest_route=\/wp\/v2\/posts\/54286\/revisions"}],"predecessor-version":[{"id":55141,"href":"http:\/\/www.floracantabrica.com\/index.php?rest_route=\/wp\/v2\/posts\/54286\/revisions\/55141"}],"wp:attachment":[{"href":"http:\/\/www.floracantabrica.com\/index.php?rest_route=%2Fwp%2Fv2%2Fmedia&parent=54286"}],"wp:term":[{"taxonomy":"category","embeddable":true,"href":"http:\/\/www.floracantabrica.com\/index.php?rest_route=%2Fwp%2Fv2%2Fcategories&post=54286"},{"taxonomy":"post_tag","embeddable":true,"href":"http:\/\/www.floracantabrica.com\/index.php?rest_route=%2Fwp%2Fv2%2Ftags&post=54286"}],"curies":[{"name":"wp","href":"https:\/\/api.w.org\/{rel}","templated":true}]}}