{"id":5356,"date":"2010-03-30T14:51:08","date_gmt":"2010-03-30T12:51:08","guid":{"rendered":"http:\/\/www.floracantabrica.com\/?p=5356"},"modified":"2014-11-24T21:25:59","modified_gmt":"2014-11-24T19:25:59","slug":"parque-historico-navia-flora-30-3-2010","status":"publish","type":"post","link":"http:\/\/www.floracantabrica.com\/?p=5356","title":{"rendered":"Parque hist\u00f3rico. Navia.Flora  30.3.2010"},"content":{"rendered":"<p><a href=\"http:\/\/twitter.com\/share?url=http%3A%2F%2Fwww.floracantabrica.com%2F%3Fp%3D5356&amp;count=none&amp;lang=es&amp;via=lorencincoreses&amp;related=Mujerverdosa&amp;text=Parque hist\u00f3rico. Navia.Flora  30.3.2010  - Flora Cant\u00e1brica\" class=\"twitter-share-button\">Tweet<\/a><\/p><p>&nbsp;<\/p>\n<p>&#8212;&#8212;&#8212;&#8212;&#8212;&#8212;&#8212;-<\/p>\n<p>Dia 29 de Marzo de 2010<\/p>\n<p>&nbsp;<\/p>\n<p>&nbsp;<\/p>\n<p>Ruta de Navia a La Ronda y por el Estelleiro\u00a0 al puente de Navia y a casa.<\/p>\n<p>Dia con viento y algo de lluvia y 16 grados de temperatura.<\/p>\n<p>A las cinco de la tarde (hab\u00edamos salido a las tres), la temperatura baj\u00f3 a 12 grados.Nos llaman la atenci\u00f3n los huertos de grelos floridos, marcando \u00a0el final\u00a0 de una estaci\u00f3n y el comienzo de otra<\/p>\n<p>Observamos el laurel en flor\u00a0 y c\u00f3mo se plantaba\u00a0 en las cercan\u00edas de las casas de Labranza con varios objetivos: culinario, medicinal\u00a0 y ornamental .Ocurre igual con naranjos y limoneros\u00a0\u00a0 y lo que en la zona occidental asturiana Se conoce como \u201cpiescales\u201d, el melocot\u00f3n de siempre. Sus \u00e1rboles\u00a0\u00a0 en primavera Se cubren de flores .<\/p>\n<p>La presencia\u00a0 de estos \u00e1rboles indica\u00a0 zonas de clima m\u00e1s c\u00e1lido.<\/p>\n<p>Por la dimensi\u00f3n de algunos , mejor dicho de la mayor\u00eda de los ejemplares observados Y la arquitectura\u00a0 de las casas que adornan, indican\u00a0 ya muchos a\u00f1os de vida.Las nuevas casas\u00a0 en la actualidad, \u00f3 son adosadas, bloques de pisos\u00a0 \u00f3 Viviendas unifamiliares\u00a0 en las que\u00a0 las plantas que se colocan en sus proximidades No suelen ser las propias de esta zona, pues\u00a0 se ha desarrollado una gran tendencia hacia lo ex\u00f3tico.<\/p>\n<p>&nbsp;<\/p>\n<p>&nbsp;<\/p>\n<p>&nbsp;<\/p>\n<p>&#8230;&#8230;&#8230;&#8230;&#8230;&#8230;&#8230;&#8230;&#8230;&#8230;&#8230;&#8230;&#8230;&#8230;&#8230;&#8230;&#8230;.<\/p>\n<p><a href=\"http:\/\/www.floracantabrica.com\/wp-content\/uploads\/2010\/03\/Presentaci\u00f3n31.jpg\"><img loading=\"lazy\" decoding=\"async\" class=\"aligncenter size-full wp-image-5371\" title=\"Presentaci\u00f3n3\" src=\"http:\/\/www.floracantabrica.com\/wp-content\/uploads\/2010\/03\/Presentaci\u00f3n31.jpg\" alt=\"Presentaci\u00f3n3\" width=\"960\" height=\"720\" srcset=\"http:\/\/www.floracantabrica.com\/wp-content\/uploads\/2010\/03\/Presentaci\u00f3n31.jpg 960w, http:\/\/www.floracantabrica.com\/wp-content\/uploads\/2010\/03\/Presentaci\u00f3n31-300x225.jpg 300w\" sizes=\"auto, (max-width: 960px) 100vw, 960px\" \/><\/a><\/p>\n<p>&#8230;&#8230;&#8230;&#8230;&#8230;&#8230;&#8230;&#8230;&#8230;&#8230;&#8230;&#8230;&#8230;&#8230;&#8230;&#8230;&#8230;&#8230;<\/p>\n<p>&nbsp;<\/p>\n<p>&#8230;&#8230;&#8230;&#8230;&#8230;&#8230;&#8230;&#8230;&#8230;&#8230;&#8230;<\/p>\n<p><span style=\"font-size: large;\"><strong>Violeta silvestre (Viola<\/strong>)<\/span><\/p>\n<p>&#8212;&#8212;&#8212;&#8212;&#8212;&#8212;&#8212;&#8211;<\/p>\n<p><a href=\"http:\/\/www.floracantabrica.com\/wp-content\/uploads\/2010\/03\/Presentaci\u00f3n32.jpg\"><img loading=\"lazy\" decoding=\"async\" class=\"aligncenter size-full wp-image-5375\" title=\"Presentaci\u00f3n3\" src=\"http:\/\/www.floracantabrica.com\/wp-content\/uploads\/2010\/03\/Presentaci\u00f3n32.jpg\" alt=\"Presentaci\u00f3n3\" width=\"960\" height=\"720\" srcset=\"http:\/\/www.floracantabrica.com\/wp-content\/uploads\/2010\/03\/Presentaci\u00f3n32.jpg 960w, http:\/\/www.floracantabrica.com\/wp-content\/uploads\/2010\/03\/Presentaci\u00f3n32-300x225.jpg 300w\" sizes=\"auto, (max-width: 960px) 100vw, 960px\" \/><\/a><\/p>\n<p>&#8230;&#8230;&#8230;&#8230;&#8230;&#8230;&#8230;&#8230;&#8230;&#8230;&#8230;..<\/p>\n<p><span style=\"font-size: large;\"><strong>Lithodora prostrata<\/strong><\/span><\/p>\n<p><span style=\"font-size: large;\"><strong>&#8230;&#8230;&#8230;&#8230;&#8230;&#8230;&#8230;&#8230;&#8230;&#8230;<\/strong><\/span><\/p>\n<p><span style=\"font-size: large;\"><a href=\"http:\/\/www.floracantabrica.com\/wp-content\/uploads\/2010\/03\/Presentaci\u00f3n4.jpg\"><img loading=\"lazy\" decoding=\"async\" class=\"aligncenter size-full wp-image-5376\" title=\"Presentaci\u00f3n4\" src=\"http:\/\/www.floracantabrica.com\/wp-content\/uploads\/2010\/03\/Presentaci\u00f3n4.jpg\" alt=\"Presentaci\u00f3n4\" width=\"960\" height=\"720\" srcset=\"http:\/\/www.floracantabrica.com\/wp-content\/uploads\/2010\/03\/Presentaci\u00f3n4.jpg 960w, http:\/\/www.floracantabrica.com\/wp-content\/uploads\/2010\/03\/Presentaci\u00f3n4-300x225.jpg 300w\" sizes=\"auto, (max-width: 960px) 100vw, 960px\" \/><\/a><\/span><\/p>\n<p>&#8230;&#8230;&#8230;&#8230;&#8230;&#8230;&#8230;&#8230;&#8230;&#8230;&#8230;&#8230;&#8230;&#8230;&#8230;.<\/p>\n<div><span style=\"font-size: large;\"><strong>Diente de le\u00f3n ( Taraxacum dens &#8211; leonis<\/strong><\/span><span style=\"font-size: large;\">)<\/span><\/div>\n<div><span style=\"font-size: large;\">&#8230;&#8230;&#8230;&#8230;&#8230;&#8230;&#8230;&#8230;..<\/span><\/div>\n<div><span style=\"font-size: large;\"><a href=\"http:\/\/www.floracantabrica.com\/wp-content\/uploads\/2010\/03\/Presentaci\u00f3n5.jpg\"><img loading=\"lazy\" decoding=\"async\" class=\"aligncenter size-full wp-image-5377\" title=\"Presentaci\u00f3n5\" src=\"http:\/\/www.floracantabrica.com\/wp-content\/uploads\/2010\/03\/Presentaci\u00f3n5.jpg\" alt=\"Presentaci\u00f3n5\" width=\"960\" height=\"720\" srcset=\"http:\/\/www.floracantabrica.com\/wp-content\/uploads\/2010\/03\/Presentaci\u00f3n5.jpg 960w, http:\/\/www.floracantabrica.com\/wp-content\/uploads\/2010\/03\/Presentaci\u00f3n5-300x225.jpg 300w\" sizes=\"auto, (max-width: 960px) 100vw, 960px\" \/><\/a><\/span><\/div>\n<p>&#8212;&#8212;&#8212;&#8212;&#8212;&#8212;&#8212;&#8212;&#8212;&#8212;&#8212;-<\/p>\n<p><span style=\"font-size: large;\"><strong>Flor de Lithodora prostrata<\/strong><\/span><\/p>\n<p><span style=\"font-size: large;\"><strong>&#8230;&#8230;&#8230;&#8230;&#8230;.<\/strong><\/span><\/p>\n<p><span style=\"font-size: large;\"><a href=\"http:\/\/www.floracantabrica.com\/wp-content\/uploads\/2010\/03\/Presentaci\u00f3n6.jpg\"><img loading=\"lazy\" decoding=\"async\" class=\"aligncenter size-full wp-image-5378\" title=\"Presentaci\u00f3n6\" src=\"http:\/\/www.floracantabrica.com\/wp-content\/uploads\/2010\/03\/Presentaci\u00f3n6.jpg\" alt=\"Presentaci\u00f3n6\" width=\"960\" height=\"720\" srcset=\"http:\/\/www.floracantabrica.com\/wp-content\/uploads\/2010\/03\/Presentaci\u00f3n6.jpg 960w, http:\/\/www.floracantabrica.com\/wp-content\/uploads\/2010\/03\/Presentaci\u00f3n6-300x225.jpg 300w\" sizes=\"auto, (max-width: 960px) 100vw, 960px\" \/><\/a><\/span><\/p>\n<p>&#8230;&#8230;&#8230;&#8230;&#8230;&#8230;&#8230;&#8230;&#8230;..<\/p>\n<p><span style=\"font-size: large;\"><strong>Flor de Ortiga muerta (Lamium maculatum<\/strong><\/span><span style=\"font-size: large;\">)<\/span><\/p>\n<p><span style=\"font-size: large;\">\u00a0<\/span><\/p>\n<p><span style=\"font-size: large;\">&#8230;&#8230;&#8230;&#8230;&#8230;&#8230;&#8230;&#8230;.<\/span><\/p>\n<p><span style=\"font-size: large;\">\u00a0<a href=\"http:\/\/www.floracantabrica.com\/wp-content\/uploads\/2010\/03\/Presentaci\u00f3n1.jpg\"><img loading=\"lazy\" decoding=\"async\" class=\"aligncenter size-full wp-image-5382\" title=\"Presentaci\u00f3n1\" src=\"http:\/\/www.floracantabrica.com\/wp-content\/uploads\/2010\/03\/Presentaci\u00f3n1.jpg\" alt=\"Presentaci\u00f3n1\" width=\"960\" height=\"720\" srcset=\"http:\/\/www.floracantabrica.com\/wp-content\/uploads\/2010\/03\/Presentaci\u00f3n1.jpg 960w, http:\/\/www.floracantabrica.com\/wp-content\/uploads\/2010\/03\/Presentaci\u00f3n1-300x225.jpg 300w\" sizes=\"auto, (max-width: 960px) 100vw, 960px\" \/><\/a><\/span><\/p>\n<p>&#8230;&#8230;&#8230;&#8230;&#8230;&#8230;&#8230;&#8230;&#8230;&#8230;&#8230;&#8230;..<\/p>\n<p><span style=\"font-size: large;\">Grelos en flor. Cultivo de Huerta para hacer el Pote asturiano<\/span><\/p>\n<p><span style=\"font-size: large;\">&#8230;&#8230;&#8230;&#8230;&#8230;&#8230;.<\/span><\/p>\n<p><span style=\"font-size: large;\"><a href=\"http:\/\/www.floracantabrica.com\/wp-content\/uploads\/2010\/03\/Presentaci\u00f3n21.jpg\"><img loading=\"lazy\" decoding=\"async\" class=\"aligncenter size-full wp-image-5383\" title=\"Presentaci\u00f3n2\" src=\"http:\/\/www.floracantabrica.com\/wp-content\/uploads\/2010\/03\/Presentaci\u00f3n21.jpg\" alt=\"Presentaci\u00f3n2\" width=\"960\" height=\"720\" srcset=\"http:\/\/www.floracantabrica.com\/wp-content\/uploads\/2010\/03\/Presentaci\u00f3n21.jpg 960w, http:\/\/www.floracantabrica.com\/wp-content\/uploads\/2010\/03\/Presentaci\u00f3n21-300x225.jpg 300w\" sizes=\"auto, (max-width: 960px) 100vw, 960px\" \/><\/a><\/span><\/p>\n<p>&#8230;&#8230;&#8230;&#8230;&#8230;&#8230;&#8230;<\/p>\n<p><span style=\"font-size: large;\">Grelos<\/span><\/p>\n<p><span style=\"font-size: large;\">&#8230;&#8230;&#8230;&#8230;&#8230;&#8230;&#8230;.<\/span><\/p>\n<p><span style=\"font-size: large;\"><a href=\"http:\/\/www.floracantabrica.com\/wp-content\/uploads\/2010\/03\/Presentaci\u00f3n33.jpg\"><img loading=\"lazy\" decoding=\"async\" class=\"aligncenter size-full wp-image-5384\" title=\"Presentaci\u00f3n3\" src=\"http:\/\/www.floracantabrica.com\/wp-content\/uploads\/2010\/03\/Presentaci\u00f3n33.jpg\" alt=\"Presentaci\u00f3n3\" width=\"960\" height=\"720\" srcset=\"http:\/\/www.floracantabrica.com\/wp-content\/uploads\/2010\/03\/Presentaci\u00f3n33.jpg 960w, http:\/\/www.floracantabrica.com\/wp-content\/uploads\/2010\/03\/Presentaci\u00f3n33-300x225.jpg 300w\" sizes=\"auto, (max-width: 960px) 100vw, 960px\" \/><\/a><\/span><\/p>\n<p>&#8230;&#8230;&#8230;&#8230;&#8230;&#8230;&#8230;&#8230;&#8230;..<\/p>\n<p><span style=\"font-size: large;\"><strong>Hiedra (Hedera helix),tapizando los muros de Ronda, pueblo del Parque<\/strong><\/span><\/p>\n<p><span style=\"font-size: large;\"><strong>&#8230;&#8230;&#8230;&#8230;&#8230;..<\/strong><\/span><\/p>\n<p><span style=\"font-size: large;\"><a href=\"http:\/\/www.floracantabrica.com\/wp-content\/uploads\/2010\/03\/Presentaci\u00f3n41.jpg\"><img loading=\"lazy\" decoding=\"async\" class=\"aligncenter size-full wp-image-5385\" title=\"Presentaci\u00f3n4\" src=\"http:\/\/www.floracantabrica.com\/wp-content\/uploads\/2010\/03\/Presentaci\u00f3n41.jpg\" alt=\"Presentaci\u00f3n4\" width=\"960\" height=\"720\" srcset=\"http:\/\/www.floracantabrica.com\/wp-content\/uploads\/2010\/03\/Presentaci\u00f3n41.jpg 960w, http:\/\/www.floracantabrica.com\/wp-content\/uploads\/2010\/03\/Presentaci\u00f3n41-300x225.jpg 300w\" sizes=\"auto, (max-width: 960px) 100vw, 960px\" \/><\/a><\/span><\/p>\n<p>&#8230;&#8230;&#8230;&#8230;&#8230;..<\/p>\n<p><span style=\"font-size: large;\"><strong>Margarita( Bellis perennis)<\/strong><\/span><\/p>\n<p><span style=\"font-size: large;\"><strong>&#8230;&#8230;&#8230;&#8230;&#8230;&#8230;&#8230;.<\/strong><\/span><\/p>\n<p><span style=\"font-size: large;\"><a href=\"http:\/\/www.floracantabrica.com\/wp-content\/uploads\/2010\/03\/Presentaci\u00f3n51.jpg\"><img loading=\"lazy\" decoding=\"async\" class=\"aligncenter size-full wp-image-5386\" title=\"Presentaci\u00f3n5\" src=\"http:\/\/www.floracantabrica.com\/wp-content\/uploads\/2010\/03\/Presentaci\u00f3n51.jpg\" alt=\"Presentaci\u00f3n5\" width=\"960\" height=\"720\" srcset=\"http:\/\/www.floracantabrica.com\/wp-content\/uploads\/2010\/03\/Presentaci\u00f3n51.jpg 960w, http:\/\/www.floracantabrica.com\/wp-content\/uploads\/2010\/03\/Presentaci\u00f3n51-300x225.jpg 300w\" sizes=\"auto, (max-width: 960px) 100vw, 960px\" \/><\/a><\/span><\/p>\n<p><span style=\"font-size: large;\"><strong>Margarita<\/strong><\/span><\/p>\n<p><span style=\"font-size: large;\"><strong>&#8230;&#8230;&#8230;&#8230;&#8230;..<\/strong><\/span><\/p>\n<p><span style=\"font-size: large;\"><a href=\"http:\/\/www.floracantabrica.com\/wp-content\/uploads\/2010\/03\/Presentaci\u00f3n71.jpg\"><img loading=\"lazy\" decoding=\"async\" class=\"aligncenter size-full wp-image-5387\" title=\"Presentaci\u00f3n7\" src=\"http:\/\/www.floracantabrica.com\/wp-content\/uploads\/2010\/03\/Presentaci\u00f3n71.jpg\" alt=\"Presentaci\u00f3n7\" width=\"960\" height=\"720\" srcset=\"http:\/\/www.floracantabrica.com\/wp-content\/uploads\/2010\/03\/Presentaci\u00f3n71.jpg 960w, http:\/\/www.floracantabrica.com\/wp-content\/uploads\/2010\/03\/Presentaci\u00f3n71-300x225.jpg 300w\" sizes=\"auto, (max-width: 960px) 100vw, 960px\" \/><\/a><\/span><\/p>\n<p><span style=\"font-size: large;\"><strong>Agrio (Oxalis\u00a0 pres-caprae )<\/strong><\/span><\/p>\n<p><span style=\"font-size: large;\"><strong>&#8230;&#8230;&#8230;&#8230;.<\/strong><\/span><\/p>\n<p><span style=\"font-size: large;\"><a href=\"http:\/\/www.floracantabrica.com\/wp-content\/uploads\/2010\/03\/Presentaci\u00f3n8.jpg\"><img loading=\"lazy\" decoding=\"async\" class=\"aligncenter size-full wp-image-5388\" title=\"Presentaci\u00f3n8\" src=\"http:\/\/www.floracantabrica.com\/wp-content\/uploads\/2010\/03\/Presentaci\u00f3n8.jpg\" alt=\"Presentaci\u00f3n8\" width=\"960\" height=\"720\" srcset=\"http:\/\/www.floracantabrica.com\/wp-content\/uploads\/2010\/03\/Presentaci\u00f3n8.jpg 960w, http:\/\/www.floracantabrica.com\/wp-content\/uploads\/2010\/03\/Presentaci\u00f3n8-300x225.jpg 300w\" sizes=\"auto, (max-width: 960px) 100vw, 960px\" \/><\/a><\/span><\/p>\n<p>&#8230;&#8230;&#8230;&#8230;&#8230;..<\/p>\n<p><span style=\"font-size: large;\"><strong>Cirig\u00fceya. Quita verrugas. Con flores amarillas sobre un muro con la hiedra<\/strong><\/span><\/p>\n<p><span style=\"font-size: large;\"><strong>&#8230;&#8230;&#8230;&#8230;..<\/strong><\/span><\/p>\n<p><span style=\"font-size: large;\"><a href=\"http:\/\/www.floracantabrica.com\/wp-content\/uploads\/2010\/03\/Presentaci\u00f3n9.jpg\"><img loading=\"lazy\" decoding=\"async\" class=\"aligncenter size-full wp-image-5389\" title=\"Presentaci\u00f3n9\" src=\"http:\/\/www.floracantabrica.com\/wp-content\/uploads\/2010\/03\/Presentaci\u00f3n9.jpg\" alt=\"Presentaci\u00f3n9\" width=\"960\" height=\"720\" srcset=\"http:\/\/www.floracantabrica.com\/wp-content\/uploads\/2010\/03\/Presentaci\u00f3n9.jpg 960w, http:\/\/www.floracantabrica.com\/wp-content\/uploads\/2010\/03\/Presentaci\u00f3n9-300x225.jpg 300w\" sizes=\"auto, (max-width: 960px) 100vw, 960px\" \/><\/a>&#8230;&#8230;&#8230;&#8230;&#8230;&#8230;&#8230;&#8230;<\/span><\/p>\n<p><span style=\"font-size: large;\"><strong>Acedera \u00e1cida (Oxalix acetosella),sobre un talud de carretera con el <\/strong><\/span><\/p>\n<p><span style=\"font-size: large;\"><strong>helecho,lonchites<\/strong><\/span><\/p>\n<p><span style=\"font-size: large;\"><strong>&#8230;&#8230;&#8230;&#8230;..<\/strong><\/span><\/p>\n<p><span style=\"font-size: large;\"><a href=\"http:\/\/www.floracantabrica.com\/wp-content\/uploads\/2010\/03\/Presentaci\u00f3n10.jpg\"><img loading=\"lazy\" decoding=\"async\" class=\"aligncenter size-full wp-image-5391\" title=\"Presentaci\u00f3n10\" src=\"http:\/\/www.floracantabrica.com\/wp-content\/uploads\/2010\/03\/Presentaci\u00f3n10.jpg\" alt=\"Presentaci\u00f3n10\" width=\"960\" height=\"720\" srcset=\"http:\/\/www.floracantabrica.com\/wp-content\/uploads\/2010\/03\/Presentaci\u00f3n10.jpg 960w, http:\/\/www.floracantabrica.com\/wp-content\/uploads\/2010\/03\/Presentaci\u00f3n10-300x225.jpg 300w\" sizes=\"auto, (max-width: 960px) 100vw, 960px\" \/><\/a><\/span><\/p>\n<p><span style=\"font-size: large;\"><strong>&#8230;&#8230;&#8230;&#8230;&#8230;&#8230;&#8230;&#8230;&#8230;&#8230;..<\/strong><\/span><\/p>\n<p><span style=\"font-size: large;\"><strong>\u00a0Tojo ( Ul<\/strong><\/span><span style=\"font-size: large;\"><strong>ex europaeus)<\/strong><\/span><\/p>\n<p><span style=\"font-size: large;\"><strong>&#8230;&#8230;&#8230;&#8230;..<\/strong><\/span><\/p>\n<p><span style=\"font-size: large;\"><a href=\"http:\/\/www.floracantabrica.com\/wp-content\/uploads\/2010\/03\/Presentaci\u00f3n11.jpg\"><img loading=\"lazy\" decoding=\"async\" class=\"aligncenter size-full wp-image-5392\" title=\"Presentaci\u00f3n11\" src=\"http:\/\/www.floracantabrica.com\/wp-content\/uploads\/2010\/03\/Presentaci\u00f3n11.jpg\" alt=\"Presentaci\u00f3n11\" width=\"960\" height=\"720\" srcset=\"http:\/\/www.floracantabrica.com\/wp-content\/uploads\/2010\/03\/Presentaci\u00f3n11.jpg 960w, http:\/\/www.floracantabrica.com\/wp-content\/uploads\/2010\/03\/Presentaci\u00f3n11-300x225.jpg 300w\" sizes=\"auto, (max-width: 960px) 100vw, 960px\" \/><\/a><\/span><\/p>\n<p><span style=\"font-size: large;\">&#8230;&#8230;&#8230;&#8230;&#8230;&#8230;&#8230;&#8230;<\/span><\/p>\n<p><span style=\"font-size: large;\"><strong>Cinco en rama (Potentilla erecta)<\/strong><\/span><\/p>\n<p><span style=\"font-size: large;\"><strong>&#8230;&#8230;&#8230;&#8230;&#8230;.<\/strong><\/span><\/p>\n<p><span style=\"font-size: large;\"><a href=\"http:\/\/www.floracantabrica.com\/wp-content\/uploads\/2010\/03\/Presentaci\u00f3n12.jpg\"><img loading=\"lazy\" decoding=\"async\" class=\"aligncenter size-full wp-image-5393\" title=\"Presentaci\u00f3n12\" src=\"http:\/\/www.floracantabrica.com\/wp-content\/uploads\/2010\/03\/Presentaci\u00f3n12.jpg\" alt=\"Presentaci\u00f3n12\" width=\"960\" height=\"720\" srcset=\"http:\/\/www.floracantabrica.com\/wp-content\/uploads\/2010\/03\/Presentaci\u00f3n12.jpg 960w, http:\/\/www.floracantabrica.com\/wp-content\/uploads\/2010\/03\/Presentaci\u00f3n12-300x225.jpg 300w\" sizes=\"auto, (max-width: 960px) 100vw, 960px\" \/><\/a><\/span><\/p>\n<p><span style=\"font-size: large;\"><strong>&#8230;&#8230;&#8230;&#8230;&#8230;&#8230;<\/strong><\/span><\/p>\n<p><span style=\"font-size: large;\"><strong>Buche de paloma (Fumaria officinalis)<\/strong><\/span><\/p>\n<p><span style=\"font-size: large;\"><strong>&#8230;&#8230;&#8230;&#8230;&#8230;.<\/strong><\/span><\/p>\n<p><span style=\"font-size: large;\"><a href=\"http:\/\/www.floracantabrica.com\/wp-content\/uploads\/2010\/03\/Presentaci\u00f3n13.jpg\"><img loading=\"lazy\" decoding=\"async\" class=\"aligncenter size-full wp-image-5394\" title=\"Presentaci\u00f3n13\" src=\"http:\/\/www.floracantabrica.com\/wp-content\/uploads\/2010\/03\/Presentaci\u00f3n13.jpg\" alt=\"Presentaci\u00f3n13\" width=\"960\" height=\"720\" srcset=\"http:\/\/www.floracantabrica.com\/wp-content\/uploads\/2010\/03\/Presentaci\u00f3n13.jpg 960w, http:\/\/www.floracantabrica.com\/wp-content\/uploads\/2010\/03\/Presentaci\u00f3n13-300x225.jpg 300w\" sizes=\"auto, (max-width: 960px) 100vw, 960px\" \/><\/a><\/span><\/p>\n<p>&#8230;&#8230;&#8230;&#8230;&#8230;&#8230;&#8230;&#8230;<\/p>\n<p><span style=\"font-size: large;\"><strong>Mastuerzo amargo (Cardamine hirsuta)<\/strong><\/span><\/p>\n<p><span style=\"font-size: large;\"><strong>&#8230;&#8230;&#8230;&#8230;&#8230;&#8230;&#8230;&#8230;<\/strong><\/span><\/p>\n<p><span style=\"font-size: large;\">\u00a0<a href=\"http:\/\/www.floracantabrica.com\/wp-content\/uploads\/2010\/03\/Presentaci\u00f3n14.jpg\"><img loading=\"lazy\" decoding=\"async\" class=\"aligncenter size-full wp-image-5400\" title=\"Presentaci\u00f3n14\" src=\"http:\/\/www.floracantabrica.com\/wp-content\/uploads\/2010\/03\/Presentaci\u00f3n14.jpg\" alt=\"Presentaci\u00f3n14\" width=\"960\" height=\"720\" srcset=\"http:\/\/www.floracantabrica.com\/wp-content\/uploads\/2010\/03\/Presentaci\u00f3n14.jpg 960w, http:\/\/www.floracantabrica.com\/wp-content\/uploads\/2010\/03\/Presentaci\u00f3n14-300x225.jpg 300w\" sizes=\"auto, (max-width: 960px) 100vw, 960px\" \/><\/a><\/span><\/p>\n<p>&#8230;&#8230;&#8230;&#8230;&#8230;&#8230;&#8230;&#8230;&#8230;&#8230;&#8230;.<\/p>\n<p><span style=\"font-size: large;\"><strong>\u00a0\u00a0\u00a0\u00a0\u00a0\u00a0Garabanzos.(\u00a0 Centaurea nigra)<\/strong><\/span><\/p>\n<p><span style=\"font-size: large;\"><strong>&#8230;&#8230;&#8230;&#8230;&#8230;&#8230;<\/strong><\/span><\/p>\n<p><span style=\"font-size: large;\">\u00a0<a href=\"http:\/\/www.floracantabrica.com\/wp-content\/uploads\/2010\/03\/Presentaci\u00f3n34.jpg\"><img loading=\"lazy\" decoding=\"async\" class=\"aligncenter size-full wp-image-5405\" title=\"Presentaci\u00f3n3\" src=\"http:\/\/www.floracantabrica.com\/wp-content\/uploads\/2010\/03\/Presentaci\u00f3n34.jpg\" alt=\"Presentaci\u00f3n3\" width=\"960\" height=\"720\" srcset=\"http:\/\/www.floracantabrica.com\/wp-content\/uploads\/2010\/03\/Presentaci\u00f3n34.jpg 960w, http:\/\/www.floracantabrica.com\/wp-content\/uploads\/2010\/03\/Presentaci\u00f3n34-300x225.jpg 300w\" sizes=\"auto, (max-width: 960px) 100vw, 960px\" \/><\/a><\/span><\/p>\n<p>&#8230;&#8230;&#8230;&#8230;&#8230;&#8230;&#8230;&#8230;&#8230;&#8230;&#8230;&#8230;&#8230;<\/p>\n<p><a href=\"http:\/\/www.floracantabrica.com\/wp-content\/uploads\/2010\/03\/Presentaci\u00f3n53.jpg\"><img loading=\"lazy\" decoding=\"async\" class=\"aligncenter size-full wp-image-5409\" title=\"Presentaci\u00f3n5\" src=\"http:\/\/www.floracantabrica.com\/wp-content\/uploads\/2010\/03\/Presentaci\u00f3n53.jpg\" alt=\"Presentaci\u00f3n5\" width=\"960\" height=\"720\" srcset=\"http:\/\/www.floracantabrica.com\/wp-content\/uploads\/2010\/03\/Presentaci\u00f3n53.jpg 960w, http:\/\/www.floracantabrica.com\/wp-content\/uploads\/2010\/03\/Presentaci\u00f3n53-300x225.jpg 300w\" sizes=\"auto, (max-width: 960px) 100vw, 960px\" \/><\/a><\/p>\n<p>&#8230;&#8230;&#8230;&#8230;&#8230;&#8230;&#8230;&#8230;&#8230;&#8230;&#8230;&#8230;&#8230;&#8230;&#8230;&#8230;&#8230;&#8230;&#8230;&#8230;&#8230;&#8230;&#8230;&#8230;&#8230;&#8230;&#8230;..<\/p>\n<p>&nbsp;<\/p>\n<p><a href=\"http:\/\/www.floracantabrica.com\/wp-content\/uploads\/2010\/03\/Presentaci\u00f3n62.jpg\"><img loading=\"lazy\" decoding=\"async\" class=\"aligncenter size-full wp-image-5417\" title=\"Presentaci\u00f3n6\" src=\"http:\/\/www.floracantabrica.com\/wp-content\/uploads\/2010\/03\/Presentaci\u00f3n62.jpg\" alt=\"Presentaci\u00f3n6\" width=\"960\" height=\"720\" srcset=\"http:\/\/www.floracantabrica.com\/wp-content\/uploads\/2010\/03\/Presentaci\u00f3n62.jpg 960w, http:\/\/www.floracantabrica.com\/wp-content\/uploads\/2010\/03\/Presentaci\u00f3n62-300x225.jpg 300w\" sizes=\"auto, (max-width: 960px) 100vw, 960px\" \/><\/a><\/p>\n<p>&#8230;&#8230;&#8230;&#8230;&#8230;&#8230;&#8230;&#8230;&#8230;&#8230;&#8230;&#8230;&#8230;<\/p>\n<p>&nbsp;<\/p>\n<p>&#8230;&#8230;&#8230;&#8230;&#8230;&#8230;&#8230;&#8230;&#8230;&#8230;<\/p>\n<p><a href=\"http:\/\/www.floracantabrica.com\/wp-content\/uploads\/2010\/03\/Presentaci\u00f3n72.jpg\"><img loading=\"lazy\" decoding=\"async\" class=\"aligncenter size-full wp-image-5419\" title=\"Presentaci\u00f3n7\" src=\"http:\/\/www.floracantabrica.com\/wp-content\/uploads\/2010\/03\/Presentaci\u00f3n72.jpg\" alt=\"Presentaci\u00f3n7\" width=\"960\" height=\"720\" srcset=\"http:\/\/www.floracantabrica.com\/wp-content\/uploads\/2010\/03\/Presentaci\u00f3n72.jpg 960w, http:\/\/www.floracantabrica.com\/wp-content\/uploads\/2010\/03\/Presentaci\u00f3n72-300x225.jpg 300w\" sizes=\"auto, (max-width: 960px) 100vw, 960px\" \/><\/a><\/p>\n<p>&#8230;&#8230;&#8230;&#8230;&#8230;&#8230;&#8230;&#8230;&#8230;&#8230;<\/p>\n<p><a href=\"http:\/\/www.floracantabrica.com\/wp-content\/uploads\/2010\/03\/Presentaci\u00f3n81.jpg\"><img loading=\"lazy\" decoding=\"async\" class=\"aligncenter size-full wp-image-5420\" title=\"Presentaci\u00f3n8\" src=\"http:\/\/www.floracantabrica.com\/wp-content\/uploads\/2010\/03\/Presentaci\u00f3n81.jpg\" alt=\"Presentaci\u00f3n8\" width=\"960\" height=\"720\" srcset=\"http:\/\/www.floracantabrica.com\/wp-content\/uploads\/2010\/03\/Presentaci\u00f3n81.jpg 960w, http:\/\/www.floracantabrica.com\/wp-content\/uploads\/2010\/03\/Presentaci\u00f3n81-300x225.jpg 300w\" sizes=\"auto, (max-width: 960px) 100vw, 960px\" \/><\/a><\/p>\n<p>&#8230;&#8230;&#8230;&#8230;&#8230;&#8230;&#8230;&#8230;&#8230;&#8230;&#8230;..<\/p>\n","protected":false},"excerpt":{"rendered":"<p>Tweet&nbsp; &#8212;&#8212;&#8212;&#8212;&#8212;&#8212;&#8212;- Dia 29 de Marzo de 2010 &nbsp; &nbsp; Ruta de Navia a La Ronda y por el Estelleiro\u00a0 al puente de Navia y a casa. Dia con viento y algo de lluvia y 16 grados de temperatura. A las cinco de la tarde (hab\u00edamos salido a las tres), la temperatura baj\u00f3 a 12 [&hellip;]<\/p>\n","protected":false},"author":1,"featured_media":0,"comment_status":"open","ping_status":"open","sticky":false,"template":"","format":"standard","meta":{"footnotes":""},"categories":[5,9],"tags":[],"class_list":["post-5356","post","type-post","status-publish","format-standard","hentry","category-etnopaisaje","category-vegetation-ecology"],"_links":{"self":[{"href":"http:\/\/www.floracantabrica.com\/index.php?rest_route=\/wp\/v2\/posts\/5356","targetHints":{"allow":["GET"]}}],"collection":[{"href":"http:\/\/www.floracantabrica.com\/index.php?rest_route=\/wp\/v2\/posts"}],"about":[{"href":"http:\/\/www.floracantabrica.com\/index.php?rest_route=\/wp\/v2\/types\/post"}],"author":[{"embeddable":true,"href":"http:\/\/www.floracantabrica.com\/index.php?rest_route=\/wp\/v2\/users\/1"}],"replies":[{"embeddable":true,"href":"http:\/\/www.floracantabrica.com\/index.php?rest_route=%2Fwp%2Fv2%2Fcomments&post=5356"}],"version-history":[{"count":33,"href":"http:\/\/www.floracantabrica.com\/index.php?rest_route=\/wp\/v2\/posts\/5356\/revisions"}],"predecessor-version":[{"id":29868,"href":"http:\/\/www.floracantabrica.com\/index.php?rest_route=\/wp\/v2\/posts\/5356\/revisions\/29868"}],"wp:attachment":[{"href":"http:\/\/www.floracantabrica.com\/index.php?rest_route=%2Fwp%2Fv2%2Fmedia&parent=5356"}],"wp:term":[{"taxonomy":"category","embeddable":true,"href":"http:\/\/www.floracantabrica.com\/index.php?rest_route=%2Fwp%2Fv2%2Fcategories&post=5356"},{"taxonomy":"post_tag","embeddable":true,"href":"http:\/\/www.floracantabrica.com\/index.php?rest_route=%2Fwp%2Fv2%2Ftags&post=5356"}],"curies":[{"name":"wp","href":"https:\/\/api.w.org\/{rel}","templated":true}]}}