{"id":53522,"date":"2023-01-03T14:25:35","date_gmt":"2023-01-03T12:25:35","guid":{"rendered":"http:\/\/www.floracantabrica.com\/?p=53522"},"modified":"2023-01-03T14:25:35","modified_gmt":"2023-01-03T12:25:35","slug":"biogeography-of-spain-7-11-17-biodiversidad-de-los-pastizales-de-las-altas-montanas-ibericas-3-1-23","status":"publish","type":"post","link":"http:\/\/www.floracantabrica.com\/?p=53522","title":{"rendered":"Biogeography of Spain, 7.11 17. Biodiversidad de los pastizales de las altas monta\u00f1as  Ib\u00e9ricas-3.1.23"},"content":{"rendered":"<p><a href=\"http:\/\/twitter.com\/share?url=http%3A%2F%2Fwww.floracantabrica.com%2F%3Fp%3D53522&amp;count=none&amp;lang=es&amp;via=lorencincoreses&amp;related=Mujerverdosa&amp;text=Biogeography of Spain, 7.11 17. Biodiversidad de los pastizales de las altas monta\u00f1as  Ib\u00e9ricas-3.1.23 - Flora Cant\u00e1brica\" class=\"twitter-share-button\">Tweet<\/a><\/p><p>&nbsp;<\/p>\n<p><img loading=\"lazy\" decoding=\"async\" class=\"aligncenter size-full wp-image-39607\" src=\"http:\/\/www.floracantabrica.com\/wp-content\/uploads\/2017\/08\/image002159.jpg\" alt=\"\" width=\"567\" height=\"738\" srcset=\"http:\/\/www.floracantabrica.com\/wp-content\/uploads\/2017\/08\/image002159.jpg 567w, http:\/\/www.floracantabrica.com\/wp-content\/uploads\/2017\/08\/image002159-230x300.jpg 230w\" sizes=\"auto, (max-width: 567px) 100vw, 567px\" \/><\/p>\n<p>,,,,,,,,,,,<\/p>\n<h3 class=\"r\"><a href=\"https:\/\/www.google.es\/url?sa=t&amp;rct=j&amp;q=&amp;esrc=s&amp;source=web&amp;cd=1&amp;cad=rja&amp;uact=8&amp;ved=0ahUKEwjjxv7ttJHXAhWJ6RQKHTAQA6MQFggnMAA&amp;url=http%3A%2F%2Fwww.floracantabrica.com%2F%3Fp%3D4250&amp;usg=AOvVaw0RCAQpHME-eC7DfvDUpDBP\" data-cthref=\"\/url?sa=t&amp;rct=j&amp;q=&amp;esrc=s&amp;source=web&amp;cd=1&amp;cad=rja&amp;uact=8&amp;ved=0ahUKEwjjxv7ttJHXAhWJ6RQKHTAQA6MQFggnMAA&amp;url=http%3A%2F%2Fwww.floracantabrica.com%2F%3Fp%3D4250&amp;usg=AOvVaw0RCAQpHME-eC7DfvDUpDBP\">Biodiversidad de los pastizales de las altas monta\u00f1as Ib\u00e9ricas<\/a><\/h3>\n<div class=\"s\">\n<div>\n<div class=\"f kv _SWb\"><cite class=\"_Rm\">www.floracantabrica.com\/?p=4250<\/cite><\/div>\n<\/div>\n<div><\/div>\n<div>\n<div>&#8230;&#8230;&#8230;&#8230;&#8230;&#8230;&#8230;&#8230;&#8230;<\/div>\n<div>&#8230;<\/div>\n<\/div>\n<\/div>\n","protected":false},"excerpt":{"rendered":"<p>Tweet&nbsp; ,,,,,,,,,,, Biodiversidad de los pastizales de las altas monta\u00f1as Ib\u00e9ricas www.floracantabrica.com\/?p=4250 &#8230;&#8230;&#8230;&#8230;&#8230;&#8230;&#8230;&#8230;&#8230; &#8230;<\/p>\n","protected":false},"author":1,"featured_media":0,"comment_status":"open","ping_status":"open","sticky":false,"template":"","format":"standard","meta":{"footnotes":""},"categories":[1],"tags":[],"class_list":["post-53522","post","type-post","status-publish","format-standard","hentry","category-flora"],"_links":{"self":[{"href":"http:\/\/www.floracantabrica.com\/index.php?rest_route=\/wp\/v2\/posts\/53522","targetHints":{"allow":["GET"]}}],"collection":[{"href":"http:\/\/www.floracantabrica.com\/index.php?rest_route=\/wp\/v2\/posts"}],"about":[{"href":"http:\/\/www.floracantabrica.com\/index.php?rest_route=\/wp\/v2\/types\/post"}],"author":[{"embeddable":true,"href":"http:\/\/www.floracantabrica.com\/index.php?rest_route=\/wp\/v2\/users\/1"}],"replies":[{"embeddable":true,"href":"http:\/\/www.floracantabrica.com\/index.php?rest_route=%2Fwp%2Fv2%2Fcomments&post=53522"}],"version-history":[{"count":1,"href":"http:\/\/www.floracantabrica.com\/index.php?rest_route=\/wp\/v2\/posts\/53522\/revisions"}],"predecessor-version":[{"id":53523,"href":"http:\/\/www.floracantabrica.com\/index.php?rest_route=\/wp\/v2\/posts\/53522\/revisions\/53523"}],"wp:attachment":[{"href":"http:\/\/www.floracantabrica.com\/index.php?rest_route=%2Fwp%2Fv2%2Fmedia&parent=53522"}],"wp:term":[{"taxonomy":"category","embeddable":true,"href":"http:\/\/www.floracantabrica.com\/index.php?rest_route=%2Fwp%2Fv2%2Fcategories&post=53522"},{"taxonomy":"post_tag","embeddable":true,"href":"http:\/\/www.floracantabrica.com\/index.php?rest_route=%2Fwp%2Fv2%2Ftags&post=53522"}],"curies":[{"name":"wp","href":"https:\/\/api.w.org\/{rel}","templated":true}]}}