{"id":53176,"date":"2023-01-02T11:30:12","date_gmt":"2023-01-02T09:30:12","guid":{"rendered":"http:\/\/www.floracantabrica.com\/?p=53176"},"modified":"2023-02-20T13:57:50","modified_gmt":"2023-02-20T11:57:50","slug":"juan-xxiii-2espanol-2-1-23","status":"publish","type":"post","link":"http:\/\/www.floracantabrica.com\/?p=53176","title":{"rendered":"Juan XXIII, 2,Espa\u00f1ol.2.1.23"},"content":{"rendered":"<p><a href=\"http:\/\/twitter.com\/share?url=http%3A%2F%2Fwww.floracantabrica.com%2F%3Fp%3D53176&amp;count=none&amp;lang=es&amp;via=lorencincoreses&amp;related=Mujerverdosa&amp;text=Juan XXIII, 2,Espa\u00f1ol.2.1.23 - Flora Cant\u00e1brica\" class=\"twitter-share-button\">Tweet<\/a><\/p><p><span style=\"font-size: 14pt;\"><strong>Juan XXIII<\/strong><\/span><\/p>\n<p>&nbsp;<\/p>\n<p><span style=\"font-size: 14pt;\">(Sotto il Monte, 1881 &#8211; Roma, 1963) Pont\u00edfice romano, de nombre Angelo Giuseppe Roncalli (1958-1963). Era el tercer hijo de los once que tuvieron Giambattista Roncalli y Mariana Mazzola, campesinos de antiguas ra\u00edces cat\u00f3licas, y su infancia transcurri\u00f3 en una austera y honorable pobreza. Parece que fue un ni\u00f1o a la vez taciturno y alegre, dado a la soledad y a la lectura. Cuando revel\u00f3 sus deseos de convertirse en sacerdote, su padre pens\u00f3 muy atinadamente que primero deb\u00eda estudiar lat\u00edn con el viejo cura del vecino pueblo de Cervico, y all\u00ed lo envi\u00f3<\/span><\/p>\n<p>&nbsp;<\/p>\n<p><span style=\"font-size: 14pt;\">Por fin, a los once a\u00f1os ingresaba en el seminario de B\u00e9rgamo, famoso entonces por la piedad de los sacerdotes que formaba m\u00e1s que por su brillantez. En esa \u00e9poca comenzar\u00eda a escribir su\u00a0<em>Diario del alma<\/em>, que continu\u00f3 pr\u00e1cticamente sin interrupciones durante toda su vida y que hoy es un testimonio insustituible y fiel de sus desvelos, sus reflexiones y sus sentimientos.<\/span><\/p>\n<p>&nbsp;<\/p>\n<p><span style=\"font-size: 14pt;\">En 1901, Roncalli pas\u00f3 al seminario mayor de San Apollinaire reafirmado en su prop\u00f3sito de seguir la carrera eclesi\u00e1stica. Sin embargo, ese mismo a\u00f1o hubo de abandonarlo todo para hacer el servicio militar; una experiencia que, a juzgar por sus escritos, no fue de su agrado, pero que le ense\u00f1\u00f3 a convivir con hombres muy distintos de los que conoc\u00eda y fue el punto de partida de algunos de sus pensamientos m\u00e1s profundos<\/span><\/p>\n<p>&nbsp;<\/p>\n<p><span style=\"font-size: 14pt;\">El futuro Juan XXIII celebr\u00f3 su primera misa en la bas\u00edlica de San Pedro el 11 de agosto de 1904, al d\u00eda siguiente de ser ordenado sacerdote. Un a\u00f1o despu\u00e9s, tras graduarse como doctor en Teolog\u00eda, iba a conocer a alguien que dejar\u00eda en \u00e9l una profunda huella: monse\u00f1or Radini Tedeschi. Este sacerdote era al parecer un prodigio de mesura y equilibrio, uno de esos hombres justos y ponderados capaces de deslumbrar con su juicio y su sabidur\u00eda a todo ser joven y sensible, y Roncalli era ambas cosas. Tedeschi tambi\u00e9n se sinti\u00f3 interesado por aquel presb\u00edtero entusiasta y no dud\u00f3 en nombrarlo su secretario cuando fue designado obispo de B\u00e9rgamo por el papa\u00a0<a href=\"https:\/\/www.biografiasyvidas.com\/biografia\/p\/pio_x.htm\">P\u00edo X<\/a>. De esta forma, Roncalli obten\u00eda su primer cargo importante.<\/span><\/p>\n<p><span style=\"font-size: 14pt;\">Dio comienzo entonces un decenio de estrecha colaboraci\u00f3n material y espiritual entre ambos, de m\u00e1xima identificaci\u00f3n y de total entrega en com\u00fan. A lo largo de esos a\u00f1os, Roncalli ense\u00f1\u00f3 historia de la Iglesia, dio clases de Apolog\u00e9tica y Patr\u00edstica, escribi\u00f3 varios op\u00fasculos y viaj\u00f3 por diversos pa\u00edses europeos, adem\u00e1s de despachar con diligencia los asuntos que compet\u00edan a su secretar\u00eda. Todo ello bajo la inspiraci\u00f3n y la sombra protectora de Tedeschi, a quien siempre consider\u00f3 un verdadero padre espiritual<\/span><\/p>\n<p>&nbsp;<\/p>\n<p><span style=\"font-size: 14pt;\">En 1914, dos hechos desgraciados vinieron a turbar su felicidad. En primer lugar, la muerte repentina de monse\u00f1or Tedeschi, a quien Roncalli llor\u00f3 sintiendo no s\u00f3lo que perd\u00eda un amigo y un gu\u00eda, sino que a la vez el mundo perd\u00eda un hombre extraordinario y poco menos que insustituible. Adem\u00e1s, el estallido de la\u00a0<a href=\"https:\/\/www.biografiasyvidas.com\/historia\/primera_guerra_mundial.htm\">Primera Guerra Mundial<\/a>\u00a0fue un golpe para sus ilusiones y retras\u00f3 todos sus proyectos y su formaci\u00f3n, pues hubo de incorporarse a filas inmediatamente. A pesar de todo, Roncalli acept\u00f3 su destino con resignaci\u00f3n y alegr\u00eda, dispuesto a servir a la causa de la paz y de la Iglesia all\u00ed donde se encontrase. Fue sargento de sanidad y teniente capell\u00e1n del hospital militar de B\u00e9rgamo, donde pudo contemplar con sus propios ojos el dolor y el sufrimiento que aquella guerra terrible causaba a hombres, mujeres y ni\u00f1os inocentes.<\/span><\/p>\n<p><span style=\"font-size: 14pt;\">Concluida la contienda, fue elegido para presidir la Obra Pontificia de la Propagaci\u00f3n de la Fe y pudo reanudar sus viajes y sus estudios. M\u00e1s tarde, sus misiones como visitador apost\u00f3lico en Bulgaria, Turqu\u00eda y Grecia lo convirtieron en una especie de embajador del Evangelio en Oriente, permiti\u00e9ndole entrar en contacto, ya como obispo, con el credo ortodoxo y con formas distintas de religiosidad que sin duda lo enriquecieron y le proporcionaron una amplitud de miras de la cual la Iglesia Cat\u00f3lica no iba a tardar en beneficiarse.<\/span><\/p>\n<p><span style=\"font-size: 14pt;\">Durante la\u00a0<a href=\"https:\/\/www.biografiasyvidas.com\/monografia\/hitler\/guerra_mundial.htm\">Segunda Guerra Mundial<\/a>, Roncalli se mantuvo firme en su puesto de delegado apost\u00f3lico, realizando innumerables viajes desde Atenas y Estambul, llevando palabras de consuelo a las v\u00edctimas de la contienda y procurando que los estragos producidos por ella fuesen m\u00ednimos. Pocos saben que si Atenas no fue bombardeada y todo su fabuloso legado art\u00edstico y cultural destruido, ello se debe a este en apariencia insignificante cura, amable y abierto, a quien no parec\u00edan interesar mayormente tales cosas.<\/span><\/p>\n<p><span style=\"font-size: 14pt;\">Una vez finalizadas las hostilidades, fue nombrado nuncio en Par\u00eds por el papa P\u00edo XII. Se trataba de una misi\u00f3n delicada, pues era preciso afrontar problemas tan espinosos como el derivado del colaboracionismo entre la jerarqu\u00eda cat\u00f3lica francesa y los reg\u00edmenes pronazis durante la guerra. Empleando como armas un tacto admirable y una voluntad conciliadora a prueba de desaliento, Roncalli logr\u00f3 superar las dificultades y consolidar firmes lazos de amistad con una clase pol\u00edtica recelosa y esquiva.<\/span><\/p>\n<p><span style=\"font-size: 14pt;\">En 1952,\u00a0<a href=\"https:\/\/www.biografiasyvidas.com\/biografia\/p\/pio_xii.htm\">P\u00edo XII<\/a>\u00a0le nombr\u00f3 patriarca de Venecia. Al a\u00f1o siguiente, el presidente de la Rep\u00fablica Francesa,\u00a0<a href=\"https:\/\/www.biografiasyvidas.com\/biografia\/a\/auriol.htm\">Vincent Auriol<\/a>, le entregaba la birreta cardenalicia. Roncalli brillaba ya con luz propia entre los grandes mandatarios de la Iglesia. Sin embargo, su elecci\u00f3n como papa en 1958, tras la muerte de P\u00edo XII, sorprendi\u00f3 a propios y extra\u00f1os. No s\u00f3lo eso: desde los primeros d\u00edas de su pontificado, comenz\u00f3 a comportarse como nadie esperaba, muy lejos del envaramiento y la solemne actitud que hab\u00eda caracterizado a sus predecesores.<\/span><\/p>\n<p>&nbsp;<\/p>\n<p><span style=\"font-size: 14pt;\"><strong>LA CRISIS Y LAS RELACIONES CON RUSIA <\/strong><\/span><\/p>\n<p><span style=\"font-size: 14pt;\"><strong>\u00a0<\/strong><\/span><\/p>\n<p><span style=\"font-size: 14pt;\">Uno de sus m\u00e1s grandes \u00e9xitos como pont\u00edfice fue su mediaci\u00f3n entre Estados Unidos y Rusia en la crisis de los misiles cubanos en 1962. Su sobrino sacerdote, Battista Roncalli, manifest\u00f3 que en los momentos m\u00e1s \u00e1lgidos de la crisis le dijo: Es un momento grave, vayamos a rezar a la capilla. El diario sovi\u00e9tico Pravda public\u00f3 el 25 de octubre de 1962 el mensaje que, el mismo d\u00eda, era difundido por Radio Vaticana.<\/span><\/p>\n<p>&nbsp;<\/p>\n<p><span style=\"font-size: 14pt;\">El Papa dec\u00eda: Recordamos el grave deber que recae sobre quienes tienen la responsabilidad del poder. Les pedimos que con la mano sobre sus conciencias escuchen el grito de angustia que en todos los rincones de la tierra, desde los ni\u00f1os inocentes a los ancianos, de los individuos a los grupos, se eleva hacia el cielo, gritando: Paz, Paz. Suplicamos a todos los hombres de gobierno que no permanezcan sordos frente a este grito de la humanidad. Con ello ahorrar\u00e1n al mundo los horrores de una guerra, cuyas espantosas consecuencias nadie puede prever.<\/span><\/p>\n<p>&nbsp;<\/p>\n<p><span style=\"font-size: 14pt;\"><strong>La intervenci\u00f3n del Papa fue aceptada por ambas partes y se solucion\u00f3 la crisis.<\/strong><\/span><\/p>\n<p>&nbsp;<\/p>\n<p><span style=\"font-size: 14pt;\">El 19 de diciembre de 1962 el cardenal Cousins le entreg\u00f3 al Papa un mensaje personal del l\u00edder sovi\u00e9tico Kruschev, con quien hab\u00eda tenido una reuni\u00f3n el 13 de diciembre en Mosc\u00fa. El mensaje de Kruschev dec\u00eda: A Su Santidad, el Papa Juan XXIII. Con ocasi\u00f3n de este santo tiempo de Navidad, le ruego acepte mis buenos deseos de salud y energ\u00eda para que pueda proseguir sus esfuerzos en favor de la paz, el bienestar y la prosperidad de toda la humanidad 159 . Tambi\u00e9n Cousins le entreg\u00f3 otro mensaje de parte de presidente norteamericano John Kennedy.<\/span><\/p>\n<p>&nbsp;<\/p>\n<p><span style=\"font-size: 14pt;\">El Papa les contest\u00f3 a ambos, manifest\u00e1ndoles su apoyo en favor de la paz. El Papa Juan, vistas las buenas disposiciones del l\u00edder ruso, se atrevi\u00f3 a enviar al cardenal Willebrands a Mosc\u00fa para negociar la liberaci\u00f3n del metropolita de Ucrania Josip Slipyj, detenido en 1945 y confinado en Siberia. Kruschev acept\u00f3 su liberaci\u00f3n como se\u00f1al de buena voluntad con el Papa Juan. Tambi\u00e9n Kruschev accedi\u00f3 a su pedido de dar pase libre a los obispos rusos para que pudieran asistir al concilio.<\/span><\/p>\n<p>&nbsp;<\/p>\n<p><span style=\"font-size: 14pt;\">Esto fue un antecedente para que otros gobiernos de pa\u00edses comunistas de Europa tambi\u00e9n permitieran a sus obispos de Polonia, Checoslovaquia, Hungr\u00eda, Yugoslavia Albania, Bulgaria y Rumania asistir al concilio.<\/span><\/p>\n<p>&nbsp;<\/p>\n<p>&nbsp;<\/p>\n<p><span style=\"font-size: 14pt;\">Al cumplir sus 80 a\u00f1os recibi\u00f3 un telegrama de felicitaci\u00f3n de Kruschev, el secretario general del partido comunista ruso. El Papa le respondi\u00f3 agradecido: Su Santidad Juan XXIII agradece sus buenos deseos y le env\u00eda por su parte a todo el pueblo de Rusia deseos cordiales de que aumente y se fortalezca la paz universal por medio del entendimiento basado en la fraternidad humana 160 . No a todos agrad\u00f3 el mensaje. Pensaron que abr\u00eda el camino al comunismo ruso y que el Papa era demasiado condescendiente.<\/span><\/p>\n<p>&nbsp;<\/p>\n<p><span style=\"font-size: 14pt;\">El 28 de febrero de 1963 el yerno de Kruschev, Alexis Adzhubei, director del peri\u00f3dico comunista de la URSS, Izvestia, lleg\u00f3 a Roma con su esposa Rada. Hizo saber que tra\u00eda un regalo de su suegro Kruschev para el Papa Juan y solicit\u00f3 audiencia para entregarlo. Algunos cardenales cre\u00edan que no deb\u00eda recibirlo, porque podr\u00eda hacerse propaganda a favor de la URSS, pero el Papa Juan consider\u00f3 que era un deber de buena voluntad para \u00e9l. El Papa trat\u00f3 de romper el hielo y todas las fuentes concuerdan en que le dijo: Usted es periodista y conoce la Biblia y la historia de la creaci\u00f3n.<\/span><\/p>\n<p>&nbsp;<\/p>\n<p><span style=\"font-size: 14pt;\">El Papa rompi\u00f3 esquemas y les habl\u00f3 de su vida en Bulgaria, de la belleza de la m\u00fasica eslava, de las riquezas espirituales de Rusia y c\u00f3mo \u00e9l ve\u00eda a todas las personas como hermanos sin distinci\u00f3n de razas o nacionalidades. Habl\u00f3 de su familia pobre y campesina<\/span><\/p>\n<p><span style=\"font-size: 14pt;\">Rada tambi\u00e9n le coment\u00f3 en franc\u00e9s (en que estaban hablando): Nosotros tambi\u00e9n provenimos de una familia campesina. En Rusia se comenta que usted es un campesino. Veo que tiene sus manos como la de mi padre, endurecidas por el trabajo 162<\/span><\/p>\n<p><span style=\"font-size: 14pt;\">Despu\u00e9s se intercambiaron regalos. El Papa le coment\u00f3 a Rada que, cuando se trataba de una se\u00f1ora no cat\u00f3lica, se acostumbraba a obsequiar alg\u00fan libro, monedas o sellos. Pero que prefer\u00eda darle un rosario, porque \u201cme recuerda la paz del hogar y a mi madre que sol\u00eda rezarlo junto a la chimenea mientras preparaba la comida. Este rosario le recordar\u00e1 a usted que hubo una vez una mujer perfecta que se llamaba Mar\u00eda\u2026<\/span><\/p>\n<p>&nbsp;<\/p>\n<p><span style=\"font-size: 14pt;\">Se\u00f1ora, s\u00e9 que usted tiene tres hijos y me han dicho sus nombres. Quisiera que sea usted quien los pronuncie, porque cuando los nombres de los hijos brotan de los labios de una madre, se produce siempre algo especial\u201d. Rada contest\u00f3 emocionada: \u201cSe llaman Nikita, Alexei e Iv\u00e1n\u201d. El Papa le explic\u00f3 que Nikita equivale a Nic\u00e9foro. Alexei es la forma de Alejandro y, en cuanto a Iv\u00e1n, es simplemente Juan, el nombre de mi padre, de mi abuelo y el que yo eleg\u00ed al ser elegido Papa&#8230; Cuando regrese a casa d\u00e9 un abrazo de mi parte a sus hijos, pero para Iv\u00e1n uno muy especial, que espero no ponga celosos a los otros hermanos 163 . Les dio tambi\u00e9n sellos para los ni\u00f1os, monedas para Alexis y unas medallas para el abuelo Kruschev<\/span><\/p>\n<p>&nbsp;<\/p>\n<p><span style=\"font-size: 14pt;\">Monse\u00f1or Corrado Bafile anota: Cuando recibi\u00f3 al yerno de Kruschev en el Vaticano y fue muy criticado, me dijo: \u201cAquellos que me critican no saben que esa audiencia me dio la posibilidad de obtener la libertad Monse\u00f1or Slipyj, al cual le dieron el permiso para salir de la Uni\u00f3n Sovi\u00e9tica y estos d\u00edas llega a Occidente\u201d 16<\/span><\/p>\n<p>&nbsp;<\/p>\n<p><span style=\"font-size: 14pt;\"><strong>ENCICLICAS DE JUAN XXXIII<\/strong><\/span><\/p>\n<p><span style=\"font-size: 14pt;\">Pacem in terris<\/span><\/p>\n<p>&nbsp;<\/p>\n<p><span style=\"font-size: 14pt;\"><strong>Con un subt\u00edtulo que reza: \u00abSobre la paz entre todos los pueblos que ha de<\/strong> fundarse en la verdad, la justicia, el amor y la libertad\u00bb, era una especie de llamamiento del sumo pont\u00edfice a todos los seres humanos y todas las naciones para luchar juntos en la consecuci\u00f3n de la paz en medio del clima hostil generado por la\u00a0<a href=\"https:\/\/es.wikipedia.org\/wiki\/Guerra_Fr%C3%ADa\">Guerra Fr\u00eda<\/a><\/span><\/p>\n<p><span style=\"font-size: 14pt;\"><strong>\u00a0<\/strong><\/span><\/p>\n<p><span style=\"font-size: 14pt;\"><strong><em>Mater et magistra<\/em><\/strong><\/span><\/p>\n<p><span style=\"font-size: 14pt;\">Juan XXIII advierte que la cuesti\u00f3n social tiene una dimensi\u00f3n mundial y que as\u00ed como se puede hablar de personas pobres, tambi\u00e9n se ha de hablar de sectores pobres y naciones pobres. El desarrollo de la historia muestra c\u00f3mo las exigencias de la justicia y la equidad ata\u00f1en tanto a las relaciones entre trabajadores dependientes y\u00a0<a href=\"https:\/\/es.wikipedia.org\/wiki\/Empresa\">empresarios<\/a>\u00a0o dirigentes, como a las relaciones entre los diferentes sectores econ\u00f3micos, y entre las zonas econ\u00f3micamente m\u00e1s\u00a0<a href=\"https:\/\/es.wikipedia.org\/wiki\/Desarrollo_econ%C3%B3mico\">desarrolladas<\/a>\u00a0y las zonas econ\u00f3micamente menos desarrolladas dentro de una misma naci\u00f3n; y, en el plano mundial, a las relaciones entre pa\u00edses en diverso grado de desarrollo econ\u00f3mico-social. Un problema de fondo es c\u00f3mo proceder para reducir el desequilibrio entre el sector\u00a0<a href=\"https:\/\/es.wikipedia.org\/wiki\/Agricultura\">agr\u00edcola<\/a>, y el sector de la\u00a0<a href=\"https:\/\/es.wikipedia.org\/wiki\/Industria\">industria<\/a>\u00a0y los\u00a0<a href=\"https:\/\/es.wikipedia.org\/wiki\/Sector_servicios\">servicios<\/a>; y para que mejore la\u00a0<a href=\"https:\/\/es.wikipedia.org\/wiki\/Calidad_de_vida\">calidad de vida<\/a>\u00a0de la poblaci\u00f3n agr\u00edcola-<a href=\"https:\/\/es.wikipedia.org\/wiki\/Rural\">rural<\/a>.<\/span><\/p>\n<p>&nbsp;<\/p>\n<p><span style=\"font-size: 14pt;\"><strong>\u00a0<\/strong><\/span><\/p>\n","protected":false},"excerpt":{"rendered":"<p>TweetJuan XXIII &nbsp; (Sotto il Monte, 1881 &#8211; Roma, 1963) Pont\u00edfice romano, de nombre Angelo Giuseppe Roncalli (1958-1963). Era el tercer hijo de los once que tuvieron Giambattista Roncalli y Mariana Mazzola, campesinos de antiguas ra\u00edces cat\u00f3licas, y su infancia transcurri\u00f3 en una austera y honorable pobreza. Parece que fue un ni\u00f1o a la vez [&hellip;]<\/p>\n","protected":false},"author":1,"featured_media":0,"comment_status":"open","ping_status":"open","sticky":false,"template":"","format":"standard","meta":{"footnotes":""},"categories":[1],"tags":[],"class_list":["post-53176","post","type-post","status-publish","format-standard","hentry","category-flora"],"_links":{"self":[{"href":"http:\/\/www.floracantabrica.com\/index.php?rest_route=\/wp\/v2\/posts\/53176","targetHints":{"allow":["GET"]}}],"collection":[{"href":"http:\/\/www.floracantabrica.com\/index.php?rest_route=\/wp\/v2\/posts"}],"about":[{"href":"http:\/\/www.floracantabrica.com\/index.php?rest_route=\/wp\/v2\/types\/post"}],"author":[{"embeddable":true,"href":"http:\/\/www.floracantabrica.com\/index.php?rest_route=\/wp\/v2\/users\/1"}],"replies":[{"embeddable":true,"href":"http:\/\/www.floracantabrica.com\/index.php?rest_route=%2Fwp%2Fv2%2Fcomments&post=53176"}],"version-history":[{"count":3,"href":"http:\/\/www.floracantabrica.com\/index.php?rest_route=\/wp\/v2\/posts\/53176\/revisions"}],"predecessor-version":[{"id":54116,"href":"http:\/\/www.floracantabrica.com\/index.php?rest_route=\/wp\/v2\/posts\/53176\/revisions\/54116"}],"wp:attachment":[{"href":"http:\/\/www.floracantabrica.com\/index.php?rest_route=%2Fwp%2Fv2%2Fmedia&parent=53176"}],"wp:term":[{"taxonomy":"category","embeddable":true,"href":"http:\/\/www.floracantabrica.com\/index.php?rest_route=%2Fwp%2Fv2%2Fcategories&post=53176"},{"taxonomy":"post_tag","embeddable":true,"href":"http:\/\/www.floracantabrica.com\/index.php?rest_route=%2Fwp%2Fv2%2Ftags&post=53176"}],"curies":[{"name":"wp","href":"https:\/\/api.w.org\/{rel}","templated":true}]}}