{"id":52899,"date":"2022-10-26T10:16:12","date_gmt":"2022-10-26T08:16:12","guid":{"rendered":"http:\/\/www.floracantabrica.com\/?p=52899"},"modified":"2023-02-21T14:27:30","modified_gmt":"2023-02-21T12:27:30","slug":"san-pio-de-pietrelcina-2-espanol-26-10-22","status":"publish","type":"post","link":"http:\/\/www.floracantabrica.com\/?p=52899","title":{"rendered":"San P\u00edo de Pietrelcina.2.ESPA\u00d1OL.26.10.22"},"content":{"rendered":"<p><a href=\"http:\/\/twitter.com\/share?url=http%3A%2F%2Fwww.floracantabrica.com%2F%3Fp%3D52899&amp;count=none&amp;lang=es&amp;via=lorencincoreses&amp;related=Mujerverdosa&amp;text=San P\u00edo de Pietrelcina.2.ESPA\u00d1OL.26.10.22 - Flora Cant\u00e1brica\" class=\"twitter-share-button\">Tweet<\/a><\/p><p><span style=\"font-size: 14pt;\"><strong>5 cosas que tal vez no sab\u00edas de San P\u00edo de Pietrelcina y su \u00e1ngel de la guarda<\/strong><\/span><\/p>\n<p><span style=\"font-size: 14pt;\">&#8230;&#8230;&#8230;&#8230;.<\/span><\/p>\n<p>&nbsp;<\/p>\n<p><span style=\"font-size: 14pt;\"><a href=\"http:\/\/www.floracantabrica.com\/wp-content\/uploads\/2017\/05\/image0012.jpg\"><img loading=\"lazy\" decoding=\"async\" class=\"aligncenter size-full wp-image-38740\" src=\"http:\/\/www.floracantabrica.com\/wp-content\/uploads\/2017\/05\/image0012.jpg\" alt=\"image001\" width=\"567\" height=\"781\" srcset=\"http:\/\/www.floracantabrica.com\/wp-content\/uploads\/2017\/05\/image0012.jpg 567w, http:\/\/www.floracantabrica.com\/wp-content\/uploads\/2017\/05\/image0012-217x300.jpg 217w\" sizes=\"auto, (max-width: 567px) 100vw, 567px\" \/><\/a><\/span><\/p>\n<p><span style=\"font-size: 14pt;\">&#8230;&#8230;<\/span><\/p>\n<p><span style=\"font-size: 14pt;\">.- San P\u00edo de Pietrelcina, <a href=\"https:\/\/www.aciprensa.com\/noticias\/hoy-celebramos-al-padre-pio-de-pietrelcina-el-santo-de-los-estigmas-76929\/\">el sacerdote de los estigmas<\/a>, ten\u00eda una relaci\u00f3n muy cercana a su \u00e1ngel de la guarda.<\/span><\/p>\n<p>&nbsp;<\/p>\n<p>&nbsp;<\/p>\n<p>&nbsp;<\/p>\n<p><span style=\"font-size: 14pt;\">Aqu\u00ed 5 hechos, seg\u00fan la tradici\u00f3n, que tal vez no sab\u00edas del Padre P\u00edo y los \u00e1ngeles.<\/span><\/p>\n<p>&nbsp;<\/p>\n<p><span style=\"font-size: 14pt;\"><strong>1.- \u00a0Cre\u00eda que todos pod\u00edan verlo<\/strong><\/span><\/p>\n<p>&nbsp;<\/p>\n<p><span style=\"font-size: 14pt;\">Seg\u00fan la <a href=\"http:\/\/obra0.webnode.com\/nosotros\/\">Obra de los Santos \u00c1ngeles<\/a>, asociaci\u00f3n cat\u00f3lica que propaga esta devoci\u00f3n y con estatutos propios aprobados por la <a href=\"http:\/\/www.aciprensa.com\/santasede\/index.html\">Santa Sede<\/a>, se dice que el P. P\u00edo cuando era muy peque\u00f1o comenz\u00f3 a tener visiones de su \u00e1ngel guardi\u00e1n, Jes\u00fas y Mar\u00eda. Su madre lleg\u00f3 a decir que \u00e9l pensaba que todo el mundo pod\u00eda verlos.<\/span><\/p>\n<p>&nbsp;<\/p>\n<p><span style=\"font-size: 14pt;\"><strong>2.- Juntos contra el demonio<\/strong><\/span><\/p>\n<p>&nbsp;<\/p>\n<p><span style=\"font-size: 14pt;\">En ocasiones, el demonio manchaba con borrones las cartas que le llegaban de su confesor y siguiendo el consejo de su \u00e1ngel custodio, cuando llegaba una carta, antes de abrirla, el santo fraile la rociaba con agua bendita y as\u00ed pod\u00eda leerlas.<\/span><\/p>\n<p>&nbsp;<\/p>\n<p><span style=\"font-size: 14pt;\">\u201c.<\/span><\/p>\n<p>&nbsp;<\/p>\n<p><span style=\"font-size: 14pt;\">No obstante, cierta vez el Padre P\u00edo estaba siendo golpeado por el diablo y llam\u00f3 varias veces en voz alta a su \u00e1ngel de la guarda, pero fue in\u00fatil. M\u00e1s adelante, cuando el \u00e1ngel se apareci\u00f3 a consolarlo, el Padre P\u00edo enojado le pregunt\u00f3 el por qu\u00e9 no hab\u00eda acudido en su ayuda. El \u00e1ngel le contest\u00f3: \u201cJes\u00fas permite estos asaltos del diablo porque su compasi\u00f3n te hace agradable a \u00c9l y \u00c9l quisiera que te le asemejaras en el desierto, en el jard\u00edn y en la <a href=\"http:\/\/www.aciprensa.com\/Catecismo\/lacruz.htm\">cruz<\/a>\u201d (Carta I, 113).<\/span><\/p>\n<p>&nbsp;<\/p>\n<p>&nbsp;<\/p>\n<p>&nbsp;<\/p>\n<p><span style=\"font-size: 14pt;\"><strong>3.- Traduc\u00eda las cartas<\/strong><\/span><\/p>\n<p><span style=\"font-size: 14pt;\">Si recib\u00eda alguna carta escrita en franc\u00e9s, el \u00e1ngel custodio le hac\u00eda de traductor. Una vez el Padre P\u00edo escribi\u00f3: \u201csi la misi\u00f3n de nuestro \u00c1ngel Custodio es importante, la del m\u00edo es ciertamente m\u00e1s amplia, porque debe hacer tambi\u00e9n de maestro en la traducci\u00f3n de otras lenguas\u201d (Carta I,304).<\/span><\/p>\n<p><span style=\"font-size: 14pt;\"><strong>4.- Lo despertaba y rezaba con \u00e9l<\/strong><\/span><\/p>\n<p>&nbsp;<\/p>\n<p><span style=\"font-size: 14pt;\">Narraba el Santo fraile capuchino: \u201cPor la noche, al cerr\u00e1rseme los ojos, veo bajarse el velo y abrirse delante el para\u00edso; y, confortado con esta visi\u00f3n, duermo con una sonrisa de dulce felicidad en los labios y con una gran tranquilidad en la frente, en espera de que mi peque\u00f1o compa\u00f1ero de mi infancia venga a despertarme y, de esta forma, elevar juntos las laudes matutinas al amado de nuestros corazones\u201d (Carta I,308),<\/span><\/p>\n<p>&nbsp;<\/p>\n<p><span style=\"font-size: 14pt;\"><strong>5.- Hablaba con otros \u00e1ngeles de la guarda<\/strong><\/span><\/p>\n<p>&nbsp;<\/p>\n<p><span style=\"font-size: 14pt;\">\u201cSi me necesitas -repet\u00eda el Santo a sus hijos espirituales-, m\u00e1ndame tu \u00e1ngel custodio\u201d. Cierto d\u00eda Fr. Alessio Parente (Fraile menor capuchino) se acerc\u00f3 al Padre P\u00edo con algunas cartas en la mano para hacerle unas consultas y el sacerdote no pudo atenderlo.<\/span><\/p>\n<p>&nbsp;<\/p>\n<p><span style=\"font-size: 14pt;\">M\u00e1s adelante el sacerdote de los estigmas lo llam\u00f3 y le dijo: \u201c\u00bfNo has visto todos aquellos \u00c1ngeles que estuvieron aqu\u00ed alrededor de m\u00ed? Fueron los \u00c1ngeles de la Guarda de mis hijos espirituales que vinieron a traerme sus mensajes. Tuve que darles las respuestas r\u00e1pidamente\u201d.<\/span><\/p>\n<p>&nbsp;<\/p>\n<p><span style=\"font-size: 14pt;\">El venerado Padre P\u00edo de Pietrelcina siempre reconoci\u00f3 y agradeci\u00f3 la funci\u00f3n de \u201cmensajero\u201d del \u00c1ngel de la guarda y por ello recomendaba su devoci\u00f3<\/span><\/p>\n<p>&nbsp;<\/p>\n<p>&nbsp;<\/p>\n","protected":false},"excerpt":{"rendered":"<p>Tweet5 cosas que tal vez no sab\u00edas de San P\u00edo de Pietrelcina y su \u00e1ngel de la guarda &#8230;&#8230;&#8230;&#8230;. &nbsp; &#8230;&#8230; .- San P\u00edo de Pietrelcina, el sacerdote de los estigmas, ten\u00eda una relaci\u00f3n muy cercana a su \u00e1ngel de la guarda. &nbsp; &nbsp; &nbsp; Aqu\u00ed 5 hechos, seg\u00fan la tradici\u00f3n, que tal vez no [&hellip;]<\/p>\n","protected":false},"author":1,"featured_media":0,"comment_status":"closed","ping_status":"closed","sticky":false,"template":"","format":"standard","meta":{"footnotes":""},"categories":[4],"tags":[],"class_list":["post-52899","post","type-post","status-publish","format-standard","hentry","category-divulgacion"],"_links":{"self":[{"href":"http:\/\/www.floracantabrica.com\/index.php?rest_route=\/wp\/v2\/posts\/52899","targetHints":{"allow":["GET"]}}],"collection":[{"href":"http:\/\/www.floracantabrica.com\/index.php?rest_route=\/wp\/v2\/posts"}],"about":[{"href":"http:\/\/www.floracantabrica.com\/index.php?rest_route=\/wp\/v2\/types\/post"}],"author":[{"embeddable":true,"href":"http:\/\/www.floracantabrica.com\/index.php?rest_route=\/wp\/v2\/users\/1"}],"replies":[{"embeddable":true,"href":"http:\/\/www.floracantabrica.com\/index.php?rest_route=%2Fwp%2Fv2%2Fcomments&post=52899"}],"version-history":[{"count":5,"href":"http:\/\/www.floracantabrica.com\/index.php?rest_route=\/wp\/v2\/posts\/52899\/revisions"}],"predecessor-version":[{"id":53081,"href":"http:\/\/www.floracantabrica.com\/index.php?rest_route=\/wp\/v2\/posts\/52899\/revisions\/53081"}],"wp:attachment":[{"href":"http:\/\/www.floracantabrica.com\/index.php?rest_route=%2Fwp%2Fv2%2Fmedia&parent=52899"}],"wp:term":[{"taxonomy":"category","embeddable":true,"href":"http:\/\/www.floracantabrica.com\/index.php?rest_route=%2Fwp%2Fv2%2Fcategories&post=52899"},{"taxonomy":"post_tag","embeddable":true,"href":"http:\/\/www.floracantabrica.com\/index.php?rest_route=%2Fwp%2Fv2%2Ftags&post=52899"}],"curies":[{"name":"wp","href":"https:\/\/api.w.org\/{rel}","templated":true}]}}