{"id":52592,"date":"2022-09-10T10:38:38","date_gmt":"2022-09-10T08:38:38","guid":{"rendered":"http:\/\/www.floracantabrica.com\/?p=52592"},"modified":"2022-09-10T10:38:38","modified_gmt":"2022-09-10T08:38:38","slug":"biogeography-of-spain-46-estudio-ecologico-del-cervuno-nardus-stricta-en-la-cordillera-cantabrica-10-9-22","status":"publish","type":"post","link":"http:\/\/www.floracantabrica.com\/?p=52592","title":{"rendered":"Biogeography of Spain.46.Estudio Ecol\u00f3gico del \u00abCervuno\u00bb (Nardus stricta ) en la Cordillera Cant\u00e1brica.10.9-22"},"content":{"rendered":"<p><a href=\"http:\/\/twitter.com\/share?url=http%3A%2F%2Fwww.floracantabrica.com%2F%3Fp%3D52592&amp;count=none&amp;lang=es&amp;via=lorencincoreses&amp;related=Mujerverdosa&amp;text=Biogeography of Spain.46.Estudio Ecol\u00f3gico del \"Cervuno\" (Nardus stricta ) en la Cordillera Cant\u00e1brica.10.9-22 - Flora Cant\u00e1brica\" class=\"twitter-share-button\">Tweet<\/a><\/p><div id=\"articleTitle\">\n<h3>Estudio Ecol\u00f3gico del \u00abCervuno\u00bb (Nardus stricta h) en la Cordillera Cant\u00e1brica<\/h3>\n<\/div>\n<div id=\"authorString\"><em>M. Mayor L\u00f3pez, T. E. D\u00edaz Gonz\u00e1lez, J. A. Fern\u00e1ndez Prieto, J. J. Lastra Men\u00e9ndez<\/em><\/div>\n<div id=\"articleFullText\"><strong>Texto completo: <\/strong><a class=\"file\" href=\"http:\/\/polired.upm.es\/index.php\/pastos\/article\/view\/676\/677\" target=\"_parent\">PDF<\/a><\/div>\n<div>\u00a0&#8230;&#8230;&#8230;&#8230;&#8230;.<\/div>\n<div>\u00a0<a href=\"http:\/\/www.floracantabrica.com\/wp-content\/uploads\/2017\/05\/image0011.jpg\"><img loading=\"lazy\" decoding=\"async\" class=\"aligncenter size-full wp-image-38736\" src=\"http:\/\/www.floracantabrica.com\/wp-content\/uploads\/2017\/05\/image0011.jpg\" alt=\"image001\" width=\"567\" height=\"773\" srcset=\"http:\/\/www.floracantabrica.com\/wp-content\/uploads\/2017\/05\/image0011.jpg 567w, http:\/\/www.floracantabrica.com\/wp-content\/uploads\/2017\/05\/image0011-220x300.jpg 220w\" sizes=\"auto, (max-width: 567px) 100vw, 567px\" \/><\/a><\/div>\n","protected":false},"excerpt":{"rendered":"<p>Tweet Estudio Ecol\u00f3gico del \u00abCervuno\u00bb (Nardus stricta h) en la Cordillera Cant\u00e1brica M. Mayor L\u00f3pez, T. E. D\u00edaz Gonz\u00e1lez, J. A. Fern\u00e1ndez Prieto, J. J. Lastra Men\u00e9ndez Texto completo: PDF \u00a0&#8230;&#8230;&#8230;&#8230;&#8230;. \u00a0<\/p>\n","protected":false},"author":1,"featured_media":0,"comment_status":"open","ping_status":"open","sticky":false,"template":"","format":"standard","meta":{"footnotes":""},"categories":[1],"tags":[],"class_list":["post-52592","post","type-post","status-publish","format-standard","hentry","category-flora"],"_links":{"self":[{"href":"http:\/\/www.floracantabrica.com\/index.php?rest_route=\/wp\/v2\/posts\/52592","targetHints":{"allow":["GET"]}}],"collection":[{"href":"http:\/\/www.floracantabrica.com\/index.php?rest_route=\/wp\/v2\/posts"}],"about":[{"href":"http:\/\/www.floracantabrica.com\/index.php?rest_route=\/wp\/v2\/types\/post"}],"author":[{"embeddable":true,"href":"http:\/\/www.floracantabrica.com\/index.php?rest_route=\/wp\/v2\/users\/1"}],"replies":[{"embeddable":true,"href":"http:\/\/www.floracantabrica.com\/index.php?rest_route=%2Fwp%2Fv2%2Fcomments&post=52592"}],"version-history":[{"count":1,"href":"http:\/\/www.floracantabrica.com\/index.php?rest_route=\/wp\/v2\/posts\/52592\/revisions"}],"predecessor-version":[{"id":52593,"href":"http:\/\/www.floracantabrica.com\/index.php?rest_route=\/wp\/v2\/posts\/52592\/revisions\/52593"}],"wp:attachment":[{"href":"http:\/\/www.floracantabrica.com\/index.php?rest_route=%2Fwp%2Fv2%2Fmedia&parent=52592"}],"wp:term":[{"taxonomy":"category","embeddable":true,"href":"http:\/\/www.floracantabrica.com\/index.php?rest_route=%2Fwp%2Fv2%2Fcategories&post=52592"},{"taxonomy":"post_tag","embeddable":true,"href":"http:\/\/www.floracantabrica.com\/index.php?rest_route=%2Fwp%2Fv2%2Ftags&post=52592"}],"curies":[{"name":"wp","href":"https:\/\/api.w.org\/{rel}","templated":true}]}}