{"id":52581,"date":"2022-09-09T10:29:56","date_gmt":"2022-09-09T08:29:56","guid":{"rendered":"http:\/\/www.floracantabrica.com\/?p=52581"},"modified":"2022-09-09T10:29:56","modified_gmt":"2022-09-09T08:29:56","slug":"mother-teresa-madre-34-english-9-9-22","status":"publish","type":"post","link":"http:\/\/www.floracantabrica.com\/?p=52581","title":{"rendered":"Mother Teresa Madre  34.English.9..9.22"},"content":{"rendered":"<p><a href=\"http:\/\/twitter.com\/share?url=http%3A%2F%2Fwww.floracantabrica.com%2F%3Fp%3D52581&amp;count=none&amp;lang=es&amp;via=lorencincoreses&amp;related=Mujerverdosa&amp;text=Mother Teresa Madre  34.English.9..9.22 - Flora Cant\u00e1brica\" class=\"twitter-share-button\">Tweet<\/a><\/p><p><span style=\"font-size: 14pt;\">Did you know that Mother Teresa had visions of Jesus?<\/span><\/p>\n<p><span style=\"font-size: 14pt;\">,,,,,,,,,,,,,,<\/span><\/p>\n<p>&nbsp;<\/p>\n<p><span style=\"font-size: 14pt;\">image002<\/span><\/p>\n<p><span style=\"font-size: 14pt;\">,,,,,,,,,,,,,,,,,,,,,,,<\/span><\/p>\n<p>&nbsp;<\/p>\n<p><span style=\"font-size: 14pt;\">ROME, 29 Aug. 16 \/ 03:15 pm (ACI).- Mother Teresa talked and had visions of Jesus before founding the Missionaries of Charity, something that was not known until her death, a fact that was also ignored by one of his friends for 30 years, Fr. Sebastian Vazhakala.<\/span><\/p>\n<p>&nbsp;<\/p>\n<p><span style=\"font-size: 14pt;\">In dialogue with ACI Prensa, the missionary priest of charity explained that this information \u00abwas a great discovery.\u00bb<\/span><\/p>\n<p>&nbsp;<\/p>\n<p><span style=\"font-size: 14pt;\">When in 1997, only two years after her death, the cause of canonization of the nun was opened, various documents were found in which these locutions and visions that Mother Teresa had many years ago were recounted.<\/span><\/p>\n<p>&nbsp;<\/p>\n<p><span style=\"font-size: 14pt;\">The period of this profound experience passed between September 10, 1946 and December 3, 1947, when the Blessed was still with the sisters of Loreto.<\/span><\/p>\n<p>&nbsp;<\/p>\n<p><span style=\"font-size: 14pt;\">Mother Teresa wrote one day that during Communion she heard Jesus say: \u00abI want Indian religious, victims of my love, who are like Martha and Mary, who are so united to me as to radiate my love to souls.\u00bb<\/span><\/p>\n<p>&nbsp;<\/p>\n<p><span style=\"font-size: 14pt;\">In these locutions the Lord instructed Mother Teresa to found the Missionaries of Charity. Another of the things that Jesus said to the nun was \u201cCome, be my light\u201d, which is also the title of the book that the postulator for the cause of canonization, Fr. Brian Kolodiejchuk, published with the private letters of the Blessed.<\/span><\/p>\n<p>&nbsp;<\/p>\n<p><span style=\"font-size: 14pt;\">In another of the visions, Jesus Christ told Mother Teresa that in the new congregation there should be \u201cfree religious covered with the poverty of the cross. I want obedient sisters covered with the obedience of the cross. I want nuns full of love covered with the charity of the Cross\u201d, explains Fr. Vazhakala.<\/span><\/p>\n<p>&nbsp;<\/p>\n<p><span style=\"font-size: 14pt;\">After this very intense time of visions and locutions of the Lord, in 1949 Mother Teresa began to experience a \u00abterrible darkness and dryness\u00bb in her spiritual life, a stage that would last 50 years, almost until the end of her days, a time that in the life of faith can be called the \u201cdark night\u201d.<\/span><\/p>\n<p>&nbsp;<\/p>\n<p><span style=\"font-size: 14pt;\">A few years ago, in an interview granted to a Spanish media outlet, Fr. Brian Kolodiejchuk explained that the so-called \u00abdark night\u00bb is a moment \u00abof the spiritual life in which the person is purified before the intimate and transforming union with Christ \u201d.<\/span><\/p>\n<p>&nbsp;<\/p>\n<p><span style=\"font-size: 14pt;\">\u201cWhat we understand as dark night was experienced by the Blessed when she was still in Loreto, the religious congregation where she began her dedication to God. The years 1946-1947 were of joyful and sweet intimate union with Jesus. &#8216;Jesus gave himself to me&#8217;, says the Mother in one of her letters. The union of the Mother with Jesus was \u201cviolent\u201d, deeply felt and lived. Then, when the work with the poor began and the foundation of the congregation, came that new and prolonged darkness that was no longer preparatory to another spiritual stage. Of this darkness she speaks in letters to her confessors and her spiritual directors\u201d.<\/span><\/p>\n<p>&nbsp;<\/p>\n<p><span style=\"font-size: 14pt;\">\u201cIn 1942 the Mother herself made a vow never to deny anything to Jesus. Shortly afterward she was herself when she heard Jesus say to her: &#8216;Come, be my light.&#8217; In the beginning the Mother brought the &#8216;light&#8217; to places even of absolute physical darkness: many poor people did not even have windows. She accepted her inner darkness to bring others to light. The Jesuit Neuner (one of her confessors) in 1962 explained to her that that dark night was the &#8216;spiritual side of her apostolic work&#8217;\u201d, explained Fr Kolodiejchuk.<\/span><\/p>\n<p>&nbsp;<\/p>\n<p><span style=\"font-size: 14pt;\">In Fr. Vazhakala&#8217;s recent dialogue with ACI Prensa, the priest recalls that Mother Teresa said that \u201cif my darkness and dryness can be a light for some souls, let me be the first to do that. If my life, my suffering, is going to help save souls, then I prefer to suffer and die from the creation of the world until the end of time<\/span><\/p>\n<p>&nbsp;<\/p>\n<p><span style=\"font-size: 14pt;\">The priest recalls that the nun also said that \u00abwhen I die and go home with God, I will be able to bring more souls to Him.\u00bb<\/span><\/p>\n<p>&nbsp;<\/p>\n<p><span style=\"font-size: 14pt;\">\u00abI&#8217;m not going to sleep in heaven, I&#8217;m going to work harder in another way,\u00bb she said.<\/span><br \/>\n<span style=\"font-size: 14pt;\"> M\u00e1s informaci\u00f3n sobre este texto de origenPara obtener m\u00e1s informaci\u00f3n sobre la traducci\u00f3n, se necesita el texto de origen<\/span><br \/>\n<span style=\"font-size: 14pt;\"> Enviar comentarios<\/span><br \/>\n<span style=\"font-size: 14pt;\"> Paneles laterales<\/span><\/p>\n","protected":false},"excerpt":{"rendered":"<p>TweetDid you know that Mother Teresa had visions of Jesus? ,,,,,,,,,,,,,, &nbsp; image002 ,,,,,,,,,,,,,,,,,,,,,,, &nbsp; ROME, 29 Aug. 16 \/ 03:15 pm (ACI).- Mother Teresa talked and had visions of Jesus before founding the Missionaries of Charity, something that was not known until her death, a fact that was also ignored by one of his [&hellip;]<\/p>\n","protected":false},"author":1,"featured_media":0,"comment_status":"open","ping_status":"open","sticky":false,"template":"","format":"standard","meta":{"footnotes":""},"categories":[4],"tags":[],"class_list":["post-52581","post","type-post","status-publish","format-standard","hentry","category-divulgacion"],"_links":{"self":[{"href":"http:\/\/www.floracantabrica.com\/index.php?rest_route=\/wp\/v2\/posts\/52581","targetHints":{"allow":["GET"]}}],"collection":[{"href":"http:\/\/www.floracantabrica.com\/index.php?rest_route=\/wp\/v2\/posts"}],"about":[{"href":"http:\/\/www.floracantabrica.com\/index.php?rest_route=\/wp\/v2\/types\/post"}],"author":[{"embeddable":true,"href":"http:\/\/www.floracantabrica.com\/index.php?rest_route=\/wp\/v2\/users\/1"}],"replies":[{"embeddable":true,"href":"http:\/\/www.floracantabrica.com\/index.php?rest_route=%2Fwp%2Fv2%2Fcomments&post=52581"}],"version-history":[{"count":1,"href":"http:\/\/www.floracantabrica.com\/index.php?rest_route=\/wp\/v2\/posts\/52581\/revisions"}],"predecessor-version":[{"id":52583,"href":"http:\/\/www.floracantabrica.com\/index.php?rest_route=\/wp\/v2\/posts\/52581\/revisions\/52583"}],"wp:attachment":[{"href":"http:\/\/www.floracantabrica.com\/index.php?rest_route=%2Fwp%2Fv2%2Fmedia&parent=52581"}],"wp:term":[{"taxonomy":"category","embeddable":true,"href":"http:\/\/www.floracantabrica.com\/index.php?rest_route=%2Fwp%2Fv2%2Fcategories&post=52581"},{"taxonomy":"post_tag","embeddable":true,"href":"http:\/\/www.floracantabrica.com\/index.php?rest_route=%2Fwp%2Fv2%2Ftags&post=52581"}],"curies":[{"name":"wp","href":"https:\/\/api.w.org\/{rel}","templated":true}]}}