{"id":52259,"date":"2022-08-06T10:58:42","date_gmt":"2022-08-06T08:58:42","guid":{"rendered":"http:\/\/www.floracantabrica.com\/?p=52259"},"modified":"2022-08-06T10:58:42","modified_gmt":"2022-08-06T08:58:42","slug":"biogeography-of-spain20-biodiversidad-de-los-pastizales-de-las-altas-montanas-ibericas-6-8-22","status":"publish","type":"post","link":"http:\/\/www.floracantabrica.com\/?p=52259","title":{"rendered":"Biogeography of Spain,20.Biodiversidad de los pastizales de las altas monta\u00f1as Ib\u00e9ricas.6-8-22"},"content":{"rendered":"<p><a href=\"http:\/\/twitter.com\/share?url=http%3A%2F%2Fwww.floracantabrica.com%2F%3Fp%3D52259&amp;count=none&amp;lang=es&amp;via=lorencincoreses&amp;related=Mujerverdosa&amp;text=Biogeography of Spain,20.Biodiversidad de los pastizales de las altas monta\u00f1as Ib\u00e9ricas.6-8-22 - Flora Cant\u00e1brica\" class=\"twitter-share-button\">Tweet<\/a><\/p><h3 class=\"r\"><a href=\"https:\/\/www.google.es\/url?sa=t&amp;rct=j&amp;q=&amp;esrc=s&amp;source=web&amp;cd=1&amp;cad=rja&amp;uact=8&amp;ved=0ahUKEwjJjrHVlfTQAhUB4YMKHdwKAhYQFggcMAA&amp;url=http%3A%2F%2Fwww.floracantabrica.com%2F%3Fp%3D4250&amp;usg=AFQjCNGjZ203qNgtUeP14qj-CPLhj_kh8A&amp;sig2=f7i0evbW6EO0Iqw6z5JsbQ\">Biodiversidad de los pastizales de las altas monta\u00f1as Ib\u00e9ricas<\/a><\/h3>\n<div class=\"s\">\n<div>\n<div class=\"f kv _SWb\"><cite class=\"_Rm\">www.floracantabrica.com\/?p=4250<\/cite><\/div>\n<div class=\"f kv _SWb\">\u00a0&#8230;&#8230;&#8230;&#8230;&#8230;.<\/div>\n<div class=\"f kv _SWb\"><a href=\"http:\/\/www.floracantabrica.com\/wp-content\/uploads\/2017\/05\/image001.png\"><img loading=\"lazy\" decoding=\"async\" class=\"aligncenter size-full wp-image-38864\" src=\"http:\/\/www.floracantabrica.com\/wp-content\/uploads\/2017\/05\/image001.png\" alt=\"image001\" width=\"960\" height=\"720\" srcset=\"http:\/\/www.floracantabrica.com\/wp-content\/uploads\/2017\/05\/image001.png 960w, http:\/\/www.floracantabrica.com\/wp-content\/uploads\/2017\/05\/image001-300x225.png 300w\" sizes=\"auto, (max-width: 960px) 100vw, 960px\" \/><\/a><\/div>\n<\/div>\n<\/div>\n","protected":false},"excerpt":{"rendered":"<p>TweetBiodiversidad de los pastizales de las altas monta\u00f1as Ib\u00e9ricas www.floracantabrica.com\/?p=4250 \u00a0&#8230;&#8230;&#8230;&#8230;&#8230;.<\/p>\n","protected":false},"author":1,"featured_media":0,"comment_status":"open","ping_status":"open","sticky":false,"template":"","format":"standard","meta":{"footnotes":""},"categories":[1],"tags":[],"class_list":["post-52259","post","type-post","status-publish","format-standard","hentry","category-flora"],"_links":{"self":[{"href":"http:\/\/www.floracantabrica.com\/index.php?rest_route=\/wp\/v2\/posts\/52259","targetHints":{"allow":["GET"]}}],"collection":[{"href":"http:\/\/www.floracantabrica.com\/index.php?rest_route=\/wp\/v2\/posts"}],"about":[{"href":"http:\/\/www.floracantabrica.com\/index.php?rest_route=\/wp\/v2\/types\/post"}],"author":[{"embeddable":true,"href":"http:\/\/www.floracantabrica.com\/index.php?rest_route=\/wp\/v2\/users\/1"}],"replies":[{"embeddable":true,"href":"http:\/\/www.floracantabrica.com\/index.php?rest_route=%2Fwp%2Fv2%2Fcomments&post=52259"}],"version-history":[{"count":1,"href":"http:\/\/www.floracantabrica.com\/index.php?rest_route=\/wp\/v2\/posts\/52259\/revisions"}],"predecessor-version":[{"id":52260,"href":"http:\/\/www.floracantabrica.com\/index.php?rest_route=\/wp\/v2\/posts\/52259\/revisions\/52260"}],"wp:attachment":[{"href":"http:\/\/www.floracantabrica.com\/index.php?rest_route=%2Fwp%2Fv2%2Fmedia&parent=52259"}],"wp:term":[{"taxonomy":"category","embeddable":true,"href":"http:\/\/www.floracantabrica.com\/index.php?rest_route=%2Fwp%2Fv2%2Fcategories&post=52259"},{"taxonomy":"post_tag","embeddable":true,"href":"http:\/\/www.floracantabrica.com\/index.php?rest_route=%2Fwp%2Fv2%2Ftags&post=52259"}],"curies":[{"name":"wp","href":"https:\/\/api.w.org\/{rel}","templated":true}]}}