{"id":51879,"date":"2022-06-22T10:32:41","date_gmt":"2022-06-22T08:32:41","guid":{"rendered":"http:\/\/www.floracantabrica.com\/?p=51879"},"modified":"2022-06-22T10:32:41","modified_gmt":"2022-06-22T08:32:41","slug":"drawings-dibujos-etnopaisaje-24-6-22","status":"publish","type":"post","link":"http:\/\/www.floracantabrica.com\/?p=51879","title":{"rendered":"Drawings.Dibujos. ETNOPAISAJE.24.6.22"},"content":{"rendered":"<p><a href=\"http:\/\/twitter.com\/share?url=http%3A%2F%2Fwww.floracantabrica.com%2F%3Fp%3D51879&amp;count=none&amp;lang=es&amp;via=lorencincoreses&amp;related=Mujerverdosa&amp;text=Drawings.Dibujos. ETNOPAISAJE.24.6.22 - Flora Cant\u00e1brica\" class=\"twitter-share-button\">Tweet<\/a><\/p><p><a href=\"http:\/\/www.floracantabrica.com\/wp-content\/uploads\/2010\/01\/slide0002_image00246.jpg\"><img loading=\"lazy\" decoding=\"async\" title=\"slide0002_image002\" src=\"http:\/\/www.floracantabrica.com\/wp-content\/uploads\/2010\/01\/slide0002_image00246.jpg\" alt=\"slide0002_image002\" width=\"484\" height=\"676\" \/><\/a><\/p>\n<p>&#8230;&#8230;&#8230;&#8230;&#8230;&#8230;.<\/p>\n<p>&#8230;&#8230;&#8230;&#8230;&#8230;&#8230;<\/p>\n<p><a href=\"http:\/\/www.floracantabrica.com\/wp-content\/uploads\/2010\/01\/slide0002_image00243.jpg\"><img loading=\"lazy\" decoding=\"async\" title=\"slide0002_image002\" src=\"http:\/\/www.floracantabrica.com\/wp-content\/uploads\/2010\/01\/slide0002_image00243.jpg\" alt=\"slide0002_image002\" width=\"521\" height=\"372\" \/><\/a><\/p>\n<p>&#8230;&#8230;&#8230;&#8230;&#8230;&#8230;&#8230;&#8230;&#8230;<\/p>\n<p><strong>Pastores asoleyando los \u00fatiles pa facer quesu. Tresviso, Cantabria. Picos d&#8217;Europa. 1931<\/strong><\/p>\n<p>Pastores en los Picos de Europa, en camino de la elaboraci\u00f3n artesanal del queso<\/p>\n<p>&#8212;&#8212;&#8212;-<\/p>\n<p><a href=\"http:\/\/www.floracantabrica.com\/wp-content\/uploads\/2010\/01\/slide0002_image00244.jpg\"><img loading=\"lazy\" decoding=\"async\" title=\"slide0002_image002\" src=\"http:\/\/www.floracantabrica.com\/wp-content\/uploads\/2010\/01\/slide0002_image00244.jpg\" alt=\"slide0002_image002\" width=\"518\" height=\"370\" \/><\/a><\/p>\n<p>&#8230;&#8230;&#8230;..<\/p>\n<p>Caser\u00edo rural del Norte de Espa\u00f1a, la hierba todav\u00eda es almacenada en el interior de la vivienda, por un ventanal<\/p>\n<p>&#8212;&#8212;&#8211;<\/p>\n<p><a href=\"http:\/\/www.floracantabrica.com\/wp-content\/uploads\/2010\/01\/slide0002_image00245.jpg\"><img loading=\"lazy\" decoding=\"async\" title=\"slide0002_image002\" src=\"http:\/\/www.floracantabrica.com\/wp-content\/uploads\/2010\/01\/slide0002_image00245.jpg\" alt=\"slide0002_image002\" width=\"524\" height=\"374\" \/><\/a><\/p>\n<p>Pastores en la Cordillera Cant\u00e1brica<\/p>\n<p>&#8230;&#8230;&#8230;&#8230;&#8230;&#8230;&#8230;&#8230;&#8230;&#8230;..<\/p>\n<p>&nbsp;<\/p>\n<p>Caba\u00f1a de Pastores en la Cordillera\u00a0 Cant\u00e1brica<\/p>\n<p>&#8230;&#8230;&#8230;&#8230;..<\/p>\n<p><a href=\"http:\/\/www.floracantabrica.com\/wp-content\/uploads\/2010\/01\/slide0002_image00247.jpg\"><img loading=\"lazy\" decoding=\"async\" title=\"slide0002_image002\" src=\"http:\/\/www.floracantabrica.com\/wp-content\/uploads\/2010\/01\/slide0002_image00247.jpg\" alt=\"slide0002_image002\" width=\"507\" height=\"362\" \/><\/a><\/p>\n<p>El Horreo forma parte de nuesta cultura rural<\/p>\n<p>&nbsp;<\/p>\n<p>&#8212;&#8212;&#8212;-<\/p>\n<p><strong>&#8230;&#8230;&#8230;<\/strong><\/p>\n<p><a href=\"http:\/\/www.floracantabrica.com\/wp-content\/uploads\/2010\/01\/slide0002_image00256.jpg\"><img loading=\"lazy\" decoding=\"async\" title=\"slide0002_image002\" src=\"http:\/\/www.floracantabrica.com\/wp-content\/uploads\/2010\/01\/slide0002_image00256.jpg\" alt=\"slide0002_image002\" width=\"455\" height=\"636\" \/><\/a><\/p>\n<p>&#8230;&#8230;&#8230;&#8230;&#8230;..<\/p>\n<p>Segador de hierba con guada\u00f1a ( Picos de Europa)<\/p>\n<p>&#8230;&#8230;&#8230;..<\/p>\n<p><a href=\"http:\/\/www.floracantabrica.com\/wp-content\/uploads\/2010\/01\/slide0002_image00257.jpg\"><img loading=\"lazy\" decoding=\"async\" title=\"slide0002_image002\" src=\"http:\/\/www.floracantabrica.com\/wp-content\/uploads\/2010\/01\/slide0002_image00257.jpg\" alt=\"slide0002_image002\" width=\"504\" height=\"703\" \/><\/a><\/p>\n<p>&#8212;&#8212;&#8212;-<\/p>\n<p>Casa rural del norte de Espa\u00f1a<\/p>\n<p>&#8212;&#8211;<\/p>\n<p><a href=\"http:\/\/www.floracantabrica.com\/wp-content\/uploads\/2010\/01\/slide0002_image00258.jpg\"><img loading=\"lazy\" decoding=\"async\" title=\"slide0002_image002\" src=\"http:\/\/www.floracantabrica.com\/wp-content\/uploads\/2010\/01\/slide0002_image00258.jpg\" alt=\"slide0002_image002\" width=\"578\" height=\"412\" \/><\/a><\/p>\n<p>&#8212;&#8212;&#8212;<\/p>\n<p>Poblado de Cabrales (Asturias) pavimentado<\/p>\n<p>&#8230;&#8230;&#8230;<\/p>\n<p><a href=\"http:\/\/www.floracantabrica.com\/wp-content\/uploads\/2010\/01\/slide0002_image00259.jpg\"><img loading=\"lazy\" decoding=\"async\" title=\"slide0002_image002\" src=\"http:\/\/www.floracantabrica.com\/wp-content\/uploads\/2010\/01\/slide0002_image00259.jpg\" alt=\"slide0002_image002\" width=\"527\" height=\"376\" \/><\/a><\/p>\n<p>&nbsp;<\/p>\n<p>Agricultores peruanos.<\/p>\n<p>&#8230;&#8230;..<\/p>\n<p>&#8212;&#8212;&#8212;&#8212;&#8212;-<\/p>\n<p><a href=\"http:\/\/www.floracantabrica.com\/wp-content\/uploads\/2009\/11\/cn-08-051395.jpg\"><img loading=\"lazy\" decoding=\"async\" title=\"cn-08-051395\" src=\"http:\/\/www.floracantabrica.com\/wp-content\/uploads\/2009\/11\/cn-08-051395.jpg\" alt=\"cn-08-051395\" width=\"714\" height=\"982\" \/><\/a><\/p>\n<p>&nbsp;<\/p>\n<p>Carex parviflora<\/p>\n<p>&nbsp;<\/p>\n<p>&#8230;&#8230;&#8230;&#8230;&#8230;&#8230;&#8230;&#8230;&#8230;&#8230;&#8230;&#8230;&#8230;&#8230;&#8230;&#8230;&#8230;&#8230;&#8230;&#8230;&#8230;&#8230;&#8230;&#8230;&#8230;&#8230;&#8230;&#8230;&#8230;&#8230;&#8230;&#8230;&#8230;.<\/p>\n<p>&nbsp;<\/p>\n<p><a href=\"http:\/\/www.floracantabrica.com\/wp-content\/uploads\/2009\/11\/cn-08-051397.jpg\"><img loading=\"lazy\" decoding=\"async\" title=\"cn-08-051397\" src=\"http:\/\/www.floracantabrica.com\/wp-content\/uploads\/2009\/11\/cn-08-051397.jpg\" alt=\"cn-08-051397\" width=\"714\" height=\"982\" \/><\/a><\/p>\n<p>&nbsp;<\/p>\n<p>Carex brevicollis<\/p>\n<p>&nbsp;<\/p>\n<p>&#8230;&#8230;&#8230;&#8230;&#8230;&#8230;&#8230;&#8230;&#8230;&#8230;&#8230;&#8230;&#8230;&#8230;&#8230;&#8230;&#8230;&#8230;&#8230;&#8230;&#8230;&#8230;&#8230;&#8230;&#8230;&#8230;&#8230;&#8230;&#8230;&#8230;&#8230;&#8230;&#8230;..<\/p>\n<p><a href=\"http:\/\/www.floracantabrica.com\/wp-content\/uploads\/2009\/11\/cn-08-051398.jpg\"><img loading=\"lazy\" decoding=\"async\" title=\"cn-08-051398\" src=\"http:\/\/www.floracantabrica.com\/wp-content\/uploads\/2009\/11\/cn-08-051398.jpg\" alt=\"cn-08-051398\" width=\"763\" height=\"924\" \/><\/a><\/p>\n<p>Anemone baldensis subsp. pavoniana<\/p>\n<p>&#8230;&#8230;&#8230;&#8230;&#8230;&#8230;&#8230;&#8230;&#8230;&#8230;&#8230;&#8230;&#8230;&#8230;&#8230;&#8230;&#8230;&#8230;&#8230;&#8230;&#8230;&#8230;&#8230;&#8230;&#8230;&#8230;&#8230;&#8230;&#8230;&#8230;&#8230;&#8230;&#8230;.<\/p>\n<p><a href=\"http:\/\/www.floracantabrica.com\/wp-content\/uploads\/2009\/11\/cn-08-051400.jpg\"><img loading=\"lazy\" decoding=\"async\" title=\"cn-08-051400\" src=\"http:\/\/www.floracantabrica.com\/wp-content\/uploads\/2009\/11\/cn-08-051400.jpg\" alt=\"cn-08-051400\" width=\"714\" height=\"925\" \/><\/a><\/p>\n<p>Aconitum vulparia<\/p>\n<p>&#8230;&#8230;&#8230;&#8230;&#8230;&#8230;&#8230;&#8230;&#8230;&#8230;&#8230;&#8230;&#8230;&#8230;&#8230;&#8230;&#8230;&#8230;&#8230;&#8230;&#8230;&#8230;&#8230;&#8230;&#8230;&#8230;&#8230;&#8230;&#8230;&#8230;&#8230;&#8230;&#8230;&#8230;&#8230;..<\/p>\n<p>&nbsp;<\/p>\n<p><a href=\"http:\/\/www.floracantabrica.com\/wp-content\/uploads\/2009\/11\/cn-08-051403.jpg\"><img loading=\"lazy\" decoding=\"async\" title=\"cn-08-051403\" src=\"http:\/\/www.floracantabrica.com\/wp-content\/uploads\/2009\/11\/cn-08-051403.jpg\" alt=\"cn-08-051403\" width=\"690\" height=\"960\" \/><\/a><\/p>\n<p>&nbsp;<\/p>\n<p><strong>\u00a0<\/strong><\/p>\n<p><em>Eryngium bourgatii<\/em><\/p>\n<p>&#8230;<\/p>\n<p>&#8230;&#8230;&#8230;&#8230;&#8230;&#8230;<\/p>\n<p><a href=\"http:\/\/www.floracantabrica.com\/wp-content\/uploads\/2010\/03\/slide0001_image002260.jpg\"><img loading=\"lazy\" decoding=\"async\" class=\"aligncenter size-full wp-image-5329\" title=\"slide0001_image002\" src=\"http:\/\/www.floracantabrica.com\/wp-content\/uploads\/2010\/03\/slide0001_image002260.jpg\" alt=\"slide0001_image002\" width=\"628\" height=\"474\" srcset=\"http:\/\/www.floracantabrica.com\/wp-content\/uploads\/2010\/03\/slide0001_image002260.jpg 628w, http:\/\/www.floracantabrica.com\/wp-content\/uploads\/2010\/03\/slide0001_image002260-300x226.jpg 300w\" sizes=\"auto, (max-width: 628px) 100vw, 628px\" \/><\/a><\/p>\n<p>&#8230;&#8230;&#8230;&#8230;&#8230;&#8230;&#8230;&#8230;&#8230;&#8230;&#8230;&#8230;&#8230;<\/p>\n<p>Los Andes<\/p>\n<p>&#8230;&#8230;&#8230;..<\/p>\n<p><a href=\"http:\/\/www.floracantabrica.com\/wp-content\/uploads\/2010\/03\/slide0001_image002261.jpg\"><img loading=\"lazy\" decoding=\"async\" class=\"aligncenter size-full wp-image-5330\" title=\"slide0001_image002\" src=\"http:\/\/www.floracantabrica.com\/wp-content\/uploads\/2010\/03\/slide0001_image002261.jpg\" alt=\"slide0001_image002\" width=\"654\" height=\"439\" srcset=\"http:\/\/www.floracantabrica.com\/wp-content\/uploads\/2010\/03\/slide0001_image002261.jpg 654w, http:\/\/www.floracantabrica.com\/wp-content\/uploads\/2010\/03\/slide0001_image002261-300x201.jpg 300w\" sizes=\"auto, (max-width: 654px) 100vw, 654px\" \/><\/a><\/p>\n<p>Paisaje Andino<\/p>\n<p>&#8230;&#8230;&#8230;&#8230;&#8230;..<\/p>\n<p><a href=\"http:\/\/www.floracantabrica.com\/wp-content\/uploads\/2010\/03\/slide0001_image002262.jpg\"><img loading=\"lazy\" decoding=\"async\" class=\"aligncenter size-full wp-image-5333\" title=\"slide0001_image002\" src=\"http:\/\/www.floracantabrica.com\/wp-content\/uploads\/2010\/03\/slide0001_image002262.jpg\" alt=\"slide0001_image002\" width=\"446\" height=\"665\" srcset=\"http:\/\/www.floracantabrica.com\/wp-content\/uploads\/2010\/03\/slide0001_image002262.jpg 446w, http:\/\/www.floracantabrica.com\/wp-content\/uploads\/2010\/03\/slide0001_image002262-201x300.jpg 201w\" sizes=\"auto, (max-width: 446px) 100vw, 446px\" \/><\/a><\/p>\n<p>Paisanos de los Picos de Europa<\/p>\n<p>&#8230;&#8230;&#8230;&#8230;&#8230;&#8230;&#8230;&#8230;..<\/p>\n<p><a href=\"http:\/\/www.floracantabrica.com\/wp-content\/uploads\/2010\/03\/slide0001_image002263.jpg\"><img loading=\"lazy\" decoding=\"async\" class=\"aligncenter size-full wp-image-5334\" title=\"slide0001_image002\" src=\"http:\/\/www.floracantabrica.com\/wp-content\/uploads\/2010\/03\/slide0001_image002263.jpg\" alt=\"slide0001_image002\" width=\"651\" height=\"435\" srcset=\"http:\/\/www.floracantabrica.com\/wp-content\/uploads\/2010\/03\/slide0001_image002263.jpg 651w, http:\/\/www.floracantabrica.com\/wp-content\/uploads\/2010\/03\/slide0001_image002263-300x200.jpg 300w\" sizes=\"auto, (max-width: 651px) 100vw, 651px\" \/><\/a><\/p>\n<p>India<\/p>\n<p>&#8230;&#8230;&#8230;&#8230;..<\/p>\n<p><a href=\"http:\/\/www.floracantabrica.com\/wp-content\/uploads\/2010\/03\/slide0001_image002264.jpg\"><img loading=\"lazy\" decoding=\"async\" class=\"aligncenter size-full wp-image-5336\" title=\"slide0001_image002\" src=\"http:\/\/www.floracantabrica.com\/wp-content\/uploads\/2010\/03\/slide0001_image002264.jpg\" alt=\"slide0001_image002\" width=\"506\" height=\"754\" srcset=\"http:\/\/www.floracantabrica.com\/wp-content\/uploads\/2010\/03\/slide0001_image002264.jpg 506w, http:\/\/www.floracantabrica.com\/wp-content\/uploads\/2010\/03\/slide0001_image002264-201x300.jpg 201w\" sizes=\"auto, (max-width: 506px) 100vw, 506px\" \/><\/a><\/p>\n<p>&#8230;&#8230;&#8230;&#8230;&#8230;&#8230;&#8230;<\/p>\n<p>India<\/p>\n<p>&#8230;&#8230;&#8230;&#8230;&#8230;&#8230;<\/p>\n","protected":false},"excerpt":{"rendered":"<p>Tweet &#8230;&#8230;&#8230;&#8230;&#8230;&#8230;. &#8230;&#8230;&#8230;&#8230;&#8230;&#8230; &#8230;&#8230;&#8230;&#8230;&#8230;&#8230;&#8230;&#8230;&#8230; Pastores asoleyando los \u00fatiles pa facer quesu. Tresviso, Cantabria. Picos d&#8217;Europa. 1931 Pastores en los Picos de Europa, en camino de la elaboraci\u00f3n artesanal del queso &#8212;&#8212;&#8212;- &#8230;&#8230;&#8230;.. Caser\u00edo rural del Norte de Espa\u00f1a, la hierba todav\u00eda es almacenada en el interior de la vivienda, por un ventanal &#8212;&#8212;&#8211; Pastores en [&hellip;]<\/p>\n","protected":false},"author":1,"featured_media":0,"comment_status":"open","ping_status":"open","sticky":false,"template":"","format":"standard","meta":{"footnotes":""},"categories":[4],"tags":[],"class_list":["post-51879","post","type-post","status-publish","format-standard","hentry","category-divulgacion"],"_links":{"self":[{"href":"http:\/\/www.floracantabrica.com\/index.php?rest_route=\/wp\/v2\/posts\/51879","targetHints":{"allow":["GET"]}}],"collection":[{"href":"http:\/\/www.floracantabrica.com\/index.php?rest_route=\/wp\/v2\/posts"}],"about":[{"href":"http:\/\/www.floracantabrica.com\/index.php?rest_route=\/wp\/v2\/types\/post"}],"author":[{"embeddable":true,"href":"http:\/\/www.floracantabrica.com\/index.php?rest_route=\/wp\/v2\/users\/1"}],"replies":[{"embeddable":true,"href":"http:\/\/www.floracantabrica.com\/index.php?rest_route=%2Fwp%2Fv2%2Fcomments&post=51879"}],"version-history":[{"count":1,"href":"http:\/\/www.floracantabrica.com\/index.php?rest_route=\/wp\/v2\/posts\/51879\/revisions"}],"predecessor-version":[{"id":51880,"href":"http:\/\/www.floracantabrica.com\/index.php?rest_route=\/wp\/v2\/posts\/51879\/revisions\/51880"}],"wp:attachment":[{"href":"http:\/\/www.floracantabrica.com\/index.php?rest_route=%2Fwp%2Fv2%2Fmedia&parent=51879"}],"wp:term":[{"taxonomy":"category","embeddable":true,"href":"http:\/\/www.floracantabrica.com\/index.php?rest_route=%2Fwp%2Fv2%2Fcategories&post=51879"},{"taxonomy":"post_tag","embeddable":true,"href":"http:\/\/www.floracantabrica.com\/index.php?rest_route=%2Fwp%2Fv2%2Ftags&post=51879"}],"curies":[{"name":"wp","href":"https:\/\/api.w.org\/{rel}","templated":true}]}}