{"id":51663,"date":"2022-06-09T10:32:59","date_gmt":"2022-06-09T08:32:59","guid":{"rendered":"http:\/\/www.floracantabrica.com\/?p=51663"},"modified":"2024-07-22T20:36:16","modified_gmt":"2024-07-22T18:36:16","slug":"fatima-espanol-79-6-22","status":"publish","type":"post","link":"http:\/\/www.floracantabrica.com\/?p=51663","title":{"rendered":"Fatima. Espa\u00f1ol.7,Cuarta aparici\u00f3n de Nuestra Se\u00f1ora"},"content":{"rendered":"<p><a href=\"http:\/\/twitter.com\/share?url=http%3A%2F%2Fwww.floracantabrica.com%2F%3Fp%3D51663&amp;count=none&amp;lang=es&amp;via=lorencincoreses&amp;related=Mujerverdosa&amp;text=Fatima. Espa\u00f1ol.7,Cuarta aparici\u00f3n de Nuestra Se\u00f1ora - Flora Cant\u00e1brica\" class=\"twitter-share-button\">Tweet<\/a><\/p><table width=\"785\">\n<tbody>\n<tr>\n<td width=\"785\">\n<h3><span style=\"font-size: 14pt;\">Cuarta aparici\u00f3n de Nuestra Se\u00f1ora<\/span><\/h3>\n<p>&nbsp;<\/p>\n<p><span style=\"font-size: 14pt;\">Ubicaci\u00f3n: Valinhos<\/span><\/p>\n<p>&nbsp;<\/p>\n<p><span style=\"font-size: 14pt;\">Fecha: 19 de agosto de 1917<\/span><\/p>\n<p>&nbsp;<\/p>\n<p><span style=\"font-size: 14pt;\">Personas presentes (el d\u00eda 13): 15000 a 18000, aunque algunos escritos solo mencionan 5000<\/span><\/p>\n<p>&nbsp;<\/p>\n<p><span style=\"font-size: 14pt;\">\u00ab- <strong>\u00bfQu\u00e9 quieres de m\u00ed?<\/strong><\/span><\/p>\n<p>&nbsp;<\/p>\n<p><span style=\"font-size: 14pt;\"><strong>&#8211; Quiero que sigas yendo a la Cova da Iria el d\u00eda 13, y que sigas rezando el Rosario todos los d\u00edas. En el \u00faltimo mes, har\u00e9 un milagro para que todos crean<\/strong>. [ Si no regresabas con ellos a la Villa, ser\u00eda el Milagro m\u00e1s conocido; San Jos\u00e9 vendr\u00eda con el Ni\u00f1o Jes\u00fas para dar paz al mundo, y tambi\u00e9n nuestro Se\u00f1or vendr\u00eda a bendecir al pueblo; Nuestra Se\u00f1ora del Rosario vendr\u00eda con un \u00e1ngel a cada lado, y Nuestra Se\u00f1ora rodeada de un arco de flores.]<\/span><\/p>\n<p>&nbsp;<\/p>\n<p><span style=\"font-size: 14pt;\"><strong><br \/>\n&#8211; \u00bfQu\u00e9 quieres que se haga con el dinero que la gente deja en la Cova da Iria?<\/strong><\/span><\/p>\n<p>&nbsp;<\/p>\n<p><span style=\"font-size: 14pt;\">&#8211; <strong>Haga dos camadas.<\/strong>\u00a0Uno debe ser llevado por usted y Jacinta y otras dos muchachas vestidas de blanco;\u00a0el otro lo llevar\u00e1n Francisco y otros tres muchachos.\u00a0El dinero de las literas es para la \u00abfesta\u00bb de Nuestra Se\u00f1ora del Rosario, y lo que sobra servir\u00e1 para la construcci\u00f3n de una capilla que se va a construir aqu\u00ed.<\/span><\/p>\n<p>&nbsp;<\/p>\n<p><span style=\"font-size: 14pt;\"><strong>&#8211; Me gustar\u00eda pedirle que cure a algunos enfermos.<br \/>\n&#8211; S\u00ed, curar\u00e9 algunos de ellos durante el a\u00f1o.<\/strong><\/span><\/p>\n<p>&nbsp;<\/p>\n<p>&nbsp;<\/p>\n<p><span style=\"font-size: 14pt;\"><strong>Entonces, muy triste, Nuestra Se\u00f1ora dijo:<\/strong><\/span><\/p>\n<p><span style=\"font-size: 14pt;\"><strong>\u00a0<\/strong><\/span><\/p>\n<p><span style=\"font-size: 14pt;\"><strong><br \/>\n&#8211; Rezad, rezad mucho y haced sacrificios por los pecadores;\u00a0porque muchas almas van al infierno, porque no hay quien se sacrifique y ore por ellas<\/strong><\/span><\/p>\n<p>&nbsp;<\/p>\n<p>&nbsp;<\/p>\n<p><span style=\"font-size: 14pt;\"><strong><em>F\u00e1tima en palabras de la propia Luc\u00eda,<\/em><\/strong><strong>\u00a0F\u00e1tima, p.\u00a0179-180 (IV Memorias)<\/strong>;\u00a0la secci\u00f3n entre corchetes proviene del interrogatorio del p\u00e1rroco del 27 de agosto de 1917,\u00a0<em>Documenta\u00e7\u00e3o Cr\u00edtica de F\u00e1tima, I, p.\u00a017.<\/em><\/span><\/td>\n<\/tr>\n<\/tbody>\n<\/table>\n<p>&nbsp;<\/p>\n<p>&nbsp;<\/p>\n","protected":false},"excerpt":{"rendered":"<p>Tweet Cuarta aparici\u00f3n de Nuestra Se\u00f1ora &nbsp; Ubicaci\u00f3n: Valinhos &nbsp; Fecha: 19 de agosto de 1917 &nbsp; Personas presentes (el d\u00eda 13): 15000 a 18000, aunque algunos escritos solo mencionan 5000 &nbsp; \u00ab- \u00bfQu\u00e9 quieres de m\u00ed? &nbsp; &#8211; Quiero que sigas yendo a la Cova da Iria el d\u00eda 13, y que sigas rezando [&hellip;]<\/p>\n","protected":false},"author":1,"featured_media":0,"comment_status":"open","ping_status":"open","sticky":false,"template":"","format":"standard","meta":{"footnotes":""},"categories":[4],"tags":[],"class_list":["post-51663","post","type-post","status-publish","format-standard","hentry","category-divulgacion"],"_links":{"self":[{"href":"http:\/\/www.floracantabrica.com\/index.php?rest_route=\/wp\/v2\/posts\/51663","targetHints":{"allow":["GET"]}}],"collection":[{"href":"http:\/\/www.floracantabrica.com\/index.php?rest_route=\/wp\/v2\/posts"}],"about":[{"href":"http:\/\/www.floracantabrica.com\/index.php?rest_route=\/wp\/v2\/types\/post"}],"author":[{"embeddable":true,"href":"http:\/\/www.floracantabrica.com\/index.php?rest_route=\/wp\/v2\/users\/1"}],"replies":[{"embeddable":true,"href":"http:\/\/www.floracantabrica.com\/index.php?rest_route=%2Fwp%2Fv2%2Fcomments&post=51663"}],"version-history":[{"count":3,"href":"http:\/\/www.floracantabrica.com\/index.php?rest_route=\/wp\/v2\/posts\/51663\/revisions"}],"predecessor-version":[{"id":58220,"href":"http:\/\/www.floracantabrica.com\/index.php?rest_route=\/wp\/v2\/posts\/51663\/revisions\/58220"}],"wp:attachment":[{"href":"http:\/\/www.floracantabrica.com\/index.php?rest_route=%2Fwp%2Fv2%2Fmedia&parent=51663"}],"wp:term":[{"taxonomy":"category","embeddable":true,"href":"http:\/\/www.floracantabrica.com\/index.php?rest_route=%2Fwp%2Fv2%2Fcategories&post=51663"},{"taxonomy":"post_tag","embeddable":true,"href":"http:\/\/www.floracantabrica.com\/index.php?rest_route=%2Fwp%2Fv2%2Ftags&post=51663"}],"curies":[{"name":"wp","href":"https:\/\/api.w.org\/{rel}","templated":true}]}}