{"id":51629,"date":"2022-05-27T10:34:20","date_gmt":"2022-05-27T08:34:20","guid":{"rendered":"http:\/\/www.floracantabrica.com\/?p=51629"},"modified":"2022-05-27T10:34:20","modified_gmt":"2022-05-27T08:34:20","slug":"fatima-espanol-4-27522","status":"publish","type":"post","link":"http:\/\/www.floracantabrica.com\/?p=51629","title":{"rendered":"Fatima.Espa\u00f1ol.4 27,5,22"},"content":{"rendered":"<p><a href=\"http:\/\/twitter.com\/share?url=http%3A%2F%2Fwww.floracantabrica.com%2F%3Fp%3D51629&amp;count=none&amp;lang=es&amp;via=lorencincoreses&amp;related=Mujerverdosa&amp;text=Fatima.Espa\u00f1ol.4 27,5,22 - Flora Cant\u00e1brica\" class=\"twitter-share-button\">Tweet<\/a><\/p><p><span style=\"font-size: 14pt;\"><strong>Primera aparici\u00f3n de Nuestra Se\u00f1ora<\/strong><\/span><\/p>\n<p>&nbsp;<\/p>\n<p><span style=\"font-size: 14pt;\">Ubicaci\u00f3n: Cova da Iria<\/span><\/p>\n<p>&nbsp;<\/p>\n<p>&nbsp;<\/p>\n<p><span style=\"font-size: 14pt;\">Fecha: 13 de mayo de 1917<\/span><\/p>\n<p>&nbsp;<\/p>\n<p>&nbsp;<\/p>\n<p><span style=\"font-size: 14pt;\">&#8211; \u00ab<strong>No tengas miedo.\u00a0\u00a1No te har\u00e9 da\u00f1o!<\/strong><\/span><br \/>\n<span style=\"font-size: 14pt;\"> &#8211; \u00bfDe d\u00f3nde eres?<\/span><br \/>\n<span style=\"font-size: 14pt;\"> &#8211; Soy del cielo.<\/span><\/p>\n<p><span style=\"font-size: 14pt;\">&#8211; \u00bfQu\u00e9 quieres de m\u00ed?<\/span><\/p>\n<p><span style=\"font-size: 14pt;\"><strong>&#8211; Vengo a pedirte que vengas aqu\u00ed durante seis meses seguidos<\/strong>, el d\u00eda 13, a esta misma hora.\u00a0M\u00e1s adelante te dir\u00e9 qui\u00e9n soy y qu\u00e9 quiero.\u00a0Despu\u00e9s, volver\u00e9 aqu\u00ed por s\u00e9ptima vez.<\/span><\/p>\n<p>&nbsp;<\/p>\n<p><span style=\"font-size: 14pt;\">[- \u00bfPuedes decirme si la guerra a\u00fan durar\u00e1 demasiado o terminar\u00e1 pronto? &#8211; No puedo decirte todav\u00eda hasta que diga lo que quiero de ti.]<\/span><\/p>\n<p><span style=\"font-size: 14pt;\"><strong>&#8211; \u00bfIr\u00e9 yo tambi\u00e9n al cielo?<br \/>\n<em>&#8211; S\u00ed lo har\u00e1s.<\/em><\/strong><\/span><\/p>\n<p><span style=\"font-size: 14pt;\">\u00a0&#8211; \u00bfY Jacinta?<\/span><\/p>\n<p><span style=\"font-size: 14pt;\">&#8211; Ella tambi\u00e9n ir\u00e1.<\/span><\/p>\n<p><span style=\"font-size: 14pt;\">&#8211; \u00bfY Francisco?<\/span><\/p>\n<p><span style=\"font-size: 14pt;\">&#8211; \u00c9l tambi\u00e9n ir\u00e1 all\u00ed, pero debe rezar muchos Rosarios.<\/span><br \/>\n<span style=\"font-size: 14pt;\"> [\u2026]<\/span><br \/>\n<span style=\"font-size: 14pt;\"> &#8211; \u00bfEst\u00e1 Maria das Neves en el cielo?<\/span><\/p>\n<p><span style=\"font-size: 14pt;\">&#8211; S\u00ed, ella es.\u00bb\u00a0(Creo que ten\u00eda unos 16 a\u00f1os).<\/span><br \/>\n<span style=\"font-size: 14pt;\"> &#8211; \u00bf.<\/span><\/p>\n<p><span style=\"font-size: 14pt;\">Y Am\u00e9lia?<\/span><\/p>\n<p><span style=\"font-size: 14pt;\">&#8211; Estar\u00e1 en el purgatorio hasta el fin del mundo.<\/span><br \/>\n<span style=\"font-size: 14pt;\"> [\u2026]<\/span><\/p>\n<p><span style=\"font-size: 14pt;\">&#8211; <strong>\u00bfEst\u00e1is dispuestos a ofreceros a Dios<\/strong> y sobrellevar todos los sufrimientos que \u00c9l quiera enviaros, como acto de reparaci\u00f3n por los pecados que le ofenden, y de s\u00faplica por la conversi\u00f3n de los pecadores? \u201d.<\/span><\/p>\n<p><span style=\"font-size: 14pt;\"><strong>&#8211; S\u00ed, estamos dispuestos \u00ab.<\/strong><\/span><\/p>\n<p>&nbsp;<\/p>\n<p><span style=\"font-size: 14pt;\">&#8211; Entonces vas a tener mucho que sufrir, pero la gracia de Dios ser\u00e1 tu consuelo.<\/span><\/p>\n<p><span style=\"font-size: 14pt;\">Al pronunciar estas \u00faltimas palabras \u201c&#8230; la gracia de Dios ser\u00e1 vuestro consuelo\u201d, Nuestra Se\u00f1ora abri\u00f3 sus manos por primera vez, comunic\u00e1ndonos una luz tan intensa que, al fluir de sus manos, sus rayos penetraron en nuestras corazones y lo m\u00e1s profundo de nuestra alma, haci\u00e9ndonos vernos en Dios, Quien era esa luz, m\u00e1s claramente de lo que nos vemos en el mejor de los espejos.\u00a0Entonces, movidos por un impulso interior que tambi\u00e9n nos fue comunicado, ca\u00edmos de rodillas, repitiendo en nuestro coraz\u00f3n:<\/span><\/p>\n<p>&nbsp;<\/p>\n<p><span style=\"font-size: 14pt;\">&#8211; \u00a1Oh Sant\u00edsima Trinidad, te adoro!\u00a0\u00a1Dios m\u00edo, Dios m\u00edo, te amo en el Sant\u00edsimo Sacramento! \u201d<\/span><\/p>\n<p>&nbsp;<\/p>\n<p><span style=\"font-size: 14pt;\">Despu\u00e9s de unos momentos, Nuestra Se\u00f1ora volvi\u00f3 a hablar:<\/span><\/p>\n<p>&nbsp;<\/p>\n<p><span style=\"font-size: 14pt;\">&#8211; <strong>Rezar el Rosario todos los d\u00edas, para lograr la paz del mundo y el fin de la guerra \u201d.<\/strong><\/span><\/p>\n<p>&nbsp;<\/p>\n<p>&nbsp;<\/p>\n<p><span style=\"font-size: 14pt;\"><strong><em>F\u00e1tima en las propias palabras de Luc\u00eda, F\u00e1tima,<\/em><\/strong><strong>\u00a0pp.174-177 (IV<\/strong> Memoir);\u00a0la secci\u00f3n entre corchetes pertenece a las consultas que el p\u00e1rroco hizo a los videntes, el 27 de mayo de 1917, la secci\u00f3n entre corchetes pertenece al interrogatorio del cura a los videntes, el 27 de mayo de 1917,\u00a0<em>Documenta\u00e7\u00e3o Cr\u00edtica de F\u00e1tima.\u00a0<\/em>Yo, Santuario de F\u00e1tima 199<\/span>2, p.\u00a0<em>9<\/em><\/p>\n","protected":false},"excerpt":{"rendered":"<p>TweetPrimera aparici\u00f3n de Nuestra Se\u00f1ora &nbsp; Ubicaci\u00f3n: Cova da Iria &nbsp; &nbsp; Fecha: 13 de mayo de 1917 &nbsp; &nbsp; &#8211; \u00abNo tengas miedo.\u00a0\u00a1No te har\u00e9 da\u00f1o! &#8211; \u00bfDe d\u00f3nde eres? &#8211; Soy del cielo. &#8211; \u00bfQu\u00e9 quieres de m\u00ed? &#8211; Vengo a pedirte que vengas aqu\u00ed durante seis meses seguidos, el d\u00eda 13, a [&hellip;]<\/p>\n","protected":false},"author":1,"featured_media":0,"comment_status":"open","ping_status":"open","sticky":false,"template":"","format":"standard","meta":{"footnotes":""},"categories":[4],"tags":[],"class_list":["post-51629","post","type-post","status-publish","format-standard","hentry","category-divulgacion"],"_links":{"self":[{"href":"http:\/\/www.floracantabrica.com\/index.php?rest_route=\/wp\/v2\/posts\/51629","targetHints":{"allow":["GET"]}}],"collection":[{"href":"http:\/\/www.floracantabrica.com\/index.php?rest_route=\/wp\/v2\/posts"}],"about":[{"href":"http:\/\/www.floracantabrica.com\/index.php?rest_route=\/wp\/v2\/types\/post"}],"author":[{"embeddable":true,"href":"http:\/\/www.floracantabrica.com\/index.php?rest_route=\/wp\/v2\/users\/1"}],"replies":[{"embeddable":true,"href":"http:\/\/www.floracantabrica.com\/index.php?rest_route=%2Fwp%2Fv2%2Fcomments&post=51629"}],"version-history":[{"count":3,"href":"http:\/\/www.floracantabrica.com\/index.php?rest_route=\/wp\/v2\/posts\/51629\/revisions"}],"predecessor-version":[{"id":51696,"href":"http:\/\/www.floracantabrica.com\/index.php?rest_route=\/wp\/v2\/posts\/51629\/revisions\/51696"}],"wp:attachment":[{"href":"http:\/\/www.floracantabrica.com\/index.php?rest_route=%2Fwp%2Fv2%2Fmedia&parent=51629"}],"wp:term":[{"taxonomy":"category","embeddable":true,"href":"http:\/\/www.floracantabrica.com\/index.php?rest_route=%2Fwp%2Fv2%2Fcategories&post=51629"},{"taxonomy":"post_tag","embeddable":true,"href":"http:\/\/www.floracantabrica.com\/index.php?rest_route=%2Fwp%2Fv2%2Ftags&post=51629"}],"curies":[{"name":"wp","href":"https:\/\/api.w.org\/{rel}","templated":true}]}}