{"id":51417,"date":"2022-05-16T10:33:51","date_gmt":"2022-05-16T08:33:51","guid":{"rendered":"http:\/\/www.floracantabrica.com\/?p=51417"},"modified":"2022-05-16T10:33:51","modified_gmt":"2022-05-16T08:33:51","slug":"juan-xiiiespanol-16-522","status":"publish","type":"post","link":"http:\/\/www.floracantabrica.com\/?p=51417","title":{"rendered":"JUAN XIII,Espa\u00f1ol.16-5,22"},"content":{"rendered":"<p><a href=\"http:\/\/twitter.com\/share?url=http%3A%2F%2Fwww.floracantabrica.com%2F%3Fp%3D51417&amp;count=none&amp;lang=es&amp;via=lorencincoreses&amp;related=Mujerverdosa&amp;text=JUAN XIII,Espa\u00f1ol.16-5,22 - Flora Cant\u00e1brica\" class=\"twitter-share-button\">Tweet<\/a><\/p><p>&nbsp;<\/p>\n<p><span style=\"font-size: 14pt;\">JUAN XIII<\/span><\/p>\n<p>&nbsp;<\/p>\n<p><span style=\"font-size: 14pt;\"><strong>TESTAMENTO<\/strong><\/span><\/p>\n<p><span style=\"font-size: 14pt;\">El Papa escribi\u00f3 en su Testamento: <em>Pido perd\u00f3n a aquellos que hubiere<\/em><\/span><\/p>\n<p><span style=\"font-size: 14pt;\"><em>ofendido inconscientemente, a todos los que no he edificado. Creo no tener nada<\/em><\/span><\/p>\n<p><span style=\"font-size: 14pt;\"><em>que perdonar a nadie, pues en cuantos me han conocido y se han relacionado<\/em><\/span><\/p>\n<p><span style=\"font-size: 14pt;\"><em>conmigo \u2014me ofendieran, o despreciaran, o me tuvieran justamente, por lo<\/em><\/span><\/p>\n<p><span style=\"font-size: 14pt;\"><em>dem\u00e1s, en menor estima, o fueran para m\u00ed motivo de aflicci\u00f3n\u2014 no encuentro<\/em><\/span><\/p>\n<p><span style=\"font-size: 14pt;\"><em>m\u00e1s que a hermanos y bienhechores, a los que estoy agradecido, por los que oro<\/em><\/span><\/p>\n<p><span style=\"font-size: 14pt;\"><em>y orar\u00e9 siempre.<\/em><\/span><\/p>\n<p><span style=\"font-size: 14pt;\"><em>,,,,,,,,,<\/em><\/span><\/p>\n<p><span style=\"font-size: 14pt;\"><em>,,,,,,,,<\/em><\/span><\/p>\n<p><span style=\"font-size: 14pt;\"><em><strong>Nacido pobre, pero de honrada y humilde familia, estoy particularmente<\/strong><\/em><\/span><\/p>\n<p><span style=\"font-size: 14pt;\"><em><strong>contento de morir pobre, hab<\/strong>iendo distribuido seg\u00fan las diversas exigencias de<\/em><\/span><\/p>\n<p><span style=\"font-size: 14pt;\"><em>vida sencilla y modesta, al servicio de los pobres y de la Santa Iglesia que me ha<\/em><\/span><\/p>\n<p><span style=\"font-size: 14pt;\"><em>alimentado, cuanto he tenido entre las manos \u2014poca cosa por otra parte\u2014<\/em><\/span><\/p>\n<p><span style=\"font-size: 14pt;\"><em>durante los a\u00f1os de mi sacerdocio y de mi episcopado. Aparentes opulencias<\/em><\/span><\/p>\n<p><span style=\"font-size: 14pt;\"><em>ocultaron con frecuencia espinas escondidas de dolorosa pobreza y me<\/em><\/span><\/p>\n<p><span style=\"font-size: 14pt;\"><em>impidieron dar siempre con largueza lo que hubiera deseado. <\/em><strong><em>Doy gracias a<\/em><\/strong><\/span><\/p>\n<p><span style=\"font-size: 14pt;\"><em><strong>Dios por esta gracia de la pobreza de la que hice voto en mi juventud<\/strong>, como<\/em><\/span><\/p>\n<p><span style=\"font-size: 14pt;\"><em>sacerdote del Sagrado Coraz\u00f3n, pobreza de esp\u00edritu y pobreza real, que me<\/em><\/span><\/p>\n<p><span style=\"font-size: 14pt;\"><em>ayud\u00f3 a no pedir nunca nada: ni puestos ni dinero, ni favores ; nunca, ni para m\u00ed<\/em><\/span><\/p>\n<p><span style=\"font-size: 14pt;\"><em>ni para mis parientes o amigos.<\/em><\/span><\/p>\n<p><span style=\"font-size: 14pt;\"><em>\u2026\u2026..<\/em><\/span><\/p>\n<p><span style=\"font-size: 14pt;\"><em>\u2026\u2026.<\/em><\/span><\/p>\n<p><span style=\"font-size: 14pt;\"><em><strong>A mi querida familia seg\u00fan la sangre \u2014de la que por otra parte no he<\/strong><\/em><\/span><\/p>\n<p><span style=\"font-size: 14pt;\"><em><strong>recibido ninguna riqueza material\u2014 no puedo dejar m\u00e1s que una grande y<\/strong><\/em><\/span><\/p>\n<p><span style=\"font-size: 14pt;\"><em><strong>especial\u00edsima bendici\u00f3n<\/strong>, con la invitaci\u00f3n de que se mantenga en el temor de<\/em><\/span><\/p>\n<p><span style=\"font-size: 14pt;\"><em>Dios que siempre me la hizo tan querida y amada, aunque sencilla y modesta, sin<\/em><\/span><\/p>\n<p><span style=\"font-size: 14pt;\"><em>avergonzarme de ella jam\u00e1s y que es su verdadero t\u00edtulo de nobleza.<\/em><\/span><\/p>\n<p><span style=\"font-size: 14pt;\"><em>La bondad de que fue objeto mi pobre persona por parte de todos con los<\/em><\/span><\/p>\n<p><span style=\"font-size: 14pt;\"><em>que me encontr\u00e9 en mi camino, ha hecho tranquila mi vida. Recuerdo bien ante<\/em><\/span><\/p>\n<p><span style=\"font-size: 14pt;\"><em>la muerte a todos y a cada uno, a los que me han precedido en el \u00faltimo paso, a<\/em><\/span><\/p>\n<p><span style=\"font-size: 14pt;\"><em>los que me sobrevivir\u00e1n y que me seguir\u00e1n. Que oren por m\u00ed. Se lo compensar\u00e9<\/em><\/span><\/p>\n<p><span style=\"font-size: 14pt;\"><em>en el purgatorio o en el para\u00edso, donde espero ser escuchado, lo repito una vez<\/em><\/span><\/p>\n<p><span style=\"font-size: 14pt;\"><em>m\u00e1s, no por mis m\u00e9ritos, sino por la misericordia de mi Se\u00f1or<\/em><\/span><\/p>\n<p><span style=\"font-size: 14pt;\"><em>\u2026\u2026\u2026\u2026.<\/em><\/span><\/p>\n<p><span style=\"font-size: 14pt;\"><em>\u2026\u2026..<\/em><\/span><\/p>\n<p>&nbsp;<\/p>\n","protected":false},"excerpt":{"rendered":"<p>Tweet&nbsp; JUAN XIII &nbsp; TESTAMENTO El Papa escribi\u00f3 en su Testamento: Pido perd\u00f3n a aquellos que hubiere ofendido inconscientemente, a todos los que no he edificado. Creo no tener nada que perdonar a nadie, pues en cuantos me han conocido y se han relacionado conmigo \u2014me ofendieran, o despreciaran, o me tuvieran justamente, por lo [&hellip;]<\/p>\n","protected":false},"author":1,"featured_media":0,"comment_status":"open","ping_status":"open","sticky":false,"template":"","format":"standard","meta":{"footnotes":""},"categories":[4],"tags":[],"class_list":["post-51417","post","type-post","status-publish","format-standard","hentry","category-divulgacion"],"_links":{"self":[{"href":"http:\/\/www.floracantabrica.com\/index.php?rest_route=\/wp\/v2\/posts\/51417","targetHints":{"allow":["GET"]}}],"collection":[{"href":"http:\/\/www.floracantabrica.com\/index.php?rest_route=\/wp\/v2\/posts"}],"about":[{"href":"http:\/\/www.floracantabrica.com\/index.php?rest_route=\/wp\/v2\/types\/post"}],"author":[{"embeddable":true,"href":"http:\/\/www.floracantabrica.com\/index.php?rest_route=\/wp\/v2\/users\/1"}],"replies":[{"embeddable":true,"href":"http:\/\/www.floracantabrica.com\/index.php?rest_route=%2Fwp%2Fv2%2Fcomments&post=51417"}],"version-history":[{"count":3,"href":"http:\/\/www.floracantabrica.com\/index.php?rest_route=\/wp\/v2\/posts\/51417\/revisions"}],"predecessor-version":[{"id":51580,"href":"http:\/\/www.floracantabrica.com\/index.php?rest_route=\/wp\/v2\/posts\/51417\/revisions\/51580"}],"wp:attachment":[{"href":"http:\/\/www.floracantabrica.com\/index.php?rest_route=%2Fwp%2Fv2%2Fmedia&parent=51417"}],"wp:term":[{"taxonomy":"category","embeddable":true,"href":"http:\/\/www.floracantabrica.com\/index.php?rest_route=%2Fwp%2Fv2%2Fcategories&post=51417"},{"taxonomy":"post_tag","embeddable":true,"href":"http:\/\/www.floracantabrica.com\/index.php?rest_route=%2Fwp%2Fv2%2Ftags&post=51417"}],"curies":[{"name":"wp","href":"https:\/\/api.w.org\/{rel}","templated":true}]}}